{"id":86,"date":"2025-12-08T15:00:57","date_gmt":"2025-12-08T18:00:57","guid":{"rendered":"https:\/\/www.artemadeiras.com.br\/blog\/?p=86"},"modified":"2025-12-08T15:31:14","modified_gmt":"2025-12-08T18:31:14","slug":"pranchas-de-madeira-na-zona-norte-conheca-a-arte-madeiras","status":"publish","type":"post","link":"https:\/\/www.artemadeiras.com.br\/blog\/pranchas-de-madeira\/pranchas-de-madeira-na-zona-norte-conheca-a-arte-madeiras\/","title":{"rendered":"Pranchas de madeira na zona norte: conhe\u00e7a a Arte Madeiras"},"content":{"rendered":"<span class=\"rt-reading-time\" style=\"display: block;\"><span class=\"rt-label rt-prefix\">Tempo de leitura<\/span> <span class=\"rt-time\">3<\/span> <span class=\"rt-label rt-postfix\">minutos<\/span><\/span>\n<p class=\"has-medium-font-size\"><strong><em>Pranchas de madeira certificadas na zona norte com atendimento especializado e foco em qualidade para profissionais da constru\u00e7\u00e3o e marcenaria.<\/em><\/strong><\/p>\n\n\n\n<p>A busca por pranchas de madeira de qualidade come\u00e7a pela confian\u00e7a no fornecedor. Para quem atua na constru\u00e7\u00e3o civil, na ind\u00fastria moveleira e em projetos arquitet\u00f4nicos, escolher o parceiro certo impacta diretamente no resultado final. Por isso, empresas s\u00f3lidas e especializadas s\u00e3o parte essencial do processo.<\/p>\n\n\n\n<p>Na zona norte de S\u00e3o Paulo, a <em>Arte Madeiras<\/em> se tornou refer\u00eancia ao unir tradi\u00e7\u00e3o, atendimento profissional e compromisso ambiental. A empresa cresceu acompanhando as necessidades do mercado e se adaptando \u00e0s demandas de engenheiros, arquitetos, marceneiros e demais profissionais.<\/p>\n\n\n\n<ul class=\"wp-block-list\">\n<li><a href=\"https:\/\/www.artemadeiras.com.br\/blog\/placa-de-mdf\/mdf-branco-em-sp\/\" target=\"_blank\" aria-label=\" (opens in a new tab)\" rel=\"noreferrer noopener\" class=\"rank-math-link\">MDF branco: conhe\u00e7a algumas vantagens e dicas importantes<\/a><\/li>\n<\/ul>\n\n\n\n<div id=\"ez-toc-container\" class=\"ez-toc-v2_0_66_1 counter-hierarchy ez-toc-counter ez-toc-grey ez-toc-container-direction\">\n<div class=\"ez-toc-title-container\">\n<p class=\"ez-toc-title \" >T&oacute;picos do artigo<\/p>\n<span class=\"ez-toc-title-toggle\"><a href=\"#\" class=\"ez-toc-pull-right ez-toc-btn ez-toc-btn-xs ez-toc-btn-default ez-toc-toggle\" aria-label=\"Toggle Table of Content\"><span class=\"ez-toc-js-icon-con\"><span class=\"\"><span class=\"eztoc-hide\" style=\"display:none;\">Toggle<\/span><span class=\"ez-toc-icon-toggle-span\"><svg style=\"fill: #999;color:#999\" xmlns=\"http:\/\/www.w3.org\/2000\/svg\" class=\"list-377408\" width=\"20px\" height=\"20px\" viewBox=\"0 0 24 24\" fill=\"none\"><path d=\"M6 6H4v2h2V6zm14 0H8v2h12V6zM4 11h2v2H4v-2zm16 0H8v2h12v-2zM4 16h2v2H4v-2zm16 0H8v2h12v-2z\" fill=\"currentColor\"><\/path><\/svg><svg style=\"fill: #999;color:#999\" class=\"arrow-unsorted-368013\" xmlns=\"http:\/\/www.w3.org\/2000\/svg\" width=\"10px\" height=\"10px\" viewBox=\"0 0 24 24\" version=\"1.2\" baseProfile=\"tiny\"><path d=\"M18.2 9.3l-6.2-6.3-6.2 6.3c-.2.2-.3.4-.3.7s.1.5.3.7c.2.2.4.3.7.3h11c.3 0 .5-.1.7-.3.2-.2.3-.5.3-.7s-.1-.5-.3-.7zM5.8 14.7l6.2 6.3 6.2-6.3c.2-.2.3-.5.3-.7s-.1-.5-.3-.7c-.2-.2-.4-.3-.7-.3h-11c-.3 0-.5.1-.7.3-.2.2-.3.5-.3.7s.1.5.3.7z\"\/><\/svg><\/span><\/span><\/span><\/a><\/span><\/div>\n<nav><ul class='ez-toc-list ez-toc-list-level-1 ' ><ul class='ez-toc-list-level-2' ><li class='ez-toc-heading-level-2'><a class=\"ez-toc-link ez-toc-heading-1\" href=\"https:\/\/www.artemadeiras.com.br\/blog\/pranchas-de-madeira\/pranchas-de-madeira-na-zona-norte-conheca-a-arte-madeiras\/#Experiencia_solida_no_mercado\" title=\"Experi\u00eancia s\u00f3lida no mercado\">Experi\u00eancia s\u00f3lida no mercado<\/a><\/li><li class='ez-toc-page-1 ez-toc-heading-level-2'><a class=\"ez-toc-link ez-toc-heading-2\" href=\"https:\/\/www.artemadeiras.com.br\/blog\/pranchas-de-madeira\/pranchas-de-madeira-na-zona-norte-conheca-a-arte-madeiras\/#Compromisso_com_sustentabilidade_e_qualidade\" title=\"Compromisso com sustentabilidade e qualidade\">Compromisso com sustentabilidade e qualidade<\/a><\/li><li class='ez-toc-page-1 ez-toc-heading-level-2'><a class=\"ez-toc-link ez-toc-heading-3\" href=\"https:\/\/www.artemadeiras.com.br\/blog\/pranchas-de-madeira\/pranchas-de-madeira-na-zona-norte-conheca-a-arte-madeiras\/#Atendimento_especializado_para_obras_e_reformas\" title=\"Atendimento especializado para obras e reformas\">Atendimento especializado para obras e reformas<\/a><\/li><\/ul><\/li><li class='ez-toc-page-1 ez-toc-heading-level-1'><a class=\"ez-toc-link ez-toc-heading-4\" href=\"https:\/\/www.artemadeiras.com.br\/blog\/pranchas-de-madeira\/pranchas-de-madeira-na-zona-norte-conheca-a-arte-madeiras\/#Descubra_como_a_Arte_Madeiras_pode_elevar_o_resultado_da_sua_obra\" title=\"Descubra como a Arte Madeiras pode elevar o resultado da sua obra\">Descubra como a Arte Madeiras pode elevar o resultado da sua obra<\/a><ul class='ez-toc-list-level-2' ><li class='ez-toc-heading-level-2'><a class=\"ez-toc-link ez-toc-heading-5\" href=\"https:\/\/www.artemadeiras.com.br\/blog\/pranchas-de-madeira\/pranchas-de-madeira-na-zona-norte-conheca-a-arte-madeiras\/#Madeira_de_confianca_para_resultados_profissionais\" title=\"Madeira de confian\u00e7a para resultados profissionais\">Madeira de confian\u00e7a para resultados profissionais<\/a><\/li><\/ul><\/li><\/ul><\/nav><\/div>\n<h2 class=\"wp-block-heading\"><span class=\"ez-toc-section\" id=\"Experiencia_solida_no_mercado\"><\/span><strong>Experi\u00eancia s\u00f3lida no mercado<\/strong><span class=\"ez-toc-section-end\"><\/span><\/h2>\n\n\n\n<p>A constru\u00e7\u00e3o civil e o setor moveleiro demandam precis\u00e3o, materiais resistentes e fornecedores confi\u00e1veis. \u00c9 nesse cen\u00e1rio que a <em>Arte Madeiras<\/em> construiu sua credibilidade ao longo de quase tr\u00eas d\u00e9cadas de atua\u00e7\u00e3o cont\u00ednua na zona norte. Essa experi\u00eancia \u00e9 percebida no conhecimento t\u00e9cnico da equipe, no atendimento consultivo e na capacidade de indicar as melhores solu\u00e7\u00f5es para cada projeto.<\/p>\n\n\n\n<p>A expertise acumulada permite que profissionais encontrem pranchas de madeira que atendem desde demandas estruturais at\u00e9 acabamentos mais detalhados. O tempo de mercado tamb\u00e9m refor\u00e7a a seguran\u00e7a das opera\u00e7\u00f5es, a regularidade de estoque e a capacidade de antecipar necessidades comuns nas etapas de obra e reforma.<\/p>\n\n\n\n<p>Al\u00e9m disso, a viv\u00eancia com diferentes tipos de clientes \u2014 como engenheiros, arquitetos, marceneiros e decoradores \u2014 fez com que a empresa aprimorasse sua vis\u00e3o sobre uso, especifica\u00e7\u00f5es e comportamento da madeira em diferentes aplica\u00e7\u00f5es. Essa experi\u00eancia se traduz em suporte real e confi\u00e1vel para quem precisa de precis\u00e3o t\u00e9cnica.<\/p>\n\n\n\n<ul class=\"wp-block-list\">\n<li><a href=\"https:\/\/www.artemadeiras.com.br\/blog\/compensados\/design-e-resistencia-como-a-chapa-de-compensado-naval-une-estetica-e-performance\/\" target=\"_blank\" aria-label=\" (opens in a new tab)\" rel=\"noreferrer noopener\" class=\"rank-math-link\">Design e resist\u00eancia: como a chapa de compensado naval une est\u00e9tica e performance<\/a><\/li>\n<\/ul>\n\n\n\n<h2 class=\"wp-block-heading\"><span class=\"ez-toc-section\" id=\"Compromisso_com_sustentabilidade_e_qualidade\"><\/span><strong>Compromisso com sustentabilidade e qualidade<\/strong><span class=\"ez-toc-section-end\"><\/span><\/h2>\n\n\n\n<p>A proced\u00eancia da madeira influencia diretamente a durabilidade do material e a seguran\u00e7a do projeto. Pensando nisso, a<em> Arte Madeiras <\/em>mant\u00e9m um compromisso rigoroso com a certifica\u00e7\u00e3o e o controle de origem de seus produtos. Todas as pranchas de madeira comercializadas passam por \u00f3rg\u00e3os oficiais, como IBAMA e Secretaria do Meio Ambiente, assegurando que sigam as normas exigidas.<\/p>\n\n\n\n<p>Essa preocupa\u00e7\u00e3o vai al\u00e9m da regulariza\u00e7\u00e3o. O respeito \u00e0 natureza faz parte da rotina da empresa, que participa do Programa Qualimadeira, respons\u00e1vel por certificar produtos de madeira em n\u00edvel nacional. Isso garante que o profissional leve para sua obra um material seguro, respons\u00e1vel e totalmente alinhado \u00e0s leis ambientais.<\/p>\n\n\n\n<p>Para quem trabalha com madeira diariamente, essa confiabilidade \u00e9 essencial. Uma pe\u00e7a certificada oferece maior estabilidade, desempenho superior e previsibilidade no resultado final. Assim, a <em>Arte Madeiras<\/em> refor\u00e7a seu compromisso com a qualidade real, n\u00e3o apenas com promessas comerciais.<\/p>\n\n\n\n<h2 class=\"wp-block-heading\"><span class=\"ez-toc-section\" id=\"Atendimento_especializado_para_obras_e_reformas\"><\/span><strong>Atendimento especializado para obras e reformas<\/strong><span class=\"ez-toc-section-end\"><\/span><\/h2>\n\n\n\n<p>O atendimento t\u00e9cnico faz toda a diferen\u00e7a na escolha de pranchas de madeira. Cada obra possui particularidades, e \u00e9 comum que profissionais busquem orienta\u00e7\u00e3o sobre medidas, esp\u00e9cies e aplica\u00e7\u00f5es espec\u00edficas. A <em>Arte Madeiras<\/em> reconhece essas necessidades e desenvolveu um atendimento especializado para orientar com precis\u00e3o e clareza.<\/p>\n\n\n\n<p>A equipe \u00e9 formada por profissionais experientes, capazes de identificar rapidamente as demandas do cliente e indicar a solu\u00e7\u00e3o ideal. Isso reduz erros, aumenta o aproveitamento da madeira e agiliza a execu\u00e7\u00e3o do projeto. N\u00e3o se trata apenas de vender, mas de orientar e oferecer suporte do in\u00edcio ao fim da compra.<\/p>\n\n\n\n<p>Essa aten\u00e7\u00e3o \u00e9 percebida tanto no atendimento presencial quanto no suporte ao cliente que busca informa\u00e7\u00f5es pr\u00e9vias para o planejamento da obra. O foco \u00e9 garantir que cada profissional tenha seguran\u00e7a t\u00e9cnica e encontre exatamente o que precisa, sem complica\u00e7\u00e3o.<\/p>\n\n\n\n<h1 class=\"wp-block-heading\"><span class=\"ez-toc-section\" id=\"Descubra_como_a_Arte_Madeiras_pode_elevar_o_resultado_da_sua_obra\"><\/span><strong>Descubra como a Arte Madeiras pode elevar o resultado da sua obra<\/strong><span class=\"ez-toc-section-end\"><\/span><\/h1>\n\n\n\n<p>Com mais de 28 anos de atua\u00e7\u00e3o, a <em><strong><a href=\"https:\/\/www.artemadeiras.com.br\/\" target=\"_blank\" aria-label=\"Arte Madeiras (opens in a new tab)\" rel=\"noreferrer noopener\" class=\"rank-math-link\">Arte Madeiras<\/a><\/strong><\/em> se consolidou na zona norte como parceira de engenheiros, marceneiros, arquitetos, decoradores e demais profissionais que dependem de pranchas de madeira de qualidade. Seu crescimento foi estruturado em tr\u00eas pilares fundamentais: experi\u00eancia, certifica\u00e7\u00e3o e atendimento humano.<\/p>\n\n\n\n<p>A empresa trabalha exclusivamente com madeira certificada e de origem controlada, validada por \u00f3rg\u00e3os como IBAMA e Secretaria do Meio Ambiente. Al\u00e9m disso, integra o Programa Qualimadeira, que garante padr\u00f5es elevados para produtos de madeira no pa\u00eds. Essa combina\u00e7\u00e3o assegura que cada prancha entregue seja confi\u00e1vel, sustent\u00e1vel e adequada \u00e0s exig\u00eancias t\u00e9cnicas do setor.<\/p>\n\n\n\n<p>Outro diferencial \u00e9 a equipe. Profissionais experientes est\u00e3o sempre prontos para orientar sobre cortes, bitolas, aplica\u00e7\u00f5es e necessidades espec\u00edficas. Esse suporte se destaca principalmente para quem busca um fornecedor de pranchas de madeira em S\u00e3o Paulo com vis\u00e3o t\u00e9cnica e compromisso real com o cliente.<\/p>\n\n\n\n<h2 class=\"wp-block-heading\"><span class=\"ez-toc-section\" id=\"Madeira_de_confianca_para_resultados_profissionais\"><\/span><strong>Madeira de confian\u00e7a para resultados profissionais<\/strong><span class=\"ez-toc-section-end\"><\/span><\/h2>\n\n\n\n<p>A escolha das pranchas de madeira define o desempenho, a est\u00e9tica e a durabilidade de toda a obra. Por isso, contar com fornecedores especializados se tornou indispens\u00e1vel para quem deseja precis\u00e3o e efici\u00eancia no dia a dia. A <em>Arte Madeiras<\/em> refor\u00e7a essa import\u00e2ncia ao unir experi\u00eancia, responsabilidade ambiental e atendimento qualificado.<\/p>\n\n\n\n<p>Se voc\u00ea busca seguran\u00e7a, orienta\u00e7\u00e3o t\u00e9cnica e madeira de proced\u00eancia, a empresa se torna uma aliada estrat\u00e9gica no seu projeto. Conhe\u00e7a as solu\u00e7\u00f5es, certifique-se da qualidade e leve mais confian\u00e7a para sua execu\u00e7\u00e3o profissional.<\/p>\n\n\n\n<p><strong><a href=\"https:\/\/www.artemadeiras.com.br\/contato\" target=\"_blank\" aria-label=\"Entre em contato (opens in a new tab)\" rel=\"noreferrer noopener\" class=\"rank-math-link\">Entre em contato<\/a> com a <em>Arte Madeiras<\/em> e descubra porque a empresa \u00e9 refer\u00eancia para quem precisa de um fornecedor de pranchas de madeira em S\u00e3o Paulo com qualidade certificada e suporte especializado.<\/strong><\/p>\n","protected":false},"excerpt":{"rendered":"<p><span class=\"rt-reading-time\" style=\"display: block;\"><span class=\"rt-label rt-prefix\">Tempo de leitura<\/span> <span class=\"rt-time\">3<\/span> <span class=\"rt-label rt-postfix\">minutos<\/span><\/span> Pranchas de madeira certificadas na zona norte com atendimento especializado e foco em qualidade para profissionais da constru\u00e7\u00e3o e marcenaria. A busca por pranchas de madeira de qualidade come\u00e7a pela confian\u00e7a no fornecedor. Para quem atua na constru\u00e7\u00e3o civil, na&#8230;<\/p>\n","protected":false},"author":1,"featured_media":87,"comment_status":"open","ping_status":"open","sticky":false,"template":"","format":"standard","meta":{"footnotes":""},"categories":[311],"tags":[266,270,275,272,298,305,307,302,306,267,269,271,293,274,273,308,288,303,295,268,285,280,296,301,281,310,282,279,289,287,286,299,284,309,276,278,292,291,294,277,290,283,304,297,300],"class_list":["post-86","post","type-post","status-publish","format-standard","has-post-thumbnail","hentry","category-pranchas-de-madeira","tag-comprar-pranchas-de-madeira","tag-comprar-pranchas-de-madeira-para-decoracao","tag-comprar-pranchas-de-madeira-para-telhado","tag-distribuidor-de-pranchas-de-madeira","tag-distribuidor-de-pranchas-de-madeira-para-decoracao","tag-distribuidor-de-pranchas-de-madeira-para-telhado","tag-distribuidora-de-pranchas-de-madeira","tag-distribuidora-de-pranchas-de-madeira-para-decoracao","tag-distribuidora-de-pranchas-de-madeira-para-telhado","tag-empresa-de-pranchas-de-madeira","tag-empresa-de-pranchas-de-madeira-para-decoracao","tag-empresa-de-pranchas-de-madeira-para-telhado","tag-fornecedor-de-pranchas-de-madeira","tag-fornecedor-de-pranchas-de-madeira-para-decoracao","tag-fornecedor-de-pranchas-de-madeira-para-telhado","tag-loja-de-pranchas-de-madeira","tag-loja-de-pranchas-de-madeira-para-decoracao","tag-loja-de-pranchas-de-madeira-para-telhado","tag-pranchas-de-madeira-bairro-do-limao","tag-pranchas-de-madeira-casa-verde","tag-pranchas-de-madeira-direto-da-fabrica","tag-pranchas-de-madeira-em-promocao","tag-pranchas-de-madeira-em-sao-paulo","tag-pranchas-de-madeira-em-sp","tag-pranchas-de-madeira-para-decoracao-bairro-do-limao","tag-pranchas-de-madeira-para-decoracao-casa-verde","tag-pranchas-de-madeira-para-decoracao-direto-da-fabrica","tag-pranchas-de-madeira-para-decoracao-em-promocao","tag-pranchas-de-madeira-para-decoracao-em-sao-paulo","tag-pranchas-de-madeira-para-decoracao-em-sp","tag-pranchas-de-madeira-para-decoracao-preco","tag-pranchas-de-madeira-para-decoracao-zona-norte","tag-pranchas-de-madeira-para-telhado-bairro-do-limao","tag-pranchas-de-madeira-para-telhado-casa-verde","tag-pranchas-de-madeira-para-telhado-direto-da-fabrica","tag-pranchas-de-madeira-para-telhado-em-promocao","tag-pranchas-de-madeira-para-telhado-em-sao-paulo","tag-pranchas-de-madeira-para-telhado-em-sp","tag-pranchas-de-madeira-para-telhado-preco","tag-pranchas-de-madeira-para-telhado-zona-norte","tag-pranchas-de-madeira-preco","tag-pranchas-de-madeira-zona-norte","tag-revendedor-de-pranchas-de-madeira","tag-revendedor-de-pranchas-de-madeira-para-decoracao","tag-revendedor-de-pranchas-de-madeira-para-telhado"],"yoast_head":"<!-- This site is optimized with the Yoast SEO plugin v23.6 - https:\/\/yoast.com\/wordpress\/plugins\/seo\/ -->\n<title>Pranchas de madeira na zona norte: conhe\u00e7a a Arte Madeiras<\/title>\n<meta name=\"description\" content=\"Pranchas de madeira certificadas na zona norte com atendimento especializado e foco em qualidade para profissionais da constru\u00e7\u00e3o e marcenaria.\" \/>\n<meta name=\"robots\" content=\"index, follow, max-snippet:-1, max-image-preview:large, max-video-preview:-1\" \/>\n<link rel=\"canonical\" href=\"https:\/\/www.artemadeiras.com.br\/blog\/pranchas-de-madeira\/pranchas-de-madeira-na-zona-norte-conheca-a-arte-madeiras\/\" \/>\n<meta property=\"og:locale\" content=\"pt_BR\" \/>\n<meta property=\"og:type\" content=\"article\" \/>\n<meta property=\"og:title\" content=\"Pranchas de madeira na zona norte: conhe\u00e7a a Arte Madeiras\" \/>\n<meta property=\"og:description\" content=\"Pranchas de madeira certificadas na zona norte com atendimento especializado e foco em qualidade para profissionais da constru\u00e7\u00e3o e marcenaria.\" \/>\n<meta property=\"og:url\" content=\"https:\/\/www.artemadeiras.com.br\/blog\/pranchas-de-madeira\/pranchas-de-madeira-na-zona-norte-conheca-a-arte-madeiras\/\" \/>\n<meta property=\"og:site_name\" content=\"Blog | Arte madeiras\" \/>\n<meta property=\"article:published_time\" content=\"2025-12-08T18:00:57+00:00\" \/>\n<meta property=\"article:modified_time\" content=\"2025-12-08T18:31:14+00:00\" \/>\n<meta property=\"og:image\" content=\"https:\/\/www.artemadeiras.com.br\/blog\/wp-content\/uploads\/2023\/05\/prancha-de-madeira.jpg\" \/>\n\t<meta property=\"og:image:width\" content=\"1300\" \/>\n\t<meta property=\"og:image:height\" content=\"800\" \/>\n\t<meta property=\"og:image:type\" content=\"image\/jpeg\" \/>\n<meta name=\"author\" content=\"bloomin\" \/>\n<meta name=\"twitter:card\" content=\"summary_large_image\" \/>\n<meta name=\"twitter:label1\" content=\"Escrito por\" \/>\n\t<meta name=\"twitter:data1\" content=\"bloomin\" \/>\n\t<meta name=\"twitter:label2\" content=\"Est. tempo de leitura\" \/>\n\t<meta name=\"twitter:data2\" content=\"5 minutos\" \/>\n<script type=\"application\/ld+json\" class=\"yoast-schema-graph\">{\"@context\":\"https:\/\/schema.org\",\"@graph\":[{\"@type\":\"Article\",\"@id\":\"https:\/\/www.artemadeiras.com.br\/blog\/pranchas-de-madeira\/pranchas-de-madeira-na-zona-norte-conheca-a-arte-madeiras\/#article\",\"isPartOf\":{\"@id\":\"https:\/\/www.artemadeiras.com.br\/blog\/pranchas-de-madeira\/pranchas-de-madeira-na-zona-norte-conheca-a-arte-madeiras\/\"},\"author\":{\"name\":\"bloomin\",\"@id\":\"https:\/\/www.artemadeiras.com.br\/blog\/#\/schema\/person\/03c7826df62479a35ffcf10a5a652727\"},\"headline\":\"Pranchas de madeira na zona norte: conhe\u00e7a a Arte Madeiras\",\"datePublished\":\"2025-12-08T18:00:57+00:00\",\"dateModified\":\"2025-12-08T18:31:14+00:00\",\"mainEntityOfPage\":{\"@id\":\"https:\/\/www.artemadeiras.com.br\/blog\/pranchas-de-madeira\/pranchas-de-madeira-na-zona-norte-conheca-a-arte-madeiras\/\"},\"wordCount\":970,\"commentCount\":0,\"publisher\":{\"@id\":\"https:\/\/www.artemadeiras.com.br\/blog\/#organization\"},\"image\":{\"@id\":\"https:\/\/www.artemadeiras.com.br\/blog\/pranchas-de-madeira\/pranchas-de-madeira-na-zona-norte-conheca-a-arte-madeiras\/#primaryimage\"},\"thumbnailUrl\":\"https:\/\/www.artemadeiras.com.br\/blog\/wp-content\/uploads\/2023\/05\/prancha-de-madeira.jpg\",\"keywords\":[\"Comprar Pranchas de Madeira\",\"Comprar Pranchas de Madeira para decora\u00e7\u00e3o\",\"Comprar Pranchas de Madeira para telhado\",\"Distribuidor de Pranchas de Madeira\",\"Distribuidor de Pranchas de Madeira para decora\u00e7\u00e3o\",\"Distribuidor de Pranchas de Madeira para telhado\",\"Distribuidora de Pranchas de Madeira\",\"Distribuidora de Pranchas de Madeira para decora\u00e7\u00e3o\",\"Distribuidora de Pranchas de Madeira para telhado\",\"Empresa de Pranchas de Madeira\",\"Empresa de Pranchas de Madeira para decora\u00e7\u00e3o\",\"Empresa de Pranchas de Madeira para telhado\",\"Fornecedor de Pranchas de Madeira\",\"Fornecedor de Pranchas de Madeira para decora\u00e7\u00e3o\",\"Fornecedor de Pranchas de Madeira para telhado\",\"Loja de Pranchas de Madeira\",\"Loja de Pranchas de Madeira para decora\u00e7\u00e3o\",\"Loja de Pranchas de Madeira para telhado\",\"Pranchas de Madeira bairro do Lim\u00e3o\",\"Pranchas de Madeira Casa Verde\",\"Pranchas de Madeira direto da f\u00e1brica\",\"Pranchas de Madeira em promo\u00e7\u00e3o\",\"Pranchas de Madeira em s\u00e3o paulo\",\"Pranchas de Madeira em SP\",\"Pranchas de Madeira para decora\u00e7\u00e3o bairro do Lim\u00e3o\",\"Pranchas de Madeira para decora\u00e7\u00e3o Casa Verde\",\"Pranchas de Madeira para decora\u00e7\u00e3o direto da f\u00e1brica\",\"Pranchas de Madeira para decora\u00e7\u00e3o em promo\u00e7\u00e3o\",\"Pranchas de Madeira para decora\u00e7\u00e3o em s\u00e3o paulo\",\"Pranchas de Madeira para decora\u00e7\u00e3o em SP\",\"Pranchas de Madeira para decora\u00e7\u00e3o pre\u00e7o\",\"Pranchas de Madeira para decora\u00e7\u00e3o zona norte\",\"Pranchas de Madeira para telhado bairro do Lim\u00e3o\",\"Pranchas de Madeira para telhado Casa Verde\",\"Pranchas de Madeira para telhado direto da f\u00e1brica\",\"Pranchas de Madeira para telhado em promo\u00e7\u00e3o\",\"Pranchas de Madeira para telhado em s\u00e3o paulo\",\"Pranchas de Madeira para telhado em SP\",\"Pranchas de Madeira para telhado pre\u00e7o\",\"Pranchas de Madeira para telhado zona norte\",\"Pranchas de Madeira pre\u00e7o\",\"Pranchas de Madeira zona norte\",\"Revendedor de Pranchas de Madeira\",\"Revendedor de Pranchas de Madeira para decora\u00e7\u00e3o\",\"Revendedor de Pranchas de Madeira para telhado\"],\"articleSection\":[\"Pranchas de Madeira\"],\"inLanguage\":\"pt-BR\",\"potentialAction\":[{\"@type\":\"CommentAction\",\"name\":\"Comment\",\"target\":[\"https:\/\/www.artemadeiras.com.br\/blog\/pranchas-de-madeira\/pranchas-de-madeira-na-zona-norte-conheca-a-arte-madeiras\/#respond\"]}]},{\"@type\":\"WebPage\",\"@id\":\"https:\/\/www.artemadeiras.com.br\/blog\/pranchas-de-madeira\/pranchas-de-madeira-na-zona-norte-conheca-a-arte-madeiras\/\",\"url\":\"https:\/\/www.artemadeiras.com.br\/blog\/pranchas-de-madeira\/pranchas-de-madeira-na-zona-norte-conheca-a-arte-madeiras\/\",\"name\":\"Pranchas de madeira na zona norte: conhe\u00e7a a Arte Madeiras\",\"isPartOf\":{\"@id\":\"https:\/\/www.artemadeiras.com.br\/blog\/#website\"},\"primaryImageOfPage\":{\"@id\":\"https:\/\/www.artemadeiras.com.br\/blog\/pranchas-de-madeira\/pranchas-de-madeira-na-zona-norte-conheca-a-arte-madeiras\/#primaryimage\"},\"image\":{\"@id\":\"https:\/\/www.artemadeiras.com.br\/blog\/pranchas-de-madeira\/pranchas-de-madeira-na-zona-norte-conheca-a-arte-madeiras\/#primaryimage\"},\"thumbnailUrl\":\"https:\/\/www.artemadeiras.com.br\/blog\/wp-content\/uploads\/2023\/05\/prancha-de-madeira.jpg\",\"datePublished\":\"2025-12-08T18:00:57+00:00\",\"dateModified\":\"2025-12-08T18:31:14+00:00\",\"description\":\"Pranchas de madeira certificadas na zona norte com atendimento especializado e foco em qualidade para profissionais da constru\u00e7\u00e3o e marcenaria.\",\"breadcrumb\":{\"@id\":\"https:\/\/www.artemadeiras.com.br\/blog\/pranchas-de-madeira\/pranchas-de-madeira-na-zona-norte-conheca-a-arte-madeiras\/#breadcrumb\"},\"inLanguage\":\"pt-BR\",\"potentialAction\":[{\"@type\":\"ReadAction\",\"target\":[\"https:\/\/www.artemadeiras.com.br\/blog\/pranchas-de-madeira\/pranchas-de-madeira-na-zona-norte-conheca-a-arte-madeiras\/\"]}]},{\"@type\":\"ImageObject\",\"inLanguage\":\"pt-BR\",\"@id\":\"https:\/\/www.artemadeiras.com.br\/blog\/pranchas-de-madeira\/pranchas-de-madeira-na-zona-norte-conheca-a-arte-madeiras\/#primaryimage\",\"url\":\"https:\/\/www.artemadeiras.com.br\/blog\/wp-content\/uploads\/2023\/05\/prancha-de-madeira.jpg\",\"contentUrl\":\"https:\/\/www.artemadeiras.com.br\/blog\/wp-content\/uploads\/2023\/05\/prancha-de-madeira.jpg\",\"width\":1300,\"height\":800,\"caption\":\"Pranchas de madeira na zona norte: conhe\u00e7a a Arte Madeiras\"},{\"@type\":\"BreadcrumbList\",\"@id\":\"https:\/\/www.artemadeiras.com.br\/blog\/pranchas-de-madeira\/pranchas-de-madeira-na-zona-norte-conheca-a-arte-madeiras\/#breadcrumb\",\"itemListElement\":[{\"@type\":\"ListItem\",\"position\":1,\"name\":\"In\u00edcio\",\"item\":\"https:\/\/www.artemadeiras.com.br\/blog\/\"},{\"@type\":\"ListItem\",\"position\":2,\"name\":\"Pranchas de madeira na zona norte: conhe\u00e7a a Arte Madeiras\"}]},{\"@type\":\"WebSite\",\"@id\":\"https:\/\/www.artemadeiras.com.br\/blog\/#website\",\"url\":\"https:\/\/www.artemadeiras.com.br\/blog\/\",\"name\":\"Blog | Arte madeiras\",\"description\":\"Dicas e Novidades sobre Madeiras\",\"publisher\":{\"@id\":\"https:\/\/www.artemadeiras.com.br\/blog\/#organization\"},\"potentialAction\":[{\"@type\":\"SearchAction\",\"target\":{\"@type\":\"EntryPoint\",\"urlTemplate\":\"https:\/\/www.artemadeiras.com.br\/blog\/?s={search_term_string}\"},\"query-input\":{\"@type\":\"PropertyValueSpecification\",\"valueRequired\":true,\"valueName\":\"search_term_string\"}}],\"inLanguage\":\"pt-BR\"},{\"@type\":\"Organization\",\"@id\":\"https:\/\/www.artemadeiras.com.br\/blog\/#organization\",\"name\":\"Blog | Arte madeiras\",\"url\":\"https:\/\/www.artemadeiras.com.br\/blog\/\",\"logo\":{\"@type\":\"ImageObject\",\"inLanguage\":\"pt-BR\",\"@id\":\"https:\/\/www.artemadeiras.com.br\/blog\/#\/schema\/logo\/image\/\",\"url\":\"https:\/\/www.artemadeiras.com.br\/blog\/wp-content\/uploads\/2021\/01\/logo-arte-madeiras.png\",\"contentUrl\":\"https:\/\/www.artemadeiras.com.br\/blog\/wp-content\/uploads\/2021\/01\/logo-arte-madeiras.png\",\"width\":255,\"height\":110,\"caption\":\"Blog | Arte madeiras\"},\"image\":{\"@id\":\"https:\/\/www.artemadeiras.com.br\/blog\/#\/schema\/logo\/image\/\"}},{\"@type\":\"Person\",\"@id\":\"https:\/\/www.artemadeiras.com.br\/blog\/#\/schema\/person\/03c7826df62479a35ffcf10a5a652727\",\"name\":\"bloomin\",\"image\":{\"@type\":\"ImageObject\",\"inLanguage\":\"pt-BR\",\"@id\":\"https:\/\/www.artemadeiras.com.br\/blog\/#\/schema\/person\/image\/\",\"url\":\"https:\/\/secure.gravatar.com\/avatar\/161a7ea08f1b8bd365e1697a2453e6c719201075da8bdf298a1c2fc5455ba35d?s=96&d=mm&r=g\",\"contentUrl\":\"https:\/\/secure.gravatar.com\/avatar\/161a7ea08f1b8bd365e1697a2453e6c719201075da8bdf298a1c2fc5455ba35d?s=96&d=mm&r=g\",\"caption\":\"bloomin\"},\"sameAs\":[\"https:\/\/www.artemadeiras.com.br\/blog\"],\"url\":\"https:\/\/www.artemadeiras.com.br\/blog\/author\/bloomin\/\"}]}<\/script>\n<!-- \/ Yoast SEO plugin. -->","yoast_head_json":{"title":"Pranchas de madeira na zona norte: conhe\u00e7a a Arte Madeiras","description":"Pranchas de madeira certificadas na zona norte com atendimento especializado e foco em qualidade para profissionais da constru\u00e7\u00e3o e marcenaria.","robots":{"index":"index","follow":"follow","max-snippet":"max-snippet:-1","max-image-preview":"max-image-preview:large","max-video-preview":"max-video-preview:-1"},"canonical":"https:\/\/www.artemadeiras.com.br\/blog\/pranchas-de-madeira\/pranchas-de-madeira-na-zona-norte-conheca-a-arte-madeiras\/","og_locale":"pt_BR","og_type":"article","og_title":"Pranchas de madeira na zona norte: conhe\u00e7a a Arte Madeiras","og_description":"Pranchas de madeira certificadas na zona norte com atendimento especializado e foco em qualidade para profissionais da constru\u00e7\u00e3o e marcenaria.","og_url":"https:\/\/www.artemadeiras.com.br\/blog\/pranchas-de-madeira\/pranchas-de-madeira-na-zona-norte-conheca-a-arte-madeiras\/","og_site_name":"Blog | Arte madeiras","article_published_time":"2025-12-08T18:00:57+00:00","article_modified_time":"2025-12-08T18:31:14+00:00","og_image":[{"width":1300,"height":800,"url":"https:\/\/www.artemadeiras.com.br\/blog\/wp-content\/uploads\/2023\/05\/prancha-de-madeira.jpg","type":"image\/jpeg"}],"author":"bloomin","twitter_card":"summary_large_image","twitter_misc":{"Escrito por":"bloomin","Est. tempo de leitura":"5 minutos"},"schema":{"@context":"https:\/\/schema.org","@graph":[{"@type":"Article","@id":"https:\/\/www.artemadeiras.com.br\/blog\/pranchas-de-madeira\/pranchas-de-madeira-na-zona-norte-conheca-a-arte-madeiras\/#article","isPartOf":{"@id":"https:\/\/www.artemadeiras.com.br\/blog\/pranchas-de-madeira\/pranchas-de-madeira-na-zona-norte-conheca-a-arte-madeiras\/"},"author":{"name":"bloomin","@id":"https:\/\/www.artemadeiras.com.br\/blog\/#\/schema\/person\/03c7826df62479a35ffcf10a5a652727"},"headline":"Pranchas de madeira na zona norte: conhe\u00e7a a Arte Madeiras","datePublished":"2025-12-08T18:00:57+00:00","dateModified":"2025-12-08T18:31:14+00:00","mainEntityOfPage":{"@id":"https:\/\/www.artemadeiras.com.br\/blog\/pranchas-de-madeira\/pranchas-de-madeira-na-zona-norte-conheca-a-arte-madeiras\/"},"wordCount":970,"commentCount":0,"publisher":{"@id":"https:\/\/www.artemadeiras.com.br\/blog\/#organization"},"image":{"@id":"https:\/\/www.artemadeiras.com.br\/blog\/pranchas-de-madeira\/pranchas-de-madeira-na-zona-norte-conheca-a-arte-madeiras\/#primaryimage"},"thumbnailUrl":"https:\/\/www.artemadeiras.com.br\/blog\/wp-content\/uploads\/2023\/05\/prancha-de-madeira.jpg","keywords":["Comprar Pranchas de Madeira","Comprar Pranchas de Madeira para decora\u00e7\u00e3o","Comprar Pranchas de Madeira para telhado","Distribuidor de Pranchas de Madeira","Distribuidor de Pranchas de Madeira para decora\u00e7\u00e3o","Distribuidor de Pranchas de Madeira para telhado","Distribuidora de Pranchas de Madeira","Distribuidora de Pranchas de Madeira para decora\u00e7\u00e3o","Distribuidora de Pranchas de Madeira para telhado","Empresa de Pranchas de Madeira","Empresa de Pranchas de Madeira para decora\u00e7\u00e3o","Empresa de Pranchas de Madeira para telhado","Fornecedor de Pranchas de Madeira","Fornecedor de Pranchas de Madeira para decora\u00e7\u00e3o","Fornecedor de Pranchas de Madeira para telhado","Loja de Pranchas de Madeira","Loja de Pranchas de Madeira para decora\u00e7\u00e3o","Loja de Pranchas de Madeira para telhado","Pranchas de Madeira bairro do Lim\u00e3o","Pranchas de Madeira Casa Verde","Pranchas de Madeira direto da f\u00e1brica","Pranchas de Madeira em promo\u00e7\u00e3o","Pranchas de Madeira em s\u00e3o paulo","Pranchas de Madeira em SP","Pranchas de Madeira para decora\u00e7\u00e3o bairro do Lim\u00e3o","Pranchas de Madeira para decora\u00e7\u00e3o Casa Verde","Pranchas de Madeira para decora\u00e7\u00e3o direto da f\u00e1brica","Pranchas de Madeira para decora\u00e7\u00e3o em promo\u00e7\u00e3o","Pranchas de Madeira para decora\u00e7\u00e3o em s\u00e3o paulo","Pranchas de Madeira para decora\u00e7\u00e3o em SP","Pranchas de Madeira para decora\u00e7\u00e3o pre\u00e7o","Pranchas de Madeira para decora\u00e7\u00e3o zona norte","Pranchas de Madeira para telhado bairro do Lim\u00e3o","Pranchas de Madeira para telhado Casa Verde","Pranchas de Madeira para telhado direto da f\u00e1brica","Pranchas de Madeira para telhado em promo\u00e7\u00e3o","Pranchas de Madeira para telhado em s\u00e3o paulo","Pranchas de Madeira para telhado em SP","Pranchas de Madeira para telhado pre\u00e7o","Pranchas de Madeira para telhado zona norte","Pranchas de Madeira pre\u00e7o","Pranchas de Madeira zona norte","Revendedor de Pranchas de Madeira","Revendedor de Pranchas de Madeira para decora\u00e7\u00e3o","Revendedor de Pranchas de Madeira para telhado"],"articleSection":["Pranchas de Madeira"],"inLanguage":"pt-BR","potentialAction":[{"@type":"CommentAction","name":"Comment","target":["https:\/\/www.artemadeiras.com.br\/blog\/pranchas-de-madeira\/pranchas-de-madeira-na-zona-norte-conheca-a-arte-madeiras\/#respond"]}]},{"@type":"WebPage","@id":"https:\/\/www.artemadeiras.com.br\/blog\/pranchas-de-madeira\/pranchas-de-madeira-na-zona-norte-conheca-a-arte-madeiras\/","url":"https:\/\/www.artemadeiras.com.br\/blog\/pranchas-de-madeira\/pranchas-de-madeira-na-zona-norte-conheca-a-arte-madeiras\/","name":"Pranchas de madeira na zona norte: conhe\u00e7a a Arte Madeiras","isPartOf":{"@id":"https:\/\/www.artemadeiras.com.br\/blog\/#website"},"primaryImageOfPage":{"@id":"https:\/\/www.artemadeiras.com.br\/blog\/pranchas-de-madeira\/pranchas-de-madeira-na-zona-norte-conheca-a-arte-madeiras\/#primaryimage"},"image":{"@id":"https:\/\/www.artemadeiras.com.br\/blog\/pranchas-de-madeira\/pranchas-de-madeira-na-zona-norte-conheca-a-arte-madeiras\/#primaryimage"},"thumbnailUrl":"https:\/\/www.artemadeiras.com.br\/blog\/wp-content\/uploads\/2023\/05\/prancha-de-madeira.jpg","datePublished":"2025-12-08T18:00:57+00:00","dateModified":"2025-12-08T18:31:14+00:00","description":"Pranchas de madeira certificadas na zona norte com atendimento especializado e foco em qualidade para profissionais da constru\u00e7\u00e3o e marcenaria.","breadcrumb":{"@id":"https:\/\/www.artemadeiras.com.br\/blog\/pranchas-de-madeira\/pranchas-de-madeira-na-zona-norte-conheca-a-arte-madeiras\/#breadcrumb"},"inLanguage":"pt-BR","potentialAction":[{"@type":"ReadAction","target":["https:\/\/www.artemadeiras.com.br\/blog\/pranchas-de-madeira\/pranchas-de-madeira-na-zona-norte-conheca-a-arte-madeiras\/"]}]},{"@type":"ImageObject","inLanguage":"pt-BR","@id":"https:\/\/www.artemadeiras.com.br\/blog\/pranchas-de-madeira\/pranchas-de-madeira-na-zona-norte-conheca-a-arte-madeiras\/#primaryimage","url":"https:\/\/www.artemadeiras.com.br\/blog\/wp-content\/uploads\/2023\/05\/prancha-de-madeira.jpg","contentUrl":"https:\/\/www.artemadeiras.com.br\/blog\/wp-content\/uploads\/2023\/05\/prancha-de-madeira.jpg","width":1300,"height":800,"caption":"Pranchas de madeira na zona norte: conhe\u00e7a a Arte Madeiras"},{"@type":"BreadcrumbList","@id":"https:\/\/www.artemadeiras.com.br\/blog\/pranchas-de-madeira\/pranchas-de-madeira-na-zona-norte-conheca-a-arte-madeiras\/#breadcrumb","itemListElement":[{"@type":"ListItem","position":1,"name":"In\u00edcio","item":"https:\/\/www.artemadeiras.com.br\/blog\/"},{"@type":"ListItem","position":2,"name":"Pranchas de madeira na zona norte: conhe\u00e7a a Arte Madeiras"}]},{"@type":"WebSite","@id":"https:\/\/www.artemadeiras.com.br\/blog\/#website","url":"https:\/\/www.artemadeiras.com.br\/blog\/","name":"Blog | Arte madeiras","description":"Dicas e Novidades sobre Madeiras","publisher":{"@id":"https:\/\/www.artemadeiras.com.br\/blog\/#organization"},"potentialAction":[{"@type":"SearchAction","target":{"@type":"EntryPoint","urlTemplate":"https:\/\/www.artemadeiras.com.br\/blog\/?s={search_term_string}"},"query-input":{"@type":"PropertyValueSpecification","valueRequired":true,"valueName":"search_term_string"}}],"inLanguage":"pt-BR"},{"@type":"Organization","@id":"https:\/\/www.artemadeiras.com.br\/blog\/#organization","name":"Blog | Arte madeiras","url":"https:\/\/www.artemadeiras.com.br\/blog\/","logo":{"@type":"ImageObject","inLanguage":"pt-BR","@id":"https:\/\/www.artemadeiras.com.br\/blog\/#\/schema\/logo\/image\/","url":"https:\/\/www.artemadeiras.com.br\/blog\/wp-content\/uploads\/2021\/01\/logo-arte-madeiras.png","contentUrl":"https:\/\/www.artemadeiras.com.br\/blog\/wp-content\/uploads\/2021\/01\/logo-arte-madeiras.png","width":255,"height":110,"caption":"Blog | Arte madeiras"},"image":{"@id":"https:\/\/www.artemadeiras.com.br\/blog\/#\/schema\/logo\/image\/"}},{"@type":"Person","@id":"https:\/\/www.artemadeiras.com.br\/blog\/#\/schema\/person\/03c7826df62479a35ffcf10a5a652727","name":"bloomin","image":{"@type":"ImageObject","inLanguage":"pt-BR","@id":"https:\/\/www.artemadeiras.com.br\/blog\/#\/schema\/person\/image\/","url":"https:\/\/secure.gravatar.com\/avatar\/161a7ea08f1b8bd365e1697a2453e6c719201075da8bdf298a1c2fc5455ba35d?s=96&d=mm&r=g","contentUrl":"https:\/\/secure.gravatar.com\/avatar\/161a7ea08f1b8bd365e1697a2453e6c719201075da8bdf298a1c2fc5455ba35d?s=96&d=mm&r=g","caption":"bloomin"},"sameAs":["https:\/\/www.artemadeiras.com.br\/blog"],"url":"https:\/\/www.artemadeiras.com.br\/blog\/author\/bloomin\/"}]}},"_links":{"self":[{"href":"https:\/\/www.artemadeiras.com.br\/blog\/wp-json\/wp\/v2\/posts\/86","targetHints":{"allow":["GET"]}}],"collection":[{"href":"https:\/\/www.artemadeiras.com.br\/blog\/wp-json\/wp\/v2\/posts"}],"about":[{"href":"https:\/\/www.artemadeiras.com.br\/blog\/wp-json\/wp\/v2\/types\/post"}],"author":[{"embeddable":true,"href":"https:\/\/www.artemadeiras.com.br\/blog\/wp-json\/wp\/v2\/users\/1"}],"replies":[{"embeddable":true,"href":"https:\/\/www.artemadeiras.com.br\/blog\/wp-json\/wp\/v2\/comments?post=86"}],"version-history":[{"count":2,"href":"https:\/\/www.artemadeiras.com.br\/blog\/wp-json\/wp\/v2\/posts\/86\/revisions"}],"predecessor-version":[{"id":347,"href":"https:\/\/www.artemadeiras.com.br\/blog\/wp-json\/wp\/v2\/posts\/86\/revisions\/347"}],"wp:featuredmedia":[{"embeddable":true,"href":"https:\/\/www.artemadeiras.com.br\/blog\/wp-json\/wp\/v2\/media\/87"}],"wp:attachment":[{"href":"https:\/\/www.artemadeiras.com.br\/blog\/wp-json\/wp\/v2\/media?parent=86"}],"wp:term":[{"taxonomy":"category","embeddable":true,"href":"https:\/\/www.artemadeiras.com.br\/blog\/wp-json\/wp\/v2\/categories?post=86"},{"taxonomy":"post_tag","embeddable":true,"href":"https:\/\/www.artemadeiras.com.br\/blog\/wp-json\/wp\/v2\/tags?post=86"}],"curies":[{"name":"wp","href":"https:\/\/api.w.org\/{rel}","templated":true}]}}