{"id":79,"date":"2024-05-08T14:53:00","date_gmt":"2024-05-08T17:53:00","guid":{"rendered":"https:\/\/www.artemadeiras.com.br\/blog\/?p=79"},"modified":"2024-05-24T16:33:14","modified_gmt":"2024-05-24T19:33:14","slug":"telhados-de-madeira-na-zona-norte-conheca-suas-propriedades","status":"publish","type":"post","link":"https:\/\/www.artemadeiras.com.br\/blog\/forros\/telhados-de-madeira-na-zona-norte-conheca-suas-propriedades\/","title":{"rendered":"Telhados de Madeira na zona norte: conhe\u00e7a suas propriedades"},"content":{"rendered":"<span class=\"rt-reading-time\" style=\"display: block;\"><span class=\"rt-label rt-prefix\">Tempo de leitura<\/span> <span class=\"rt-time\">2<\/span> <span class=\"rt-label rt-postfix\">minutos<\/span><\/span>\n<p>Sendo um dos materiais mais utilizados na constru\u00e7\u00e3o civil, os telhados de madeira na zona norte contam com grande resist\u00eancia e durabilidade, trazendo grandes vantagens para a sua obra, como por exemplo, a grande resist\u00eancia que o material traz, se tornando uma excelente op\u00e7\u00e3o de cobertura para sua casa, por exemplo.<\/p>\n\n\n<div class=\"wp-block-image\">\n<figure class=\"aligncenter size-full is-resized\"><img loading=\"lazy\" decoding=\"async\" src=\"https:\/\/www.artemadeiras.com.br\/blog\/wp-content\/uploads\/2021\/06\/Madeiras-para-telhados-1.jpg\" alt=\"Telhados de Madeira \n\" class=\"wp-image-40\" width=\"603\" height=\"180\" srcset=\"https:\/\/www.artemadeiras.com.br\/blog\/wp-content\/uploads\/2021\/06\/Madeiras-para-telhados-1.jpg 411w, https:\/\/www.artemadeiras.com.br\/blog\/wp-content\/uploads\/2021\/06\/Madeiras-para-telhados-1-300x90.jpg 300w\" sizes=\"auto, (max-width: 603px) 100vw, 603px\" \/><\/figure>\n<\/div>\n\n\n<p>No entanto, vale ressaltar que dependendo da \u00e9poca, os telhados de madeira na zona norte entram e saem de moda, digamos assim, e acabam entrando em desuso por conta de informa\u00e7\u00f5es sobre problemas que esse material pode trazer.<\/p>\n\n\n\n<p>Por isso, \u00e9 importante estudar muito o seu projeto e quais os materiais que fazem mais sentido para ele, considerando or\u00e7amento, qualidade e quais os outros produtos que ser\u00e3o ou n\u00e3o utilizados pela sua equipe durante a obra.<\/p>\n\n\n\n<p>Uma das principais pontua\u00e7\u00f5es feitas por empreiteiros ao escolher telhados de madeira para sua constru\u00e7\u00e3o \u00e9 a quest\u00e3o de que sua manuten\u00e7\u00e3o acaba sendo muito recorrente, para dessa forma conseguir manter a boa qualidade da pe\u00e7a, uma vez que ela \u00e9 completamente natural.<\/p>\n\n\n\n<div id=\"ez-toc-container\" class=\"ez-toc-v2_0_66_1 counter-hierarchy ez-toc-counter ez-toc-grey ez-toc-container-direction\">\n<div class=\"ez-toc-title-container\">\n<p class=\"ez-toc-title \" >T&oacute;picos do artigo<\/p>\n<span class=\"ez-toc-title-toggle\"><a href=\"#\" class=\"ez-toc-pull-right ez-toc-btn ez-toc-btn-xs ez-toc-btn-default ez-toc-toggle\" aria-label=\"Toggle Table of Content\"><span class=\"ez-toc-js-icon-con\"><span class=\"\"><span class=\"eztoc-hide\" style=\"display:none;\">Toggle<\/span><span class=\"ez-toc-icon-toggle-span\"><svg style=\"fill: #999;color:#999\" xmlns=\"http:\/\/www.w3.org\/2000\/svg\" class=\"list-377408\" width=\"20px\" height=\"20px\" viewBox=\"0 0 24 24\" fill=\"none\"><path d=\"M6 6H4v2h2V6zm14 0H8v2h12V6zM4 11h2v2H4v-2zm16 0H8v2h12v-2zM4 16h2v2H4v-2zm16 0H8v2h12v-2z\" fill=\"currentColor\"><\/path><\/svg><svg style=\"fill: #999;color:#999\" class=\"arrow-unsorted-368013\" xmlns=\"http:\/\/www.w3.org\/2000\/svg\" width=\"10px\" height=\"10px\" viewBox=\"0 0 24 24\" version=\"1.2\" baseProfile=\"tiny\"><path d=\"M18.2 9.3l-6.2-6.3-6.2 6.3c-.2.2-.3.4-.3.7s.1.5.3.7c.2.2.4.3.7.3h11c.3 0 .5-.1.7-.3.2-.2.3-.5.3-.7s-.1-.5-.3-.7zM5.8 14.7l6.2 6.3 6.2-6.3c.2-.2.3-.5.3-.7s-.1-.5-.3-.7c-.2-.2-.4-.3-.7-.3h-11c-.3 0-.5.1-.7.3-.2.2-.3.5-.3.7s.1.5.3.7z\"\/><\/svg><\/span><\/span><\/span><\/a><\/span><\/div>\n<nav><ul class='ez-toc-list ez-toc-list-level-1 ' ><li class='ez-toc-page-1 ez-toc-heading-level-2'><a class=\"ez-toc-link ez-toc-heading-1\" href=\"https:\/\/www.artemadeiras.com.br\/blog\/forros\/telhados-de-madeira-na-zona-norte-conheca-suas-propriedades\/#As_vantagens_e_desvantagens_dos_telhados_de_madeira_na_zona_norte\" title=\"As vantagens e desvantagens dos telhados de madeira na zona norte\">As vantagens e desvantagens dos telhados de madeira na zona norte<\/a><ul class='ez-toc-list-level-3' ><li class='ez-toc-heading-level-3'><a class=\"ez-toc-link ez-toc-heading-2\" href=\"https:\/\/www.artemadeiras.com.br\/blog\/forros\/telhados-de-madeira-na-zona-norte-conheca-suas-propriedades\/#Vantagens\" title=\"Vantagens\">Vantagens<\/a><\/li><li class='ez-toc-page-1 ez-toc-heading-level-3'><a class=\"ez-toc-link ez-toc-heading-3\" href=\"https:\/\/www.artemadeiras.com.br\/blog\/forros\/telhados-de-madeira-na-zona-norte-conheca-suas-propriedades\/#Desvantagens\" title=\"Desvantagens\">Desvantagens<\/a><\/li><\/ul><\/li><\/ul><\/nav><\/div>\n<h2 class=\"wp-block-heading\"><span class=\"ez-toc-section\" id=\"As_vantagens_e_desvantagens_dos_telhados_de_madeira_na_zona_norte\"><\/span>As vantagens e desvantagens dos telhados de madeira na zona norte<span class=\"ez-toc-section-end\"><\/span><\/h2>\n\n\n\n<p>Os telhados de madeira na zona norte contam com grandes vantagens, no entanto, as desvantagens devem ser levadas em considera\u00e7\u00e3o antes de adquirir o produto. Verifique abaixo todas as caracter\u00edsticas importantes para utilizar ou n\u00e3o o material em sua obra.<\/p>\n\n\n\n<h3 class=\"wp-block-heading\"><span class=\"ez-toc-section\" id=\"Vantagens\"><\/span>Vantagens<span class=\"ez-toc-section-end\"><\/span><\/h3>\n\n\n\n<ul class=\"wp-block-list\">\n<li><strong>Prote\u00e7\u00e3o t\u00e9rmica e ac\u00fastica: <\/strong>com a propriedade de um material completamente natural, os telhados de madeira na zona norte, permitindo fazer com que seja trabalhado um tipo de isolamento t\u00e9rmico e ac\u00fastico para trazer um ambiente muito melhor e mais agrad\u00e1vel para a constru\u00e7\u00e3o.<\/li>\n\n\n\n<li><strong>Visual e telhados trabalhados: <\/strong>al\u00e9m disso, seu material conta com um visual \u00fanico, utilizando todos os detalhes das \u00e1rvores que s\u00e3o usadas como mat\u00e9rias-primas da confec\u00e7\u00e3o do produto.<\/li>\n\n\n\n<li><strong>Sustentabilidade: <\/strong>por se tratar de ser feito de \u00e1rvores, a fabrica\u00e7\u00e3o dos telhados de madeira na zona norte s\u00e3o completamente sustent\u00e1veis, se adquiridas de uma\u00a0 madeireira legalizada.<\/li>\n<\/ul>\n\n\n\n<h3 class=\"wp-block-heading\"><span class=\"ez-toc-section\" id=\"Desvantagens\"><\/span>Desvantagens<span class=\"ez-toc-section-end\"><\/span><\/h3>\n\n\n\n<ul class=\"wp-block-list\">\n<li><strong>Inflam\u00e1vel: <\/strong>como sabemos, a madeira \u00e9 um material completamente inflam\u00e1vel, e traz consigo a inseguran\u00e7a por conta de uma poss\u00edvel prolifera\u00e7\u00e3o de inc\u00eandios facilitada.<\/li>\n\n\n\n<li><strong>Durabilidade vari\u00e1vel\u00a0 e manuten\u00e7\u00e3o: <\/strong>por conta da necessidade de fazer manuten\u00e7\u00f5es recorrentes, a durabilidade dos telhados de madeira acabam sendo menores no caso de uma manuten\u00e7\u00e3o mal feita.<\/li>\n<\/ul>\n\n\n<div class=\"wp-block-image\">\n<figure class=\"aligncenter size-full\"><a href=\"https:\/\/www.artemadeiras.com.br\/contato\" target=\"_blank\" rel=\"noreferrer noopener\"><img loading=\"lazy\" decoding=\"async\" width=\"255\" height=\"110\" src=\"https:\/\/www.artemadeiras.com.br\/blog\/wp-content\/uploads\/2021\/01\/logo-arte-madeiras.png\" alt=\"Telhados de Madeira \n\" class=\"wp-image-11\"\/><\/a><\/figure>\n<\/div>\n\n\n<p>Agora que voc\u00ea conhece todas as vantagens e desvantagens de adquirir telhados de madeira na zona norte, fa\u00e7a um <a href=\"https:\/\/www.artemadeiras.com.br\/orcamento\">or\u00e7amento<\/a> com a <a href=\"https:\/\/www.artemadeiras.com.br\/\" class=\"rank-math-link\">Arte Madeiras<\/a> e conhe\u00e7a mais de nossos produtos.<\/p>\n","protected":false},"excerpt":{"rendered":"<p><span class=\"rt-reading-time\" style=\"display: block;\"><span class=\"rt-label rt-prefix\">Tempo de leitura<\/span> <span class=\"rt-time\">2<\/span> <span class=\"rt-label rt-postfix\">minutos<\/span><\/span> Sendo um dos materiais mais utilizados na constru\u00e7\u00e3o civil, os telhados de madeira na zona norte contam com grande resist\u00eancia e durabilidade, trazendo grandes vantagens para a sua obra, como por exemplo, a grande resist\u00eancia que o material traz, se&#8230;<\/p>\n","protected":false},"author":1,"featured_media":35,"comment_status":"open","ping_status":"open","sticky":false,"template":"","format":"standard","meta":{"footnotes":""},"categories":[15],"tags":[94,104,102,89,103,101,99,98,100,93,92,91,95,97,96,90],"class_list":["post-79","post","type-post","status-publish","format-standard","has-post-thumbnail","hentry","category-forros","tag-comprar-telhados-de-madeira","tag-distribuidor-de-telhados-de-madeira","tag-distribuidora-de-telhados-de-madeira","tag-empresa-de-telhados-de-madeira","tag-fabrica-de-telhados-de-madeira","tag-fabricante-de-telhados-de-madeira","tag-fornecedor-de-telhados-de-madeira","tag-loja-de-telhados-de-madeira","tag-revendedor-de-telhados-de-madeira","tag-telhados-de-madeira-casa-verde","tag-telhados-de-madeira-direto-da-fabrica","tag-telhados-de-madeira-em-promocao","tag-telhados-de-madeira-em-sao-paulo","tag-telhados-de-madeira-em-sp","tag-telhados-de-madeira-preco","tag-telhados-de-madeira-zona-norte"],"yoast_head":"<!-- This site is optimized with the Yoast SEO plugin v23.6 - https:\/\/yoast.com\/wordpress\/plugins\/seo\/ -->\n<title>Telhados de Madeira na zona norte: conhe\u00e7a suas propriedades - Blog | Arte madeiras<\/title>\n<meta name=\"robots\" content=\"index, follow, max-snippet:-1, max-image-preview:large, max-video-preview:-1\" \/>\n<link rel=\"canonical\" href=\"https:\/\/www.artemadeiras.com.br\/blog\/forros\/telhados-de-madeira-na-zona-norte-conheca-suas-propriedades\/\" \/>\n<meta property=\"og:locale\" content=\"pt_BR\" \/>\n<meta property=\"og:type\" content=\"article\" \/>\n<meta property=\"og:title\" content=\"Telhados de Madeira na zona norte: conhe\u00e7a suas propriedades - Blog | Arte madeiras\" \/>\n<meta property=\"og:description\" content=\"Tempo de leitura 2 minutos Sendo um dos materiais mais utilizados na constru\u00e7\u00e3o civil, os telhados de madeira na zona norte contam com grande resist\u00eancia e durabilidade, trazendo grandes vantagens para a sua obra, como por exemplo, a grande resist\u00eancia que o material traz, se...\" \/>\n<meta property=\"og:url\" content=\"https:\/\/www.artemadeiras.com.br\/blog\/forros\/telhados-de-madeira-na-zona-norte-conheca-suas-propriedades\/\" \/>\n<meta property=\"og:site_name\" content=\"Blog | Arte madeiras\" \/>\n<meta property=\"article:published_time\" content=\"2024-05-08T17:53:00+00:00\" \/>\n<meta property=\"article:modified_time\" content=\"2024-05-24T19:33:14+00:00\" \/>\n<meta property=\"og:image\" content=\"https:\/\/www.artemadeiras.com.br\/blog\/wp-content\/uploads\/2021\/04\/forros-de-madeira.jpg\" \/>\n\t<meta property=\"og:image:width\" content=\"880\" \/>\n\t<meta property=\"og:image:height\" content=\"660\" \/>\n\t<meta property=\"og:image:type\" content=\"image\/jpeg\" \/>\n<meta name=\"author\" content=\"bloomin\" \/>\n<meta name=\"twitter:card\" content=\"summary_large_image\" \/>\n<meta name=\"twitter:label1\" content=\"Escrito por\" \/>\n\t<meta name=\"twitter:data1\" content=\"bloomin\" \/>\n\t<meta name=\"twitter:label2\" content=\"Est. tempo de leitura\" \/>\n\t<meta name=\"twitter:data2\" content=\"2 minutos\" \/>\n<script type=\"application\/ld+json\" class=\"yoast-schema-graph\">{\"@context\":\"https:\/\/schema.org\",\"@graph\":[{\"@type\":\"Article\",\"@id\":\"https:\/\/www.artemadeiras.com.br\/blog\/forros\/telhados-de-madeira-na-zona-norte-conheca-suas-propriedades\/#article\",\"isPartOf\":{\"@id\":\"https:\/\/www.artemadeiras.com.br\/blog\/forros\/telhados-de-madeira-na-zona-norte-conheca-suas-propriedades\/\"},\"author\":{\"name\":\"bloomin\",\"@id\":\"https:\/\/www.artemadeiras.com.br\/blog\/#\/schema\/person\/03c7826df62479a35ffcf10a5a652727\"},\"headline\":\"Telhados de Madeira na zona norte: conhe\u00e7a suas propriedades\",\"datePublished\":\"2024-05-08T17:53:00+00:00\",\"dateModified\":\"2024-05-24T19:33:14+00:00\",\"mainEntityOfPage\":{\"@id\":\"https:\/\/www.artemadeiras.com.br\/blog\/forros\/telhados-de-madeira-na-zona-norte-conheca-suas-propriedades\/\"},\"wordCount\":453,\"commentCount\":0,\"publisher\":{\"@id\":\"https:\/\/www.artemadeiras.com.br\/blog\/#organization\"},\"image\":{\"@id\":\"https:\/\/www.artemadeiras.com.br\/blog\/forros\/telhados-de-madeira-na-zona-norte-conheca-suas-propriedades\/#primaryimage\"},\"thumbnailUrl\":\"https:\/\/www.artemadeiras.com.br\/blog\/wp-content\/uploads\/2021\/04\/forros-de-madeira.jpg\",\"keywords\":[\"comprar Telhados de Madeira\",\"distribuidor de Telhados de Madeira\",\"distribuidora de Telhados de Madeira\",\"empresa de Telhados de Madeira\",\"f\u00e1brica de Telhados de Madeira\",\"fabricante de Telhados de Madeira\",\"fornecedor de Telhados de Madeira\",\"loja de Telhados de Madeira\",\"revendedor de Telhados de Madeira\",\"Telhados de Madeira casa verde\",\"Telhados de Madeira direto da fabrica\",\"Telhados de Madeira em promo\u00e7\u00e3o\",\"Telhados de Madeira em s\u00e3o paulo\",\"Telhados de Madeira em sp\",\"Telhados de Madeira pre\u00e7o\",\"Telhados de Madeira zona norte\"],\"articleSection\":[\"Forros\"],\"inLanguage\":\"pt-BR\",\"potentialAction\":[{\"@type\":\"CommentAction\",\"name\":\"Comment\",\"target\":[\"https:\/\/www.artemadeiras.com.br\/blog\/forros\/telhados-de-madeira-na-zona-norte-conheca-suas-propriedades\/#respond\"]}]},{\"@type\":\"WebPage\",\"@id\":\"https:\/\/www.artemadeiras.com.br\/blog\/forros\/telhados-de-madeira-na-zona-norte-conheca-suas-propriedades\/\",\"url\":\"https:\/\/www.artemadeiras.com.br\/blog\/forros\/telhados-de-madeira-na-zona-norte-conheca-suas-propriedades\/\",\"name\":\"Telhados de Madeira na zona norte: conhe\u00e7a suas propriedades - Blog | Arte madeiras\",\"isPartOf\":{\"@id\":\"https:\/\/www.artemadeiras.com.br\/blog\/#website\"},\"primaryImageOfPage\":{\"@id\":\"https:\/\/www.artemadeiras.com.br\/blog\/forros\/telhados-de-madeira-na-zona-norte-conheca-suas-propriedades\/#primaryimage\"},\"image\":{\"@id\":\"https:\/\/www.artemadeiras.com.br\/blog\/forros\/telhados-de-madeira-na-zona-norte-conheca-suas-propriedades\/#primaryimage\"},\"thumbnailUrl\":\"https:\/\/www.artemadeiras.com.br\/blog\/wp-content\/uploads\/2021\/04\/forros-de-madeira.jpg\",\"datePublished\":\"2024-05-08T17:53:00+00:00\",\"dateModified\":\"2024-05-24T19:33:14+00:00\",\"breadcrumb\":{\"@id\":\"https:\/\/www.artemadeiras.com.br\/blog\/forros\/telhados-de-madeira-na-zona-norte-conheca-suas-propriedades\/#breadcrumb\"},\"inLanguage\":\"pt-BR\",\"potentialAction\":[{\"@type\":\"ReadAction\",\"target\":[\"https:\/\/www.artemadeiras.com.br\/blog\/forros\/telhados-de-madeira-na-zona-norte-conheca-suas-propriedades\/\"]}]},{\"@type\":\"ImageObject\",\"inLanguage\":\"pt-BR\",\"@id\":\"https:\/\/www.artemadeiras.com.br\/blog\/forros\/telhados-de-madeira-na-zona-norte-conheca-suas-propriedades\/#primaryimage\",\"url\":\"https:\/\/www.artemadeiras.com.br\/blog\/wp-content\/uploads\/2021\/04\/forros-de-madeira.jpg\",\"contentUrl\":\"https:\/\/www.artemadeiras.com.br\/blog\/wp-content\/uploads\/2021\/04\/forros-de-madeira.jpg\",\"width\":880,\"height\":660,\"caption\":\"Telhados de Madeira\"},{\"@type\":\"BreadcrumbList\",\"@id\":\"https:\/\/www.artemadeiras.com.br\/blog\/forros\/telhados-de-madeira-na-zona-norte-conheca-suas-propriedades\/#breadcrumb\",\"itemListElement\":[{\"@type\":\"ListItem\",\"position\":1,\"name\":\"In\u00edcio\",\"item\":\"https:\/\/www.artemadeiras.com.br\/blog\/\"},{\"@type\":\"ListItem\",\"position\":2,\"name\":\"Telhados de Madeira na zona norte: conhe\u00e7a suas propriedades\"}]},{\"@type\":\"WebSite\",\"@id\":\"https:\/\/www.artemadeiras.com.br\/blog\/#website\",\"url\":\"https:\/\/www.artemadeiras.com.br\/blog\/\",\"name\":\"Blog | Arte madeiras\",\"description\":\"Dicas e Novidades sobre Madeiras\",\"publisher\":{\"@id\":\"https:\/\/www.artemadeiras.com.br\/blog\/#organization\"},\"potentialAction\":[{\"@type\":\"SearchAction\",\"target\":{\"@type\":\"EntryPoint\",\"urlTemplate\":\"https:\/\/www.artemadeiras.com.br\/blog\/?s={search_term_string}\"},\"query-input\":{\"@type\":\"PropertyValueSpecification\",\"valueRequired\":true,\"valueName\":\"search_term_string\"}}],\"inLanguage\":\"pt-BR\"},{\"@type\":\"Organization\",\"@id\":\"https:\/\/www.artemadeiras.com.br\/blog\/#organization\",\"name\":\"Blog | Arte madeiras\",\"url\":\"https:\/\/www.artemadeiras.com.br\/blog\/\",\"logo\":{\"@type\":\"ImageObject\",\"inLanguage\":\"pt-BR\",\"@id\":\"https:\/\/www.artemadeiras.com.br\/blog\/#\/schema\/logo\/image\/\",\"url\":\"https:\/\/www.artemadeiras.com.br\/blog\/wp-content\/uploads\/2021\/01\/logo-arte-madeiras.png\",\"contentUrl\":\"https:\/\/www.artemadeiras.com.br\/blog\/wp-content\/uploads\/2021\/01\/logo-arte-madeiras.png\",\"width\":255,\"height\":110,\"caption\":\"Blog | Arte madeiras\"},\"image\":{\"@id\":\"https:\/\/www.artemadeiras.com.br\/blog\/#\/schema\/logo\/image\/\"}},{\"@type\":\"Person\",\"@id\":\"https:\/\/www.artemadeiras.com.br\/blog\/#\/schema\/person\/03c7826df62479a35ffcf10a5a652727\",\"name\":\"bloomin\",\"image\":{\"@type\":\"ImageObject\",\"inLanguage\":\"pt-BR\",\"@id\":\"https:\/\/www.artemadeiras.com.br\/blog\/#\/schema\/person\/image\/\",\"url\":\"https:\/\/secure.gravatar.com\/avatar\/161a7ea08f1b8bd365e1697a2453e6c719201075da8bdf298a1c2fc5455ba35d?s=96&d=mm&r=g\",\"contentUrl\":\"https:\/\/secure.gravatar.com\/avatar\/161a7ea08f1b8bd365e1697a2453e6c719201075da8bdf298a1c2fc5455ba35d?s=96&d=mm&r=g\",\"caption\":\"bloomin\"},\"sameAs\":[\"https:\/\/www.artemadeiras.com.br\/blog\"],\"url\":\"https:\/\/www.artemadeiras.com.br\/blog\/author\/bloomin\/\"}]}<\/script>\n<!-- \/ Yoast SEO plugin. -->","yoast_head_json":{"title":"Telhados de Madeira na zona norte: conhe\u00e7a suas propriedades - Blog | Arte madeiras","robots":{"index":"index","follow":"follow","max-snippet":"max-snippet:-1","max-image-preview":"max-image-preview:large","max-video-preview":"max-video-preview:-1"},"canonical":"https:\/\/www.artemadeiras.com.br\/blog\/forros\/telhados-de-madeira-na-zona-norte-conheca-suas-propriedades\/","og_locale":"pt_BR","og_type":"article","og_title":"Telhados de Madeira na zona norte: conhe\u00e7a suas propriedades - Blog | Arte madeiras","og_description":"Tempo de leitura 2 minutos Sendo um dos materiais mais utilizados na constru\u00e7\u00e3o civil, os telhados de madeira na zona norte contam com grande resist\u00eancia e durabilidade, trazendo grandes vantagens para a sua obra, como por exemplo, a grande resist\u00eancia que o material traz, se...","og_url":"https:\/\/www.artemadeiras.com.br\/blog\/forros\/telhados-de-madeira-na-zona-norte-conheca-suas-propriedades\/","og_site_name":"Blog | Arte madeiras","article_published_time":"2024-05-08T17:53:00+00:00","article_modified_time":"2024-05-24T19:33:14+00:00","og_image":[{"width":880,"height":660,"url":"https:\/\/www.artemadeiras.com.br\/blog\/wp-content\/uploads\/2021\/04\/forros-de-madeira.jpg","type":"image\/jpeg"}],"author":"bloomin","twitter_card":"summary_large_image","twitter_misc":{"Escrito por":"bloomin","Est. tempo de leitura":"2 minutos"},"schema":{"@context":"https:\/\/schema.org","@graph":[{"@type":"Article","@id":"https:\/\/www.artemadeiras.com.br\/blog\/forros\/telhados-de-madeira-na-zona-norte-conheca-suas-propriedades\/#article","isPartOf":{"@id":"https:\/\/www.artemadeiras.com.br\/blog\/forros\/telhados-de-madeira-na-zona-norte-conheca-suas-propriedades\/"},"author":{"name":"bloomin","@id":"https:\/\/www.artemadeiras.com.br\/blog\/#\/schema\/person\/03c7826df62479a35ffcf10a5a652727"},"headline":"Telhados de Madeira na zona norte: conhe\u00e7a suas propriedades","datePublished":"2024-05-08T17:53:00+00:00","dateModified":"2024-05-24T19:33:14+00:00","mainEntityOfPage":{"@id":"https:\/\/www.artemadeiras.com.br\/blog\/forros\/telhados-de-madeira-na-zona-norte-conheca-suas-propriedades\/"},"wordCount":453,"commentCount":0,"publisher":{"@id":"https:\/\/www.artemadeiras.com.br\/blog\/#organization"},"image":{"@id":"https:\/\/www.artemadeiras.com.br\/blog\/forros\/telhados-de-madeira-na-zona-norte-conheca-suas-propriedades\/#primaryimage"},"thumbnailUrl":"https:\/\/www.artemadeiras.com.br\/blog\/wp-content\/uploads\/2021\/04\/forros-de-madeira.jpg","keywords":["comprar Telhados de Madeira","distribuidor de Telhados de Madeira","distribuidora de Telhados de Madeira","empresa de Telhados de Madeira","f\u00e1brica de Telhados de Madeira","fabricante de Telhados de Madeira","fornecedor de Telhados de Madeira","loja de Telhados de Madeira","revendedor de Telhados de Madeira","Telhados de Madeira casa verde","Telhados de Madeira direto da fabrica","Telhados de Madeira em promo\u00e7\u00e3o","Telhados de Madeira em s\u00e3o paulo","Telhados de Madeira em sp","Telhados de Madeira pre\u00e7o","Telhados de Madeira zona norte"],"articleSection":["Forros"],"inLanguage":"pt-BR","potentialAction":[{"@type":"CommentAction","name":"Comment","target":["https:\/\/www.artemadeiras.com.br\/blog\/forros\/telhados-de-madeira-na-zona-norte-conheca-suas-propriedades\/#respond"]}]},{"@type":"WebPage","@id":"https:\/\/www.artemadeiras.com.br\/blog\/forros\/telhados-de-madeira-na-zona-norte-conheca-suas-propriedades\/","url":"https:\/\/www.artemadeiras.com.br\/blog\/forros\/telhados-de-madeira-na-zona-norte-conheca-suas-propriedades\/","name":"Telhados de Madeira na zona norte: conhe\u00e7a suas propriedades - Blog | Arte madeiras","isPartOf":{"@id":"https:\/\/www.artemadeiras.com.br\/blog\/#website"},"primaryImageOfPage":{"@id":"https:\/\/www.artemadeiras.com.br\/blog\/forros\/telhados-de-madeira-na-zona-norte-conheca-suas-propriedades\/#primaryimage"},"image":{"@id":"https:\/\/www.artemadeiras.com.br\/blog\/forros\/telhados-de-madeira-na-zona-norte-conheca-suas-propriedades\/#primaryimage"},"thumbnailUrl":"https:\/\/www.artemadeiras.com.br\/blog\/wp-content\/uploads\/2021\/04\/forros-de-madeira.jpg","datePublished":"2024-05-08T17:53:00+00:00","dateModified":"2024-05-24T19:33:14+00:00","breadcrumb":{"@id":"https:\/\/www.artemadeiras.com.br\/blog\/forros\/telhados-de-madeira-na-zona-norte-conheca-suas-propriedades\/#breadcrumb"},"inLanguage":"pt-BR","potentialAction":[{"@type":"ReadAction","target":["https:\/\/www.artemadeiras.com.br\/blog\/forros\/telhados-de-madeira-na-zona-norte-conheca-suas-propriedades\/"]}]},{"@type":"ImageObject","inLanguage":"pt-BR","@id":"https:\/\/www.artemadeiras.com.br\/blog\/forros\/telhados-de-madeira-na-zona-norte-conheca-suas-propriedades\/#primaryimage","url":"https:\/\/www.artemadeiras.com.br\/blog\/wp-content\/uploads\/2021\/04\/forros-de-madeira.jpg","contentUrl":"https:\/\/www.artemadeiras.com.br\/blog\/wp-content\/uploads\/2021\/04\/forros-de-madeira.jpg","width":880,"height":660,"caption":"Telhados de Madeira"},{"@type":"BreadcrumbList","@id":"https:\/\/www.artemadeiras.com.br\/blog\/forros\/telhados-de-madeira-na-zona-norte-conheca-suas-propriedades\/#breadcrumb","itemListElement":[{"@type":"ListItem","position":1,"name":"In\u00edcio","item":"https:\/\/www.artemadeiras.com.br\/blog\/"},{"@type":"ListItem","position":2,"name":"Telhados de Madeira na zona norte: conhe\u00e7a suas propriedades"}]},{"@type":"WebSite","@id":"https:\/\/www.artemadeiras.com.br\/blog\/#website","url":"https:\/\/www.artemadeiras.com.br\/blog\/","name":"Blog | Arte madeiras","description":"Dicas e Novidades sobre Madeiras","publisher":{"@id":"https:\/\/www.artemadeiras.com.br\/blog\/#organization"},"potentialAction":[{"@type":"SearchAction","target":{"@type":"EntryPoint","urlTemplate":"https:\/\/www.artemadeiras.com.br\/blog\/?s={search_term_string}"},"query-input":{"@type":"PropertyValueSpecification","valueRequired":true,"valueName":"search_term_string"}}],"inLanguage":"pt-BR"},{"@type":"Organization","@id":"https:\/\/www.artemadeiras.com.br\/blog\/#organization","name":"Blog | Arte madeiras","url":"https:\/\/www.artemadeiras.com.br\/blog\/","logo":{"@type":"ImageObject","inLanguage":"pt-BR","@id":"https:\/\/www.artemadeiras.com.br\/blog\/#\/schema\/logo\/image\/","url":"https:\/\/www.artemadeiras.com.br\/blog\/wp-content\/uploads\/2021\/01\/logo-arte-madeiras.png","contentUrl":"https:\/\/www.artemadeiras.com.br\/blog\/wp-content\/uploads\/2021\/01\/logo-arte-madeiras.png","width":255,"height":110,"caption":"Blog | Arte madeiras"},"image":{"@id":"https:\/\/www.artemadeiras.com.br\/blog\/#\/schema\/logo\/image\/"}},{"@type":"Person","@id":"https:\/\/www.artemadeiras.com.br\/blog\/#\/schema\/person\/03c7826df62479a35ffcf10a5a652727","name":"bloomin","image":{"@type":"ImageObject","inLanguage":"pt-BR","@id":"https:\/\/www.artemadeiras.com.br\/blog\/#\/schema\/person\/image\/","url":"https:\/\/secure.gravatar.com\/avatar\/161a7ea08f1b8bd365e1697a2453e6c719201075da8bdf298a1c2fc5455ba35d?s=96&d=mm&r=g","contentUrl":"https:\/\/secure.gravatar.com\/avatar\/161a7ea08f1b8bd365e1697a2453e6c719201075da8bdf298a1c2fc5455ba35d?s=96&d=mm&r=g","caption":"bloomin"},"sameAs":["https:\/\/www.artemadeiras.com.br\/blog"],"url":"https:\/\/www.artemadeiras.com.br\/blog\/author\/bloomin\/"}]}},"_links":{"self":[{"href":"https:\/\/www.artemadeiras.com.br\/blog\/wp-json\/wp\/v2\/posts\/79","targetHints":{"allow":["GET"]}}],"collection":[{"href":"https:\/\/www.artemadeiras.com.br\/blog\/wp-json\/wp\/v2\/posts"}],"about":[{"href":"https:\/\/www.artemadeiras.com.br\/blog\/wp-json\/wp\/v2\/types\/post"}],"author":[{"embeddable":true,"href":"https:\/\/www.artemadeiras.com.br\/blog\/wp-json\/wp\/v2\/users\/1"}],"replies":[{"embeddable":true,"href":"https:\/\/www.artemadeiras.com.br\/blog\/wp-json\/wp\/v2\/comments?post=79"}],"version-history":[{"count":1,"href":"https:\/\/www.artemadeiras.com.br\/blog\/wp-json\/wp\/v2\/posts\/79\/revisions"}],"predecessor-version":[{"id":80,"href":"https:\/\/www.artemadeiras.com.br\/blog\/wp-json\/wp\/v2\/posts\/79\/revisions\/80"}],"wp:featuredmedia":[{"embeddable":true,"href":"https:\/\/www.artemadeiras.com.br\/blog\/wp-json\/wp\/v2\/media\/35"}],"wp:attachment":[{"href":"https:\/\/www.artemadeiras.com.br\/blog\/wp-json\/wp\/v2\/media?parent=79"}],"wp:term":[{"taxonomy":"category","embeddable":true,"href":"https:\/\/www.artemadeiras.com.br\/blog\/wp-json\/wp\/v2\/categories?post=79"},{"taxonomy":"post_tag","embeddable":true,"href":"https:\/\/www.artemadeiras.com.br\/blog\/wp-json\/wp\/v2\/tags?post=79"}],"curies":[{"name":"wp","href":"https:\/\/api.w.org\/{rel}","templated":true}]}}