{"id":77,"date":"2023-09-20T10:52:57","date_gmt":"2023-09-20T13:52:57","guid":{"rendered":"https:\/\/www.artemadeiras.com.br\/blog\/?p=77"},"modified":"2023-09-20T10:52:58","modified_gmt":"2023-09-20T13:52:58","slug":"madeireira-zona-norte","status":"publish","type":"post","link":"https:\/\/www.artemadeiras.com.br\/blog\/assoalhos\/madeireira-zona-norte\/","title":{"rendered":"Madeireira na zona norte: conhe\u00e7a a Arte Madeiras"},"content":{"rendered":"<span class=\"rt-reading-time\" style=\"display: block;\"><span class=\"rt-label rt-prefix\">Tempo de leitura<\/span> <span class=\"rt-time\">2<\/span> <span class=\"rt-label rt-postfix\">minutos<\/span><\/span>\n<p>Se voc\u00ea procura por uma madeireira na zona norte da cidade de S\u00e3o Paulo, a Arte Madeiras \u00e9 a solu\u00e7\u00e3o perfeita para voc\u00ea! Fundada h\u00e1 mais de 25 anos e trabalhando sempre para se tornar uma refer\u00eancia entre as fornecedoras de constru\u00e7\u00e3o civil, ind\u00fastria de m\u00f3veis, entre outros.<\/p>\n\n\n\n<p>Nossa miss\u00e3o \u00e9 continuar cada vez mais a atender nossos clientes com excel\u00eancia, trazendo satisfa\u00e7\u00e3o para todos os parceiros e consumidores. Al\u00e9m disso, nossos colaboradores fazem de nossa empresa a melhor madeireira na zona norte da capital paulista.<\/p>\n\n\n<div class=\"wp-block-image\">\n<figure class=\"aligncenter size-full is-resized\"><img loading=\"lazy\" decoding=\"async\" src=\"https:\/\/www.artemadeiras.com.br\/blog\/wp-content\/uploads\/2021\/02\/assoalho-de-madeira.jpg\" alt=\"Madeireira na zona norte\" class=\"wp-image-27\" style=\"width:491px;height:246px\" width=\"491\" height=\"246\"\/><\/figure>\n<\/div>\n\n\n<p>As madeiras fornecidas pela nossa empresa contam receberam a certifica\u00e7\u00e3o necess\u00e1ria para mostrar nosso respeito com a sustentabilidade e meio ambiente do nosso pa\u00eds.<\/p>\n\n\n\n<p>Todas as especifica\u00e7\u00f5es da Arte Madeira, madeireira na zona norte de S\u00e3o Paulo, s\u00e3o certificadas por \u00f3rg\u00e3os controlados pelo Governo Federal, como o IBAMA e a Secretaria do Meio Ambiente. Al\u00e9m disso, participamos de um programa chamado QUALIMADEIRA.<\/p>\n\n\n\n<p>O QUALIMADEIRA \u00e9 o \u00f3rg\u00e3o respons\u00e1vel pela certifica\u00e7\u00e3o de todos os produtos fabricados em madeira no Brasil.<\/p>\n\n\n\n<div id=\"ez-toc-container\" class=\"ez-toc-v2_0_66_1 counter-hierarchy ez-toc-counter ez-toc-grey ez-toc-container-direction\">\n<div class=\"ez-toc-title-container\">\n<p class=\"ez-toc-title \" >T&oacute;picos do artigo<\/p>\n<span class=\"ez-toc-title-toggle\"><a href=\"#\" class=\"ez-toc-pull-right ez-toc-btn ez-toc-btn-xs ez-toc-btn-default ez-toc-toggle\" aria-label=\"Toggle Table of Content\"><span class=\"ez-toc-js-icon-con\"><span class=\"\"><span class=\"eztoc-hide\" style=\"display:none;\">Toggle<\/span><span class=\"ez-toc-icon-toggle-span\"><svg style=\"fill: #999;color:#999\" xmlns=\"http:\/\/www.w3.org\/2000\/svg\" class=\"list-377408\" width=\"20px\" height=\"20px\" viewBox=\"0 0 24 24\" fill=\"none\"><path d=\"M6 6H4v2h2V6zm14 0H8v2h12V6zM4 11h2v2H4v-2zm16 0H8v2h12v-2zM4 16h2v2H4v-2zm16 0H8v2h12v-2z\" fill=\"currentColor\"><\/path><\/svg><svg style=\"fill: #999;color:#999\" class=\"arrow-unsorted-368013\" xmlns=\"http:\/\/www.w3.org\/2000\/svg\" width=\"10px\" height=\"10px\" viewBox=\"0 0 24 24\" version=\"1.2\" baseProfile=\"tiny\"><path d=\"M18.2 9.3l-6.2-6.3-6.2 6.3c-.2.2-.3.4-.3.7s.1.5.3.7c.2.2.4.3.7.3h11c.3 0 .5-.1.7-.3.2-.2.3-.5.3-.7s-.1-.5-.3-.7zM5.8 14.7l6.2 6.3 6.2-6.3c.2-.2.3-.5.3-.7s-.1-.5-.3-.7c-.2-.2-.4-.3-.7-.3h-11c-.3 0-.5.1-.7.3-.2.2-.3.5-.3.7s.1.5.3.7z\"\/><\/svg><\/span><\/span><\/span><\/a><\/span><\/div>\n<nav><ul class='ez-toc-list ez-toc-list-level-1 ' ><li class='ez-toc-page-1 ez-toc-heading-level-2'><a class=\"ez-toc-link ez-toc-heading-1\" href=\"https:\/\/www.artemadeiras.com.br\/blog\/assoalhos\/madeireira-zona-norte\/#Conheca_melhor_a_melhor_madeireira_na_zona_norte\" title=\"Conhe\u00e7a melhor a melhor madeireira na zona norte!\">Conhe\u00e7a melhor a melhor madeireira na zona norte!<\/a><\/li><li class='ez-toc-page-1 ez-toc-heading-level-2'><a class=\"ez-toc-link ez-toc-heading-2\" href=\"https:\/\/www.artemadeiras.com.br\/blog\/assoalhos\/madeireira-zona-norte\/#Venha_conhecer_a_melhor_madeireira_na_zona_norte_de_Sao_Paulo\" title=\"Venha conhecer a melhor madeireira na zona norte de S\u00e3o Paulo!\">Venha conhecer a melhor madeireira na zona norte de S\u00e3o Paulo!<\/a><\/li><\/ul><\/nav><\/div>\n<h2 class=\"wp-block-heading\"><span class=\"ez-toc-section\" id=\"Conheca_melhor_a_melhor_madeireira_na_zona_norte\"><\/span>Conhe\u00e7a melhor a melhor madeireira na zona norte!<span class=\"ez-toc-section-end\"><\/span><\/h2>\n\n\n\n<p>Contando com uma equipe de qualidade e com extrema seriedade para encontrar as melhores solu\u00e7\u00f5es do segmento para a sua obra. Se voc\u00ea procura por uma madeireira na zona norte, quem ouve sobre a Arte madeiras recebe as melhores indica\u00e7\u00f5es de profissionais que conhecem a empresa.<\/p>\n\n\n\n<p>Buscamos sempre inovar cada vez mais com tecnologias que visam, entre outras coisas, seguir as principais pol\u00edticas de conserva\u00e7\u00e3o ambiental, tanto nacionais quanto internacionais.<\/p>\n\n\n\n<p>Em nosso portf\u00f3lio de <a href=\"https:\/\/www.artemadeiras.com.br\/produtos\">produtos<\/a> e <a href=\"https:\/\/www.artemadeiras.com.br\/servicos\">servi\u00e7os<\/a>, contamos com variadas possibilidades para garantir as melhores op\u00e7\u00f5es para as suas obras. Nossas op\u00e7\u00f5es fornecidas s\u00e3o:<\/p>\n\n\n\n<ul class=\"wp-block-list\">\n<li>Assoalhos e Rodap\u00e9s;<\/li>\n\n\n\n<li>Assoalhos especiais;<\/li>\n\n\n\n<li>Chapas;<\/li>\n\n\n\n<li>Forros;<\/li>\n\n\n\n<li>Pinus autoclavados;<\/li>\n\n\n\n<li>Portas;<\/li>\n\n\n\n<li>Degraus e Bala\u00fastres;<\/li>\n\n\n\n<li>Decks de Madeira;<\/li>\n\n\n\n<li>Telhados e Coberturas;<\/li>\n<\/ul>\n\n\n\n<p>Todos os produtos fornecidos pela Arte Madeiras s\u00e3o confeccionados conforme a necessidade dos clientes. Ent\u00e3o, desde a fabrica\u00e7\u00e3o de lenhas de alta qualidade at\u00e9 <a href=\"https:\/\/www.artemadeiras.com.br\/quimico\">qu\u00edmicos<\/a> para facilitar a instala\u00e7\u00e3o dos materiais ou a manuten\u00e7\u00e3o dos mesmos est\u00e3o dispon\u00edveis em nossa loja.<\/p>\n\n\n<div class=\"wp-block-image\">\n<figure class=\"aligncenter size-full\"><img loading=\"lazy\" decoding=\"async\" width=\"255\" height=\"110\" src=\"https:\/\/www.artemadeiras.com.br\/blog\/wp-content\/uploads\/2021\/01\/logo-arte-madeiras.png\" alt=\"Madeiras para telhados na zona norte\" class=\"wp-image-11\"\/><\/figure>\n<\/div>\n\n\n<h2 class=\"wp-block-heading\"><span class=\"ez-toc-section\" id=\"Venha_conhecer_a_melhor_madeireira_na_zona_norte_de_Sao_Paulo\"><\/span>Venha conhecer a melhor madeireira na zona norte de S\u00e3o Paulo!<span class=\"ez-toc-section-end\"><\/span><\/h2>\n\n\n\n<p>A loja da Arte Madeiras fica localizada na Avenida Engenheiro Caetano \u00c1lvares, no bairro da Casa Verde\/Lim\u00e3o. Se voc\u00ea se interessa pelos nossos produtos, entre em contato com nossos colaboradores pelos meios de comunica\u00e7\u00e3o da empresa ou fa\u00e7a um <a href=\"https:\/\/www.artemadeiras.com.br\/orcamento\">or\u00e7amento<\/a><\/p>\n","protected":false},"excerpt":{"rendered":"<p><span class=\"rt-reading-time\" style=\"display: block;\"><span class=\"rt-label rt-prefix\">Tempo de leitura<\/span> <span class=\"rt-time\">2<\/span> <span class=\"rt-label rt-postfix\">minutos<\/span><\/span> Se voc\u00ea procura por uma madeireira na zona norte da cidade de S\u00e3o Paulo, a Arte Madeiras \u00e9 a solu\u00e7\u00e3o perfeita para voc\u00ea! Fundada h\u00e1 mais de 25 anos e trabalhando sempre para se tornar uma refer\u00eancia entre as fornecedoras&#8230;<\/p>\n","protected":false},"author":1,"featured_media":40,"comment_status":"open","ping_status":"open","sticky":false,"template":"","format":"standard","meta":{"footnotes":""},"categories":[14],"tags":[80,86,87,88,82,83,81,85,84],"class_list":["post-77","post","type-post","status-publish","format-standard","has-post-thumbnail","hentry","category-assoalhos","tag-empresa-de-madeireira","tag-madeireira-casa-verde","tag-madeireira-direto-da-fabrica","tag-madeireira-em-promocao","tag-madeireira-em-sao-paulo","tag-madeireira-em-sp","tag-madeireira-preco","tag-madeireira-zona-norte","tag-onde-encontrar-madeireira"],"yoast_head":"<!-- This site is optimized with the Yoast SEO plugin v23.6 - https:\/\/yoast.com\/wordpress\/plugins\/seo\/ -->\n<title>Madeireira na zona norte: conhe\u00e7a a Arte Madeiras - Blog | Arte madeiras<\/title>\n<meta name=\"robots\" content=\"index, follow, max-snippet:-1, max-image-preview:large, max-video-preview:-1\" \/>\n<link rel=\"canonical\" href=\"https:\/\/www.artemadeiras.com.br\/blog\/assoalhos\/madeireira-zona-norte\/\" \/>\n<meta property=\"og:locale\" content=\"pt_BR\" \/>\n<meta property=\"og:type\" content=\"article\" \/>\n<meta property=\"og:title\" content=\"Madeireira na zona norte: conhe\u00e7a a Arte Madeiras - Blog | Arte madeiras\" \/>\n<meta property=\"og:description\" content=\"Tempo de leitura 2 minutos Se voc\u00ea procura por uma madeireira na zona norte da cidade de S\u00e3o Paulo, a Arte Madeiras \u00e9 a solu\u00e7\u00e3o perfeita para voc\u00ea! Fundada h\u00e1 mais de 25 anos e trabalhando sempre para se tornar uma refer\u00eancia entre as fornecedoras...\" \/>\n<meta property=\"og:url\" content=\"https:\/\/www.artemadeiras.com.br\/blog\/assoalhos\/madeireira-zona-norte\/\" \/>\n<meta property=\"og:site_name\" content=\"Blog | Arte madeiras\" \/>\n<meta property=\"article:published_time\" content=\"2023-09-20T13:52:57+00:00\" \/>\n<meta property=\"article:modified_time\" content=\"2023-09-20T13:52:58+00:00\" \/>\n<meta property=\"og:image\" content=\"https:\/\/www.artemadeiras.com.br\/blog\/wp-content\/uploads\/2021\/06\/Madeiras-para-telhados-1.jpg\" \/>\n\t<meta property=\"og:image:width\" content=\"411\" \/>\n\t<meta property=\"og:image:height\" content=\"123\" \/>\n\t<meta property=\"og:image:type\" content=\"image\/jpeg\" \/>\n<meta name=\"author\" content=\"bloomin\" \/>\n<meta name=\"twitter:card\" content=\"summary_large_image\" \/>\n<meta name=\"twitter:label1\" content=\"Escrito por\" \/>\n\t<meta name=\"twitter:data1\" content=\"bloomin\" \/>\n\t<meta name=\"twitter:label2\" content=\"Est. tempo de leitura\" \/>\n\t<meta name=\"twitter:data2\" content=\"2 minutos\" \/>\n<script type=\"application\/ld+json\" class=\"yoast-schema-graph\">{\"@context\":\"https:\/\/schema.org\",\"@graph\":[{\"@type\":\"Article\",\"@id\":\"https:\/\/www.artemadeiras.com.br\/blog\/assoalhos\/madeireira-zona-norte\/#article\",\"isPartOf\":{\"@id\":\"https:\/\/www.artemadeiras.com.br\/blog\/assoalhos\/madeireira-zona-norte\/\"},\"author\":{\"name\":\"bloomin\",\"@id\":\"https:\/\/www.artemadeiras.com.br\/blog\/#\/schema\/person\/03c7826df62479a35ffcf10a5a652727\"},\"headline\":\"Madeireira na zona norte: conhe\u00e7a a Arte Madeiras\",\"datePublished\":\"2023-09-20T13:52:57+00:00\",\"dateModified\":\"2023-09-20T13:52:58+00:00\",\"mainEntityOfPage\":{\"@id\":\"https:\/\/www.artemadeiras.com.br\/blog\/assoalhos\/madeireira-zona-norte\/\"},\"wordCount\":430,\"commentCount\":0,\"publisher\":{\"@id\":\"https:\/\/www.artemadeiras.com.br\/blog\/#organization\"},\"image\":{\"@id\":\"https:\/\/www.artemadeiras.com.br\/blog\/assoalhos\/madeireira-zona-norte\/#primaryimage\"},\"thumbnailUrl\":\"https:\/\/www.artemadeiras.com.br\/blog\/wp-content\/uploads\/2021\/06\/Madeiras-para-telhados-1.jpg\",\"keywords\":[\"empresa de Madeireira\",\"Madeireira casa verde\",\"Madeireira direto da fabrica\",\"Madeireira em promo\u00e7\u00e3o\",\"Madeireira em s\u00e3o paulo\",\"Madeireira em sp\",\"Madeireira pre\u00e7o\",\"Madeireira zona norte\",\"onde encontrar Madeireira\"],\"articleSection\":[\"Assoalhos\"],\"inLanguage\":\"pt-BR\",\"potentialAction\":[{\"@type\":\"CommentAction\",\"name\":\"Comment\",\"target\":[\"https:\/\/www.artemadeiras.com.br\/blog\/assoalhos\/madeireira-zona-norte\/#respond\"]}]},{\"@type\":\"WebPage\",\"@id\":\"https:\/\/www.artemadeiras.com.br\/blog\/assoalhos\/madeireira-zona-norte\/\",\"url\":\"https:\/\/www.artemadeiras.com.br\/blog\/assoalhos\/madeireira-zona-norte\/\",\"name\":\"Madeireira na zona norte: conhe\u00e7a a Arte Madeiras - Blog | Arte madeiras\",\"isPartOf\":{\"@id\":\"https:\/\/www.artemadeiras.com.br\/blog\/#website\"},\"primaryImageOfPage\":{\"@id\":\"https:\/\/www.artemadeiras.com.br\/blog\/assoalhos\/madeireira-zona-norte\/#primaryimage\"},\"image\":{\"@id\":\"https:\/\/www.artemadeiras.com.br\/blog\/assoalhos\/madeireira-zona-norte\/#primaryimage\"},\"thumbnailUrl\":\"https:\/\/www.artemadeiras.com.br\/blog\/wp-content\/uploads\/2021\/06\/Madeiras-para-telhados-1.jpg\",\"datePublished\":\"2023-09-20T13:52:57+00:00\",\"dateModified\":\"2023-09-20T13:52:58+00:00\",\"breadcrumb\":{\"@id\":\"https:\/\/www.artemadeiras.com.br\/blog\/assoalhos\/madeireira-zona-norte\/#breadcrumb\"},\"inLanguage\":\"pt-BR\",\"potentialAction\":[{\"@type\":\"ReadAction\",\"target\":[\"https:\/\/www.artemadeiras.com.br\/blog\/assoalhos\/madeireira-zona-norte\/\"]}]},{\"@type\":\"ImageObject\",\"inLanguage\":\"pt-BR\",\"@id\":\"https:\/\/www.artemadeiras.com.br\/blog\/assoalhos\/madeireira-zona-norte\/#primaryimage\",\"url\":\"https:\/\/www.artemadeiras.com.br\/blog\/wp-content\/uploads\/2021\/06\/Madeiras-para-telhados-1.jpg\",\"contentUrl\":\"https:\/\/www.artemadeiras.com.br\/blog\/wp-content\/uploads\/2021\/06\/Madeiras-para-telhados-1.jpg\",\"width\":411,\"height\":123,\"caption\":\"Telhados de Madeira\"},{\"@type\":\"BreadcrumbList\",\"@id\":\"https:\/\/www.artemadeiras.com.br\/blog\/assoalhos\/madeireira-zona-norte\/#breadcrumb\",\"itemListElement\":[{\"@type\":\"ListItem\",\"position\":1,\"name\":\"In\u00edcio\",\"item\":\"https:\/\/www.artemadeiras.com.br\/blog\/\"},{\"@type\":\"ListItem\",\"position\":2,\"name\":\"Madeireira na zona norte: conhe\u00e7a a Arte Madeiras\"}]},{\"@type\":\"WebSite\",\"@id\":\"https:\/\/www.artemadeiras.com.br\/blog\/#website\",\"url\":\"https:\/\/www.artemadeiras.com.br\/blog\/\",\"name\":\"Blog | Arte madeiras\",\"description\":\"Dicas e Novidades sobre Madeiras\",\"publisher\":{\"@id\":\"https:\/\/www.artemadeiras.com.br\/blog\/#organization\"},\"potentialAction\":[{\"@type\":\"SearchAction\",\"target\":{\"@type\":\"EntryPoint\",\"urlTemplate\":\"https:\/\/www.artemadeiras.com.br\/blog\/?s={search_term_string}\"},\"query-input\":{\"@type\":\"PropertyValueSpecification\",\"valueRequired\":true,\"valueName\":\"search_term_string\"}}],\"inLanguage\":\"pt-BR\"},{\"@type\":\"Organization\",\"@id\":\"https:\/\/www.artemadeiras.com.br\/blog\/#organization\",\"name\":\"Blog | Arte madeiras\",\"url\":\"https:\/\/www.artemadeiras.com.br\/blog\/\",\"logo\":{\"@type\":\"ImageObject\",\"inLanguage\":\"pt-BR\",\"@id\":\"https:\/\/www.artemadeiras.com.br\/blog\/#\/schema\/logo\/image\/\",\"url\":\"https:\/\/www.artemadeiras.com.br\/blog\/wp-content\/uploads\/2021\/01\/logo-arte-madeiras.png\",\"contentUrl\":\"https:\/\/www.artemadeiras.com.br\/blog\/wp-content\/uploads\/2021\/01\/logo-arte-madeiras.png\",\"width\":255,\"height\":110,\"caption\":\"Blog | Arte madeiras\"},\"image\":{\"@id\":\"https:\/\/www.artemadeiras.com.br\/blog\/#\/schema\/logo\/image\/\"}},{\"@type\":\"Person\",\"@id\":\"https:\/\/www.artemadeiras.com.br\/blog\/#\/schema\/person\/03c7826df62479a35ffcf10a5a652727\",\"name\":\"bloomin\",\"image\":{\"@type\":\"ImageObject\",\"inLanguage\":\"pt-BR\",\"@id\":\"https:\/\/www.artemadeiras.com.br\/blog\/#\/schema\/person\/image\/\",\"url\":\"https:\/\/secure.gravatar.com\/avatar\/161a7ea08f1b8bd365e1697a2453e6c719201075da8bdf298a1c2fc5455ba35d?s=96&d=mm&r=g\",\"contentUrl\":\"https:\/\/secure.gravatar.com\/avatar\/161a7ea08f1b8bd365e1697a2453e6c719201075da8bdf298a1c2fc5455ba35d?s=96&d=mm&r=g\",\"caption\":\"bloomin\"},\"sameAs\":[\"https:\/\/www.artemadeiras.com.br\/blog\"],\"url\":\"https:\/\/www.artemadeiras.com.br\/blog\/author\/bloomin\/\"}]}<\/script>\n<!-- \/ Yoast SEO plugin. -->","yoast_head_json":{"title":"Madeireira na zona norte: conhe\u00e7a a Arte Madeiras - Blog | Arte madeiras","robots":{"index":"index","follow":"follow","max-snippet":"max-snippet:-1","max-image-preview":"max-image-preview:large","max-video-preview":"max-video-preview:-1"},"canonical":"https:\/\/www.artemadeiras.com.br\/blog\/assoalhos\/madeireira-zona-norte\/","og_locale":"pt_BR","og_type":"article","og_title":"Madeireira na zona norte: conhe\u00e7a a Arte Madeiras - Blog | Arte madeiras","og_description":"Tempo de leitura 2 minutos Se voc\u00ea procura por uma madeireira na zona norte da cidade de S\u00e3o Paulo, a Arte Madeiras \u00e9 a solu\u00e7\u00e3o perfeita para voc\u00ea! Fundada h\u00e1 mais de 25 anos e trabalhando sempre para se tornar uma refer\u00eancia entre as fornecedoras...","og_url":"https:\/\/www.artemadeiras.com.br\/blog\/assoalhos\/madeireira-zona-norte\/","og_site_name":"Blog | Arte madeiras","article_published_time":"2023-09-20T13:52:57+00:00","article_modified_time":"2023-09-20T13:52:58+00:00","og_image":[{"width":411,"height":123,"url":"https:\/\/www.artemadeiras.com.br\/blog\/wp-content\/uploads\/2021\/06\/Madeiras-para-telhados-1.jpg","type":"image\/jpeg"}],"author":"bloomin","twitter_card":"summary_large_image","twitter_misc":{"Escrito por":"bloomin","Est. tempo de leitura":"2 minutos"},"schema":{"@context":"https:\/\/schema.org","@graph":[{"@type":"Article","@id":"https:\/\/www.artemadeiras.com.br\/blog\/assoalhos\/madeireira-zona-norte\/#article","isPartOf":{"@id":"https:\/\/www.artemadeiras.com.br\/blog\/assoalhos\/madeireira-zona-norte\/"},"author":{"name":"bloomin","@id":"https:\/\/www.artemadeiras.com.br\/blog\/#\/schema\/person\/03c7826df62479a35ffcf10a5a652727"},"headline":"Madeireira na zona norte: conhe\u00e7a a Arte Madeiras","datePublished":"2023-09-20T13:52:57+00:00","dateModified":"2023-09-20T13:52:58+00:00","mainEntityOfPage":{"@id":"https:\/\/www.artemadeiras.com.br\/blog\/assoalhos\/madeireira-zona-norte\/"},"wordCount":430,"commentCount":0,"publisher":{"@id":"https:\/\/www.artemadeiras.com.br\/blog\/#organization"},"image":{"@id":"https:\/\/www.artemadeiras.com.br\/blog\/assoalhos\/madeireira-zona-norte\/#primaryimage"},"thumbnailUrl":"https:\/\/www.artemadeiras.com.br\/blog\/wp-content\/uploads\/2021\/06\/Madeiras-para-telhados-1.jpg","keywords":["empresa de Madeireira","Madeireira casa verde","Madeireira direto da fabrica","Madeireira em promo\u00e7\u00e3o","Madeireira em s\u00e3o paulo","Madeireira em sp","Madeireira pre\u00e7o","Madeireira zona norte","onde encontrar Madeireira"],"articleSection":["Assoalhos"],"inLanguage":"pt-BR","potentialAction":[{"@type":"CommentAction","name":"Comment","target":["https:\/\/www.artemadeiras.com.br\/blog\/assoalhos\/madeireira-zona-norte\/#respond"]}]},{"@type":"WebPage","@id":"https:\/\/www.artemadeiras.com.br\/blog\/assoalhos\/madeireira-zona-norte\/","url":"https:\/\/www.artemadeiras.com.br\/blog\/assoalhos\/madeireira-zona-norte\/","name":"Madeireira na zona norte: conhe\u00e7a a Arte Madeiras - Blog | Arte madeiras","isPartOf":{"@id":"https:\/\/www.artemadeiras.com.br\/blog\/#website"},"primaryImageOfPage":{"@id":"https:\/\/www.artemadeiras.com.br\/blog\/assoalhos\/madeireira-zona-norte\/#primaryimage"},"image":{"@id":"https:\/\/www.artemadeiras.com.br\/blog\/assoalhos\/madeireira-zona-norte\/#primaryimage"},"thumbnailUrl":"https:\/\/www.artemadeiras.com.br\/blog\/wp-content\/uploads\/2021\/06\/Madeiras-para-telhados-1.jpg","datePublished":"2023-09-20T13:52:57+00:00","dateModified":"2023-09-20T13:52:58+00:00","breadcrumb":{"@id":"https:\/\/www.artemadeiras.com.br\/blog\/assoalhos\/madeireira-zona-norte\/#breadcrumb"},"inLanguage":"pt-BR","potentialAction":[{"@type":"ReadAction","target":["https:\/\/www.artemadeiras.com.br\/blog\/assoalhos\/madeireira-zona-norte\/"]}]},{"@type":"ImageObject","inLanguage":"pt-BR","@id":"https:\/\/www.artemadeiras.com.br\/blog\/assoalhos\/madeireira-zona-norte\/#primaryimage","url":"https:\/\/www.artemadeiras.com.br\/blog\/wp-content\/uploads\/2021\/06\/Madeiras-para-telhados-1.jpg","contentUrl":"https:\/\/www.artemadeiras.com.br\/blog\/wp-content\/uploads\/2021\/06\/Madeiras-para-telhados-1.jpg","width":411,"height":123,"caption":"Telhados de Madeira"},{"@type":"BreadcrumbList","@id":"https:\/\/www.artemadeiras.com.br\/blog\/assoalhos\/madeireira-zona-norte\/#breadcrumb","itemListElement":[{"@type":"ListItem","position":1,"name":"In\u00edcio","item":"https:\/\/www.artemadeiras.com.br\/blog\/"},{"@type":"ListItem","position":2,"name":"Madeireira na zona norte: conhe\u00e7a a Arte Madeiras"}]},{"@type":"WebSite","@id":"https:\/\/www.artemadeiras.com.br\/blog\/#website","url":"https:\/\/www.artemadeiras.com.br\/blog\/","name":"Blog | Arte madeiras","description":"Dicas e Novidades sobre Madeiras","publisher":{"@id":"https:\/\/www.artemadeiras.com.br\/blog\/#organization"},"potentialAction":[{"@type":"SearchAction","target":{"@type":"EntryPoint","urlTemplate":"https:\/\/www.artemadeiras.com.br\/blog\/?s={search_term_string}"},"query-input":{"@type":"PropertyValueSpecification","valueRequired":true,"valueName":"search_term_string"}}],"inLanguage":"pt-BR"},{"@type":"Organization","@id":"https:\/\/www.artemadeiras.com.br\/blog\/#organization","name":"Blog | Arte madeiras","url":"https:\/\/www.artemadeiras.com.br\/blog\/","logo":{"@type":"ImageObject","inLanguage":"pt-BR","@id":"https:\/\/www.artemadeiras.com.br\/blog\/#\/schema\/logo\/image\/","url":"https:\/\/www.artemadeiras.com.br\/blog\/wp-content\/uploads\/2021\/01\/logo-arte-madeiras.png","contentUrl":"https:\/\/www.artemadeiras.com.br\/blog\/wp-content\/uploads\/2021\/01\/logo-arte-madeiras.png","width":255,"height":110,"caption":"Blog | Arte madeiras"},"image":{"@id":"https:\/\/www.artemadeiras.com.br\/blog\/#\/schema\/logo\/image\/"}},{"@type":"Person","@id":"https:\/\/www.artemadeiras.com.br\/blog\/#\/schema\/person\/03c7826df62479a35ffcf10a5a652727","name":"bloomin","image":{"@type":"ImageObject","inLanguage":"pt-BR","@id":"https:\/\/www.artemadeiras.com.br\/blog\/#\/schema\/person\/image\/","url":"https:\/\/secure.gravatar.com\/avatar\/161a7ea08f1b8bd365e1697a2453e6c719201075da8bdf298a1c2fc5455ba35d?s=96&d=mm&r=g","contentUrl":"https:\/\/secure.gravatar.com\/avatar\/161a7ea08f1b8bd365e1697a2453e6c719201075da8bdf298a1c2fc5455ba35d?s=96&d=mm&r=g","caption":"bloomin"},"sameAs":["https:\/\/www.artemadeiras.com.br\/blog"],"url":"https:\/\/www.artemadeiras.com.br\/blog\/author\/bloomin\/"}]}},"_links":{"self":[{"href":"https:\/\/www.artemadeiras.com.br\/blog\/wp-json\/wp\/v2\/posts\/77","targetHints":{"allow":["GET"]}}],"collection":[{"href":"https:\/\/www.artemadeiras.com.br\/blog\/wp-json\/wp\/v2\/posts"}],"about":[{"href":"https:\/\/www.artemadeiras.com.br\/blog\/wp-json\/wp\/v2\/types\/post"}],"author":[{"embeddable":true,"href":"https:\/\/www.artemadeiras.com.br\/blog\/wp-json\/wp\/v2\/users\/1"}],"replies":[{"embeddable":true,"href":"https:\/\/www.artemadeiras.com.br\/blog\/wp-json\/wp\/v2\/comments?post=77"}],"version-history":[{"count":2,"href":"https:\/\/www.artemadeiras.com.br\/blog\/wp-json\/wp\/v2\/posts\/77\/revisions"}],"predecessor-version":[{"id":100,"href":"https:\/\/www.artemadeiras.com.br\/blog\/wp-json\/wp\/v2\/posts\/77\/revisions\/100"}],"wp:featuredmedia":[{"embeddable":true,"href":"https:\/\/www.artemadeiras.com.br\/blog\/wp-json\/wp\/v2\/media\/40"}],"wp:attachment":[{"href":"https:\/\/www.artemadeiras.com.br\/blog\/wp-json\/wp\/v2\/media?parent=77"}],"wp:term":[{"taxonomy":"category","embeddable":true,"href":"https:\/\/www.artemadeiras.com.br\/blog\/wp-json\/wp\/v2\/categories?post=77"},{"taxonomy":"post_tag","embeddable":true,"href":"https:\/\/www.artemadeiras.com.br\/blog\/wp-json\/wp\/v2\/tags?post=77"}],"curies":[{"name":"wp","href":"https:\/\/api.w.org\/{rel}","templated":true}]}}