{"id":75,"date":"2023-10-09T17:48:57","date_gmt":"2023-10-09T20:48:57","guid":{"rendered":"https:\/\/www.artemadeiras.com.br\/blog\/?p=75"},"modified":"2023-10-09T17:48:57","modified_gmt":"2023-10-09T20:48:57","slug":"madeiras-para-telhados-na-zona-norte","status":"publish","type":"post","link":"https:\/\/www.artemadeiras.com.br\/blog\/forros\/madeiras-para-telhados-na-zona-norte\/","title":{"rendered":"Madeiras para telhados na zona norte"},"content":{"rendered":"<span class=\"rt-reading-time\" style=\"display: block;\"><span class=\"rt-label rt-prefix\">Tempo de leitura<\/span> <span class=\"rt-time\">2<\/span> <span class=\"rt-label rt-postfix\">minutos<\/span><\/span>\n<p>Escolher as <strong>madeiras para telhados na zona norte <\/strong>\u00e9 t\u00e3o importante quanto escolher os materiais que formam o alicerce da sua casa, afinal estamos falando do teto sobre a sua cabe\u00e7a e de sua fam\u00edlia.<\/p>\n\n\n\n<p>Na Arte Madeiras voc\u00ea encontra os mais diversos produtos necess\u00e1rios para constru\u00e7\u00e3o civil, entre eles est\u00e3o as <strong>madeiras para telhados<\/strong> de maior qualidade.<\/p>\n\n\n\n<div id=\"ez-toc-container\" class=\"ez-toc-v2_0_66_1 counter-hierarchy ez-toc-counter ez-toc-grey ez-toc-container-direction\">\n<div class=\"ez-toc-title-container\">\n<p class=\"ez-toc-title \" >T&oacute;picos do artigo<\/p>\n<span class=\"ez-toc-title-toggle\"><a href=\"#\" class=\"ez-toc-pull-right ez-toc-btn ez-toc-btn-xs ez-toc-btn-default ez-toc-toggle\" aria-label=\"Toggle Table of Content\"><span class=\"ez-toc-js-icon-con\"><span class=\"\"><span class=\"eztoc-hide\" style=\"display:none;\">Toggle<\/span><span class=\"ez-toc-icon-toggle-span\"><svg style=\"fill: #999;color:#999\" xmlns=\"http:\/\/www.w3.org\/2000\/svg\" class=\"list-377408\" width=\"20px\" height=\"20px\" viewBox=\"0 0 24 24\" fill=\"none\"><path d=\"M6 6H4v2h2V6zm14 0H8v2h12V6zM4 11h2v2H4v-2zm16 0H8v2h12v-2zM4 16h2v2H4v-2zm16 0H8v2h12v-2z\" fill=\"currentColor\"><\/path><\/svg><svg style=\"fill: #999;color:#999\" class=\"arrow-unsorted-368013\" xmlns=\"http:\/\/www.w3.org\/2000\/svg\" width=\"10px\" height=\"10px\" viewBox=\"0 0 24 24\" version=\"1.2\" baseProfile=\"tiny\"><path d=\"M18.2 9.3l-6.2-6.3-6.2 6.3c-.2.2-.3.4-.3.7s.1.5.3.7c.2.2.4.3.7.3h11c.3 0 .5-.1.7-.3.2-.2.3-.5.3-.7s-.1-.5-.3-.7zM5.8 14.7l6.2 6.3 6.2-6.3c.2-.2.3-.5.3-.7s-.1-.5-.3-.7c-.2-.2-.4-.3-.7-.3h-11c-.3 0-.5.1-.7.3-.2.2-.3.5-.3.7s.1.5.3.7z\"\/><\/svg><\/span><\/span><\/span><\/a><\/span><\/div>\n<nav><ul class='ez-toc-list ez-toc-list-level-1 ' ><li class='ez-toc-page-1 ez-toc-heading-level-2'><a class=\"ez-toc-link ez-toc-heading-1\" href=\"https:\/\/www.artemadeiras.com.br\/blog\/forros\/madeiras-para-telhados-na-zona-norte\/#Como_funciona_a_estrutura_do_telhado_de_madeira\" title=\"Como funciona a estrutura do telhado de madeira?\">Como funciona a estrutura do telhado de madeira?<\/a><\/li><li class='ez-toc-page-1 ez-toc-heading-level-2'><a class=\"ez-toc-link ez-toc-heading-2\" href=\"https:\/\/www.artemadeiras.com.br\/blog\/forros\/madeiras-para-telhados-na-zona-norte\/#Atencao_no_telhado\" title=\"Aten\u00e7\u00e3o no telhado!\">Aten\u00e7\u00e3o no telhado!<\/a><ul class='ez-toc-list-level-3' ><li class='ez-toc-heading-level-3'><a class=\"ez-toc-link ez-toc-heading-3\" href=\"https:\/\/www.artemadeiras.com.br\/blog\/forros\/madeiras-para-telhados-na-zona-norte\/#Quais_sao_as_madeiras_utilizadas_nos_telhados\" title=\"Quais s\u00e3o as madeiras utilizadas nos telhados?\">Quais s\u00e3o as madeiras utilizadas nos telhados?<\/a><ul class='ez-toc-list-level-4' ><li class='ez-toc-heading-level-4'><a class=\"ez-toc-link ez-toc-heading-4\" href=\"https:\/\/www.artemadeiras.com.br\/blog\/forros\/madeiras-para-telhados-na-zona-norte\/#Quais_madeiras_para_telhados_na_zona_norte_possuem_o_melhor_preco\" title=\"Quais madeiras para telhados na zona norte possuem o melhor pre\u00e7o?\">Quais madeiras para telhados na zona norte possuem o melhor pre\u00e7o?<\/a><\/li><\/ul><\/li><\/ul><\/li><\/ul><\/nav><\/div>\n<h2 class=\"wp-block-heading\"><span class=\"ez-toc-section\" id=\"Como_funciona_a_estrutura_do_telhado_de_madeira\"><\/span>Como funciona a estrutura do telhado de madeira?<span class=\"ez-toc-section-end\"><\/span><\/h2>\n\n\n<div class=\"wp-block-image\">\n<figure class=\"aligncenter size-full\"><img loading=\"lazy\" decoding=\"async\" width=\"411\" height=\"123\" src=\"https:\/\/www.artemadeiras.com.br\/blog\/wp-content\/uploads\/2021\/06\/Madeiras-para-telhados-1.jpg\" alt=\"Madeiras para telhados na zona norte\" class=\"wp-image-40\" srcset=\"https:\/\/www.artemadeiras.com.br\/blog\/wp-content\/uploads\/2021\/06\/Madeiras-para-telhados-1.jpg 411w, https:\/\/www.artemadeiras.com.br\/blog\/wp-content\/uploads\/2021\/06\/Madeiras-para-telhados-1-300x90.jpg 300w\" sizes=\"auto, (max-width: 411px) 100vw, 411px\" \/><\/figure>\n<\/div>\n\n\n<p>O principal elemento do telhado de madeira \u00e9 chamado de tesoura, ela jamais poder\u00e1 faltar entre as <strong>madeiras para telhados<\/strong> na zona norte, a tesoura ainda possui os seguintes componentes: cal\u00e7o, diagonal e linha.&nbsp;<\/p>\n\n\n\n<p>A parte inferior do telhado ainda conta com as seguintes <strong>madeiras para telhados<\/strong> na zona norte: ter\u00e7as, caibros e ripas, cada uma delas exercendo fun\u00e7\u00e3o fundamental para que o telhado se mantenha firme.<\/p>\n\n\n\n<p>J\u00e1 na parte superior conhecemos a cumeeira, o espig\u00e3o, o rinc\u00e3o, o beiral e a testeira que completam o conjunto de <strong>madeiras para telhados<\/strong> que s\u00e3o utilizadas.<\/p>\n\n\n\n<h2 class=\"wp-block-heading\"><span class=\"ez-toc-section\" id=\"Atencao_no_telhado\"><\/span>Aten\u00e7\u00e3o no telhado!<span class=\"ez-toc-section-end\"><\/span><\/h2>\n\n\n\n<p>As <strong>madeiras para telhados<\/strong>&nbsp; precisam manter um n\u00edvel de inclina\u00e7\u00e3o, que geralmente \u00e9 de 30\u00ba, seguir as orienta\u00e7\u00f5es de um profissional preparado sobre as orienta\u00e7\u00f5es de inclina\u00e7\u00e3o \u00e9 de extrema import\u00e2ncia para que haja um refugo de \u00e1gua durante as chuvas, se as inclina\u00e7\u00f5es forem menores do que o que \u00e9 requerido a \u00e1gua cair\u00e1 de forma mais pesada prejudicando a qualidade das telhas e das estruturas das <strong>madeiras para telhados<\/strong>.&nbsp;<\/p>\n\n\n\n<h3 class=\"wp-block-heading\"><span class=\"ez-toc-section\" id=\"Quais_sao_as_madeiras_utilizadas_nos_telhados\"><\/span>Quais s\u00e3o as madeiras utilizadas nos telhados?<span class=\"ez-toc-section-end\"><\/span><\/h3>\n\n\n\n<p>As escolhas das <strong>madeiras para telhados<\/strong> na zona norte s\u00e3o feitas baseadas na for\u00e7a e resist\u00eancia de cada madeira, isso faz com&nbsp; que madeiras mais nobres sejam as mais usadas.<\/p>\n\n\n\n<p>As <strong>madeiras para telhados<\/strong> mais utilizadas s\u00e3o as que vem da Peroba Rosa, tamb\u00e9m podem ser usadas as madeiras de Jatob\u00e1, Cedrinho, Mogno Africano, Faveira, Garapeira, Cambar\u00e1, Angelim Vermelho, Cupiub\u00e1, entre outras.&nbsp;<\/p>\n\n\n\n<h4 class=\"wp-block-heading\"><span class=\"ez-toc-section\" id=\"Quais_madeiras_para_telhados_na_zona_norte_possuem_o_melhor_preco\"><\/span>Quais <strong>madeiras para telhados<\/strong> na zona norte possuem o melhor pre\u00e7o?<span class=\"ez-toc-section-end\"><\/span><\/h4>\n\n\n\n<p>O pre\u00e7o n\u00e3o \u00e9 desculpa para n\u00e3o ir atr\u00e1s das <strong>madeiras para telhados<\/strong>, existem dois tipos que est\u00e3o dispon\u00edveis e a pre\u00e7os mais populares, s\u00e3o estas: Paraj\u00fa e Ma\u00e7aranduba.<\/p>\n\n\n<div class=\"wp-block-image\">\n<figure class=\"aligncenter size-full\"><img loading=\"lazy\" decoding=\"async\" width=\"255\" height=\"110\" src=\"https:\/\/www.artemadeiras.com.br\/blog\/wp-content\/uploads\/2021\/01\/logo-arte-madeiras.png\" alt=\"Madeiras para telhados na zona norte\" class=\"wp-image-11\"\/><\/figure>\n<\/div>\n\n\n<p>Lembre-se que o pre\u00e7o das <strong>madeiras para telhados<\/strong>&nbsp; n\u00e3o devem ser as \u00fanicas coisas observadas, a log\u00edstica para entrega tamb\u00e9m \u00e9 muito importante e madeiras como Pinus e Eucalipto possuem menor resist\u00eancia, portanto devem ser evitadas.&nbsp;<\/p>\n\n\n\n<p>Para mais <\/p>\n","protected":false},"excerpt":{"rendered":"<p><span class=\"rt-reading-time\" style=\"display: block;\"><span class=\"rt-label rt-prefix\">Tempo de leitura<\/span> <span class=\"rt-time\">2<\/span> <span class=\"rt-label rt-postfix\">minutos<\/span><\/span> Escolher as madeiras para telhados na zona norte \u00e9 t\u00e3o importante quanto escolher os materiais que formam o alicerce da sua casa, afinal estamos falando do teto sobre a sua cabe\u00e7a e de sua fam\u00edlia. Na Arte Madeiras voc\u00ea encontra&#8230;<\/p>\n","protected":false},"author":1,"featured_media":35,"comment_status":"open","ping_status":"open","sticky":false,"template":"","format":"standard","meta":{"footnotes":""},"categories":[15],"tags":[66,69,70,65,67,71,68,73,76,79,78,74,31,75,77,72],"class_list":["post-75","post","type-post","status-publish","format-standard","has-post-thumbnail","hentry","category-forros","tag-comprar-madeiras-para-telhados","tag-distribuidor-de-madeiras-para-telhados","tag-distribuidora-de-madeiras-para-telhados","tag-empresa-de-madeiras-para-telhados","tag-fabrica-de-madeiras-para-telhados","tag-fabricante-de-madeiras-para-telhados","tag-fornecedor-de-madeiras-para-telhados","tag-loja-de-madeiras-para-telhados","tag-madeiras-para-telhados-casa-verde","tag-madeiras-para-telhados-direto-da-fabrica","tag-madeiras-para-telhados-em-promocao","tag-madeiras-para-telhados-em-sao-paulo","tag-madeiras-para-telhados-em-sp","tag-madeiras-para-telhados-preco","tag-madeiras-para-telhados-zona-norte","tag-revendedor-de-madeiras-para-telhados"],"yoast_head":"<!-- This site is optimized with the Yoast SEO plugin v23.6 - https:\/\/yoast.com\/wordpress\/plugins\/seo\/ -->\n<title>Madeiras para telhados na zona norte - Blog | Arte madeiras<\/title>\n<meta name=\"robots\" content=\"index, follow, max-snippet:-1, max-image-preview:large, max-video-preview:-1\" \/>\n<link rel=\"canonical\" href=\"https:\/\/www.artemadeiras.com.br\/blog\/forros\/madeiras-para-telhados-na-zona-norte\/\" \/>\n<meta property=\"og:locale\" content=\"pt_BR\" \/>\n<meta property=\"og:type\" content=\"article\" \/>\n<meta property=\"og:title\" content=\"Madeiras para telhados na zona norte - Blog | Arte madeiras\" \/>\n<meta property=\"og:description\" content=\"Tempo de leitura 2 minutos Escolher as madeiras para telhados na zona norte \u00e9 t\u00e3o importante quanto escolher os materiais que formam o alicerce da sua casa, afinal estamos falando do teto sobre a sua cabe\u00e7a e de sua fam\u00edlia. Na Arte Madeiras voc\u00ea encontra...\" \/>\n<meta property=\"og:url\" content=\"https:\/\/www.artemadeiras.com.br\/blog\/forros\/madeiras-para-telhados-na-zona-norte\/\" \/>\n<meta property=\"og:site_name\" content=\"Blog | Arte madeiras\" \/>\n<meta property=\"article:published_time\" content=\"2023-10-09T20:48:57+00:00\" \/>\n<meta property=\"og:image\" content=\"https:\/\/www.artemadeiras.com.br\/blog\/wp-content\/uploads\/2021\/04\/forros-de-madeira.jpg\" \/>\n\t<meta property=\"og:image:width\" content=\"880\" \/>\n\t<meta property=\"og:image:height\" content=\"660\" \/>\n\t<meta property=\"og:image:type\" content=\"image\/jpeg\" \/>\n<meta name=\"author\" content=\"bloomin\" \/>\n<meta name=\"twitter:card\" content=\"summary_large_image\" \/>\n<meta name=\"twitter:label1\" content=\"Escrito por\" \/>\n\t<meta name=\"twitter:data1\" content=\"bloomin\" \/>\n\t<meta name=\"twitter:label2\" content=\"Est. tempo de leitura\" \/>\n\t<meta name=\"twitter:data2\" content=\"2 minutos\" \/>\n<script type=\"application\/ld+json\" class=\"yoast-schema-graph\">{\"@context\":\"https:\/\/schema.org\",\"@graph\":[{\"@type\":\"Article\",\"@id\":\"https:\/\/www.artemadeiras.com.br\/blog\/forros\/madeiras-para-telhados-na-zona-norte\/#article\",\"isPartOf\":{\"@id\":\"https:\/\/www.artemadeiras.com.br\/blog\/forros\/madeiras-para-telhados-na-zona-norte\/\"},\"author\":{\"name\":\"bloomin\",\"@id\":\"https:\/\/www.artemadeiras.com.br\/blog\/#\/schema\/person\/03c7826df62479a35ffcf10a5a652727\"},\"headline\":\"Madeiras para telhados na zona norte\",\"datePublished\":\"2023-10-09T20:48:57+00:00\",\"dateModified\":\"2023-10-09T20:48:57+00:00\",\"mainEntityOfPage\":{\"@id\":\"https:\/\/www.artemadeiras.com.br\/blog\/forros\/madeiras-para-telhados-na-zona-norte\/\"},\"wordCount\":427,\"commentCount\":0,\"publisher\":{\"@id\":\"https:\/\/www.artemadeiras.com.br\/blog\/#organization\"},\"image\":{\"@id\":\"https:\/\/www.artemadeiras.com.br\/blog\/forros\/madeiras-para-telhados-na-zona-norte\/#primaryimage\"},\"thumbnailUrl\":\"https:\/\/www.artemadeiras.com.br\/blog\/wp-content\/uploads\/2021\/04\/forros-de-madeira.jpg\",\"keywords\":[\"comprar Madeiras para telhados\",\"distribuidor de Madeiras para telhados\",\"distribuidora de Madeiras para telhados\",\"empresa de Madeiras para telhados\",\"f\u00e1brica de Madeiras para telhados\",\"fabricante de Madeiras para telhados\",\"fornecedor de Madeiras para telhados\",\"loja de Madeiras para telhados\",\"Madeiras para telhados Casa Verde\",\"Madeiras para telhados direto da fabrica\",\"Madeiras para telhados em promo\u00e7\u00e3o\",\"Madeiras para telhados em s\u00e3o paulo\",\"Madeiras para telhados em SP\",\"Madeiras para telhados pre\u00e7o\",\"Madeiras para telhados zona norte\",\"revendedor de Madeiras para telhados\"],\"articleSection\":[\"Forros\"],\"inLanguage\":\"pt-BR\",\"potentialAction\":[{\"@type\":\"CommentAction\",\"name\":\"Comment\",\"target\":[\"https:\/\/www.artemadeiras.com.br\/blog\/forros\/madeiras-para-telhados-na-zona-norte\/#respond\"]}]},{\"@type\":\"WebPage\",\"@id\":\"https:\/\/www.artemadeiras.com.br\/blog\/forros\/madeiras-para-telhados-na-zona-norte\/\",\"url\":\"https:\/\/www.artemadeiras.com.br\/blog\/forros\/madeiras-para-telhados-na-zona-norte\/\",\"name\":\"Madeiras para telhados na zona norte - Blog | Arte madeiras\",\"isPartOf\":{\"@id\":\"https:\/\/www.artemadeiras.com.br\/blog\/#website\"},\"primaryImageOfPage\":{\"@id\":\"https:\/\/www.artemadeiras.com.br\/blog\/forros\/madeiras-para-telhados-na-zona-norte\/#primaryimage\"},\"image\":{\"@id\":\"https:\/\/www.artemadeiras.com.br\/blog\/forros\/madeiras-para-telhados-na-zona-norte\/#primaryimage\"},\"thumbnailUrl\":\"https:\/\/www.artemadeiras.com.br\/blog\/wp-content\/uploads\/2021\/04\/forros-de-madeira.jpg\",\"datePublished\":\"2023-10-09T20:48:57+00:00\",\"dateModified\":\"2023-10-09T20:48:57+00:00\",\"breadcrumb\":{\"@id\":\"https:\/\/www.artemadeiras.com.br\/blog\/forros\/madeiras-para-telhados-na-zona-norte\/#breadcrumb\"},\"inLanguage\":\"pt-BR\",\"potentialAction\":[{\"@type\":\"ReadAction\",\"target\":[\"https:\/\/www.artemadeiras.com.br\/blog\/forros\/madeiras-para-telhados-na-zona-norte\/\"]}]},{\"@type\":\"ImageObject\",\"inLanguage\":\"pt-BR\",\"@id\":\"https:\/\/www.artemadeiras.com.br\/blog\/forros\/madeiras-para-telhados-na-zona-norte\/#primaryimage\",\"url\":\"https:\/\/www.artemadeiras.com.br\/blog\/wp-content\/uploads\/2021\/04\/forros-de-madeira.jpg\",\"contentUrl\":\"https:\/\/www.artemadeiras.com.br\/blog\/wp-content\/uploads\/2021\/04\/forros-de-madeira.jpg\",\"width\":880,\"height\":660,\"caption\":\"Telhados de Madeira\"},{\"@type\":\"BreadcrumbList\",\"@id\":\"https:\/\/www.artemadeiras.com.br\/blog\/forros\/madeiras-para-telhados-na-zona-norte\/#breadcrumb\",\"itemListElement\":[{\"@type\":\"ListItem\",\"position\":1,\"name\":\"In\u00edcio\",\"item\":\"https:\/\/www.artemadeiras.com.br\/blog\/\"},{\"@type\":\"ListItem\",\"position\":2,\"name\":\"Madeiras para telhados na zona norte\"}]},{\"@type\":\"WebSite\",\"@id\":\"https:\/\/www.artemadeiras.com.br\/blog\/#website\",\"url\":\"https:\/\/www.artemadeiras.com.br\/blog\/\",\"name\":\"Blog | Arte madeiras\",\"description\":\"Dicas e Novidades sobre Madeiras\",\"publisher\":{\"@id\":\"https:\/\/www.artemadeiras.com.br\/blog\/#organization\"},\"potentialAction\":[{\"@type\":\"SearchAction\",\"target\":{\"@type\":\"EntryPoint\",\"urlTemplate\":\"https:\/\/www.artemadeiras.com.br\/blog\/?s={search_term_string}\"},\"query-input\":{\"@type\":\"PropertyValueSpecification\",\"valueRequired\":true,\"valueName\":\"search_term_string\"}}],\"inLanguage\":\"pt-BR\"},{\"@type\":\"Organization\",\"@id\":\"https:\/\/www.artemadeiras.com.br\/blog\/#organization\",\"name\":\"Blog | Arte madeiras\",\"url\":\"https:\/\/www.artemadeiras.com.br\/blog\/\",\"logo\":{\"@type\":\"ImageObject\",\"inLanguage\":\"pt-BR\",\"@id\":\"https:\/\/www.artemadeiras.com.br\/blog\/#\/schema\/logo\/image\/\",\"url\":\"https:\/\/www.artemadeiras.com.br\/blog\/wp-content\/uploads\/2021\/01\/logo-arte-madeiras.png\",\"contentUrl\":\"https:\/\/www.artemadeiras.com.br\/blog\/wp-content\/uploads\/2021\/01\/logo-arte-madeiras.png\",\"width\":255,\"height\":110,\"caption\":\"Blog | Arte madeiras\"},\"image\":{\"@id\":\"https:\/\/www.artemadeiras.com.br\/blog\/#\/schema\/logo\/image\/\"}},{\"@type\":\"Person\",\"@id\":\"https:\/\/www.artemadeiras.com.br\/blog\/#\/schema\/person\/03c7826df62479a35ffcf10a5a652727\",\"name\":\"bloomin\",\"image\":{\"@type\":\"ImageObject\",\"inLanguage\":\"pt-BR\",\"@id\":\"https:\/\/www.artemadeiras.com.br\/blog\/#\/schema\/person\/image\/\",\"url\":\"https:\/\/secure.gravatar.com\/avatar\/161a7ea08f1b8bd365e1697a2453e6c719201075da8bdf298a1c2fc5455ba35d?s=96&d=mm&r=g\",\"contentUrl\":\"https:\/\/secure.gravatar.com\/avatar\/161a7ea08f1b8bd365e1697a2453e6c719201075da8bdf298a1c2fc5455ba35d?s=96&d=mm&r=g\",\"caption\":\"bloomin\"},\"sameAs\":[\"https:\/\/www.artemadeiras.com.br\/blog\"],\"url\":\"https:\/\/www.artemadeiras.com.br\/blog\/author\/bloomin\/\"}]}<\/script>\n<!-- \/ Yoast SEO plugin. -->","yoast_head_json":{"title":"Madeiras para telhados na zona norte - Blog | Arte madeiras","robots":{"index":"index","follow":"follow","max-snippet":"max-snippet:-1","max-image-preview":"max-image-preview:large","max-video-preview":"max-video-preview:-1"},"canonical":"https:\/\/www.artemadeiras.com.br\/blog\/forros\/madeiras-para-telhados-na-zona-norte\/","og_locale":"pt_BR","og_type":"article","og_title":"Madeiras para telhados na zona norte - Blog | Arte madeiras","og_description":"Tempo de leitura 2 minutos Escolher as madeiras para telhados na zona norte \u00e9 t\u00e3o importante quanto escolher os materiais que formam o alicerce da sua casa, afinal estamos falando do teto sobre a sua cabe\u00e7a e de sua fam\u00edlia. Na Arte Madeiras voc\u00ea encontra...","og_url":"https:\/\/www.artemadeiras.com.br\/blog\/forros\/madeiras-para-telhados-na-zona-norte\/","og_site_name":"Blog | Arte madeiras","article_published_time":"2023-10-09T20:48:57+00:00","og_image":[{"width":880,"height":660,"url":"https:\/\/www.artemadeiras.com.br\/blog\/wp-content\/uploads\/2021\/04\/forros-de-madeira.jpg","type":"image\/jpeg"}],"author":"bloomin","twitter_card":"summary_large_image","twitter_misc":{"Escrito por":"bloomin","Est. tempo de leitura":"2 minutos"},"schema":{"@context":"https:\/\/schema.org","@graph":[{"@type":"Article","@id":"https:\/\/www.artemadeiras.com.br\/blog\/forros\/madeiras-para-telhados-na-zona-norte\/#article","isPartOf":{"@id":"https:\/\/www.artemadeiras.com.br\/blog\/forros\/madeiras-para-telhados-na-zona-norte\/"},"author":{"name":"bloomin","@id":"https:\/\/www.artemadeiras.com.br\/blog\/#\/schema\/person\/03c7826df62479a35ffcf10a5a652727"},"headline":"Madeiras para telhados na zona norte","datePublished":"2023-10-09T20:48:57+00:00","dateModified":"2023-10-09T20:48:57+00:00","mainEntityOfPage":{"@id":"https:\/\/www.artemadeiras.com.br\/blog\/forros\/madeiras-para-telhados-na-zona-norte\/"},"wordCount":427,"commentCount":0,"publisher":{"@id":"https:\/\/www.artemadeiras.com.br\/blog\/#organization"},"image":{"@id":"https:\/\/www.artemadeiras.com.br\/blog\/forros\/madeiras-para-telhados-na-zona-norte\/#primaryimage"},"thumbnailUrl":"https:\/\/www.artemadeiras.com.br\/blog\/wp-content\/uploads\/2021\/04\/forros-de-madeira.jpg","keywords":["comprar Madeiras para telhados","distribuidor de Madeiras para telhados","distribuidora de Madeiras para telhados","empresa de Madeiras para telhados","f\u00e1brica de Madeiras para telhados","fabricante de Madeiras para telhados","fornecedor de Madeiras para telhados","loja de Madeiras para telhados","Madeiras para telhados Casa Verde","Madeiras para telhados direto da fabrica","Madeiras para telhados em promo\u00e7\u00e3o","Madeiras para telhados em s\u00e3o paulo","Madeiras para telhados em SP","Madeiras para telhados pre\u00e7o","Madeiras para telhados zona norte","revendedor de Madeiras para telhados"],"articleSection":["Forros"],"inLanguage":"pt-BR","potentialAction":[{"@type":"CommentAction","name":"Comment","target":["https:\/\/www.artemadeiras.com.br\/blog\/forros\/madeiras-para-telhados-na-zona-norte\/#respond"]}]},{"@type":"WebPage","@id":"https:\/\/www.artemadeiras.com.br\/blog\/forros\/madeiras-para-telhados-na-zona-norte\/","url":"https:\/\/www.artemadeiras.com.br\/blog\/forros\/madeiras-para-telhados-na-zona-norte\/","name":"Madeiras para telhados na zona norte - Blog | Arte madeiras","isPartOf":{"@id":"https:\/\/www.artemadeiras.com.br\/blog\/#website"},"primaryImageOfPage":{"@id":"https:\/\/www.artemadeiras.com.br\/blog\/forros\/madeiras-para-telhados-na-zona-norte\/#primaryimage"},"image":{"@id":"https:\/\/www.artemadeiras.com.br\/blog\/forros\/madeiras-para-telhados-na-zona-norte\/#primaryimage"},"thumbnailUrl":"https:\/\/www.artemadeiras.com.br\/blog\/wp-content\/uploads\/2021\/04\/forros-de-madeira.jpg","datePublished":"2023-10-09T20:48:57+00:00","dateModified":"2023-10-09T20:48:57+00:00","breadcrumb":{"@id":"https:\/\/www.artemadeiras.com.br\/blog\/forros\/madeiras-para-telhados-na-zona-norte\/#breadcrumb"},"inLanguage":"pt-BR","potentialAction":[{"@type":"ReadAction","target":["https:\/\/www.artemadeiras.com.br\/blog\/forros\/madeiras-para-telhados-na-zona-norte\/"]}]},{"@type":"ImageObject","inLanguage":"pt-BR","@id":"https:\/\/www.artemadeiras.com.br\/blog\/forros\/madeiras-para-telhados-na-zona-norte\/#primaryimage","url":"https:\/\/www.artemadeiras.com.br\/blog\/wp-content\/uploads\/2021\/04\/forros-de-madeira.jpg","contentUrl":"https:\/\/www.artemadeiras.com.br\/blog\/wp-content\/uploads\/2021\/04\/forros-de-madeira.jpg","width":880,"height":660,"caption":"Telhados de Madeira"},{"@type":"BreadcrumbList","@id":"https:\/\/www.artemadeiras.com.br\/blog\/forros\/madeiras-para-telhados-na-zona-norte\/#breadcrumb","itemListElement":[{"@type":"ListItem","position":1,"name":"In\u00edcio","item":"https:\/\/www.artemadeiras.com.br\/blog\/"},{"@type":"ListItem","position":2,"name":"Madeiras para telhados na zona norte"}]},{"@type":"WebSite","@id":"https:\/\/www.artemadeiras.com.br\/blog\/#website","url":"https:\/\/www.artemadeiras.com.br\/blog\/","name":"Blog | Arte madeiras","description":"Dicas e Novidades sobre Madeiras","publisher":{"@id":"https:\/\/www.artemadeiras.com.br\/blog\/#organization"},"potentialAction":[{"@type":"SearchAction","target":{"@type":"EntryPoint","urlTemplate":"https:\/\/www.artemadeiras.com.br\/blog\/?s={search_term_string}"},"query-input":{"@type":"PropertyValueSpecification","valueRequired":true,"valueName":"search_term_string"}}],"inLanguage":"pt-BR"},{"@type":"Organization","@id":"https:\/\/www.artemadeiras.com.br\/blog\/#organization","name":"Blog | Arte madeiras","url":"https:\/\/www.artemadeiras.com.br\/blog\/","logo":{"@type":"ImageObject","inLanguage":"pt-BR","@id":"https:\/\/www.artemadeiras.com.br\/blog\/#\/schema\/logo\/image\/","url":"https:\/\/www.artemadeiras.com.br\/blog\/wp-content\/uploads\/2021\/01\/logo-arte-madeiras.png","contentUrl":"https:\/\/www.artemadeiras.com.br\/blog\/wp-content\/uploads\/2021\/01\/logo-arte-madeiras.png","width":255,"height":110,"caption":"Blog | Arte madeiras"},"image":{"@id":"https:\/\/www.artemadeiras.com.br\/blog\/#\/schema\/logo\/image\/"}},{"@type":"Person","@id":"https:\/\/www.artemadeiras.com.br\/blog\/#\/schema\/person\/03c7826df62479a35ffcf10a5a652727","name":"bloomin","image":{"@type":"ImageObject","inLanguage":"pt-BR","@id":"https:\/\/www.artemadeiras.com.br\/blog\/#\/schema\/person\/image\/","url":"https:\/\/secure.gravatar.com\/avatar\/161a7ea08f1b8bd365e1697a2453e6c719201075da8bdf298a1c2fc5455ba35d?s=96&d=mm&r=g","contentUrl":"https:\/\/secure.gravatar.com\/avatar\/161a7ea08f1b8bd365e1697a2453e6c719201075da8bdf298a1c2fc5455ba35d?s=96&d=mm&r=g","caption":"bloomin"},"sameAs":["https:\/\/www.artemadeiras.com.br\/blog"],"url":"https:\/\/www.artemadeiras.com.br\/blog\/author\/bloomin\/"}]}},"_links":{"self":[{"href":"https:\/\/www.artemadeiras.com.br\/blog\/wp-json\/wp\/v2\/posts\/75","targetHints":{"allow":["GET"]}}],"collection":[{"href":"https:\/\/www.artemadeiras.com.br\/blog\/wp-json\/wp\/v2\/posts"}],"about":[{"href":"https:\/\/www.artemadeiras.com.br\/blog\/wp-json\/wp\/v2\/types\/post"}],"author":[{"embeddable":true,"href":"https:\/\/www.artemadeiras.com.br\/blog\/wp-json\/wp\/v2\/users\/1"}],"replies":[{"embeddable":true,"href":"https:\/\/www.artemadeiras.com.br\/blog\/wp-json\/wp\/v2\/comments?post=75"}],"version-history":[{"count":2,"href":"https:\/\/www.artemadeiras.com.br\/blog\/wp-json\/wp\/v2\/posts\/75\/revisions"}],"predecessor-version":[{"id":103,"href":"https:\/\/www.artemadeiras.com.br\/blog\/wp-json\/wp\/v2\/posts\/75\/revisions\/103"}],"wp:featuredmedia":[{"embeddable":true,"href":"https:\/\/www.artemadeiras.com.br\/blog\/wp-json\/wp\/v2\/media\/35"}],"wp:attachment":[{"href":"https:\/\/www.artemadeiras.com.br\/blog\/wp-json\/wp\/v2\/media?parent=75"}],"wp:term":[{"taxonomy":"category","embeddable":true,"href":"https:\/\/www.artemadeiras.com.br\/blog\/wp-json\/wp\/v2\/categories?post=75"},{"taxonomy":"post_tag","embeddable":true,"href":"https:\/\/www.artemadeiras.com.br\/blog\/wp-json\/wp\/v2\/tags?post=75"}],"curies":[{"name":"wp","href":"https:\/\/api.w.org\/{rel}","templated":true}]}}