{"id":61,"date":"2023-12-08T11:58:47","date_gmt":"2023-12-08T14:58:47","guid":{"rendered":"https:\/\/www.artemadeiras.com.br\/blog\/?p=61"},"modified":"2023-12-08T11:58:48","modified_gmt":"2023-12-08T14:58:48","slug":"chapa-mdf-na-casa-verde","status":"publish","type":"post","link":"https:\/\/www.artemadeiras.com.br\/blog\/assoalhos\/chapa-mdf-na-casa-verde\/","title":{"rendered":"Chapa MDF na zona norte: conhe\u00e7a a Arte Madeir"},"content":{"rendered":"<span class=\"rt-reading-time\" style=\"display: block;\"><span class=\"rt-label rt-prefix\">Tempo de leitura<\/span> <span class=\"rt-time\">3<\/span> <span class=\"rt-label rt-postfix\">minutos<\/span><\/span>\n<p>Est\u00e1 pensando em comprar chapa MDF na Casa Verde? Para fechar um bom neg\u00f3cio, leia antes este artigo que a Arte Madeiras &#8211; empresa que est\u00e1 h\u00e1 mais de 20 anos oferecendo os melhores materiais para constru\u00e7\u00e3o civil &#8211; separou. Saiba as principais d\u00favidas sobre o assunto!<\/p>\n\n\n\n<div id=\"ez-toc-container\" class=\"ez-toc-v2_0_66_1 counter-hierarchy ez-toc-counter ez-toc-grey ez-toc-container-direction\">\n<div class=\"ez-toc-title-container\">\n<p class=\"ez-toc-title \" >T&oacute;picos do artigo<\/p>\n<span class=\"ez-toc-title-toggle\"><a href=\"#\" class=\"ez-toc-pull-right ez-toc-btn ez-toc-btn-xs ez-toc-btn-default ez-toc-toggle\" aria-label=\"Toggle Table of Content\"><span class=\"ez-toc-js-icon-con\"><span class=\"\"><span class=\"eztoc-hide\" style=\"display:none;\">Toggle<\/span><span class=\"ez-toc-icon-toggle-span\"><svg style=\"fill: #999;color:#999\" xmlns=\"http:\/\/www.w3.org\/2000\/svg\" class=\"list-377408\" width=\"20px\" height=\"20px\" viewBox=\"0 0 24 24\" fill=\"none\"><path d=\"M6 6H4v2h2V6zm14 0H8v2h12V6zM4 11h2v2H4v-2zm16 0H8v2h12v-2zM4 16h2v2H4v-2zm16 0H8v2h12v-2z\" fill=\"currentColor\"><\/path><\/svg><svg style=\"fill: #999;color:#999\" class=\"arrow-unsorted-368013\" xmlns=\"http:\/\/www.w3.org\/2000\/svg\" width=\"10px\" height=\"10px\" viewBox=\"0 0 24 24\" version=\"1.2\" baseProfile=\"tiny\"><path d=\"M18.2 9.3l-6.2-6.3-6.2 6.3c-.2.2-.3.4-.3.7s.1.5.3.7c.2.2.4.3.7.3h11c.3 0 .5-.1.7-.3.2-.2.3-.5.3-.7s-.1-.5-.3-.7zM5.8 14.7l6.2 6.3 6.2-6.3c.2-.2.3-.5.3-.7s-.1-.5-.3-.7c-.2-.2-.4-.3-.7-.3h-11c-.3 0-.5.1-.7.3-.2.2-.3.5-.3.7s.1.5.3.7z\"\/><\/svg><\/span><\/span><\/span><\/a><\/span><\/div>\n<nav><ul class='ez-toc-list ez-toc-list-level-1 ' ><li class='ez-toc-page-1 ez-toc-heading-level-2'><a class=\"ez-toc-link ez-toc-heading-1\" href=\"https:\/\/www.artemadeiras.com.br\/blog\/assoalhos\/chapa-mdf-na-casa-verde\/#O_que_e_e_quais_sao_as_caracteristicas_da_chapa_MDF_na_Casa_Verde\" title=\"O que \u00e9, e quais s\u00e3o as caracter\u00edsticas da chapa MDF na Casa Verde?\">O que \u00e9, e quais s\u00e3o as caracter\u00edsticas da chapa MDF na Casa Verde?<\/a><\/li><li class='ez-toc-page-1 ez-toc-heading-level-2'><a class=\"ez-toc-link ez-toc-heading-2\" href=\"https:\/\/www.artemadeiras.com.br\/blog\/assoalhos\/chapa-mdf-na-casa-verde\/#Quais_sao_as_vantagens_de_comprar_chapa_MDF_na_zona_norte\" title=\"Quais s\u00e3o as vantagens de comprar chapa MDF na zona norte?\">Quais s\u00e3o as vantagens de comprar chapa MDF na zona norte?<\/a><ul class='ez-toc-list-level-3' ><li class='ez-toc-heading-level-3'><a class=\"ez-toc-link ez-toc-heading-3\" href=\"https:\/\/www.artemadeiras.com.br\/blog\/assoalhos\/chapa-mdf-na-casa-verde\/#1_O_seu_bolso_agradece\" title=\"1. O seu bolso agradece\">1. O seu bolso agradece<\/a><\/li><li class='ez-toc-page-1 ez-toc-heading-level-3'><a class=\"ez-toc-link ez-toc-heading-4\" href=\"https:\/\/www.artemadeiras.com.br\/blog\/assoalhos\/chapa-mdf-na-casa-verde\/#2_Voce_ajuda_o_meio_ambiente\" title=\"2. Voc\u00ea ajuda o meio ambiente\">2. Voc\u00ea ajuda o meio ambiente<\/a><\/li><li class='ez-toc-page-1 ez-toc-heading-level-3'><a class=\"ez-toc-link ez-toc-heading-5\" href=\"https:\/\/www.artemadeiras.com.br\/blog\/assoalhos\/chapa-mdf-na-casa-verde\/#3_Versatil_e_a_peca_chave_para_incrementar_os_seus_projetos\" title=\"3. Vers\u00e1til, \u00e9 a pe\u00e7a chave para incrementar os seus projetos\">3. Vers\u00e1til, \u00e9 a pe\u00e7a chave para incrementar os seus projetos<\/a><\/li><li class='ez-toc-page-1 ez-toc-heading-level-3'><a class=\"ez-toc-link ez-toc-heading-6\" href=\"https:\/\/www.artemadeiras.com.br\/blog\/assoalhos\/chapa-mdf-na-casa-verde\/#4_Diga_adeus_aos_problemas_causados_por_cupim\" title=\"4. Diga adeus aos problemas causados por cupim\">4. Diga adeus aos problemas causados por cupim<\/a><\/li><\/ul><\/li><li class='ez-toc-page-1 ez-toc-heading-level-2'><a class=\"ez-toc-link ez-toc-heading-7\" href=\"https:\/\/www.artemadeiras.com.br\/blog\/assoalhos\/chapa-mdf-na-casa-verde\/#Onde_comprar_chapa_MDF_na_Casa_Verde\" title=\"Onde comprar chapa MDF na Casa Verde?\">Onde comprar chapa MDF na Casa Verde?<\/a><\/li><\/ul><\/nav><\/div>\n<h2 class=\"wp-block-heading\"><span class=\"ez-toc-section\" id=\"O_que_e_e_quais_sao_as_caracteristicas_da_chapa_MDF_na_Casa_Verde\"><\/span>O que \u00e9, e quais s\u00e3o as caracter\u00edsticas da chapa MDF na Casa Verde?<span class=\"ez-toc-section-end\"><\/span><\/h2>\n\n\n<div class=\"wp-block-image\">\n<figure class=\"aligncenter size-large is-resized\"><img loading=\"lazy\" decoding=\"async\" width=\"1024\" height=\"509\" src=\"https:\/\/www.artemadeiras.com.br\/blog\/wp-content\/uploads\/2021\/08\/MDF-branco-em-SP-1-1024x509.jpg\" alt=\"chapa mdf na Casa Verde\" class=\"wp-image-55\" style=\"width:703px;height:349px\" srcset=\"https:\/\/www.artemadeiras.com.br\/blog\/wp-content\/uploads\/2021\/08\/MDF-branco-em-SP-1-1024x509.jpg 1024w, https:\/\/www.artemadeiras.com.br\/blog\/wp-content\/uploads\/2021\/08\/MDF-branco-em-SP-1-300x149.jpg 300w, https:\/\/www.artemadeiras.com.br\/blog\/wp-content\/uploads\/2021\/08\/MDF-branco-em-SP-1-768x382.jpg 768w, https:\/\/www.artemadeiras.com.br\/blog\/wp-content\/uploads\/2021\/08\/MDF-branco-em-SP-1.jpg 1355w\" sizes=\"auto, (max-width: 1024px) 100vw, 1024px\" \/><\/figure>\n<\/div>\n\n\n<p>A chapa MDF na Casa Verde (Medium Density Fiberboard ou placa de fibra de m\u00e9dia densidade) \u00e9 um painel de madeira reconstitu\u00edda que conta com fibras aglutinadas e compactadas com resina sint\u00e9tica. J\u00e1 a apar\u00eancia do material pode variar entre marrom claro e escuro, por\u00e9m sua versatilidade permite a cobertura com outras cores atrav\u00e9s da pintura.<\/p>\n\n\n\n<p>Al\u00e9m disso, as principais caracter\u00edsticas da chapa MDF na Casa Verde s\u00e3o: estrutura homog\u00eanea e a facilidade de ser usinada ou torneada.<\/p>\n\n\n\n<h2 class=\"wp-block-heading\"><span class=\"ez-toc-section\" id=\"Quais_sao_as_vantagens_de_comprar_chapa_MDF_na_zona_norte\"><\/span>Quais s\u00e3o as vantagens de comprar chapa MDF na zona norte?<span class=\"ez-toc-section-end\"><\/span><\/h2>\n\n\n<div class=\"wp-block-image\">\n<figure class=\"aligncenter size-full is-resized\"><img loading=\"lazy\" decoding=\"async\" width=\"300\" height=\"150\" src=\"https:\/\/www.artemadeiras.com.br\/blog\/wp-content\/uploads\/2021\/08\/MDF-branco-em-SP-2.jpg\" alt=\"chapa mdf na Casa Verde\" class=\"wp-image-56\" style=\"width:475px;height:238px\"\/><\/figure>\n<\/div>\n\n\n<p>Para ajudar voc\u00ea a entender se vale a pena comprar MDF na Casa Verde, a Arte Madeiras enumerou as principais vantagens do material. Confira!<\/p>\n\n\n\n<h3 class=\"wp-block-heading\"><span class=\"ez-toc-section\" id=\"1_O_seu_bolso_agradece\"><\/span>1. O seu bolso agradece<span class=\"ez-toc-section-end\"><\/span><\/h3>\n\n\n\n<p>Um dos principais benef\u00edcios da madeira MDF \u00e9 o custo-benef\u00edcio. Isso porque esse material tem um pre\u00e7o inferior aos das madeiras maci\u00e7as e conta com uma excelente qualidade. Al\u00e9m disso, possui uma boa durabilidade, podendo ser restaurado ou reformado para prolongar ainda mais seu tempo de vida \u00fatil.&nbsp;<\/p>\n\n\n\n<h3 class=\"wp-block-heading\"><span class=\"ez-toc-section\" id=\"2_Voce_ajuda_o_meio_ambiente\"><\/span>2. Voc\u00ea ajuda o meio ambiente<span class=\"ez-toc-section-end\"><\/span><\/h3>\n\n\n\n<p>O MDF possui fibras de madeira de reflorestamento, ou seja, n\u00e3o \u00e9 necess\u00e1rio desmatar outras \u00e1rvores para a sua produ\u00e7\u00e3o. E, \u00e9 claro, que a alta durabilidade ajuda com que ele seja usado por um longo per\u00edodo sem a necessidade do descarte. Portanto, \u00e9 uma \u00f3tima op\u00e7\u00e3o para quem procura itens sustent\u00e1veis!<\/p>\n\n\n\n<h3 class=\"wp-block-heading\"><span class=\"ez-toc-section\" id=\"3_Versatil_e_a_peca_chave_para_incrementar_os_seus_projetos\"><\/span>3. Vers\u00e1til, \u00e9 a pe\u00e7a chave para incrementar os seus projetos<span class=\"ez-toc-section-end\"><\/span><\/h3>\n\n\n\n<p>O MDF pode ser coberto por diversos tipos de pinturas, assim, \u00e9 poss\u00edvel criar diversos acabamentos para combinar com todas as decora\u00e7\u00f5es. Outra vantagem, \u00e9 a maleabilidade do elemento, fazendo com que seja f\u00e1cil de trabalhar, al\u00e9m da possibilidade de confeccionar pe\u00e7as com diversos designs.<\/p>\n\n\n\n<p>Por fim, \u00e9 um material que conta com superf\u00edcie lisa se tornando muito mais agrad\u00e1vel esteticamente. E, \u00e9 claro, outra vantagem \u00e9 que voc\u00ea encontra no mercado diversas espessuras. Ou seja, n\u00e3o ser\u00e1 dif\u00edcil personalizar seus projetos.&nbsp;<\/p>\n\n\n\n<h3 class=\"wp-block-heading\"><span class=\"ez-toc-section\" id=\"4_Diga_adeus_aos_problemas_causados_por_cupim\"><\/span>4. Diga adeus aos problemas causados por cupim<span class=\"ez-toc-section-end\"><\/span><\/h3>\n\n\n\n<p>Apesar de lembrar o design da madeira, o benef\u00edcio de comprar chapa MDF na Casa Verde, \u00e9 que voc\u00ea n\u00e3o precisar\u00e1 se preocupar com os desgastes por cupim ou outros tipos de pestes que afetam a madeira.&nbsp;<\/p>\n\n\n\n<h2 class=\"wp-block-heading\"><span class=\"ez-toc-section\" id=\"Onde_comprar_chapa_MDF_na_Casa_Verde\"><\/span>Onde comprar chapa MDF na Casa Verde?<span class=\"ez-toc-section-end\"><\/span><\/h2>\n\n\n<div class=\"wp-block-image\">\n<figure class=\"alignright size-full is-resized\"><img loading=\"lazy\" decoding=\"async\" width=\"789\" height=\"800\" src=\"https:\/\/www.artemadeiras.com.br\/blog\/wp-content\/uploads\/2021\/08\/chapa-mdf-na-Casa-Verde-1.jpg\" alt=\"chapa mdf na casa verde\" class=\"wp-image-62\" style=\"width:276px;height:280px\" srcset=\"https:\/\/www.artemadeiras.com.br\/blog\/wp-content\/uploads\/2021\/08\/chapa-mdf-na-Casa-Verde-1.jpg 789w, https:\/\/www.artemadeiras.com.br\/blog\/wp-content\/uploads\/2021\/08\/chapa-mdf-na-Casa-Verde-1-296x300.jpg 296w, https:\/\/www.artemadeiras.com.br\/blog\/wp-content\/uploads\/2021\/08\/chapa-mdf-na-Casa-Verde-1-768x779.jpg 768w\" sizes=\"auto, (max-width: 789px) 100vw, 789px\" \/><\/figure>\n<\/div>\n\n\n<p>Quando o assunto \u00e9 comprar MDF na Casa Verde, a Arte Madeiras \u00e9 refer\u00eancia no assunto. Estamos prontos para atender as necessidades de diversos setores com materiais espec\u00edficos para ind\u00fastria moveleira, decoradores, setores da constru\u00e7\u00e3o civil e os consumidores finais. Tudo isso prezando pela qualidade dos produtos, respeito a natureza, atendimento qualificado e um excelente custo-benef\u00edcio.&nbsp;<\/p>\n\n\n\n<p>E al\u00e9m de comprar MDF na Casa Verde da melhor proced\u00eancia, voc\u00ea ainda encontra op\u00e7\u00f5es como:<\/p>\n\n\n\n<ul class=\"wp-block-list\">\n<li>compensados;<\/li>\n\n\n\n<li>chapas resinadas e plastificadas para uso em formas de concreto;<\/li>\n\n\n\n<li>decks e assoalhos;<\/li>\n\n\n\n<li>linha de portas;<\/li>\n\n\n\n<li>batentes;<\/li>\n\n\n\n<li>e muito mais!<\/li>\n<\/ul>\n\n\n\n<p>Aproveite que est\u00e1 em nosso blog e leia tamb\u00e9m sobre <a href=\"https:\/\/www.artemadeiras.com.br\/blog\/assoalhos\/mdf-branco-em-sp\/\" target=\"_blank\" aria-label=\" (opens in a new tab)\" rel=\"noreferrer noopener\" class=\"rank-math-link\">5 dicas para comprar MDF branco em SP<\/a><\/p>\n","protected":false},"excerpt":{"rendered":"<p><span class=\"rt-reading-time\" style=\"display: block;\"><span class=\"rt-label rt-prefix\">Tempo de leitura<\/span> <span class=\"rt-time\">3<\/span> <span class=\"rt-label rt-postfix\">minutos<\/span><\/span> Est\u00e1 pensando em comprar chapa MDF na Casa Verde? Para fechar um bom neg\u00f3cio, leia antes este artigo que a Arte Madeiras &#8211; empresa que est\u00e1 h\u00e1 mais de 20 anos oferecendo os melhores materiais para constru\u00e7\u00e3o civil &#8211; separou&#8230;.<\/p>\n","protected":false},"author":1,"featured_media":63,"comment_status":"open","ping_status":"open","sticky":false,"template":"","format":"standard","meta":{"footnotes":""},"categories":[14],"tags":[60,61,55,56,63,57,62],"class_list":["post-61","post","type-post","status-publish","format-standard","has-post-thumbnail","hentry","category-assoalhos","tag-caracteristicas-da-chapa-de-mdf","tag-comprar-chapa-mdf-na-casa-verde","tag-comprar-mdf-na-casa-verde","tag-mdf-na-casa-verde","tag-o-que-e-chapa-mdf","tag-onde-comprar-mdf-na-casa-verde","tag-vantagens-chapa-mdf"],"yoast_head":"<!-- This site is optimized with the Yoast SEO plugin v23.6 - https:\/\/yoast.com\/wordpress\/plugins\/seo\/ -->\n<title>Chapa MDF na zona norte: conhe\u00e7a a Arte Madeir - Blog | Arte madeiras<\/title>\n<meta name=\"robots\" content=\"index, follow, max-snippet:-1, max-image-preview:large, max-video-preview:-1\" \/>\n<link rel=\"canonical\" href=\"https:\/\/www.artemadeiras.com.br\/blog\/assoalhos\/chapa-mdf-na-casa-verde\/\" \/>\n<meta property=\"og:locale\" content=\"pt_BR\" \/>\n<meta property=\"og:type\" content=\"article\" \/>\n<meta property=\"og:title\" content=\"Chapa MDF na zona norte: conhe\u00e7a a Arte Madeir - Blog | Arte madeiras\" \/>\n<meta property=\"og:description\" content=\"Tempo de leitura 3 minutos Est\u00e1 pensando em comprar chapa MDF na Casa Verde? Para fechar um bom neg\u00f3cio, leia antes este artigo que a Arte Madeiras &#8211; empresa que est\u00e1 h\u00e1 mais de 20 anos oferecendo os melhores materiais para constru\u00e7\u00e3o civil &#8211; separou....\" \/>\n<meta property=\"og:url\" content=\"https:\/\/www.artemadeiras.com.br\/blog\/assoalhos\/chapa-mdf-na-casa-verde\/\" \/>\n<meta property=\"og:site_name\" content=\"Blog | Arte madeiras\" \/>\n<meta property=\"article:published_time\" content=\"2023-12-08T14:58:47+00:00\" \/>\n<meta property=\"article:modified_time\" content=\"2023-12-08T14:58:48+00:00\" \/>\n<meta property=\"og:image\" content=\"https:\/\/www.artemadeiras.com.br\/blog\/wp-content\/uploads\/2021\/08\/chapa-mdf-na-Casa-Verde.jpg\" \/>\n\t<meta property=\"og:image:width\" content=\"880\" \/>\n\t<meta property=\"og:image:height\" content=\"495\" \/>\n\t<meta property=\"og:image:type\" content=\"image\/jpeg\" \/>\n<meta name=\"author\" content=\"bloomin\" \/>\n<meta name=\"twitter:card\" content=\"summary_large_image\" \/>\n<meta name=\"twitter:label1\" content=\"Escrito por\" \/>\n\t<meta name=\"twitter:data1\" content=\"bloomin\" \/>\n\t<meta name=\"twitter:label2\" content=\"Est. tempo de leitura\" \/>\n\t<meta name=\"twitter:data2\" content=\"3 minutos\" \/>\n<script type=\"application\/ld+json\" class=\"yoast-schema-graph\">{\"@context\":\"https:\/\/schema.org\",\"@graph\":[{\"@type\":\"Article\",\"@id\":\"https:\/\/www.artemadeiras.com.br\/blog\/assoalhos\/chapa-mdf-na-casa-verde\/#article\",\"isPartOf\":{\"@id\":\"https:\/\/www.artemadeiras.com.br\/blog\/assoalhos\/chapa-mdf-na-casa-verde\/\"},\"author\":{\"name\":\"bloomin\",\"@id\":\"https:\/\/www.artemadeiras.com.br\/blog\/#\/schema\/person\/03c7826df62479a35ffcf10a5a652727\"},\"headline\":\"Chapa MDF na zona norte: conhe\u00e7a a Arte Madeir\",\"datePublished\":\"2023-12-08T14:58:47+00:00\",\"dateModified\":\"2023-12-08T14:58:48+00:00\",\"mainEntityOfPage\":{\"@id\":\"https:\/\/www.artemadeiras.com.br\/blog\/assoalhos\/chapa-mdf-na-casa-verde\/\"},\"wordCount\":583,\"commentCount\":0,\"publisher\":{\"@id\":\"https:\/\/www.artemadeiras.com.br\/blog\/#organization\"},\"image\":{\"@id\":\"https:\/\/www.artemadeiras.com.br\/blog\/assoalhos\/chapa-mdf-na-casa-verde\/#primaryimage\"},\"thumbnailUrl\":\"https:\/\/www.artemadeiras.com.br\/blog\/wp-content\/uploads\/2021\/08\/chapa-mdf-na-Casa-Verde.jpg\",\"keywords\":[\"caracter\u00edsticas da chapa de MDF\",\"comprar chapa MDF na Casa Verde\",\"comprar MDF na Casa Verde\",\"MDF na Casa Verde\",\"o que \u00e9 chapa MDF\",\"onde comprar MDF na Casa Verde\",\"vantagens chapa MDF\"],\"articleSection\":[\"Assoalhos\"],\"inLanguage\":\"pt-BR\",\"potentialAction\":[{\"@type\":\"CommentAction\",\"name\":\"Comment\",\"target\":[\"https:\/\/www.artemadeiras.com.br\/blog\/assoalhos\/chapa-mdf-na-casa-verde\/#respond\"]}]},{\"@type\":\"WebPage\",\"@id\":\"https:\/\/www.artemadeiras.com.br\/blog\/assoalhos\/chapa-mdf-na-casa-verde\/\",\"url\":\"https:\/\/www.artemadeiras.com.br\/blog\/assoalhos\/chapa-mdf-na-casa-verde\/\",\"name\":\"Chapa MDF na zona norte: conhe\u00e7a a Arte Madeir - Blog | Arte madeiras\",\"isPartOf\":{\"@id\":\"https:\/\/www.artemadeiras.com.br\/blog\/#website\"},\"primaryImageOfPage\":{\"@id\":\"https:\/\/www.artemadeiras.com.br\/blog\/assoalhos\/chapa-mdf-na-casa-verde\/#primaryimage\"},\"image\":{\"@id\":\"https:\/\/www.artemadeiras.com.br\/blog\/assoalhos\/chapa-mdf-na-casa-verde\/#primaryimage\"},\"thumbnailUrl\":\"https:\/\/www.artemadeiras.com.br\/blog\/wp-content\/uploads\/2021\/08\/chapa-mdf-na-Casa-Verde.jpg\",\"datePublished\":\"2023-12-08T14:58:47+00:00\",\"dateModified\":\"2023-12-08T14:58:48+00:00\",\"breadcrumb\":{\"@id\":\"https:\/\/www.artemadeiras.com.br\/blog\/assoalhos\/chapa-mdf-na-casa-verde\/#breadcrumb\"},\"inLanguage\":\"pt-BR\",\"potentialAction\":[{\"@type\":\"ReadAction\",\"target\":[\"https:\/\/www.artemadeiras.com.br\/blog\/assoalhos\/chapa-mdf-na-casa-verde\/\"]}]},{\"@type\":\"ImageObject\",\"inLanguage\":\"pt-BR\",\"@id\":\"https:\/\/www.artemadeiras.com.br\/blog\/assoalhos\/chapa-mdf-na-casa-verde\/#primaryimage\",\"url\":\"https:\/\/www.artemadeiras.com.br\/blog\/wp-content\/uploads\/2021\/08\/chapa-mdf-na-Casa-Verde.jpg\",\"contentUrl\":\"https:\/\/www.artemadeiras.com.br\/blog\/wp-content\/uploads\/2021\/08\/chapa-mdf-na-Casa-Verde.jpg\",\"width\":880,\"height\":495,\"caption\":\"chapa mdf na casa verde\"},{\"@type\":\"BreadcrumbList\",\"@id\":\"https:\/\/www.artemadeiras.com.br\/blog\/assoalhos\/chapa-mdf-na-casa-verde\/#breadcrumb\",\"itemListElement\":[{\"@type\":\"ListItem\",\"position\":1,\"name\":\"In\u00edcio\",\"item\":\"https:\/\/www.artemadeiras.com.br\/blog\/\"},{\"@type\":\"ListItem\",\"position\":2,\"name\":\"Chapa MDF na zona norte: conhe\u00e7a a Arte Madeir\"}]},{\"@type\":\"WebSite\",\"@id\":\"https:\/\/www.artemadeiras.com.br\/blog\/#website\",\"url\":\"https:\/\/www.artemadeiras.com.br\/blog\/\",\"name\":\"Blog | Arte madeiras\",\"description\":\"Dicas e Novidades sobre Madeiras\",\"publisher\":{\"@id\":\"https:\/\/www.artemadeiras.com.br\/blog\/#organization\"},\"potentialAction\":[{\"@type\":\"SearchAction\",\"target\":{\"@type\":\"EntryPoint\",\"urlTemplate\":\"https:\/\/www.artemadeiras.com.br\/blog\/?s={search_term_string}\"},\"query-input\":{\"@type\":\"PropertyValueSpecification\",\"valueRequired\":true,\"valueName\":\"search_term_string\"}}],\"inLanguage\":\"pt-BR\"},{\"@type\":\"Organization\",\"@id\":\"https:\/\/www.artemadeiras.com.br\/blog\/#organization\",\"name\":\"Blog | Arte madeiras\",\"url\":\"https:\/\/www.artemadeiras.com.br\/blog\/\",\"logo\":{\"@type\":\"ImageObject\",\"inLanguage\":\"pt-BR\",\"@id\":\"https:\/\/www.artemadeiras.com.br\/blog\/#\/schema\/logo\/image\/\",\"url\":\"https:\/\/www.artemadeiras.com.br\/blog\/wp-content\/uploads\/2021\/01\/logo-arte-madeiras.png\",\"contentUrl\":\"https:\/\/www.artemadeiras.com.br\/blog\/wp-content\/uploads\/2021\/01\/logo-arte-madeiras.png\",\"width\":255,\"height\":110,\"caption\":\"Blog | Arte madeiras\"},\"image\":{\"@id\":\"https:\/\/www.artemadeiras.com.br\/blog\/#\/schema\/logo\/image\/\"}},{\"@type\":\"Person\",\"@id\":\"https:\/\/www.artemadeiras.com.br\/blog\/#\/schema\/person\/03c7826df62479a35ffcf10a5a652727\",\"name\":\"bloomin\",\"image\":{\"@type\":\"ImageObject\",\"inLanguage\":\"pt-BR\",\"@id\":\"https:\/\/www.artemadeiras.com.br\/blog\/#\/schema\/person\/image\/\",\"url\":\"https:\/\/secure.gravatar.com\/avatar\/161a7ea08f1b8bd365e1697a2453e6c719201075da8bdf298a1c2fc5455ba35d?s=96&d=mm&r=g\",\"contentUrl\":\"https:\/\/secure.gravatar.com\/avatar\/161a7ea08f1b8bd365e1697a2453e6c719201075da8bdf298a1c2fc5455ba35d?s=96&d=mm&r=g\",\"caption\":\"bloomin\"},\"sameAs\":[\"https:\/\/www.artemadeiras.com.br\/blog\"],\"url\":\"https:\/\/www.artemadeiras.com.br\/blog\/author\/bloomin\/\"}]}<\/script>\n<!-- \/ Yoast SEO plugin. -->","yoast_head_json":{"title":"Chapa MDF na zona norte: conhe\u00e7a a Arte Madeir - Blog | Arte madeiras","robots":{"index":"index","follow":"follow","max-snippet":"max-snippet:-1","max-image-preview":"max-image-preview:large","max-video-preview":"max-video-preview:-1"},"canonical":"https:\/\/www.artemadeiras.com.br\/blog\/assoalhos\/chapa-mdf-na-casa-verde\/","og_locale":"pt_BR","og_type":"article","og_title":"Chapa MDF na zona norte: conhe\u00e7a a Arte Madeir - Blog | Arte madeiras","og_description":"Tempo de leitura 3 minutos Est\u00e1 pensando em comprar chapa MDF na Casa Verde? Para fechar um bom neg\u00f3cio, leia antes este artigo que a Arte Madeiras &#8211; empresa que est\u00e1 h\u00e1 mais de 20 anos oferecendo os melhores materiais para constru\u00e7\u00e3o civil &#8211; separou....","og_url":"https:\/\/www.artemadeiras.com.br\/blog\/assoalhos\/chapa-mdf-na-casa-verde\/","og_site_name":"Blog | Arte madeiras","article_published_time":"2023-12-08T14:58:47+00:00","article_modified_time":"2023-12-08T14:58:48+00:00","og_image":[{"width":880,"height":495,"url":"https:\/\/www.artemadeiras.com.br\/blog\/wp-content\/uploads\/2021\/08\/chapa-mdf-na-Casa-Verde.jpg","type":"image\/jpeg"}],"author":"bloomin","twitter_card":"summary_large_image","twitter_misc":{"Escrito por":"bloomin","Est. tempo de leitura":"3 minutos"},"schema":{"@context":"https:\/\/schema.org","@graph":[{"@type":"Article","@id":"https:\/\/www.artemadeiras.com.br\/blog\/assoalhos\/chapa-mdf-na-casa-verde\/#article","isPartOf":{"@id":"https:\/\/www.artemadeiras.com.br\/blog\/assoalhos\/chapa-mdf-na-casa-verde\/"},"author":{"name":"bloomin","@id":"https:\/\/www.artemadeiras.com.br\/blog\/#\/schema\/person\/03c7826df62479a35ffcf10a5a652727"},"headline":"Chapa MDF na zona norte: conhe\u00e7a a Arte Madeir","datePublished":"2023-12-08T14:58:47+00:00","dateModified":"2023-12-08T14:58:48+00:00","mainEntityOfPage":{"@id":"https:\/\/www.artemadeiras.com.br\/blog\/assoalhos\/chapa-mdf-na-casa-verde\/"},"wordCount":583,"commentCount":0,"publisher":{"@id":"https:\/\/www.artemadeiras.com.br\/blog\/#organization"},"image":{"@id":"https:\/\/www.artemadeiras.com.br\/blog\/assoalhos\/chapa-mdf-na-casa-verde\/#primaryimage"},"thumbnailUrl":"https:\/\/www.artemadeiras.com.br\/blog\/wp-content\/uploads\/2021\/08\/chapa-mdf-na-Casa-Verde.jpg","keywords":["caracter\u00edsticas da chapa de MDF","comprar chapa MDF na Casa Verde","comprar MDF na Casa Verde","MDF na Casa Verde","o que \u00e9 chapa MDF","onde comprar MDF na Casa Verde","vantagens chapa MDF"],"articleSection":["Assoalhos"],"inLanguage":"pt-BR","potentialAction":[{"@type":"CommentAction","name":"Comment","target":["https:\/\/www.artemadeiras.com.br\/blog\/assoalhos\/chapa-mdf-na-casa-verde\/#respond"]}]},{"@type":"WebPage","@id":"https:\/\/www.artemadeiras.com.br\/blog\/assoalhos\/chapa-mdf-na-casa-verde\/","url":"https:\/\/www.artemadeiras.com.br\/blog\/assoalhos\/chapa-mdf-na-casa-verde\/","name":"Chapa MDF na zona norte: conhe\u00e7a a Arte Madeir - Blog | Arte madeiras","isPartOf":{"@id":"https:\/\/www.artemadeiras.com.br\/blog\/#website"},"primaryImageOfPage":{"@id":"https:\/\/www.artemadeiras.com.br\/blog\/assoalhos\/chapa-mdf-na-casa-verde\/#primaryimage"},"image":{"@id":"https:\/\/www.artemadeiras.com.br\/blog\/assoalhos\/chapa-mdf-na-casa-verde\/#primaryimage"},"thumbnailUrl":"https:\/\/www.artemadeiras.com.br\/blog\/wp-content\/uploads\/2021\/08\/chapa-mdf-na-Casa-Verde.jpg","datePublished":"2023-12-08T14:58:47+00:00","dateModified":"2023-12-08T14:58:48+00:00","breadcrumb":{"@id":"https:\/\/www.artemadeiras.com.br\/blog\/assoalhos\/chapa-mdf-na-casa-verde\/#breadcrumb"},"inLanguage":"pt-BR","potentialAction":[{"@type":"ReadAction","target":["https:\/\/www.artemadeiras.com.br\/blog\/assoalhos\/chapa-mdf-na-casa-verde\/"]}]},{"@type":"ImageObject","inLanguage":"pt-BR","@id":"https:\/\/www.artemadeiras.com.br\/blog\/assoalhos\/chapa-mdf-na-casa-verde\/#primaryimage","url":"https:\/\/www.artemadeiras.com.br\/blog\/wp-content\/uploads\/2021\/08\/chapa-mdf-na-Casa-Verde.jpg","contentUrl":"https:\/\/www.artemadeiras.com.br\/blog\/wp-content\/uploads\/2021\/08\/chapa-mdf-na-Casa-Verde.jpg","width":880,"height":495,"caption":"chapa mdf na casa verde"},{"@type":"BreadcrumbList","@id":"https:\/\/www.artemadeiras.com.br\/blog\/assoalhos\/chapa-mdf-na-casa-verde\/#breadcrumb","itemListElement":[{"@type":"ListItem","position":1,"name":"In\u00edcio","item":"https:\/\/www.artemadeiras.com.br\/blog\/"},{"@type":"ListItem","position":2,"name":"Chapa MDF na zona norte: conhe\u00e7a a Arte Madeir"}]},{"@type":"WebSite","@id":"https:\/\/www.artemadeiras.com.br\/blog\/#website","url":"https:\/\/www.artemadeiras.com.br\/blog\/","name":"Blog | Arte madeiras","description":"Dicas e Novidades sobre Madeiras","publisher":{"@id":"https:\/\/www.artemadeiras.com.br\/blog\/#organization"},"potentialAction":[{"@type":"SearchAction","target":{"@type":"EntryPoint","urlTemplate":"https:\/\/www.artemadeiras.com.br\/blog\/?s={search_term_string}"},"query-input":{"@type":"PropertyValueSpecification","valueRequired":true,"valueName":"search_term_string"}}],"inLanguage":"pt-BR"},{"@type":"Organization","@id":"https:\/\/www.artemadeiras.com.br\/blog\/#organization","name":"Blog | Arte madeiras","url":"https:\/\/www.artemadeiras.com.br\/blog\/","logo":{"@type":"ImageObject","inLanguage":"pt-BR","@id":"https:\/\/www.artemadeiras.com.br\/blog\/#\/schema\/logo\/image\/","url":"https:\/\/www.artemadeiras.com.br\/blog\/wp-content\/uploads\/2021\/01\/logo-arte-madeiras.png","contentUrl":"https:\/\/www.artemadeiras.com.br\/blog\/wp-content\/uploads\/2021\/01\/logo-arte-madeiras.png","width":255,"height":110,"caption":"Blog | Arte madeiras"},"image":{"@id":"https:\/\/www.artemadeiras.com.br\/blog\/#\/schema\/logo\/image\/"}},{"@type":"Person","@id":"https:\/\/www.artemadeiras.com.br\/blog\/#\/schema\/person\/03c7826df62479a35ffcf10a5a652727","name":"bloomin","image":{"@type":"ImageObject","inLanguage":"pt-BR","@id":"https:\/\/www.artemadeiras.com.br\/blog\/#\/schema\/person\/image\/","url":"https:\/\/secure.gravatar.com\/avatar\/161a7ea08f1b8bd365e1697a2453e6c719201075da8bdf298a1c2fc5455ba35d?s=96&d=mm&r=g","contentUrl":"https:\/\/secure.gravatar.com\/avatar\/161a7ea08f1b8bd365e1697a2453e6c719201075da8bdf298a1c2fc5455ba35d?s=96&d=mm&r=g","caption":"bloomin"},"sameAs":["https:\/\/www.artemadeiras.com.br\/blog"],"url":"https:\/\/www.artemadeiras.com.br\/blog\/author\/bloomin\/"}]}},"_links":{"self":[{"href":"https:\/\/www.artemadeiras.com.br\/blog\/wp-json\/wp\/v2\/posts\/61","targetHints":{"allow":["GET"]}}],"collection":[{"href":"https:\/\/www.artemadeiras.com.br\/blog\/wp-json\/wp\/v2\/posts"}],"about":[{"href":"https:\/\/www.artemadeiras.com.br\/blog\/wp-json\/wp\/v2\/types\/post"}],"author":[{"embeddable":true,"href":"https:\/\/www.artemadeiras.com.br\/blog\/wp-json\/wp\/v2\/users\/1"}],"replies":[{"embeddable":true,"href":"https:\/\/www.artemadeiras.com.br\/blog\/wp-json\/wp\/v2\/comments?post=61"}],"version-history":[{"count":3,"href":"https:\/\/www.artemadeiras.com.br\/blog\/wp-json\/wp\/v2\/posts\/61\/revisions"}],"predecessor-version":[{"id":110,"href":"https:\/\/www.artemadeiras.com.br\/blog\/wp-json\/wp\/v2\/posts\/61\/revisions\/110"}],"wp:featuredmedia":[{"embeddable":true,"href":"https:\/\/www.artemadeiras.com.br\/blog\/wp-json\/wp\/v2\/media\/63"}],"wp:attachment":[{"href":"https:\/\/www.artemadeiras.com.br\/blog\/wp-json\/wp\/v2\/media?parent=61"}],"wp:term":[{"taxonomy":"category","embeddable":true,"href":"https:\/\/www.artemadeiras.com.br\/blog\/wp-json\/wp\/v2\/categories?post=61"},{"taxonomy":"post_tag","embeddable":true,"href":"https:\/\/www.artemadeiras.com.br\/blog\/wp-json\/wp\/v2\/tags?post=61"}],"curies":[{"name":"wp","href":"https:\/\/api.w.org\/{rel}","templated":true}]}}