{"id":54,"date":"2025-11-19T08:24:58","date_gmt":"2025-11-19T11:24:58","guid":{"rendered":"https:\/\/www.artemadeiras.com.br\/blog\/?p=54"},"modified":"2025-11-19T08:27:07","modified_gmt":"2025-11-19T11:27:07","slug":"mdf-branco-em-sp","status":"publish","type":"post","link":"https:\/\/www.artemadeiras.com.br\/blog\/placa-de-mdf\/mdf-branco-em-sp\/","title":{"rendered":"MDF branco: conhe\u00e7a algumas vantagens e dicas importantes"},"content":{"rendered":"<span class=\"rt-reading-time\" style=\"display: block;\"><span class=\"rt-label rt-prefix\">Tempo de leitura<\/span> <span class=\"rt-time\">4<\/span> <span class=\"rt-label rt-postfix\">minutos<\/span><\/span>\n<p>Se est\u00e1 pensando em comprar MDF branco em SP, n\u00e3o feche neg\u00f3cio antes de conferir as dicas que Arte Madeiras separou sobre o assunto. Assim, voc\u00ea conseguir\u00e1 entender se esse material t\u00e3o popular e querido entre marceneiros, arquitetos e decoradores, vale a pena para aplica\u00e7\u00e3o no seu projeto. Separamos cinco t\u00f3picos essenciais, confira!<\/p>\n\n\n\n<div id=\"ez-toc-container\" class=\"ez-toc-v2_0_66_1 counter-hierarchy ez-toc-counter ez-toc-grey ez-toc-container-direction\">\n<div class=\"ez-toc-title-container\">\n<p class=\"ez-toc-title \" >T&oacute;picos do artigo<\/p>\n<span class=\"ez-toc-title-toggle\"><a href=\"#\" class=\"ez-toc-pull-right ez-toc-btn ez-toc-btn-xs ez-toc-btn-default ez-toc-toggle\" aria-label=\"Toggle Table of Content\"><span class=\"ez-toc-js-icon-con\"><span class=\"\"><span class=\"eztoc-hide\" style=\"display:none;\">Toggle<\/span><span class=\"ez-toc-icon-toggle-span\"><svg style=\"fill: #999;color:#999\" xmlns=\"http:\/\/www.w3.org\/2000\/svg\" class=\"list-377408\" width=\"20px\" height=\"20px\" viewBox=\"0 0 24 24\" fill=\"none\"><path d=\"M6 6H4v2h2V6zm14 0H8v2h12V6zM4 11h2v2H4v-2zm16 0H8v2h12v-2zM4 16h2v2H4v-2zm16 0H8v2h12v-2z\" fill=\"currentColor\"><\/path><\/svg><svg style=\"fill: #999;color:#999\" class=\"arrow-unsorted-368013\" xmlns=\"http:\/\/www.w3.org\/2000\/svg\" width=\"10px\" height=\"10px\" viewBox=\"0 0 24 24\" version=\"1.2\" baseProfile=\"tiny\"><path d=\"M18.2 9.3l-6.2-6.3-6.2 6.3c-.2.2-.3.4-.3.7s.1.5.3.7c.2.2.4.3.7.3h11c.3 0 .5-.1.7-.3.2-.2.3-.5.3-.7s-.1-.5-.3-.7zM5.8 14.7l6.2 6.3 6.2-6.3c.2-.2.3-.5.3-.7s-.1-.5-.3-.7c-.2-.2-.4-.3-.7-.3h-11c-.3 0-.5.1-.7.3-.2.2-.3.5-.3.7s.1.5.3.7z\"\/><\/svg><\/span><\/span><\/span><\/a><\/span><\/div>\n<nav><ul class='ez-toc-list ez-toc-list-level-1 ' ><li class='ez-toc-page-1 ez-toc-heading-level-2'><a class=\"ez-toc-link ez-toc-heading-1\" href=\"https:\/\/www.artemadeiras.com.br\/blog\/placa-de-mdf\/mdf-branco-em-sp\/#Conheca_mais_sobre_o_MDF_branco_em_SP\" title=\"Conhe\u00e7a mais sobre o MDF branco em SP\">Conhe\u00e7a mais sobre o MDF branco em SP<\/a><\/li><li class='ez-toc-page-1 ez-toc-heading-level-2'><a class=\"ez-toc-link ez-toc-heading-2\" href=\"https:\/\/www.artemadeiras.com.br\/blog\/placa-de-mdf\/mdf-branco-em-sp\/#Descubra_todas_as_vantagens_que_ele_pode_oferecer\" title=\"Descubra todas as vantagens que ele pode oferecer\">Descubra todas as vantagens que ele pode oferecer<\/a><\/li><li class='ez-toc-page-1 ez-toc-heading-level-2'><a class=\"ez-toc-link ez-toc-heading-3\" href=\"https:\/\/www.artemadeiras.com.br\/blog\/placa-de-mdf\/mdf-branco-em-sp\/#Saiba_quais_sao_os_cuidados_necessarios_e_faca_um_bom_uso\" title=\"Saiba quais s\u00e3o os cuidados necess\u00e1rios e fa\u00e7a um bom uso\">Saiba quais s\u00e3o os cuidados necess\u00e1rios e fa\u00e7a um bom uso<\/a><\/li><li class='ez-toc-page-1 ez-toc-heading-level-2'><a class=\"ez-toc-link ez-toc-heading-4\" href=\"https:\/\/www.artemadeiras.com.br\/blog\/placa-de-mdf\/mdf-branco-em-sp\/#Conheca_algumas_opcoes_disponiveis_no_mercado\" title=\"Conhe\u00e7a algumas op\u00e7\u00f5es dispon\u00edveis no mercado\">Conhe\u00e7a algumas op\u00e7\u00f5es dispon\u00edveis no mercado<\/a><\/li><li class='ez-toc-page-1 ez-toc-heading-level-2'><a class=\"ez-toc-link ez-toc-heading-5\" href=\"https:\/\/www.artemadeiras.com.br\/blog\/placa-de-mdf\/mdf-branco-em-sp\/#Comparativo_MDF_branco_vs_madeira_macica_vs_MDP\" title=\"Comparativo: MDF branco vs madeira maci\u00e7a vs MDP\">Comparativo: MDF branco vs madeira maci\u00e7a vs MDP<\/a><\/li><li class='ez-toc-page-1 ez-toc-heading-level-2'><a class=\"ez-toc-link ez-toc-heading-6\" href=\"https:\/\/www.artemadeiras.com.br\/blog\/placa-de-mdf\/mdf-branco-em-sp\/#Como_escolher_a_espessura_certa_de_MDF_branco\" title=\"Como escolher a espessura certa de MDF branco\">Como escolher a espessura certa de MDF branco<\/a><\/li><li class='ez-toc-page-1 ez-toc-heading-level-2'><a class=\"ez-toc-link ez-toc-heading-7\" href=\"https:\/\/www.artemadeiras.com.br\/blog\/placa-de-mdf\/mdf-branco-em-sp\/#Escolha_uma_fornecedora_de_MDF_branco_em_SP_de_confianca\" title=\"Escolha uma fornecedora de MDF branco em SP de confian\u00e7a\">Escolha uma fornecedora de MDF branco em SP de confian\u00e7a<\/a><\/li><\/ul><\/nav><\/div>\n<h2 class=\"wp-block-heading\"><span class=\"ez-toc-section\" id=\"Conheca_mais_sobre_o_MDF_branco_em_SP\"><\/span>Conhe\u00e7a mais sobre o MDF branco em SP<span class=\"ez-toc-section-end\"><\/span><\/h2>\n\n\n\n<p>Para acertar na compra de MDF branco em SP o primeiro passo \u00e9 entender quais s\u00e3o as caracter\u00edsticas desse material. Portanto, a Arte Madeiras reuniu algumas informa\u00e7\u00f5es sobre a origem e aplica\u00e7\u00e3o da placa.<\/p>\n\n\n<div class=\"wp-block-image\">\n<figure class=\"alignright size-large is-resized\"><img loading=\"lazy\" decoding=\"async\" width=\"1024\" height=\"509\" src=\"https:\/\/www.artemadeiras.com.br\/blog\/wp-content\/uploads\/2021\/08\/MDF-branco-em-SP-1-1024x509.jpg\" alt=\"MDF branco em SP\" class=\"wp-image-55\" style=\"aspect-ratio:2.0122324159021407;width:296px;height:auto\" srcset=\"https:\/\/www.artemadeiras.com.br\/blog\/wp-content\/uploads\/2021\/08\/MDF-branco-em-SP-1-1024x509.jpg 1024w, https:\/\/www.artemadeiras.com.br\/blog\/wp-content\/uploads\/2021\/08\/MDF-branco-em-SP-1-300x149.jpg 300w, https:\/\/www.artemadeiras.com.br\/blog\/wp-content\/uploads\/2021\/08\/MDF-branco-em-SP-1-768x382.jpg 768w, https:\/\/www.artemadeiras.com.br\/blog\/wp-content\/uploads\/2021\/08\/MDF-branco-em-SP-1.jpg 1355w\" sizes=\"auto, (max-width: 1024px) 100vw, 1024px\" \/><\/figure>\n<\/div>\n\n\n<p><strong>Composi\u00e7\u00e3o:<\/strong> o MDF Braco \u00e9 confeccionado com resina sint\u00e9tica e fibras de madeira pinus e eucalipto reflorestado. Assim, \u00e9 conhecido por apresentar uma superf\u00edcie bem uniforme e contar com a possibilidade de ganhar diferentes formas. Ou seja, permite uma variedade maior de op\u00e7\u00f5es para confec\u00e7\u00e3o de pain\u00e9is, por exemplo.&nbsp;<\/p>\n\n\n\n<p><strong>Aplica\u00e7\u00f5es:<\/strong> pe\u00e7as de artesanato, m\u00f3veis, brinquedos, divis\u00f3rias, acabamentos, entre outros.<\/p>\n\n\n\n<h2 class=\"wp-block-heading\"><span class=\"ez-toc-section\" id=\"Descubra_todas_as_vantagens_que_ele_pode_oferecer\"><\/span>Descubra todas as vantagens que ele pode oferecer<span class=\"ez-toc-section-end\"><\/span><\/h2>\n\n\n\n<p>Al\u00e9m de ser muito f\u00e1cil de trabalhar, permitindo v\u00e1rios designs e acabamentos, a aplica\u00e7\u00e3o desse material ainda traz muitas vantagens para o seu projeto. Separamos as principais:<\/p>\n\n\n\n<ul class=\"wp-block-list\">\n<li>superf\u00edcie lisa e uniforme;<\/li>\n\n\n\n<li>material vers\u00e1til;<\/li>\n\n\n\n<li>sustent\u00e1vel;<\/li>\n\n\n\n<li>pode ser facilmente pintado ou envernizado;<\/li>\n\n\n\n<li>\u00e9 excelente em receber ou servir como acabamento;<\/li>\n\n\n\n<li>aceita bem outros revestimentos;<\/li>\n\n\n\n<li>conta com excelente durabilidade!<\/li>\n<\/ul>\n\n\n\n<h2 class=\"wp-block-heading\"><span class=\"ez-toc-section\" id=\"Saiba_quais_sao_os_cuidados_necessarios_e_faca_um_bom_uso\"><\/span>Saiba quais s\u00e3o os cuidados necess\u00e1rios e fa\u00e7a um bom uso<span class=\"ez-toc-section-end\"><\/span><\/h2>\n\n\n\n<p>O ideal \u00e9 que a aplica\u00e7\u00e3o do MDF branco em SP seja feita para uso interno, j\u00e1 que esse material deve ficar <strong>longe da umidade<\/strong>.\u00a0 Al\u00e9m disso, o calor tamb\u00e9m pode causar desgastes nas pe\u00e7as, portanto, evite a exposi\u00e7\u00e3o em ambientes muito quentes.\u00a0<\/p>\n\n\n\n<p>Apesar de algumas restri\u00e7\u00f5es, o MDF pode ser utilizado em m\u00f3veis para o banheiro, por exemplo. \u00c9 preciso apenas <strong>evitar o contato constante com \u00e1gua<\/strong> e fazer a limpeza correta,\u00a0 usando: pano macio, \u00e1gua e detergente.<\/p>\n\n\n\n<ul class=\"wp-block-list\">\n<li><a href=\"https:\/\/www.artemadeiras.com.br\/blog\/compensados\/design-e-resistencia-como-a-chapa-de-compensado-naval-une-estetica-e-performance\/\">Design e resist\u00eancia: como a chapa de compensado naval une est\u00e9tica e performance<\/a><\/li>\n<\/ul>\n\n\n\n<h2 class=\"wp-block-heading\"><span class=\"ez-toc-section\" id=\"Conheca_algumas_opcoes_disponiveis_no_mercado\"><\/span>Conhe\u00e7a algumas op\u00e7\u00f5es dispon\u00edveis no mercado<span class=\"ez-toc-section-end\"><\/span><\/h2>\n\n\n\n<p>Existem alguns tipos de MDF branco em SP, conhe\u00e7a um pouco sobre os dois mais requisitados e avalie qual espessura \u00e9 perfeita para atender \u00e0s suas necessidades!<\/p>\n\n\n\n<p><strong>MDF branco revestido 1 face:<\/strong> conta com espessuras de 06, 09, 15 e 18 mm e medida 2,75 x 1,85 m.<\/p>\n\n\n\n<p><strong>MDF branco revestido 2 faces: <\/strong>possui espessuras maiores, entre 15 e 18 mm, j\u00e1 a medida \u00e9 2,75 x 1,85 m.<\/p>\n\n\n\n<h2 class=\"wp-block-heading\"><span class=\"ez-toc-section\" id=\"Comparativo_MDF_branco_vs_madeira_macica_vs_MDP\"><\/span><strong>Comparativo: MDF branco vs madeira maci\u00e7a vs MDP<\/strong><span class=\"ez-toc-section-end\"><\/span><\/h2>\n\n\n\n<p>Quando pensamos em materiais para m\u00f3veis e projetos personalizados, \u00e9 comum surgir a d\u00favida entre <strong>MDF branco<\/strong>, madeira maci\u00e7a e MDP.&nbsp;<\/p>\n\n\n<div class=\"wp-block-image\">\n<figure class=\"alignright size-full is-resized\"><img loading=\"lazy\" decoding=\"async\" width=\"800\" height=\"450\" src=\"https:\/\/www.artemadeiras.com.br\/blog\/wp-content\/uploads\/2023\/11\/mdf-revest-simples6.jpeg\" alt=\"MDF branco: conhe\u00e7a algumas vantagens e dicas importantes\" class=\"wp-image-339\" style=\"width:302px;height:auto\" srcset=\"https:\/\/www.artemadeiras.com.br\/blog\/wp-content\/uploads\/2023\/11\/mdf-revest-simples6.jpeg 800w, https:\/\/www.artemadeiras.com.br\/blog\/wp-content\/uploads\/2023\/11\/mdf-revest-simples6-300x169.jpeg 300w, https:\/\/www.artemadeiras.com.br\/blog\/wp-content\/uploads\/2023\/11\/mdf-revest-simples6-768x432.jpeg 768w\" sizes=\"auto, (max-width: 800px) 100vw, 800px\" \/><\/figure>\n<\/div>\n\n\n<p>O MDF branco se destaca pela <strong>versatilidade<\/strong>, pela superf\u00edcie lisa que facilita usinagem e pelo <strong>\u00f3timo custo-benef\u00edcio<\/strong>, al\u00e9m de j\u00e1 vir pronto para aplica\u00e7\u00e3o sem necessidade de pintura.&nbsp;<\/p>\n\n\n\n<p>A madeira maci\u00e7a, embora nobre e muito resistente, costuma ter pre\u00e7o elevado, varia\u00e7\u00e3o natural de tonalidade e maior sensibilidade \u00e0 umidade, o que pode exigir manuten\u00e7\u00e3o constante.&nbsp;<\/p>\n\n\n\n<p>J\u00e1 o MDP funciona bem para pe\u00e7as grandes e estruturais, mas n\u00e3o permite detalhes ou recortes com a mesma precis\u00e3o do MDF.\u00a0<\/p>\n\n\n\n<p>No dia a dia de quem precisa equilibrar qualidade, est\u00e9tica e or\u00e7amento, o MDF branco acaba sendo a op\u00e7\u00e3o <strong>mais pr\u00e1tica, est\u00e1vel e econ\u00f4mica<\/strong>, especialmente em m\u00f3veis planejados e ambientes residenciais ou corporativos.<\/p>\n\n\n\n<ul class=\"wp-block-list\">\n<li><a href=\"https:\/\/www.artemadeiras.com.br\/blog\/compensados\/onde-comprar-compensado-de-madeira-encontre-o-que-precisa-na-arte-madeiras\/\">Onde comprar compensado de madeira? Encontre o que precisa na Arte Madeiras<\/a><\/li>\n<\/ul>\n\n\n\n<h2 class=\"wp-block-heading\"><span class=\"ez-toc-section\" id=\"Como_escolher_a_espessura_certa_de_MDF_branco\"><\/span><strong>Como escolher a espessura certa de MDF branco<\/strong><span class=\"ez-toc-section-end\"><\/span><\/h2>\n\n\n\n<p>Ao escolher MDF branco para m\u00f3veis ou projetos decorativos, a espessura da chapa influencia diretamente na resist\u00eancia, estabilidade e acabamento final. Em S\u00e3o Paulo, as chapas mais comuns variam entre 6 mm e 18 mm, cada uma ideal para um tipo de aplica\u00e7\u00e3o.<\/p>\n\n\n\n<ul class=\"wp-block-list\">\n<li><strong>6 mm e 9 mm<\/strong>: S\u00e3o indicados para fundos de m\u00f3veis, divis\u00f3rias internas e aplica\u00e7\u00f5es que n\u00e3o exigem carga estrutural. Funcionam bem em pain\u00e9is decorativos e revestimentos;<br><br><\/li>\n\n\n\n<li><strong>15 mm<\/strong>: Uma das espessuras mais vers\u00e1teis do mercado. \u00c9 ideal para portas, laterais de arm\u00e1rios e nichos de pequeno porte. Equilibra bom desempenho estrutural e custo acess\u00edvel;<br><br><\/li>\n\n\n\n<li><strong>18 mm<\/strong>: \u00c9 a espessura mais utilizada em m\u00f3veis planejados e estruturas que precisam de maior robustez, como tampos, laterais de arm\u00e1rios grandes e prateleiras.<br><\/li>\n<\/ul>\n\n\n\n<p>Antes de comprar, vale tamb\u00e9m observar:<\/p>\n\n\n\n<ul class=\"wp-block-list\">\n<li><strong>Acabamento das faces<\/strong> (se \u00e9 1 face ou 2 faces revestidas);<br><\/li>\n\n\n\n<li><strong>Planicidade da chapa<\/strong>, essencial para m\u00f3veis sob medida;<br><\/li>\n\n\n\n<li><strong>Compatibilidade com ferragens<\/strong>, especialmente dobradi\u00e7as e corredi\u00e7as.<br><\/li>\n<\/ul>\n\n\n\n<p>Escolher a espessura certa ajuda a aumentar a durabilidade do projeto e garante melhor custo-benef\u00edcio.<\/p>\n\n\n\n<h2 class=\"wp-block-heading\"><span class=\"ez-toc-section\" id=\"Escolha_uma_fornecedora_de_MDF_branco_em_SP_de_confianca\"><\/span>Escolha uma fornecedora de MDF branco em SP de confian\u00e7a<span class=\"ez-toc-section-end\"><\/span><\/h2>\n\n\n\n<p>Por fim, mas n\u00e3o menos importante, chegamos a dica final para escolher o melhor MDF branco em SP: comprar em um lugar de confian\u00e7a. <\/p>\n\n\n\n<p>A <strong>Arte Madeiras<\/strong>, est\u00e1 h\u00e1 20 anos no mercado, e \u00e9 refer\u00eancia na distribui\u00e7\u00e3o de materiais para constru\u00e7\u00e3o civil, ind\u00fastria de m\u00f3veis, engenheiros e consumidores finais que est\u00e3o buscando qualidade para seus projetos.<\/p>\n\n\n\n<p>Al\u00e9m de fornecer MDF branco em SP, ainda temos em nosso estoque outros produtos perfeitos para atender a sua demanda, sempre prezando pela <strong>qualidade e respeito \u00e0 natureza<\/strong>. Algumas op\u00e7\u00f5es s\u00e3o: decks, forros, portas, telhados, pinus autoclavados, entre outros. <br><br>N\u00e3o perca tempo! <strong><a href=\"https:\/\/www.artemadeiras.com.br\/contato\" class=\"rank-math-link\">Solicite agora mesmo um or\u00e7amento<\/a><\/strong>.<\/p>\n\n\n\n<ul class=\"wp-block-list\">\n<li>Leia tamb\u00e9m sobre <a aria-label=\"assoalho de madeira em S\u00e3o Paulo (opens in a new tab)\" href=\"https:\/\/www.artemadeiras.com.br\/blog\/assoalhos\/assoalho-de-madeira-em-sao-paulo-conheca-suas-caracteristicas\/\" target=\"_blank\" rel=\"noreferrer noopener\" class=\"rank-math-link\">assoalho de madeira em S\u00e3o Paulo<\/a><\/li>\n<\/ul>\n\n\n<div class=\"wp-block-image\">\n<figure class=\"aligncenter size-full is-resized\"><a href=\"https:\/\/www.artemadeiras.com.br\/\"><img loading=\"lazy\" decoding=\"async\" width=\"255\" height=\"110\" src=\"https:\/\/www.artemadeiras.com.br\/blog\/wp-content\/uploads\/2021\/01\/logo-arte-madeiras.png\" alt=\"Madeiras para telhados em SP\" class=\"wp-image-11\" style=\"width:348px;height:150px\"\/><\/a><\/figure>\n<\/div>","protected":false},"excerpt":{"rendered":"<p><span class=\"rt-reading-time\" style=\"display: block;\"><span class=\"rt-label rt-prefix\">Tempo de leitura<\/span> <span class=\"rt-time\">4<\/span> <span class=\"rt-label rt-postfix\">minutos<\/span><\/span> Se est\u00e1 pensando em comprar MDF branco em SP, n\u00e3o feche neg\u00f3cio antes de conferir as dicas que Arte Madeiras separou sobre o assunto. Assim, voc\u00ea conseguir\u00e1 entender se esse material t\u00e3o popular e querido entre marceneiros, arquitetos e decoradores,&#8230;<\/p>\n","protected":false},"author":1,"featured_media":338,"comment_status":"open","ping_status":"open","sticky":false,"template":"","format":"standard","meta":{"footnotes":""},"categories":[1027],"tags":[50,2754,2772,2779,49,2766,52,2726,2764,2727,2728,2763,2785,2730,2776,2778,2774,2786,2751,2747,2736,2748,2752,2732,2744,2749,2753,2750,47,48,2782,2757,2780,2765,2738,2740,2742,2735,2743,2739,2737,2745,2741,2746,2729,2777,2768,2761,2762,2759,2756,2755,2767,2758,2733,2775,2731,2734,2760,2783,2784,2769,54,53,2770,2773,2781,2771,51],"class_list":["post-54","post","type-post","status-publish","format-standard","has-post-thumbnail","hentry","category-placa-de-mdf","tag-aplicacoes-do-mdf-branco-em-sp","tag-chapa-de-mdf-branco","tag-como-escolher-mdf-branco","tag-como-limpar-mdf-branco","tag-composicao-do-mdf-branco-em-sp","tag-comprar-mdf-branco-em-sp","tag-cuidados-com-mdf-branco-em-sp","tag-empresa-de-mdf-branco","tag-espessura-de-mdf-branco","tag-fornecedor-de-mdf-branco","tag-loja-de-mdf-branco","tag-mdf-branco-acabamento","tag-mdf-branco-combina-com-o-que","tag-mdf-branco-comprar","tag-mdf-branco-e-bom-para-moveis","tag-mdf-branco-e-duravel","tag-mdf-branco-e-resistente","tag-mdf-branco-e-sustentavel","tag-mdf-branco-em-diadema","tag-mdf-branco-em-guarulhos","tag-mdf-branco-em-lauzane-paulista","tag-mdf-branco-em-limao","tag-mdf-branco-em-osasco","tag-mdf-branco-em-promocao","tag-mdf-branco-em-santana","tag-mdf-branco-em-santo-andre","tag-mdf-branco-em-sao-bernardo","tag-mdf-branco-em-sao-caetano","tag-mdf-branco-em-sao-paulo","tag-mdf-branco-em-sp","tag-mdf-branco-empena","tag-mdf-branco-liso","tag-mdf-branco-mancha","tag-mdf-branco-melaminico","tag-mdf-branco-na-agua-branca","tag-mdf-branco-na-cachoeirinha","tag-mdf-branco-na-freguesia-do-o","tag-mdf-branco-na-zona-leste","tag-mdf-branco-na-zona-norte","tag-mdf-branco-na-zona-oeste","tag-mdf-branco-na-zona-sul","tag-mdf-branco-no-abc","tag-mdf-branco-no-centro","tag-mdf-branco-no-imirim","tag-mdf-branco-onde-encontrar","tag-mdf-branco-ou-mdp-qual-melhor","tag-mdf-branco-para-ambientes-internos","tag-mdf-branco-para-armarios","tag-mdf-branco-para-cozinhas","tag-mdf-branco-para-decoracao","tag-mdf-branco-para-marcenaria","tag-mdf-branco-para-moveis","tag-mdf-branco-para-paineis","tag-mdf-branco-para-planejados","tag-mdf-branco-perto-de-mim","tag-mdf-branco-pode-molhar","tag-mdf-branco-preco","tag-mdf-branco-proximo-a-mim","tag-mdf-branco-resistente","tag-mdf-branco-risca-facil","tag-mdf-branco-vale-a-pena","tag-o-que-e-mdf-branco","tag-onde-comprar-mdf-branco-em-sp","tag-opcoes-de-mdf-branco-em-sp","tag-para-que-serve-o-mdf-branco","tag-qual-espessura-de-mdf-branco-usar","tag-qual-mdf-branco-usar-em-cozinha","tag-quanto-custa-mdf-branco","tag-vantagens-do-mdf-branco-em-sp"],"yoast_head":"<!-- This site is optimized with the Yoast SEO plugin v23.6 - https:\/\/yoast.com\/wordpress\/plugins\/seo\/ -->\n<title>MDF branco: conhe\u00e7a algumas vantagens e dicas importantes - Blog | Arte madeiras<\/title>\n<meta name=\"description\" content=\"Saiba por que o MDF branco \u00e9 destaque em SP e veja como ele se compara \u00e0 madeira e ao MDP para m\u00f3veis e diferentes projetos.\" \/>\n<meta name=\"robots\" content=\"index, follow, max-snippet:-1, max-image-preview:large, max-video-preview:-1\" \/>\n<link rel=\"canonical\" href=\"https:\/\/www.artemadeiras.com.br\/blog\/placa-de-mdf\/mdf-branco-em-sp\/\" \/>\n<meta property=\"og:locale\" content=\"pt_BR\" \/>\n<meta property=\"og:type\" content=\"article\" \/>\n<meta property=\"og:title\" content=\"MDF branco: conhe\u00e7a algumas vantagens e dicas importantes - Blog | Arte madeiras\" \/>\n<meta property=\"og:description\" content=\"Saiba por que o MDF branco \u00e9 destaque em SP e veja como ele se compara \u00e0 madeira e ao MDP para m\u00f3veis e diferentes projetos.\" \/>\n<meta property=\"og:url\" content=\"https:\/\/www.artemadeiras.com.br\/blog\/placa-de-mdf\/mdf-branco-em-sp\/\" \/>\n<meta property=\"og:site_name\" content=\"Blog | Arte madeiras\" \/>\n<meta property=\"article:published_time\" content=\"2025-11-19T11:24:58+00:00\" \/>\n<meta property=\"article:modified_time\" content=\"2025-11-19T11:27:07+00:00\" \/>\n<meta property=\"og:image\" content=\"https:\/\/www.artemadeiras.com.br\/blog\/wp-content\/uploads\/2023\/11\/mdf-revest-simples3.jpeg\" \/>\n\t<meta property=\"og:image:width\" content=\"600\" \/>\n\t<meta property=\"og:image:height\" content=\"600\" \/>\n\t<meta property=\"og:image:type\" content=\"image\/jpeg\" \/>\n<meta name=\"author\" content=\"bloomin\" \/>\n<meta name=\"twitter:card\" content=\"summary_large_image\" \/>\n<meta name=\"twitter:label1\" content=\"Escrito por\" \/>\n\t<meta name=\"twitter:data1\" content=\"bloomin\" \/>\n\t<meta name=\"twitter:label2\" content=\"Est. tempo de leitura\" \/>\n\t<meta name=\"twitter:data2\" content=\"6 minutos\" \/>\n<script type=\"application\/ld+json\" class=\"yoast-schema-graph\">{\"@context\":\"https:\/\/schema.org\",\"@graph\":[{\"@type\":\"Article\",\"@id\":\"https:\/\/www.artemadeiras.com.br\/blog\/placa-de-mdf\/mdf-branco-em-sp\/#article\",\"isPartOf\":{\"@id\":\"https:\/\/www.artemadeiras.com.br\/blog\/placa-de-mdf\/mdf-branco-em-sp\/\"},\"author\":{\"name\":\"bloomin\",\"@id\":\"https:\/\/www.artemadeiras.com.br\/blog\/#\/schema\/person\/03c7826df62479a35ffcf10a5a652727\"},\"headline\":\"MDF branco: conhe\u00e7a algumas vantagens e dicas importantes\",\"datePublished\":\"2025-11-19T11:24:58+00:00\",\"dateModified\":\"2025-11-19T11:27:07+00:00\",\"mainEntityOfPage\":{\"@id\":\"https:\/\/www.artemadeiras.com.br\/blog\/placa-de-mdf\/mdf-branco-em-sp\/\"},\"wordCount\":926,\"commentCount\":0,\"publisher\":{\"@id\":\"https:\/\/www.artemadeiras.com.br\/blog\/#organization\"},\"image\":{\"@id\":\"https:\/\/www.artemadeiras.com.br\/blog\/placa-de-mdf\/mdf-branco-em-sp\/#primaryimage\"},\"thumbnailUrl\":\"https:\/\/www.artemadeiras.com.br\/blog\/wp-content\/uploads\/2023\/11\/mdf-revest-simples3.jpeg\",\"keywords\":[\"aplica\u00e7\u00f5es do MDF branco em SP\",\"chapa de mdf branco\",\"como escolher mdf branco\",\"como limpar mdf branco\",\"composi\u00e7\u00e3o do MDF branco em SP\",\"comprar mdf branco em sp\",\"cuidados com MDF branco em SP\",\"empresa de MDF branco\",\"espessura de mdf branco\",\"fornecedor de MDF branco\",\"loja de MDF branco\",\"mdf branco acabamento\",\"mdf branco combina com o qu\u00ea\",\"MDF branco comprar\",\"mdf branco \u00e9 bom para m\u00f3veis\",\"mdf branco \u00e9 dur\u00e1vel\",\"mdf branco \u00e9 resistente\",\"mdf branco \u00e9 sustent\u00e1vel\",\"MDF branco em Diadema\",\"MDF branco em Guarulhos\",\"MDF branco em Lauzane Paulista\",\"MDF branco em Lim\u00e3o\",\"MDF branco em Osasco\",\"MDF branco em promo\u00e7\u00e3o\",\"MDF branco em Santana\",\"MDF branco em Santo Andr\u00e9\",\"MDF branco em S\u00e3o Bernardo\",\"MDF branco em S\u00e3o Caetano\",\"MDF branco em S\u00e3o Paulo\",\"MDF branco em SP\",\"mdf branco empena\",\"mdf branco liso\",\"mdf branco mancha\",\"mdf branco melam\u00ednico\",\"MDF branco na \u00c1gua Branca\",\"MDF branco na Cachoeirinha\",\"MDF branco na Freguesia do \u00d3\",\"MDF branco na zona leste\",\"MDF branco na zona norte\",\"MDF branco na zona oeste\",\"MDF branco na zona sul\",\"MDF branco no ABC\",\"MDF branco no centro\",\"MDF branco no Imirim\",\"MDF branco onde encontrar\",\"mdf branco ou mdp qual melhor\",\"mdf branco para ambientes internos\",\"mdf branco para arm\u00e1rios\",\"mdf branco para cozinhas\",\"mdf branco para decora\u00e7\u00e3o\",\"mdf branco para marcenaria\",\"mdf branco para m\u00f3veis\",\"mdf branco para pain\u00e9is\",\"mdf branco para planejados\",\"MDF branco perto de mim\",\"mdf branco pode molhar\",\"MDF branco pre\u00e7o\",\"MDF branco pr\u00f3ximo a mim\",\"mdf branco resistente\",\"mdf branco risca f\u00e1cil\",\"mdf branco vale a pena\",\"o que \u00e9 mdf branco\",\"onde comprar MDF branco em SP\",\"op\u00e7\u00f5es de MDF branco em SP\",\"para que serve o mdf branco\",\"qual espessura de mdf branco usar\",\"qual mdf branco usar em cozinha\",\"quanto custa mdf branco\",\"vantagens do MDF branco em SP\"],\"articleSection\":[\"Placa de MDf\"],\"inLanguage\":\"pt-BR\",\"potentialAction\":[{\"@type\":\"CommentAction\",\"name\":\"Comment\",\"target\":[\"https:\/\/www.artemadeiras.com.br\/blog\/placa-de-mdf\/mdf-branco-em-sp\/#respond\"]}]},{\"@type\":\"WebPage\",\"@id\":\"https:\/\/www.artemadeiras.com.br\/blog\/placa-de-mdf\/mdf-branco-em-sp\/\",\"url\":\"https:\/\/www.artemadeiras.com.br\/blog\/placa-de-mdf\/mdf-branco-em-sp\/\",\"name\":\"MDF branco: conhe\u00e7a algumas vantagens e dicas importantes - Blog | Arte madeiras\",\"isPartOf\":{\"@id\":\"https:\/\/www.artemadeiras.com.br\/blog\/#website\"},\"primaryImageOfPage\":{\"@id\":\"https:\/\/www.artemadeiras.com.br\/blog\/placa-de-mdf\/mdf-branco-em-sp\/#primaryimage\"},\"image\":{\"@id\":\"https:\/\/www.artemadeiras.com.br\/blog\/placa-de-mdf\/mdf-branco-em-sp\/#primaryimage\"},\"thumbnailUrl\":\"https:\/\/www.artemadeiras.com.br\/blog\/wp-content\/uploads\/2023\/11\/mdf-revest-simples3.jpeg\",\"datePublished\":\"2025-11-19T11:24:58+00:00\",\"dateModified\":\"2025-11-19T11:27:07+00:00\",\"description\":\"Saiba por que o MDF branco \u00e9 destaque em SP e veja como ele se compara \u00e0 madeira e ao MDP para m\u00f3veis e diferentes projetos.\",\"breadcrumb\":{\"@id\":\"https:\/\/www.artemadeiras.com.br\/blog\/placa-de-mdf\/mdf-branco-em-sp\/#breadcrumb\"},\"inLanguage\":\"pt-BR\",\"potentialAction\":[{\"@type\":\"ReadAction\",\"target\":[\"https:\/\/www.artemadeiras.com.br\/blog\/placa-de-mdf\/mdf-branco-em-sp\/\"]}]},{\"@type\":\"ImageObject\",\"inLanguage\":\"pt-BR\",\"@id\":\"https:\/\/www.artemadeiras.com.br\/blog\/placa-de-mdf\/mdf-branco-em-sp\/#primaryimage\",\"url\":\"https:\/\/www.artemadeiras.com.br\/blog\/wp-content\/uploads\/2023\/11\/mdf-revest-simples3.jpeg\",\"contentUrl\":\"https:\/\/www.artemadeiras.com.br\/blog\/wp-content\/uploads\/2023\/11\/mdf-revest-simples3.jpeg\",\"width\":600,\"height\":600,\"caption\":\"MDF branco: conhe\u00e7a algumas vantagens e dicas importantes\"},{\"@type\":\"BreadcrumbList\",\"@id\":\"https:\/\/www.artemadeiras.com.br\/blog\/placa-de-mdf\/mdf-branco-em-sp\/#breadcrumb\",\"itemListElement\":[{\"@type\":\"ListItem\",\"position\":1,\"name\":\"In\u00edcio\",\"item\":\"https:\/\/www.artemadeiras.com.br\/blog\/\"},{\"@type\":\"ListItem\",\"position\":2,\"name\":\"MDF branco: conhe\u00e7a algumas vantagens e dicas importantes\"}]},{\"@type\":\"WebSite\",\"@id\":\"https:\/\/www.artemadeiras.com.br\/blog\/#website\",\"url\":\"https:\/\/www.artemadeiras.com.br\/blog\/\",\"name\":\"Blog | Arte madeiras\",\"description\":\"Dicas e Novidades sobre Madeiras\",\"publisher\":{\"@id\":\"https:\/\/www.artemadeiras.com.br\/blog\/#organization\"},\"potentialAction\":[{\"@type\":\"SearchAction\",\"target\":{\"@type\":\"EntryPoint\",\"urlTemplate\":\"https:\/\/www.artemadeiras.com.br\/blog\/?s={search_term_string}\"},\"query-input\":{\"@type\":\"PropertyValueSpecification\",\"valueRequired\":true,\"valueName\":\"search_term_string\"}}],\"inLanguage\":\"pt-BR\"},{\"@type\":\"Organization\",\"@id\":\"https:\/\/www.artemadeiras.com.br\/blog\/#organization\",\"name\":\"Blog | Arte madeiras\",\"url\":\"https:\/\/www.artemadeiras.com.br\/blog\/\",\"logo\":{\"@type\":\"ImageObject\",\"inLanguage\":\"pt-BR\",\"@id\":\"https:\/\/www.artemadeiras.com.br\/blog\/#\/schema\/logo\/image\/\",\"url\":\"https:\/\/www.artemadeiras.com.br\/blog\/wp-content\/uploads\/2021\/01\/logo-arte-madeiras.png\",\"contentUrl\":\"https:\/\/www.artemadeiras.com.br\/blog\/wp-content\/uploads\/2021\/01\/logo-arte-madeiras.png\",\"width\":255,\"height\":110,\"caption\":\"Blog | Arte madeiras\"},\"image\":{\"@id\":\"https:\/\/www.artemadeiras.com.br\/blog\/#\/schema\/logo\/image\/\"}},{\"@type\":\"Person\",\"@id\":\"https:\/\/www.artemadeiras.com.br\/blog\/#\/schema\/person\/03c7826df62479a35ffcf10a5a652727\",\"name\":\"bloomin\",\"image\":{\"@type\":\"ImageObject\",\"inLanguage\":\"pt-BR\",\"@id\":\"https:\/\/www.artemadeiras.com.br\/blog\/#\/schema\/person\/image\/\",\"url\":\"https:\/\/secure.gravatar.com\/avatar\/161a7ea08f1b8bd365e1697a2453e6c719201075da8bdf298a1c2fc5455ba35d?s=96&d=mm&r=g\",\"contentUrl\":\"https:\/\/secure.gravatar.com\/avatar\/161a7ea08f1b8bd365e1697a2453e6c719201075da8bdf298a1c2fc5455ba35d?s=96&d=mm&r=g\",\"caption\":\"bloomin\"},\"sameAs\":[\"https:\/\/www.artemadeiras.com.br\/blog\"],\"url\":\"https:\/\/www.artemadeiras.com.br\/blog\/author\/bloomin\/\"}]}<\/script>\n<!-- \/ Yoast SEO plugin. -->","yoast_head_json":{"title":"MDF branco: conhe\u00e7a algumas vantagens e dicas importantes - Blog | Arte madeiras","description":"Saiba por que o MDF branco \u00e9 destaque em SP e veja como ele se compara \u00e0 madeira e ao MDP para m\u00f3veis e diferentes projetos.","robots":{"index":"index","follow":"follow","max-snippet":"max-snippet:-1","max-image-preview":"max-image-preview:large","max-video-preview":"max-video-preview:-1"},"canonical":"https:\/\/www.artemadeiras.com.br\/blog\/placa-de-mdf\/mdf-branco-em-sp\/","og_locale":"pt_BR","og_type":"article","og_title":"MDF branco: conhe\u00e7a algumas vantagens e dicas importantes - Blog | Arte madeiras","og_description":"Saiba por que o MDF branco \u00e9 destaque em SP e veja como ele se compara \u00e0 madeira e ao MDP para m\u00f3veis e diferentes projetos.","og_url":"https:\/\/www.artemadeiras.com.br\/blog\/placa-de-mdf\/mdf-branco-em-sp\/","og_site_name":"Blog | Arte madeiras","article_published_time":"2025-11-19T11:24:58+00:00","article_modified_time":"2025-11-19T11:27:07+00:00","og_image":[{"width":600,"height":600,"url":"https:\/\/www.artemadeiras.com.br\/blog\/wp-content\/uploads\/2023\/11\/mdf-revest-simples3.jpeg","type":"image\/jpeg"}],"author":"bloomin","twitter_card":"summary_large_image","twitter_misc":{"Escrito por":"bloomin","Est. tempo de leitura":"6 minutos"},"schema":{"@context":"https:\/\/schema.org","@graph":[{"@type":"Article","@id":"https:\/\/www.artemadeiras.com.br\/blog\/placa-de-mdf\/mdf-branco-em-sp\/#article","isPartOf":{"@id":"https:\/\/www.artemadeiras.com.br\/blog\/placa-de-mdf\/mdf-branco-em-sp\/"},"author":{"name":"bloomin","@id":"https:\/\/www.artemadeiras.com.br\/blog\/#\/schema\/person\/03c7826df62479a35ffcf10a5a652727"},"headline":"MDF branco: conhe\u00e7a algumas vantagens e dicas importantes","datePublished":"2025-11-19T11:24:58+00:00","dateModified":"2025-11-19T11:27:07+00:00","mainEntityOfPage":{"@id":"https:\/\/www.artemadeiras.com.br\/blog\/placa-de-mdf\/mdf-branco-em-sp\/"},"wordCount":926,"commentCount":0,"publisher":{"@id":"https:\/\/www.artemadeiras.com.br\/blog\/#organization"},"image":{"@id":"https:\/\/www.artemadeiras.com.br\/blog\/placa-de-mdf\/mdf-branco-em-sp\/#primaryimage"},"thumbnailUrl":"https:\/\/www.artemadeiras.com.br\/blog\/wp-content\/uploads\/2023\/11\/mdf-revest-simples3.jpeg","keywords":["aplica\u00e7\u00f5es do MDF branco em SP","chapa de mdf branco","como escolher mdf branco","como limpar mdf branco","composi\u00e7\u00e3o do MDF branco em SP","comprar mdf branco em sp","cuidados com MDF branco em SP","empresa de MDF branco","espessura de mdf branco","fornecedor de MDF branco","loja de MDF branco","mdf branco acabamento","mdf branco combina com o qu\u00ea","MDF branco comprar","mdf branco \u00e9 bom para m\u00f3veis","mdf branco \u00e9 dur\u00e1vel","mdf branco \u00e9 resistente","mdf branco \u00e9 sustent\u00e1vel","MDF branco em Diadema","MDF branco em Guarulhos","MDF branco em Lauzane Paulista","MDF branco em Lim\u00e3o","MDF branco em Osasco","MDF branco em promo\u00e7\u00e3o","MDF branco em Santana","MDF branco em Santo Andr\u00e9","MDF branco em S\u00e3o Bernardo","MDF branco em S\u00e3o Caetano","MDF branco em S\u00e3o Paulo","MDF branco em SP","mdf branco empena","mdf branco liso","mdf branco mancha","mdf branco melam\u00ednico","MDF branco na \u00c1gua Branca","MDF branco na Cachoeirinha","MDF branco na Freguesia do \u00d3","MDF branco na zona leste","MDF branco na zona norte","MDF branco na zona oeste","MDF branco na zona sul","MDF branco no ABC","MDF branco no centro","MDF branco no Imirim","MDF branco onde encontrar","mdf branco ou mdp qual melhor","mdf branco para ambientes internos","mdf branco para arm\u00e1rios","mdf branco para cozinhas","mdf branco para decora\u00e7\u00e3o","mdf branco para marcenaria","mdf branco para m\u00f3veis","mdf branco para pain\u00e9is","mdf branco para planejados","MDF branco perto de mim","mdf branco pode molhar","MDF branco pre\u00e7o","MDF branco pr\u00f3ximo a mim","mdf branco resistente","mdf branco risca f\u00e1cil","mdf branco vale a pena","o que \u00e9 mdf branco","onde comprar MDF branco em SP","op\u00e7\u00f5es de MDF branco em SP","para que serve o mdf branco","qual espessura de mdf branco usar","qual mdf branco usar em cozinha","quanto custa mdf branco","vantagens do MDF branco em SP"],"articleSection":["Placa de MDf"],"inLanguage":"pt-BR","potentialAction":[{"@type":"CommentAction","name":"Comment","target":["https:\/\/www.artemadeiras.com.br\/blog\/placa-de-mdf\/mdf-branco-em-sp\/#respond"]}]},{"@type":"WebPage","@id":"https:\/\/www.artemadeiras.com.br\/blog\/placa-de-mdf\/mdf-branco-em-sp\/","url":"https:\/\/www.artemadeiras.com.br\/blog\/placa-de-mdf\/mdf-branco-em-sp\/","name":"MDF branco: conhe\u00e7a algumas vantagens e dicas importantes - Blog | Arte madeiras","isPartOf":{"@id":"https:\/\/www.artemadeiras.com.br\/blog\/#website"},"primaryImageOfPage":{"@id":"https:\/\/www.artemadeiras.com.br\/blog\/placa-de-mdf\/mdf-branco-em-sp\/#primaryimage"},"image":{"@id":"https:\/\/www.artemadeiras.com.br\/blog\/placa-de-mdf\/mdf-branco-em-sp\/#primaryimage"},"thumbnailUrl":"https:\/\/www.artemadeiras.com.br\/blog\/wp-content\/uploads\/2023\/11\/mdf-revest-simples3.jpeg","datePublished":"2025-11-19T11:24:58+00:00","dateModified":"2025-11-19T11:27:07+00:00","description":"Saiba por que o MDF branco \u00e9 destaque em SP e veja como ele se compara \u00e0 madeira e ao MDP para m\u00f3veis e diferentes projetos.","breadcrumb":{"@id":"https:\/\/www.artemadeiras.com.br\/blog\/placa-de-mdf\/mdf-branco-em-sp\/#breadcrumb"},"inLanguage":"pt-BR","potentialAction":[{"@type":"ReadAction","target":["https:\/\/www.artemadeiras.com.br\/blog\/placa-de-mdf\/mdf-branco-em-sp\/"]}]},{"@type":"ImageObject","inLanguage":"pt-BR","@id":"https:\/\/www.artemadeiras.com.br\/blog\/placa-de-mdf\/mdf-branco-em-sp\/#primaryimage","url":"https:\/\/www.artemadeiras.com.br\/blog\/wp-content\/uploads\/2023\/11\/mdf-revest-simples3.jpeg","contentUrl":"https:\/\/www.artemadeiras.com.br\/blog\/wp-content\/uploads\/2023\/11\/mdf-revest-simples3.jpeg","width":600,"height":600,"caption":"MDF branco: conhe\u00e7a algumas vantagens e dicas importantes"},{"@type":"BreadcrumbList","@id":"https:\/\/www.artemadeiras.com.br\/blog\/placa-de-mdf\/mdf-branco-em-sp\/#breadcrumb","itemListElement":[{"@type":"ListItem","position":1,"name":"In\u00edcio","item":"https:\/\/www.artemadeiras.com.br\/blog\/"},{"@type":"ListItem","position":2,"name":"MDF branco: conhe\u00e7a algumas vantagens e dicas importantes"}]},{"@type":"WebSite","@id":"https:\/\/www.artemadeiras.com.br\/blog\/#website","url":"https:\/\/www.artemadeiras.com.br\/blog\/","name":"Blog | Arte madeiras","description":"Dicas e Novidades sobre Madeiras","publisher":{"@id":"https:\/\/www.artemadeiras.com.br\/blog\/#organization"},"potentialAction":[{"@type":"SearchAction","target":{"@type":"EntryPoint","urlTemplate":"https:\/\/www.artemadeiras.com.br\/blog\/?s={search_term_string}"},"query-input":{"@type":"PropertyValueSpecification","valueRequired":true,"valueName":"search_term_string"}}],"inLanguage":"pt-BR"},{"@type":"Organization","@id":"https:\/\/www.artemadeiras.com.br\/blog\/#organization","name":"Blog | Arte madeiras","url":"https:\/\/www.artemadeiras.com.br\/blog\/","logo":{"@type":"ImageObject","inLanguage":"pt-BR","@id":"https:\/\/www.artemadeiras.com.br\/blog\/#\/schema\/logo\/image\/","url":"https:\/\/www.artemadeiras.com.br\/blog\/wp-content\/uploads\/2021\/01\/logo-arte-madeiras.png","contentUrl":"https:\/\/www.artemadeiras.com.br\/blog\/wp-content\/uploads\/2021\/01\/logo-arte-madeiras.png","width":255,"height":110,"caption":"Blog | Arte madeiras"},"image":{"@id":"https:\/\/www.artemadeiras.com.br\/blog\/#\/schema\/logo\/image\/"}},{"@type":"Person","@id":"https:\/\/www.artemadeiras.com.br\/blog\/#\/schema\/person\/03c7826df62479a35ffcf10a5a652727","name":"bloomin","image":{"@type":"ImageObject","inLanguage":"pt-BR","@id":"https:\/\/www.artemadeiras.com.br\/blog\/#\/schema\/person\/image\/","url":"https:\/\/secure.gravatar.com\/avatar\/161a7ea08f1b8bd365e1697a2453e6c719201075da8bdf298a1c2fc5455ba35d?s=96&d=mm&r=g","contentUrl":"https:\/\/secure.gravatar.com\/avatar\/161a7ea08f1b8bd365e1697a2453e6c719201075da8bdf298a1c2fc5455ba35d?s=96&d=mm&r=g","caption":"bloomin"},"sameAs":["https:\/\/www.artemadeiras.com.br\/blog"],"url":"https:\/\/www.artemadeiras.com.br\/blog\/author\/bloomin\/"}]}},"_links":{"self":[{"href":"https:\/\/www.artemadeiras.com.br\/blog\/wp-json\/wp\/v2\/posts\/54","targetHints":{"allow":["GET"]}}],"collection":[{"href":"https:\/\/www.artemadeiras.com.br\/blog\/wp-json\/wp\/v2\/posts"}],"about":[{"href":"https:\/\/www.artemadeiras.com.br\/blog\/wp-json\/wp\/v2\/types\/post"}],"author":[{"embeddable":true,"href":"https:\/\/www.artemadeiras.com.br\/blog\/wp-json\/wp\/v2\/users\/1"}],"replies":[{"embeddable":true,"href":"https:\/\/www.artemadeiras.com.br\/blog\/wp-json\/wp\/v2\/comments?post=54"}],"version-history":[{"count":4,"href":"https:\/\/www.artemadeiras.com.br\/blog\/wp-json\/wp\/v2\/posts\/54\/revisions"}],"predecessor-version":[{"id":340,"href":"https:\/\/www.artemadeiras.com.br\/blog\/wp-json\/wp\/v2\/posts\/54\/revisions\/340"}],"wp:featuredmedia":[{"embeddable":true,"href":"https:\/\/www.artemadeiras.com.br\/blog\/wp-json\/wp\/v2\/media\/338"}],"wp:attachment":[{"href":"https:\/\/www.artemadeiras.com.br\/blog\/wp-json\/wp\/v2\/media?parent=54"}],"wp:term":[{"taxonomy":"category","embeddable":true,"href":"https:\/\/www.artemadeiras.com.br\/blog\/wp-json\/wp\/v2\/categories?post=54"},{"taxonomy":"post_tag","embeddable":true,"href":"https:\/\/www.artemadeiras.com.br\/blog\/wp-json\/wp\/v2\/tags?post=54"}],"curies":[{"name":"wp","href":"https:\/\/api.w.org\/{rel}","templated":true}]}}