{"id":409,"date":"2026-04-27T09:04:24","date_gmt":"2026-04-27T12:04:24","guid":{"rendered":"https:\/\/www.artemadeiras.com.br\/blog\/?p=409"},"modified":"2026-04-27T09:04:25","modified_gmt":"2026-04-27T12:04:25","slug":"placas-de-madeira-compensada-o-que-avaliar-antes-da-compra","status":"publish","type":"post","link":"https:\/\/www.artemadeiras.com.br\/blog\/madeiras\/placas-de-madeira-compensada-o-que-avaliar-antes-da-compra\/","title":{"rendered":"Placas de madeira compensada: o que avaliar antes da compra"},"content":{"rendered":"<span class=\"rt-reading-time\" style=\"display: block;\"><span class=\"rt-label rt-prefix\">Tempo de leitura<\/span> <span class=\"rt-time\">4<\/span> <span class=\"rt-label rt-postfix\">minutos<\/span><\/span>\n<p><strong><em>Antes de comprar placas de madeira compensada, saiba avaliar espessura, qualidade e tipo de uso. Guia pr\u00e1tico para fazer a escolha certa no seu projeto<\/em><\/strong><\/p>\n\n\n\n<p>Quem trabalha com marcenaria ou constru\u00e7\u00e3o civil j\u00e1 sabe que escolher mal o material no come\u00e7o do projeto custa caro no final.&nbsp;<\/p>\n\n\n\n<p>Com as placas de madeira compensada, esse cuidado faz ainda mais diferen\u00e7a, porque as varia\u00e7\u00f5es entre um tipo e outro s\u00e3o maiores do que parecem \u00e0 primeira vista.<\/p>\n\n\n\n<p>A madeira compensada \u00e9 um dos materiais mais vers\u00e1teis da constru\u00e7\u00e3o e da marcenaria. Serve para m\u00f3veis, forros, revestimentos, estruturas e muito mais. Mas justamente por essa amplitude de uso, cada projeto exige uma an\u00e1lise espec\u00edfica antes da compra.<\/p>\n\n\n\n<p>O objetivo aqui \u00e9 direto: apresentar os crit\u00e9rios que realmente importam na hora de avaliar uma chapa compensada, para que a escolha seja t\u00e9cnica, segura e economicamente inteligente.<\/p>\n\n\n\n<ul class=\"wp-block-list\">\n<li><a href=\"https:\/\/www.artemadeiras.com.br\/blog\/forros\/lambril-de-madeira-para-forro-vale-o-investimento\/\" target=\"_blank\" aria-label=\" (opens in a new tab)\" rel=\"noreferrer noopener\" class=\"rank-math-link\"><strong>Lambril de madeira para forro: vale o investimento<\/strong><\/a><\/li>\n<\/ul>\n\n\n\n<div id=\"ez-toc-container\" class=\"ez-toc-v2_0_66_1 counter-hierarchy ez-toc-counter ez-toc-grey ez-toc-container-direction\">\n<div class=\"ez-toc-title-container\">\n<p class=\"ez-toc-title \" >T&oacute;picos do artigo<\/p>\n<span class=\"ez-toc-title-toggle\"><a href=\"#\" class=\"ez-toc-pull-right ez-toc-btn ez-toc-btn-xs ez-toc-btn-default ez-toc-toggle\" aria-label=\"Toggle Table of Content\"><span class=\"ez-toc-js-icon-con\"><span class=\"\"><span class=\"eztoc-hide\" style=\"display:none;\">Toggle<\/span><span class=\"ez-toc-icon-toggle-span\"><svg style=\"fill: #999;color:#999\" xmlns=\"http:\/\/www.w3.org\/2000\/svg\" class=\"list-377408\" width=\"20px\" height=\"20px\" viewBox=\"0 0 24 24\" fill=\"none\"><path d=\"M6 6H4v2h2V6zm14 0H8v2h12V6zM4 11h2v2H4v-2zm16 0H8v2h12v-2zM4 16h2v2H4v-2zm16 0H8v2h12v-2z\" fill=\"currentColor\"><\/path><\/svg><svg style=\"fill: #999;color:#999\" class=\"arrow-unsorted-368013\" xmlns=\"http:\/\/www.w3.org\/2000\/svg\" width=\"10px\" height=\"10px\" viewBox=\"0 0 24 24\" version=\"1.2\" baseProfile=\"tiny\"><path d=\"M18.2 9.3l-6.2-6.3-6.2 6.3c-.2.2-.3.4-.3.7s.1.5.3.7c.2.2.4.3.7.3h11c.3 0 .5-.1.7-.3.2-.2.3-.5.3-.7s-.1-.5-.3-.7zM5.8 14.7l6.2 6.3 6.2-6.3c.2-.2.3-.5.3-.7s-.1-.5-.3-.7c-.2-.2-.4-.3-.7-.3h-11c-.3 0-.5.1-.7.3-.2.2-.3.5-.3.7s.1.5.3.7z\"\/><\/svg><\/span><\/span><\/span><\/a><\/span><\/div>\n<nav><ul class='ez-toc-list ez-toc-list-level-1 ' ><li class='ez-toc-page-1 ez-toc-heading-level-2'><a class=\"ez-toc-link ez-toc-heading-1\" href=\"https:\/\/www.artemadeiras.com.br\/blog\/madeiras\/placas-de-madeira-compensada-o-que-avaliar-antes-da-compra\/#O_que_sao_as_placas_de_madeira_compensada\" title=\"O que s\u00e3o as placas de madeira compensada?\">O que s\u00e3o as placas de madeira compensada?<\/a><\/li><li class='ez-toc-page-1 ez-toc-heading-level-2'><a class=\"ez-toc-link ez-toc-heading-2\" href=\"https:\/\/www.artemadeiras.com.br\/blog\/madeiras\/placas-de-madeira-compensada-o-que-avaliar-antes-da-compra\/#Como_a_espessura_influencia_na_aplicacao\" title=\"Como a espessura influencia na aplica\u00e7\u00e3o?\">Como a espessura influencia na aplica\u00e7\u00e3o?<\/a><\/li><li class='ez-toc-page-1 ez-toc-heading-level-2'><a class=\"ez-toc-link ez-toc-heading-3\" href=\"https:\/\/www.artemadeiras.com.br\/blog\/madeiras\/placas-de-madeira-compensada-o-que-avaliar-antes-da-compra\/#Tipos_de_compensado_e_suas_diferencas_praticas\" title=\"Tipos de compensado e suas diferen\u00e7as pr\u00e1ticas\">Tipos de compensado e suas diferen\u00e7as pr\u00e1ticas<\/a><\/li><li class='ez-toc-page-1 ez-toc-heading-level-2'><a class=\"ez-toc-link ez-toc-heading-4\" href=\"https:\/\/www.artemadeiras.com.br\/blog\/madeiras\/placas-de-madeira-compensada-o-que-avaliar-antes-da-compra\/#A_classificacao_por_qualidade_de_superficie\" title=\"A classifica\u00e7\u00e3o por qualidade de superf\u00edcie\">A classifica\u00e7\u00e3o por qualidade de superf\u00edcie<\/a><\/li><li class='ez-toc-page-1 ez-toc-heading-level-2'><a class=\"ez-toc-link ez-toc-heading-5\" href=\"https:\/\/www.artemadeiras.com.br\/blog\/madeiras\/placas-de-madeira-compensada-o-que-avaliar-antes-da-compra\/#Por_que_o_tipo_de_cola_faz_diferenca\" title=\"Por que o tipo de cola faz diferen\u00e7a?\">Por que o tipo de cola faz diferen\u00e7a?<\/a><\/li><li class='ez-toc-page-1 ez-toc-heading-level-2'><a class=\"ez-toc-link ez-toc-heading-6\" href=\"https:\/\/www.artemadeiras.com.br\/blog\/madeiras\/placas-de-madeira-compensada-o-que-avaliar-antes-da-compra\/#A_escolha_certa_comeca_no_fornecedor\" title=\"A escolha certa come\u00e7a no fornecedor\">A escolha certa come\u00e7a no fornecedor<\/a><\/li><\/ul><\/nav><\/div>\n<h2 class=\"wp-block-heading\"><span class=\"ez-toc-section\" id=\"O_que_sao_as_placas_de_madeira_compensada\"><\/span>O que s\u00e3o as placas de madeira compensada?<span class=\"ez-toc-section-end\"><\/span><\/h2>\n\n\n\n<p>As placas de madeira compensada s\u00e3o formadas por l\u00e2minas de madeira sobrepostas e coladas em dire\u00e7\u00f5es alternadas, o que distribui melhor a tens\u00e3o e aumenta a estabilidade dimensional. Esse processo \u00e9 o que garante resist\u00eancia superior \u00e0 madeira maci\u00e7a em diversas aplica\u00e7\u00f5es.<\/p>\n\n\n\n<p>Cada camada, chamada de l\u00e2mina ou folha, \u00e9 pressionada com adesivo sob alta temperatura. O n\u00famero de l\u00e2minas varia conforme a espessura da chapa, e essa composi\u00e7\u00e3o influencia no comportamento do material sob carga, umidade e temperatura.<\/p>\n\n\n\n<p>Conhecer essa estrutura \u00e9 o ponto de partida para entender por que duas chapas do mesmo tamanho podem ter desempenhos t\u00e3o diferentes dependendo da origem, da esp\u00e9cie de madeira usada e do tipo de cola empregado.<\/p>\n\n\n\n<ul class=\"wp-block-list\">\n<li><a href=\"https:\/\/www.artemadeiras.com.br\/blog\/compensados\/onde-comprar-compensado-de-madeira-encontre-o-que-precisa-na-arte-madeiras\/\" target=\"_blank\" aria-label=\" (opens in a new tab)\" rel=\"noreferrer noopener\" class=\"rank-math-link\"><strong>Onde comprar compensado de madeira? Encontre o que precisa na Arte Madeiras<\/strong><\/a><\/li>\n<\/ul>\n\n\n\n<h2 class=\"wp-block-heading\"><span class=\"ez-toc-section\" id=\"Como_a_espessura_influencia_na_aplicacao\"><\/span>Como a espessura influencia na aplica\u00e7\u00e3o?<span class=\"ez-toc-section-end\"><\/span><\/h2>\n\n\n\n<p>A espessura da chapa compensada \u00e9 um dos primeiros crit\u00e9rios a definir antes de qualquer compra. Uma chapa de 6 mm tem usos muito distintos de uma de 18 mm ou 25 mm, e confundir esses valores resulta em problemas estruturais ou desperd\u00edcio de material.<\/p>\n\n\n\n<p>Para fundo de gavetas e pain\u00e9is decorativos, espessuras menores costumam ser suficientes. J\u00e1 para tampos, estrados, formas de concreto ou estruturas que recebem carga, o correto \u00e9 optar por chapas mais espessas e com maior n\u00famero de l\u00e2minas internas.<\/p>\n\n\n\n<p>Definir a espessura antes da compra, com base em um memorial descritivo ou projeto t\u00e9cnico, evita retrabalho e reduz o custo total do projeto.<\/p>\n\n\n\n<ul class=\"wp-block-list\">\n<li><a href=\"https:\/\/www.artemadeiras.com.br\/blog\/viga-de-madeira\/tipos-de-vigas-de-madeira-quais-existem-e-como-escolher-a-ideal-para-sua-obra\/\" target=\"_blank\" aria-label=\" (opens in a new tab)\" rel=\"noreferrer noopener\" class=\"rank-math-link\"><strong>Tipos de vigas de madeira: quais existem e como escolher a ideal para sua obra<\/strong><\/a><\/li>\n<\/ul>\n\n\n\n<h2 class=\"wp-block-heading\"><span class=\"ez-toc-section\" id=\"Tipos_de_compensado_e_suas_diferencas_praticas\"><\/span>Tipos de compensado e suas diferen\u00e7as pr\u00e1ticas<span class=\"ez-toc-section-end\"><\/span><\/h2>\n\n\n\n<p>Existe mais de um tipo de compensado dispon\u00edvel no mercado, e a diferen\u00e7a entre eles vai al\u00e9m da apar\u00eancia. O compensado comum, o resinado e o naval atendem necessidades completamente distintas.<\/p>\n\n\n\n<p>O compensado resinado, por exemplo, \u00e9 tratado com resina fen\u00f3lica e indicado para uso externo e em contato com concreto.&nbsp;<\/p>\n\n\n\n<p>J\u00e1 o compensado naval recebe tratamento que aumenta sua resist\u00eancia \u00e0 umidade e ao ataque de fungos, sendo indicado para embarca\u00e7\u00f5es e ambientes muito \u00famidos.<\/p>\n\n\n\n<p>O compensado comum, sem tratamento especial, \u00e9 a escolha certa para m\u00f3veis de interior, divis\u00f3rias e acabamentos internos em geral. Usar o tipo errado para cada ambiente compromete a durabilidade e pode gerar custos de manuten\u00e7\u00e3o desnecess\u00e1rios.<\/p>\n\n\n<div class=\"wp-block-image\">\n<figure class=\"aligncenter size-full is-resized\"><a href=\"https:\/\/www.artemadeiras.com.br\/compensado\" target=\"_blank\" rel=\" noreferrer noopener\"><img loading=\"lazy\" decoding=\"async\" width=\"800\" height=\"600\" src=\"https:\/\/www.artemadeiras.com.br\/blog\/wp-content\/uploads\/2025\/10\/compensada1.jpg\" alt=\"Onde comprar compensado de madeira? Encontre o que precisa na Arte Madeiras\" class=\"wp-image-313\" style=\"width:332px;height:auto\" srcset=\"https:\/\/www.artemadeiras.com.br\/blog\/wp-content\/uploads\/2025\/10\/compensada1.jpg 800w, https:\/\/www.artemadeiras.com.br\/blog\/wp-content\/uploads\/2025\/10\/compensada1-300x225.jpg 300w, https:\/\/www.artemadeiras.com.br\/blog\/wp-content\/uploads\/2025\/10\/compensada1-768x576.jpg 768w\" sizes=\"auto, (max-width: 800px) 100vw, 800px\" \/><\/a><\/figure>\n<\/div>\n\n\n<h2 class=\"wp-block-heading\"><span class=\"ez-toc-section\" id=\"A_classificacao_por_qualidade_de_superficie\"><\/span>A classifica\u00e7\u00e3o por qualidade de superf\u00edcie<span class=\"ez-toc-section-end\"><\/span><\/h2>\n\n\n\n<p>As placas de madeira compensada tamb\u00e9m s\u00e3o classificadas pela qualidade visual das faces, geralmente com letras como A, B, C e D. Essa classifica\u00e7\u00e3o indica o acabamento superficial e a presen\u00e7a ou aus\u00eancia de defeitos naturais da madeira.<\/p>\n\n\n\n<p>A face A apresenta superf\u00edcie lisa, sem n\u00f3s aparentes ou imperfei\u00e7\u00f5es, sendo a indicada para m\u00f3veis com acabamento exposto ou pintados. As faces B e C j\u00e1 admitem pequenas imperfei\u00e7\u00f5es e s\u00e3o mais usadas em aplica\u00e7\u00f5es onde o visual n\u00e3o \u00e9 o foco principal.<\/p>\n\n\n\n<p>Quando o uso \u00e9 estrutural ou de suporte, a face D j\u00e1 cumpre bem a fun\u00e7\u00e3o a custo mais acess\u00edvel. Saber qual face se adequa ao projeto evita pagar mais por uma qualidade que n\u00e3o ser\u00e1 aproveitada.<\/p>\n\n\n\n<ul class=\"wp-block-list\">\n<li><a href=\"https:\/\/www.artemadeiras.com.br\/blog\/madeiras\/guia-pratico-para-comprar-tapume-de-madeira-sem-erro\/\" target=\"_blank\" aria-label=\" (opens in a new tab)\" rel=\"noreferrer noopener\" class=\"rank-math-link\"><strong>Guia pr\u00e1tico para comprar tapume de madeira sem erro<\/strong><\/a><\/li>\n<\/ul>\n\n\n\n<h2 class=\"wp-block-heading\"><span class=\"ez-toc-section\" id=\"Por_que_o_tipo_de_cola_faz_diferenca\"><\/span>Por que o tipo de cola faz diferen\u00e7a?<span class=\"ez-toc-section-end\"><\/span><\/h2>\n\n\n\n<p>O adesivo usado entre as l\u00e2minas \u00e9 um fator t\u00e9cnico que muitos compradores ignoram, mas que tem peso real na durabilidade das placas de madeira compensada.&nbsp;<\/p>\n\n\n\n<p>H\u00e1 chapas coladas com resina ureia-formalde\u00eddo, indicadas para ambientes internos, e outras com resina fen\u00f3lica, mais resistentes \u00e0 umidade e indicadas para uso externo.<\/p>\n\n\n\n<p>Chapas com cola inadequada para o ambiente de uso podem descolar, empenar ou perder rigidez com a varia\u00e7\u00e3o de temperatura e umidade. Isso compromete n\u00e3o s\u00f3 a est\u00e9tica, mas a integridade da estrutura.<\/p>\n\n\n\n<p>Ao comprar, pergunte ao fornecedor o tipo de cola utilizado e se o produto tem certifica\u00e7\u00e3o de qualidade. Fornecedores s\u00e9rios respondem essa pergunta sem hesitar.<\/p>\n\n\n\n<ul class=\"wp-block-list\">\n<li><a href=\"https:\/\/www.artemadeiras.com.br\/blog\/deck\/deck-de-madeira-ipe-tudo-o-que-voce-precisa-saber-antes-de-comprar\/\" target=\"_blank\" aria-label=\" (opens in a new tab)\" rel=\"noreferrer noopener\" class=\"rank-math-link\"><strong>Deck de madeira ip\u00ea: tudo o que voc\u00ea precisa saber antes de comprar<\/strong><\/a><\/li>\n<\/ul>\n\n\n\n<h2 class=\"wp-block-heading\"><span class=\"ez-toc-section\" id=\"A_escolha_certa_comeca_no_fornecedor\"><\/span>A escolha certa come\u00e7a no fornecedor<span class=\"ez-toc-section-end\"><\/span><\/h2>\n\n\n\n<p>Ter acesso a um bom material come\u00e7a antes mesmo de colocar a chapa no carrinho. O fornecedor precisa oferecer transpar\u00eancia sobre proced\u00eancia, esp\u00e9cie de madeira, tipo de resina e rastreabilidade do produto.<\/p>\n\n\n\n<p>A <a href=\"https:\/\/www.artemadeiras.com.br\/blog\/\" target=\"_blank\" aria-label=\" (opens in a new tab)\" rel=\"noreferrer noopener\" class=\"rank-math-link\"><strong>Arte Madeiras<\/strong><\/a> \u00e9 refer\u00eancia no fornecimento de madeiras, chapas e insumos para constru\u00e7\u00e3o e marcenaria. Com tradi\u00e7\u00e3o consolidada, atendimento e portf\u00f3lio completo, a empresa atende profissionais e consumidores que n\u00e3o abrem m\u00e3o de qualidade.<\/p>\n\n\n\n<p>Se o seu projeto exige placas de madeira compensada com proced\u00eancia e suporte t\u00e9cnico na hora da escolha, <a href=\"https:\/\/www.artemadeiras.com.br\/contato\" target=\"_blank\" aria-label=\" (opens in a new tab)\" rel=\"noreferrer noopener\" class=\"rank-math-link\"><strong>entre em contato com a Arte Madeiras<\/strong><\/a> e solicite um or\u00e7amento!<\/p>\n\n\n\n<p><\/p>\n","protected":false},"excerpt":{"rendered":"<p><span class=\"rt-reading-time\" style=\"display: block;\"><span class=\"rt-label rt-prefix\">Tempo de leitura<\/span> <span class=\"rt-time\">4<\/span> <span class=\"rt-label rt-postfix\">minutos<\/span><\/span> Antes de comprar placas de madeira compensada, saiba avaliar espessura, qualidade e tipo de uso. Guia pr\u00e1tico para fazer a escolha certa no seu projeto Quem trabalha com marcenaria ou constru\u00e7\u00e3o civil j\u00e1 sabe que escolher mal o material no&#8230;<\/p>\n","protected":false},"author":1,"featured_media":314,"comment_status":"open","ping_status":"open","sticky":false,"template":"","format":"standard","meta":{"footnotes":""},"categories":[2903],"tags":[3325,3334,3326,3330,3324,3337,3338,3340,3349,3328,3336,3339,3307,3317,3322,3320,3323,3319,3316,3301,3348,3302,3347,3346,3310,3321,3311,3333,3345,3305,3312,3308,3314,3315,3341,3343,3306,3318,3344,3313,3342,3300,3304,3309,3303,3351,2502,3329,3350,3327,3335],"class_list":["post-409","post","type-post","status-publish","format-standard","has-post-thumbnail","hentry","category-madeiras","tag-como-escolher-placas-de-madeira-compensada-para-construcao","tag-como-identificar-uma-chapa-compensada-de-qualidade","tag-como-saber-a-qualidade-de-uma-chapa-compensada","tag-compensado-naval-e-resistente-a-umidade","tag-compensado-resinado-pode-ser-usado-em-ambientes-externos","tag-empresa-de-placas-de-madeira-compensada","tag-fornecedor-de-placas-de-madeira-compensada","tag-loja-de-placas-de-madeira-compensada","tag-o-que-sao-placas-de-madeira-compensada","tag-o-que-significa-a-classificacao-a","tag-onde-comprar-placas-de-madeira-compensada-com-procedencia-garantida","tag-placas-de-madeira-compensada","tag-placas-de-madeira-compensada-comprar","tag-placas-de-madeira-compensada-direto-da-fabrica","tag-placas-de-madeira-compensada-em-diadema","tag-placas-de-madeira-compensada-em-guarulhos","tag-placas-de-madeira-compensada-em-maua","tag-placas-de-madeira-compensada-em-osasco","tag-placas-de-madeira-compensada-em-promocao","tag-placas-de-madeira-compensada-em-ribeirao-pires","tag-placas-de-madeira-compensada-em-rio-grande-da-serra","tag-placas-de-madeira-compensada-em-santo-andre","tag-placas-de-madeira-compensada-em-sao-bernardo-do-campo","tag-placas-de-madeira-compensada-em-sao-caetano-do-sul","tag-placas-de-madeira-compensada-em-sao-paulo","tag-placas-de-madeira-compensada-em-sorocaba","tag-placas-de-madeira-compensada-em-sp","tag-placas-de-madeira-compensada-empenam-com-umidade","tag-placas-de-madeira-compensada-na-grande-sao-paulo","tag-placas-de-madeira-compensada-na-mooca","tag-placas-de-madeira-compensada-na-penha","tag-placas-de-madeira-compensada-na-vila-formosa","tag-placas-de-madeira-compensada-na-zona-leste","tag-placas-de-madeira-compensada-na-zona-norte","tag-placas-de-madeira-compensada-na-zona-oeste","tag-placas-de-madeira-compensada-na-zona-sudeste","tag-placas-de-madeira-compensada-na-zona-sul","tag-placas-de-madeira-compensada-no-analia-franco","tag-placas-de-madeira-compensada-no-belenzinho","tag-placas-de-madeira-compensada-no-carrao","tag-placas-de-madeira-compensada-no-tatuape","tag-placas-de-madeira-compensada-onde-encontrar","tag-placas-de-madeira-compensada-perto-de-mim","tag-placas-de-madeira-compensada-preco","tag-placas-de-madeira-compensada-proximo-a-mim","tag-qual-a-diferenca-entre-compensado-comum-e-compensado-naval","tag-qual-a-diferenca-entre-compensado-e-mdf","tag-qual-cola-e-usada-nas-chapas-de-compensado","tag-qual-espessura-de-compensado-usar-para-moveis","tag-qual-o-melhor-tipo-de-compensado-para-fundo-de-gaveta","tag-qual-tipo-de-compensado-usar-em-forma-de-concreto"],"yoast_head":"<!-- This site is optimized with the Yoast SEO plugin v23.6 - https:\/\/yoast.com\/wordpress\/plugins\/seo\/ -->\n<title>Placas de madeira compensada: o que avaliar antes da compra - Blog | Arte madeiras<\/title>\n<meta name=\"description\" content=\"Escolher placas de madeira compensada exige aten\u00e7\u00e3o a espessura, cola e classifica\u00e7\u00e3o. Veja o que analisar antes de comprar e evite erros no projeto.\" \/>\n<meta name=\"robots\" content=\"index, follow, max-snippet:-1, max-image-preview:large, max-video-preview:-1\" \/>\n<link rel=\"canonical\" href=\"https:\/\/www.artemadeiras.com.br\/blog\/madeiras\/placas-de-madeira-compensada-o-que-avaliar-antes-da-compra\/\" \/>\n<meta property=\"og:locale\" content=\"pt_BR\" \/>\n<meta property=\"og:type\" content=\"article\" \/>\n<meta property=\"og:title\" content=\"Placas de madeira compensada: o que avaliar antes da compra - Blog | Arte madeiras\" \/>\n<meta property=\"og:description\" content=\"Escolher placas de madeira compensada exige aten\u00e7\u00e3o a espessura, cola e classifica\u00e7\u00e3o. Veja o que analisar antes de comprar e evite erros no projeto.\" \/>\n<meta property=\"og:url\" content=\"https:\/\/www.artemadeiras.com.br\/blog\/madeiras\/placas-de-madeira-compensada-o-que-avaliar-antes-da-compra\/\" \/>\n<meta property=\"og:site_name\" content=\"Blog | Arte madeiras\" \/>\n<meta property=\"article:published_time\" content=\"2026-04-27T12:04:24+00:00\" \/>\n<meta property=\"article:modified_time\" content=\"2026-04-27T12:04:25+00:00\" \/>\n<meta property=\"og:image\" content=\"https:\/\/www.artemadeiras.com.br\/blog\/wp-content\/uploads\/2025\/10\/compensada2.jpg\" \/>\n\t<meta property=\"og:image:width\" content=\"1280\" \/>\n\t<meta property=\"og:image:height\" content=\"960\" \/>\n\t<meta property=\"og:image:type\" content=\"image\/jpeg\" \/>\n<meta name=\"author\" content=\"bloomin\" \/>\n<meta name=\"twitter:card\" content=\"summary_large_image\" \/>\n<meta name=\"twitter:label1\" content=\"Escrito por\" \/>\n\t<meta name=\"twitter:data1\" content=\"bloomin\" \/>\n\t<meta name=\"twitter:label2\" content=\"Est. tempo de leitura\" \/>\n\t<meta name=\"twitter:data2\" content=\"6 minutos\" \/>\n<script type=\"application\/ld+json\" class=\"yoast-schema-graph\">{\"@context\":\"https:\/\/schema.org\",\"@graph\":[{\"@type\":\"Article\",\"@id\":\"https:\/\/www.artemadeiras.com.br\/blog\/madeiras\/placas-de-madeira-compensada-o-que-avaliar-antes-da-compra\/#article\",\"isPartOf\":{\"@id\":\"https:\/\/www.artemadeiras.com.br\/blog\/madeiras\/placas-de-madeira-compensada-o-que-avaliar-antes-da-compra\/\"},\"author\":{\"name\":\"bloomin\",\"@id\":\"https:\/\/www.artemadeiras.com.br\/blog\/#\/schema\/person\/03c7826df62479a35ffcf10a5a652727\"},\"headline\":\"Placas de madeira compensada: o que avaliar antes da compra\",\"datePublished\":\"2026-04-27T12:04:24+00:00\",\"dateModified\":\"2026-04-27T12:04:25+00:00\",\"mainEntityOfPage\":{\"@id\":\"https:\/\/www.artemadeiras.com.br\/blog\/madeiras\/placas-de-madeira-compensada-o-que-avaliar-antes-da-compra\/\"},\"wordCount\":982,\"commentCount\":0,\"publisher\":{\"@id\":\"https:\/\/www.artemadeiras.com.br\/blog\/#organization\"},\"image\":{\"@id\":\"https:\/\/www.artemadeiras.com.br\/blog\/madeiras\/placas-de-madeira-compensada-o-que-avaliar-antes-da-compra\/#primaryimage\"},\"thumbnailUrl\":\"https:\/\/www.artemadeiras.com.br\/blog\/wp-content\/uploads\/2025\/10\/compensada2.jpg\",\"keywords\":[\"Como escolher placas de madeira compensada para constru\u00e7\u00e3o?\",\"Como identificar uma chapa compensada de qualidade?\",\"Como saber a qualidade de uma chapa compensada?\",\"Compensado naval \u00e9 resistente \u00e0 umidade?\",\"Compensado resinado pode ser usado em ambientes externos?\",\"Empresa de placas de madeira compensada\",\"Fornecedor de placas de madeira compensada\",\"Loja de placas de madeira compensada\",\"O que s\u00e3o placas de madeira compensada?\",\"O que significa a classifica\u00e7\u00e3o A\",\"Onde comprar placas de madeira compensada com proced\u00eancia garantida?\",\"Placas de madeira compensada\",\"Placas de madeira compensada comprar\",\"Placas de madeira compensada direto da fabrica\",\"Placas de madeira compensada em Diadema\",\"Placas de madeira compensada em Guarulhos\",\"Placas de madeira compensada em Mau\u00e1\",\"Placas de madeira compensada em Osasco\",\"Placas de madeira compensada em promo\u00e7\u00e3o\",\"Placas de madeira compensada em Ribeir\u00e3o Pires\",\"Placas de madeira compensada em Rio Grande da Serra\",\"Placas de madeira compensada em Santo Andr\u00e9\",\"Placas de madeira compensada em S\u00e3o Bernardo do Campo\",\"Placas de madeira compensada em S\u00e3o Caetano do Sul\",\"Placas de madeira compensada em S\u00e3o Paulo\",\"Placas de madeira compensada em Sorocaba\",\"Placas de madeira compensada em SP\",\"Placas de madeira compensada empenam com umidade?\",\"Placas de madeira compensada na Grande S\u00e3o Paulo\",\"Placas de madeira compensada na Mooca\",\"Placas de madeira compensada na Penha\",\"Placas de madeira compensada na Vila Formosa\",\"Placas de madeira compensada na Zona Leste\",\"Placas de madeira compensada na Zona Norte\",\"Placas de madeira compensada na Zona Oeste\",\"Placas de madeira compensada na Zona Sudeste\",\"Placas de madeira compensada na Zona Sul\",\"Placas de madeira compensada no An\u00e1lia Franco\",\"Placas de madeira compensada no Belenzinho\",\"Placas de madeira compensada no Carr\u00e3o\",\"Placas de madeira compensada no Tatuap\u00e9\",\"Placas de madeira compensada onde encontrar\",\"Placas de madeira compensada perto de mim\",\"Placas de madeira compensada pre\u00e7o\",\"Placas de madeira compensada pr\u00f3ximo a mim\",\"Qual a diferen\u00e7a entre compensado comum e compensado naval?\",\"qual a diferen\u00e7a entre compensado e MDF?\",\"Qual cola \u00e9 usada nas chapas de compensado?\",\"Qual espessura de compensado usar para m\u00f3veis?\",\"Qual o melhor tipo de compensado para fundo de gaveta?\",\"Qual tipo de compensado usar em forma de concreto?\"],\"articleSection\":[\"Madeiras\"],\"inLanguage\":\"pt-BR\",\"potentialAction\":[{\"@type\":\"CommentAction\",\"name\":\"Comment\",\"target\":[\"https:\/\/www.artemadeiras.com.br\/blog\/madeiras\/placas-de-madeira-compensada-o-que-avaliar-antes-da-compra\/#respond\"]}]},{\"@type\":\"WebPage\",\"@id\":\"https:\/\/www.artemadeiras.com.br\/blog\/madeiras\/placas-de-madeira-compensada-o-que-avaliar-antes-da-compra\/\",\"url\":\"https:\/\/www.artemadeiras.com.br\/blog\/madeiras\/placas-de-madeira-compensada-o-que-avaliar-antes-da-compra\/\",\"name\":\"Placas de madeira compensada: o que avaliar antes da compra - Blog | Arte madeiras\",\"isPartOf\":{\"@id\":\"https:\/\/www.artemadeiras.com.br\/blog\/#website\"},\"primaryImageOfPage\":{\"@id\":\"https:\/\/www.artemadeiras.com.br\/blog\/madeiras\/placas-de-madeira-compensada-o-que-avaliar-antes-da-compra\/#primaryimage\"},\"image\":{\"@id\":\"https:\/\/www.artemadeiras.com.br\/blog\/madeiras\/placas-de-madeira-compensada-o-que-avaliar-antes-da-compra\/#primaryimage\"},\"thumbnailUrl\":\"https:\/\/www.artemadeiras.com.br\/blog\/wp-content\/uploads\/2025\/10\/compensada2.jpg\",\"datePublished\":\"2026-04-27T12:04:24+00:00\",\"dateModified\":\"2026-04-27T12:04:25+00:00\",\"description\":\"Escolher placas de madeira compensada exige aten\u00e7\u00e3o a espessura, cola e classifica\u00e7\u00e3o. Veja o que analisar antes de comprar e evite erros no projeto.\",\"breadcrumb\":{\"@id\":\"https:\/\/www.artemadeiras.com.br\/blog\/madeiras\/placas-de-madeira-compensada-o-que-avaliar-antes-da-compra\/#breadcrumb\"},\"inLanguage\":\"pt-BR\",\"potentialAction\":[{\"@type\":\"ReadAction\",\"target\":[\"https:\/\/www.artemadeiras.com.br\/blog\/madeiras\/placas-de-madeira-compensada-o-que-avaliar-antes-da-compra\/\"]}]},{\"@type\":\"ImageObject\",\"inLanguage\":\"pt-BR\",\"@id\":\"https:\/\/www.artemadeiras.com.br\/blog\/madeiras\/placas-de-madeira-compensada-o-que-avaliar-antes-da-compra\/#primaryimage\",\"url\":\"https:\/\/www.artemadeiras.com.br\/blog\/wp-content\/uploads\/2025\/10\/compensada2.jpg\",\"contentUrl\":\"https:\/\/www.artemadeiras.com.br\/blog\/wp-content\/uploads\/2025\/10\/compensada2.jpg\",\"width\":1280,\"height\":960,\"caption\":\"Onde comprar compensado de madeira? Encontre o que precisa na Arte Madeiras\"},{\"@type\":\"BreadcrumbList\",\"@id\":\"https:\/\/www.artemadeiras.com.br\/blog\/madeiras\/placas-de-madeira-compensada-o-que-avaliar-antes-da-compra\/#breadcrumb\",\"itemListElement\":[{\"@type\":\"ListItem\",\"position\":1,\"name\":\"In\u00edcio\",\"item\":\"https:\/\/www.artemadeiras.com.br\/blog\/\"},{\"@type\":\"ListItem\",\"position\":2,\"name\":\"Placas de madeira compensada: o que avaliar antes da compra\"}]},{\"@type\":\"WebSite\",\"@id\":\"https:\/\/www.artemadeiras.com.br\/blog\/#website\",\"url\":\"https:\/\/www.artemadeiras.com.br\/blog\/\",\"name\":\"Blog | Arte madeiras\",\"description\":\"Dicas e Novidades sobre Madeiras\",\"publisher\":{\"@id\":\"https:\/\/www.artemadeiras.com.br\/blog\/#organization\"},\"potentialAction\":[{\"@type\":\"SearchAction\",\"target\":{\"@type\":\"EntryPoint\",\"urlTemplate\":\"https:\/\/www.artemadeiras.com.br\/blog\/?s={search_term_string}\"},\"query-input\":{\"@type\":\"PropertyValueSpecification\",\"valueRequired\":true,\"valueName\":\"search_term_string\"}}],\"inLanguage\":\"pt-BR\"},{\"@type\":\"Organization\",\"@id\":\"https:\/\/www.artemadeiras.com.br\/blog\/#organization\",\"name\":\"Blog | Arte madeiras\",\"url\":\"https:\/\/www.artemadeiras.com.br\/blog\/\",\"logo\":{\"@type\":\"ImageObject\",\"inLanguage\":\"pt-BR\",\"@id\":\"https:\/\/www.artemadeiras.com.br\/blog\/#\/schema\/logo\/image\/\",\"url\":\"https:\/\/www.artemadeiras.com.br\/blog\/wp-content\/uploads\/2021\/01\/logo-arte-madeiras.png\",\"contentUrl\":\"https:\/\/www.artemadeiras.com.br\/blog\/wp-content\/uploads\/2021\/01\/logo-arte-madeiras.png\",\"width\":255,\"height\":110,\"caption\":\"Blog | Arte madeiras\"},\"image\":{\"@id\":\"https:\/\/www.artemadeiras.com.br\/blog\/#\/schema\/logo\/image\/\"}},{\"@type\":\"Person\",\"@id\":\"https:\/\/www.artemadeiras.com.br\/blog\/#\/schema\/person\/03c7826df62479a35ffcf10a5a652727\",\"name\":\"bloomin\",\"image\":{\"@type\":\"ImageObject\",\"inLanguage\":\"pt-BR\",\"@id\":\"https:\/\/www.artemadeiras.com.br\/blog\/#\/schema\/person\/image\/\",\"url\":\"https:\/\/secure.gravatar.com\/avatar\/161a7ea08f1b8bd365e1697a2453e6c719201075da8bdf298a1c2fc5455ba35d?s=96&d=mm&r=g\",\"contentUrl\":\"https:\/\/secure.gravatar.com\/avatar\/161a7ea08f1b8bd365e1697a2453e6c719201075da8bdf298a1c2fc5455ba35d?s=96&d=mm&r=g\",\"caption\":\"bloomin\"},\"sameAs\":[\"https:\/\/www.artemadeiras.com.br\/blog\"],\"url\":\"https:\/\/www.artemadeiras.com.br\/blog\/author\/bloomin\/\"}]}<\/script>\n<!-- \/ Yoast SEO plugin. -->","yoast_head_json":{"title":"Placas de madeira compensada: o que avaliar antes da compra - Blog | Arte madeiras","description":"Escolher placas de madeira compensada exige aten\u00e7\u00e3o a espessura, cola e classifica\u00e7\u00e3o. Veja o que analisar antes de comprar e evite erros no projeto.","robots":{"index":"index","follow":"follow","max-snippet":"max-snippet:-1","max-image-preview":"max-image-preview:large","max-video-preview":"max-video-preview:-1"},"canonical":"https:\/\/www.artemadeiras.com.br\/blog\/madeiras\/placas-de-madeira-compensada-o-que-avaliar-antes-da-compra\/","og_locale":"pt_BR","og_type":"article","og_title":"Placas de madeira compensada: o que avaliar antes da compra - Blog | Arte madeiras","og_description":"Escolher placas de madeira compensada exige aten\u00e7\u00e3o a espessura, cola e classifica\u00e7\u00e3o. Veja o que analisar antes de comprar e evite erros no projeto.","og_url":"https:\/\/www.artemadeiras.com.br\/blog\/madeiras\/placas-de-madeira-compensada-o-que-avaliar-antes-da-compra\/","og_site_name":"Blog | Arte madeiras","article_published_time":"2026-04-27T12:04:24+00:00","article_modified_time":"2026-04-27T12:04:25+00:00","og_image":[{"width":1280,"height":960,"url":"https:\/\/www.artemadeiras.com.br\/blog\/wp-content\/uploads\/2025\/10\/compensada2.jpg","type":"image\/jpeg"}],"author":"bloomin","twitter_card":"summary_large_image","twitter_misc":{"Escrito por":"bloomin","Est. tempo de leitura":"6 minutos"},"schema":{"@context":"https:\/\/schema.org","@graph":[{"@type":"Article","@id":"https:\/\/www.artemadeiras.com.br\/blog\/madeiras\/placas-de-madeira-compensada-o-que-avaliar-antes-da-compra\/#article","isPartOf":{"@id":"https:\/\/www.artemadeiras.com.br\/blog\/madeiras\/placas-de-madeira-compensada-o-que-avaliar-antes-da-compra\/"},"author":{"name":"bloomin","@id":"https:\/\/www.artemadeiras.com.br\/blog\/#\/schema\/person\/03c7826df62479a35ffcf10a5a652727"},"headline":"Placas de madeira compensada: o que avaliar antes da compra","datePublished":"2026-04-27T12:04:24+00:00","dateModified":"2026-04-27T12:04:25+00:00","mainEntityOfPage":{"@id":"https:\/\/www.artemadeiras.com.br\/blog\/madeiras\/placas-de-madeira-compensada-o-que-avaliar-antes-da-compra\/"},"wordCount":982,"commentCount":0,"publisher":{"@id":"https:\/\/www.artemadeiras.com.br\/blog\/#organization"},"image":{"@id":"https:\/\/www.artemadeiras.com.br\/blog\/madeiras\/placas-de-madeira-compensada-o-que-avaliar-antes-da-compra\/#primaryimage"},"thumbnailUrl":"https:\/\/www.artemadeiras.com.br\/blog\/wp-content\/uploads\/2025\/10\/compensada2.jpg","keywords":["Como escolher placas de madeira compensada para constru\u00e7\u00e3o?","Como identificar uma chapa compensada de qualidade?","Como saber a qualidade de uma chapa compensada?","Compensado naval \u00e9 resistente \u00e0 umidade?","Compensado resinado pode ser usado em ambientes externos?","Empresa de placas de madeira compensada","Fornecedor de placas de madeira compensada","Loja de placas de madeira compensada","O que s\u00e3o placas de madeira compensada?","O que significa a classifica\u00e7\u00e3o A","Onde comprar placas de madeira compensada com proced\u00eancia garantida?","Placas de madeira compensada","Placas de madeira compensada comprar","Placas de madeira compensada direto da fabrica","Placas de madeira compensada em Diadema","Placas de madeira compensada em Guarulhos","Placas de madeira compensada em Mau\u00e1","Placas de madeira compensada em Osasco","Placas de madeira compensada em promo\u00e7\u00e3o","Placas de madeira compensada em Ribeir\u00e3o Pires","Placas de madeira compensada em Rio Grande da Serra","Placas de madeira compensada em Santo Andr\u00e9","Placas de madeira compensada em S\u00e3o Bernardo do Campo","Placas de madeira compensada em S\u00e3o Caetano do Sul","Placas de madeira compensada em S\u00e3o Paulo","Placas de madeira compensada em Sorocaba","Placas de madeira compensada em SP","Placas de madeira compensada empenam com umidade?","Placas de madeira compensada na Grande S\u00e3o Paulo","Placas de madeira compensada na Mooca","Placas de madeira compensada na Penha","Placas de madeira compensada na Vila Formosa","Placas de madeira compensada na Zona Leste","Placas de madeira compensada na Zona Norte","Placas de madeira compensada na Zona Oeste","Placas de madeira compensada na Zona Sudeste","Placas de madeira compensada na Zona Sul","Placas de madeira compensada no An\u00e1lia Franco","Placas de madeira compensada no Belenzinho","Placas de madeira compensada no Carr\u00e3o","Placas de madeira compensada no Tatuap\u00e9","Placas de madeira compensada onde encontrar","Placas de madeira compensada perto de mim","Placas de madeira compensada pre\u00e7o","Placas de madeira compensada pr\u00f3ximo a mim","Qual a diferen\u00e7a entre compensado comum e compensado naval?","qual a diferen\u00e7a entre compensado e MDF?","Qual cola \u00e9 usada nas chapas de compensado?","Qual espessura de compensado usar para m\u00f3veis?","Qual o melhor tipo de compensado para fundo de gaveta?","Qual tipo de compensado usar em forma de concreto?"],"articleSection":["Madeiras"],"inLanguage":"pt-BR","potentialAction":[{"@type":"CommentAction","name":"Comment","target":["https:\/\/www.artemadeiras.com.br\/blog\/madeiras\/placas-de-madeira-compensada-o-que-avaliar-antes-da-compra\/#respond"]}]},{"@type":"WebPage","@id":"https:\/\/www.artemadeiras.com.br\/blog\/madeiras\/placas-de-madeira-compensada-o-que-avaliar-antes-da-compra\/","url":"https:\/\/www.artemadeiras.com.br\/blog\/madeiras\/placas-de-madeira-compensada-o-que-avaliar-antes-da-compra\/","name":"Placas de madeira compensada: o que avaliar antes da compra - Blog | Arte madeiras","isPartOf":{"@id":"https:\/\/www.artemadeiras.com.br\/blog\/#website"},"primaryImageOfPage":{"@id":"https:\/\/www.artemadeiras.com.br\/blog\/madeiras\/placas-de-madeira-compensada-o-que-avaliar-antes-da-compra\/#primaryimage"},"image":{"@id":"https:\/\/www.artemadeiras.com.br\/blog\/madeiras\/placas-de-madeira-compensada-o-que-avaliar-antes-da-compra\/#primaryimage"},"thumbnailUrl":"https:\/\/www.artemadeiras.com.br\/blog\/wp-content\/uploads\/2025\/10\/compensada2.jpg","datePublished":"2026-04-27T12:04:24+00:00","dateModified":"2026-04-27T12:04:25+00:00","description":"Escolher placas de madeira compensada exige aten\u00e7\u00e3o a espessura, cola e classifica\u00e7\u00e3o. Veja o que analisar antes de comprar e evite erros no projeto.","breadcrumb":{"@id":"https:\/\/www.artemadeiras.com.br\/blog\/madeiras\/placas-de-madeira-compensada-o-que-avaliar-antes-da-compra\/#breadcrumb"},"inLanguage":"pt-BR","potentialAction":[{"@type":"ReadAction","target":["https:\/\/www.artemadeiras.com.br\/blog\/madeiras\/placas-de-madeira-compensada-o-que-avaliar-antes-da-compra\/"]}]},{"@type":"ImageObject","inLanguage":"pt-BR","@id":"https:\/\/www.artemadeiras.com.br\/blog\/madeiras\/placas-de-madeira-compensada-o-que-avaliar-antes-da-compra\/#primaryimage","url":"https:\/\/www.artemadeiras.com.br\/blog\/wp-content\/uploads\/2025\/10\/compensada2.jpg","contentUrl":"https:\/\/www.artemadeiras.com.br\/blog\/wp-content\/uploads\/2025\/10\/compensada2.jpg","width":1280,"height":960,"caption":"Onde comprar compensado de madeira? Encontre o que precisa na Arte Madeiras"},{"@type":"BreadcrumbList","@id":"https:\/\/www.artemadeiras.com.br\/blog\/madeiras\/placas-de-madeira-compensada-o-que-avaliar-antes-da-compra\/#breadcrumb","itemListElement":[{"@type":"ListItem","position":1,"name":"In\u00edcio","item":"https:\/\/www.artemadeiras.com.br\/blog\/"},{"@type":"ListItem","position":2,"name":"Placas de madeira compensada: o que avaliar antes da compra"}]},{"@type":"WebSite","@id":"https:\/\/www.artemadeiras.com.br\/blog\/#website","url":"https:\/\/www.artemadeiras.com.br\/blog\/","name":"Blog | Arte madeiras","description":"Dicas e Novidades sobre Madeiras","publisher":{"@id":"https:\/\/www.artemadeiras.com.br\/blog\/#organization"},"potentialAction":[{"@type":"SearchAction","target":{"@type":"EntryPoint","urlTemplate":"https:\/\/www.artemadeiras.com.br\/blog\/?s={search_term_string}"},"query-input":{"@type":"PropertyValueSpecification","valueRequired":true,"valueName":"search_term_string"}}],"inLanguage":"pt-BR"},{"@type":"Organization","@id":"https:\/\/www.artemadeiras.com.br\/blog\/#organization","name":"Blog | Arte madeiras","url":"https:\/\/www.artemadeiras.com.br\/blog\/","logo":{"@type":"ImageObject","inLanguage":"pt-BR","@id":"https:\/\/www.artemadeiras.com.br\/blog\/#\/schema\/logo\/image\/","url":"https:\/\/www.artemadeiras.com.br\/blog\/wp-content\/uploads\/2021\/01\/logo-arte-madeiras.png","contentUrl":"https:\/\/www.artemadeiras.com.br\/blog\/wp-content\/uploads\/2021\/01\/logo-arte-madeiras.png","width":255,"height":110,"caption":"Blog | Arte madeiras"},"image":{"@id":"https:\/\/www.artemadeiras.com.br\/blog\/#\/schema\/logo\/image\/"}},{"@type":"Person","@id":"https:\/\/www.artemadeiras.com.br\/blog\/#\/schema\/person\/03c7826df62479a35ffcf10a5a652727","name":"bloomin","image":{"@type":"ImageObject","inLanguage":"pt-BR","@id":"https:\/\/www.artemadeiras.com.br\/blog\/#\/schema\/person\/image\/","url":"https:\/\/secure.gravatar.com\/avatar\/161a7ea08f1b8bd365e1697a2453e6c719201075da8bdf298a1c2fc5455ba35d?s=96&d=mm&r=g","contentUrl":"https:\/\/secure.gravatar.com\/avatar\/161a7ea08f1b8bd365e1697a2453e6c719201075da8bdf298a1c2fc5455ba35d?s=96&d=mm&r=g","caption":"bloomin"},"sameAs":["https:\/\/www.artemadeiras.com.br\/blog"],"url":"https:\/\/www.artemadeiras.com.br\/blog\/author\/bloomin\/"}]}},"_links":{"self":[{"href":"https:\/\/www.artemadeiras.com.br\/blog\/wp-json\/wp\/v2\/posts\/409","targetHints":{"allow":["GET"]}}],"collection":[{"href":"https:\/\/www.artemadeiras.com.br\/blog\/wp-json\/wp\/v2\/posts"}],"about":[{"href":"https:\/\/www.artemadeiras.com.br\/blog\/wp-json\/wp\/v2\/types\/post"}],"author":[{"embeddable":true,"href":"https:\/\/www.artemadeiras.com.br\/blog\/wp-json\/wp\/v2\/users\/1"}],"replies":[{"embeddable":true,"href":"https:\/\/www.artemadeiras.com.br\/blog\/wp-json\/wp\/v2\/comments?post=409"}],"version-history":[{"count":1,"href":"https:\/\/www.artemadeiras.com.br\/blog\/wp-json\/wp\/v2\/posts\/409\/revisions"}],"predecessor-version":[{"id":410,"href":"https:\/\/www.artemadeiras.com.br\/blog\/wp-json\/wp\/v2\/posts\/409\/revisions\/410"}],"wp:featuredmedia":[{"embeddable":true,"href":"https:\/\/www.artemadeiras.com.br\/blog\/wp-json\/wp\/v2\/media\/314"}],"wp:attachment":[{"href":"https:\/\/www.artemadeiras.com.br\/blog\/wp-json\/wp\/v2\/media?parent=409"}],"wp:term":[{"taxonomy":"category","embeddable":true,"href":"https:\/\/www.artemadeiras.com.br\/blog\/wp-json\/wp\/v2\/categories?post=409"},{"taxonomy":"post_tag","embeddable":true,"href":"https:\/\/www.artemadeiras.com.br\/blog\/wp-json\/wp\/v2\/tags?post=409"}],"curies":[{"name":"wp","href":"https:\/\/api.w.org\/{rel}","templated":true}]}}