{"id":407,"date":"2026-04-23T10:19:00","date_gmt":"2026-04-23T13:19:00","guid":{"rendered":"https:\/\/www.artemadeiras.com.br\/blog\/?p=407"},"modified":"2026-04-23T10:19:04","modified_gmt":"2026-04-23T13:19:04","slug":"lambril-de-madeira-para-forro-vale-o-investimento","status":"publish","type":"post","link":"https:\/\/www.artemadeiras.com.br\/blog\/forros\/lambril-de-madeira-para-forro-vale-o-investimento\/","title":{"rendered":"Lambril de madeira para forro: vale o investimento"},"content":{"rendered":"<span class=\"rt-reading-time\" style=\"display: block;\"><span class=\"rt-label rt-prefix\">Tempo de leitura<\/span> <span class=\"rt-time\">3<\/span> <span class=\"rt-label rt-postfix\">minutos<\/span><\/span>\n<p><strong><em>Lambril de madeira para forro transforma qualquer ambiente com beleza e durabilidade. Saiba se vale o investimento antes de decidir.<\/em><\/strong><\/p>\n\n\n\n<p>Quem j\u00e1 entrou em um ambiente com forro de madeira sabe que a sensa\u00e7\u00e3o \u00e9 diferente. O espa\u00e7o parece mais aconchegante, mais cuidado, com uma identidade visual que materiais sint\u00e9ticos dificilmente conseguem reproduzir com a mesma autenticidade.<\/p>\n\n\n\n<p>O lambril de madeira para forro voltou a ganhar for\u00e7a nos projetos de constru\u00e7\u00e3o e reforma, tanto em resid\u00eancias quanto em espa\u00e7os comerciais. N\u00e3o \u00e9 modismo: \u00e9 uma escolha t\u00e9cnica e est\u00e9tica com argumentos s\u00f3lidos.<\/p>\n\n\n\n<p>Mas antes de decidir, faz sentido entender o que esse material oferece, quais s\u00e3o seus limites e se o custo realmente se justifica para o seu projeto.<\/p>\n\n\n\n<ul class=\"wp-block-list\">\n<li><a href=\"https:\/\/www.artemadeiras.com.br\/blog\/compensados\/onde-comprar-compensado-de-madeira-encontre-o-que-precisa-na-arte-madeiras\/\" target=\"_blank\" aria-label=\" (opens in a new tab)\" rel=\"noreferrer noopener\" class=\"rank-math-link\"><strong>Onde comprar compensado de madeira? Encontre o que precisa na Arte Madeiras<\/strong><\/a><\/li>\n<\/ul>\n\n\n\n<div id=\"ez-toc-container\" class=\"ez-toc-v2_0_66_1 counter-hierarchy ez-toc-counter ez-toc-grey ez-toc-container-direction\">\n<div class=\"ez-toc-title-container\">\n<p class=\"ez-toc-title \" >T&oacute;picos do artigo<\/p>\n<span class=\"ez-toc-title-toggle\"><a href=\"#\" class=\"ez-toc-pull-right ez-toc-btn ez-toc-btn-xs ez-toc-btn-default ez-toc-toggle\" aria-label=\"Toggle Table of Content\"><span class=\"ez-toc-js-icon-con\"><span class=\"\"><span class=\"eztoc-hide\" style=\"display:none;\">Toggle<\/span><span class=\"ez-toc-icon-toggle-span\"><svg style=\"fill: #999;color:#999\" xmlns=\"http:\/\/www.w3.org\/2000\/svg\" class=\"list-377408\" width=\"20px\" height=\"20px\" viewBox=\"0 0 24 24\" fill=\"none\"><path d=\"M6 6H4v2h2V6zm14 0H8v2h12V6zM4 11h2v2H4v-2zm16 0H8v2h12v-2zM4 16h2v2H4v-2zm16 0H8v2h12v-2z\" fill=\"currentColor\"><\/path><\/svg><svg style=\"fill: #999;color:#999\" class=\"arrow-unsorted-368013\" xmlns=\"http:\/\/www.w3.org\/2000\/svg\" width=\"10px\" height=\"10px\" viewBox=\"0 0 24 24\" version=\"1.2\" baseProfile=\"tiny\"><path d=\"M18.2 9.3l-6.2-6.3-6.2 6.3c-.2.2-.3.4-.3.7s.1.5.3.7c.2.2.4.3.7.3h11c.3 0 .5-.1.7-.3.2-.2.3-.5.3-.7s-.1-.5-.3-.7zM5.8 14.7l6.2 6.3 6.2-6.3c.2-.2.3-.5.3-.7s-.1-.5-.3-.7c-.2-.2-.4-.3-.7-.3h-11c-.3 0-.5.1-.7.3-.2.2-.3.5-.3.7s.1.5.3.7z\"\/><\/svg><\/span><\/span><\/span><\/a><\/span><\/div>\n<nav><ul class='ez-toc-list ez-toc-list-level-1 ' ><li class='ez-toc-page-1 ez-toc-heading-level-2'><a class=\"ez-toc-link ez-toc-heading-1\" href=\"https:\/\/www.artemadeiras.com.br\/blog\/forros\/lambril-de-madeira-para-forro-vale-o-investimento\/#O_que_e_lambril_de_madeira_para_forro\" title=\"O que \u00e9 lambril de madeira para forro?\">O que \u00e9 lambril de madeira para forro?<\/a><\/li><li class='ez-toc-page-1 ez-toc-heading-level-2'><a class=\"ez-toc-link ez-toc-heading-2\" href=\"https:\/\/www.artemadeiras.com.br\/blog\/forros\/lambril-de-madeira-para-forro-vale-o-investimento\/#Por_que_escolher_madeira_e_nao_outros_materiais\" title=\"Por que escolher madeira e n\u00e3o outros materiais?\">Por que escolher madeira e n\u00e3o outros materiais?<\/a><\/li><li class='ez-toc-page-1 ez-toc-heading-level-2'><a class=\"ez-toc-link ez-toc-heading-3\" href=\"https:\/\/www.artemadeiras.com.br\/blog\/forros\/lambril-de-madeira-para-forro-vale-o-investimento\/#Quais_tipos_de_madeira_sao_usados_no_lambril_para_forro\" title=\"Quais tipos de madeira s\u00e3o usados no lambril para forro?\">Quais tipos de madeira s\u00e3o usados no lambril para forro?<\/a><\/li><li class='ez-toc-page-1 ez-toc-heading-level-2'><a class=\"ez-toc-link ez-toc-heading-4\" href=\"https:\/\/www.artemadeiras.com.br\/blog\/forros\/lambril-de-madeira-para-forro-vale-o-investimento\/#Instalacao_o_que_voce_precisa_saber_antes_de_comecar\" title=\"Instala\u00e7\u00e3o: o que voc\u00ea precisa saber antes de come\u00e7ar\">Instala\u00e7\u00e3o: o que voc\u00ea precisa saber antes de come\u00e7ar<\/a><\/li><li class='ez-toc-page-1 ez-toc-heading-level-2'><a class=\"ez-toc-link ez-toc-heading-5\" href=\"https:\/\/www.artemadeiras.com.br\/blog\/forros\/lambril-de-madeira-para-forro-vale-o-investimento\/#Lambril_de_madeira_para_forro_e_a_valorizacao_do_imovel\" title=\"Lambril de madeira para forro e a valoriza\u00e7\u00e3o do im\u00f3vel\">Lambril de madeira para forro e a valoriza\u00e7\u00e3o do im\u00f3vel<\/a><\/li><li class='ez-toc-page-1 ez-toc-heading-level-2'><a class=\"ez-toc-link ez-toc-heading-6\" href=\"https:\/\/www.artemadeiras.com.br\/blog\/forros\/lambril-de-madeira-para-forro-vale-o-investimento\/#Onde_comprar_lambril_de_madeira_para_forro\" title=\"Onde comprar lambril de madeira para forro?\">Onde comprar lambril de madeira para forro?<\/a><\/li><\/ul><\/nav><\/div>\n<h2 class=\"wp-block-heading\"><span class=\"ez-toc-section\" id=\"O_que_e_lambril_de_madeira_para_forro\"><\/span>O que \u00e9 lambril de madeira para forro?<span class=\"ez-toc-section-end\"><\/span><\/h2>\n\n\n\n<p>O lambril \u00e9 um tipo de revestimento em t\u00e1buas de madeira encaixadas entre si, geralmente com perfil macho e f\u00eamea, que formam uma superf\u00edcie cont\u00ednua e uniforme. Quando aplicado no teto, funciona como forro, substituindo o gesso ou PVC.<\/p>\n\n\n\n<p>Cada t\u00e1bua se conecta \u00e0 seguinte por encaixe, o que dispensa o uso excessivo de pregos aparentes e garante um acabamento limpo. Esse sistema tamb\u00e9m permite certa movimenta\u00e7\u00e3o natural da madeira, preservando a estrutura ao longo do tempo.<\/p>\n\n\n\n<p>O resultado visual \u00e9 direto: linhas paralelas que criam ritmo no ambiente, textura natural e aquela leveza caracter\u00edstica de projetos com identidade.<\/p>\n\n\n\n<ul class=\"wp-block-list\">\n<li><a href=\"https:\/\/www.artemadeiras.com.br\/blog\/viga-de-madeira\/tipos-de-vigas-de-madeira-quais-existem-e-como-escolher-a-ideal-para-sua-obra\/\" target=\"_blank\" aria-label=\" (opens in a new tab)\" rel=\"noreferrer noopener\" class=\"rank-math-link\"><strong>Tipos de vigas de madeira: quais existem e como escolher a ideal para sua obra<\/strong><\/a><\/li>\n<\/ul>\n\n\n\n<h2 class=\"wp-block-heading\"><span class=\"ez-toc-section\" id=\"Por_que_escolher_madeira_e_nao_outros_materiais\"><\/span>Por que escolher madeira e n\u00e3o outros materiais?<span class=\"ez-toc-section-end\"><\/span><\/h2>\n\n\n\n<p>O PVC e o gesso t\u00eam sua fun\u00e7\u00e3o, mas a madeira entrega algo que eles n\u00e3o conseguem: autenticidade. O toque, o padr\u00e3o de veios e a varia\u00e7\u00e3o natural de cada pe\u00e7a criam um ambiente com personalidade pr\u00f3pria.<\/p>\n\n\n\n<p>Do ponto de vista t\u00e9cnico, a madeira tem propriedades de isolamento t\u00e9rmico superiores ao PVC. Em climas quentes, isso pode reduzir a sensa\u00e7\u00e3o de calor dentro de casa; em climas frios, ajuda a manter a temperatura interna.<\/p>\n\n\n\n<p>O isolamento ac\u00fastico tamb\u00e9m \u00e9 um diferencial real. Ambientes com forro de lambril absorvem melhor o ru\u00eddo do que forros de gesso liso, o que faz diferen\u00e7a em quartos, est\u00fadios e salas de reuni\u00e3o.<\/p>\n\n\n\n<ul class=\"wp-block-list\">\n<li><a href=\"https:\/\/www.artemadeiras.com.br\/blog\/madeiras\/guia-pratico-para-comprar-tapume-de-madeira-sem-erro\/\" target=\"_blank\" aria-label=\" (opens in a new tab)\" rel=\"noreferrer noopener\" class=\"rank-math-link\"><strong>Guia pr\u00e1tico para comprar tapume de madeira sem erro<\/strong><\/a><\/li>\n<\/ul>\n\n\n\n<h2 class=\"wp-block-heading\"><span class=\"ez-toc-section\" id=\"Quais_tipos_de_madeira_sao_usados_no_lambril_para_forro\"><\/span>Quais tipos de madeira s\u00e3o usados no lambril para forro?<span class=\"ez-toc-section-end\"><\/span><\/h2>\n\n\n\n<p>As esp\u00e9cies mais utilizadas para lambril s\u00e3o o pinus, o cedro, o eucalipto e a peroba. Cada uma tem caracter\u00edsticas pr\u00f3prias de dureza, peso e apar\u00eancia que influenciam diretamente a escolha.<\/p>\n\n\n\n<p>O pinus tratado \u00e9 a op\u00e7\u00e3o mais acess\u00edvel e muito usada em forros internos por ser leve e de f\u00e1cil instala\u00e7\u00e3o. O cedro e a peroba t\u00eam densidade maior e durabilidade superior, sendo recomendados para ambientes com maior exig\u00eancia est\u00e9tica.<\/p>\n\n\n\n<p>Para ambientes externos ou cobertos, como varandas e pergolados, o ideal \u00e9 optar por madeiras com maior resist\u00eancia \u00e0 umidade e ao ataque de fungos, sempre aliadas a um bom tratamento preventivo.<\/p>\n\n\n<div class=\"wp-block-image\">\n<figure class=\"aligncenter size-full is-resized\"><a href=\"https:\/\/www.artemadeiras.com.br\/forro\" target=\"_blank\" rel=\" noreferrer noopener\"><img loading=\"lazy\" decoding=\"async\" width=\"880\" height=\"660\" src=\"https:\/\/www.artemadeiras.com.br\/blog\/wp-content\/uploads\/2021\/04\/forros-de-madeira-1.jpg\" alt=\"forros de madeira\" class=\"wp-image-34\" style=\"width:382px;height:auto\" srcset=\"https:\/\/www.artemadeiras.com.br\/blog\/wp-content\/uploads\/2021\/04\/forros-de-madeira-1.jpg 880w, https:\/\/www.artemadeiras.com.br\/blog\/wp-content\/uploads\/2021\/04\/forros-de-madeira-1-300x225.jpg 300w, https:\/\/www.artemadeiras.com.br\/blog\/wp-content\/uploads\/2021\/04\/forros-de-madeira-1-768x576.jpg 768w\" sizes=\"auto, (max-width: 880px) 100vw, 880px\" \/><\/a><\/figure>\n<\/div>\n\n\n<h2 class=\"wp-block-heading\"><span class=\"ez-toc-section\" id=\"Instalacao_o_que_voce_precisa_saber_antes_de_comecar\"><\/span>Instala\u00e7\u00e3o: o que voc\u00ea precisa saber antes de come\u00e7ar<span class=\"ez-toc-section-end\"><\/span><\/h2>\n\n\n\n<p>A instala\u00e7\u00e3o do lambril de madeira para forro exige uma estrutura de apoio, geralmente em ripas de madeira fixadas no teto, chamadas de barrotes. \u00c9 sobre elas que as t\u00e1buas ser\u00e3o presas, garantindo nivelamento e estabilidade.<\/p>\n\n\n\n<p>Antes de instalar, a madeira precisa estar aclimatada ao ambiente por pelo menos 48 horas. Esse processo evita que as pe\u00e7as dilatem ou retraiam depois de fixadas, o que causaria rachaduras no encaixe.<\/p>\n\n\n\n<p>O acabamento final com verniz, stain ou \u00f3leo \u00e9 o que define a apar\u00eancia e a prote\u00e7\u00e3o do forro. A escolha do produto depende do estilo desejado e da exposi\u00e7\u00e3o do ambiente \u00e0 umidade e \u00e0 luz solar.<\/p>\n\n\n\n<ul class=\"wp-block-list\">\n<li><a href=\"https:\/\/www.artemadeiras.com.br\/blog\/deck\/deck-de-madeira-ipe-tudo-o-que-voce-precisa-saber-antes-de-comprar\/\" target=\"_blank\" aria-label=\" (opens in a new tab)\" rel=\"noreferrer noopener\" class=\"rank-math-link\"><strong>Deck de madeira ip\u00ea: tudo o que voc\u00ea precisa saber antes de comprar<\/strong><\/a><\/li>\n<\/ul>\n\n\n\n<h2 class=\"wp-block-heading\"><span class=\"ez-toc-section\" id=\"Lambril_de_madeira_para_forro_e_a_valorizacao_do_imovel\"><\/span>Lambril de madeira para forro e a valoriza\u00e7\u00e3o do im\u00f3vel<span class=\"ez-toc-section-end\"><\/span><\/h2>\n\n\n\n<p>Forros de madeira s\u00e3o reconhecidos no mercado imobili\u00e1rio como um diferencial de valor. Im\u00f3veis com acabamentos naturais costumam atrair mais interesse e alcan\u00e7am pre\u00e7os melhores na hora da venda ou loca\u00e7\u00e3o.<\/p>\n\n\n\n<p>Esse efeito \u00e9 ainda mais marcante em projetos de alto padr\u00e3o, chal\u00e9s, casas de campo e pousadas, onde o lambril de madeira comp\u00f5e a identidade do espa\u00e7o e se torna um argumento de venda por si s\u00f3.<\/p>\n\n\n\n<p>O custo inicial maior do lambril em compara\u00e7\u00e3o ao PVC ou gesso se dilui ao longo do tempo, tanto pela longevidade do material quanto pelo impacto positivo na percep\u00e7\u00e3o de valor do ambiente.<\/p>\n\n\n\n<ul class=\"wp-block-list\">\n<li><a href=\"https:\/\/www.artemadeiras.com.br\/blog\/madeireira\/madeireira-na-zona-norte-com-variedade-va-de-arte-madeiras\/\" target=\"_blank\" aria-label=\" (opens in a new tab)\" rel=\"noreferrer noopener\" class=\"rank-math-link\"><strong>Madeireira na Zona Norte com variedade? V\u00e1 de Arte Madeiras<\/strong><\/a><\/li>\n<\/ul>\n\n\n\n<h2 class=\"wp-block-heading\"><span class=\"ez-toc-section\" id=\"Onde_comprar_lambril_de_madeira_para_forro\"><\/span>Onde comprar lambril de madeira para forro?<span class=\"ez-toc-section-end\"><\/span><\/h2>\n\n\n\n<p>Escolher bem a madeira faz toda a diferen\u00e7a no resultado final. A <a href=\"https:\/\/www.artemadeiras.com.br\/blog\/\" target=\"_blank\" aria-label=\" (opens in a new tab)\" rel=\"noreferrer noopener\" class=\"rank-math-link\"><strong>Arte Madeiras<\/strong><\/a> \u00e9 refer\u00eancia no fornecimento de madeiras, chapas e insumos para constru\u00e7\u00e3o e marcenaria, atendendo tanto profissionais quanto quem est\u00e1 reformando a pr\u00f3pria casa com crit\u00e9rio.<\/p>\n\n\n\n<p>Se voc\u00ea est\u00e1 planejando um forro de lambril de madeira, <a href=\"https:\/\/www.artemadeiras.com.br\/contato\" class=\"rank-math-link\"><strong>entre em contato com a equipe da Arte Madeiras<\/strong><\/a> e pe\u00e7a um or\u00e7amento!<\/p>\n\n\n\n<p><\/p>\n","protected":false},"excerpt":{"rendered":"<p><span class=\"rt-reading-time\" style=\"display: block;\"><span class=\"rt-label rt-prefix\">Tempo de leitura<\/span> <span class=\"rt-time\">3<\/span> <span class=\"rt-label rt-postfix\">minutos<\/span><\/span> Lambril de madeira para forro transforma qualquer ambiente com beleza e durabilidade. Saiba se vale o investimento antes de decidir. Quem j\u00e1 entrou em um ambiente com forro de madeira sabe que a sensa\u00e7\u00e3o \u00e9 diferente. O espa\u00e7o parece mais&#8230;<\/p>\n","protected":false},"author":1,"featured_media":34,"comment_status":"open","ping_status":"open","sticky":false,"template":"","format":"standard","meta":{"footnotes":""},"categories":[15],"tags":[3297,3293,3287,3250,3251,3291,3296,3288,3294,3249,3255,3258,3279,3276,3278,3275,3261,3281,3283,3280,3285,3282,3257,3277,3256,3271,3268,3263,3273,3264,3267,3266,3270,3262,3274,3272,3265,3269,3253,3259,3254,3260,3286,3295,3298,3252,3299,3289,3284,3290,3292],"class_list":["post-407","post","type-post","status-publish","format-standard","has-post-thumbnail","hentry","category-forros","tag-como-aclimatar-lambril-antes-de-instalar","tag-como-fazer-acabamento-em-forro-de-madeira","tag-como-instalar-lambril-de-madeira-no-teto","tag-empresa-de-lambril-de-madeira-para-forro","tag-fornecedor-de-lambril-de-madeira-para-forro","tag-forro-de-lambril-de-madeira-precisa-de-manutencao","tag-forro-de-madeira-melhora-o-isolamento-termico","tag-lambril-de-madeira-dura-quantos-anos","tag-lambril-de-madeira-e-melhor-que-pvc","tag-lambril-de-madeira-para-forro","tag-lambril-de-madeira-para-forro-comprar","tag-lambril-de-madeira-para-forro-direto-da-fabrica","tag-lambril-de-madeira-para-forro-em-diadema","tag-lambril-de-madeira-para-forro-em-guarulhos","tag-lambril-de-madeira-para-forro-em-maua","tag-lambril-de-madeira-para-forro-em-osasco","tag-lambril-de-madeira-para-forro-em-promocao","tag-lambril-de-madeira-para-forro-em-ribeirao-pires","tag-lambril-de-madeira-para-forro-em-rio-grande-da-serra","tag-lambril-de-madeira-para-forro-em-santo-andre","tag-lambril-de-madeira-para-forro-em-sao-bernardo-do-campo","tag-lambril-de-madeira-para-forro-em-sao-caetano-do-sul","tag-lambril-de-madeira-para-forro-em-sao-paulo","tag-lambril-de-madeira-para-forro-em-sorocaba","tag-lambril-de-madeira-para-forro-em-sp","tag-lambril-de-madeira-para-forro-na-grande-sao-paulo","tag-lambril-de-madeira-para-forro-na-mooca","tag-lambril-de-madeira-para-forro-na-penha","tag-lambril-de-madeira-para-forro-na-vila-formosa","tag-lambril-de-madeira-para-forro-na-zona-leste","tag-lambril-de-madeira-para-forro-na-zona-norte","tag-lambril-de-madeira-para-forro-na-zona-oeste","tag-lambril-de-madeira-para-forro-na-zona-sudeste","tag-lambril-de-madeira-para-forro-na-zona-sul","tag-lambril-de-madeira-para-forro-no-analia-franco","tag-lambril-de-madeira-para-forro-no-belenzinho","tag-lambril-de-madeira-para-forro-no-carrao","tag-lambril-de-madeira-para-forro-no-tatuape","tag-lambril-de-madeira-para-forro-onde-encontrar","tag-lambril-de-madeira-para-forro-perto-de-mim","tag-lambril-de-madeira-para-forro-preco","tag-lambril-de-madeira-para-forro-proximo-a-mim","tag-lambril-de-madeira-para-forro-vale-a-pena","tag-lambril-de-madeira-serve-para-area-externa","tag-lambril-de-madeira-valoriza-o-imovel","tag-loja-de-lambril-de-madeira-para-forro","tag-onde-comprar-lambril-de-madeira-de-qualidade","tag-qual-a-diferenca-entre-lambril-de-pinus-e-cedro","tag-qual-madeira-usar-no-forro-de-lambril","tag-quanto-custa-um-forro-de-lambril-de-madeira","tag-que-tipo-de-verniz-usar-no-lambril-de-madeira"],"yoast_head":"<!-- This site is optimized with the Yoast SEO plugin v23.6 - https:\/\/yoast.com\/wordpress\/plugins\/seo\/ -->\n<title>Lambril de madeira para forro: vale o investimento - Blog | Arte madeiras<\/title>\n<meta name=\"description\" content=\"Descubra por que o lambril de madeira para forro \u00e9 a escolha certa para quem quer um acabamento bonito, dur\u00e1vel e que valoriza o im\u00f3vel.\" \/>\n<meta name=\"robots\" content=\"index, follow, max-snippet:-1, max-image-preview:large, max-video-preview:-1\" \/>\n<link rel=\"canonical\" href=\"https:\/\/www.artemadeiras.com.br\/blog\/forros\/lambril-de-madeira-para-forro-vale-o-investimento\/\" \/>\n<meta property=\"og:locale\" content=\"pt_BR\" \/>\n<meta property=\"og:type\" content=\"article\" \/>\n<meta property=\"og:title\" content=\"Lambril de madeira para forro: vale o investimento - Blog | Arte madeiras\" \/>\n<meta property=\"og:description\" content=\"Descubra por que o lambril de madeira para forro \u00e9 a escolha certa para quem quer um acabamento bonito, dur\u00e1vel e que valoriza o im\u00f3vel.\" \/>\n<meta property=\"og:url\" content=\"https:\/\/www.artemadeiras.com.br\/blog\/forros\/lambril-de-madeira-para-forro-vale-o-investimento\/\" \/>\n<meta property=\"og:site_name\" content=\"Blog | Arte madeiras\" \/>\n<meta property=\"article:published_time\" content=\"2026-04-23T13:19:00+00:00\" \/>\n<meta property=\"article:modified_time\" content=\"2026-04-23T13:19:04+00:00\" \/>\n<meta property=\"og:image\" content=\"https:\/\/www.artemadeiras.com.br\/blog\/wp-content\/uploads\/2021\/04\/forros-de-madeira-1.jpg\" \/>\n\t<meta property=\"og:image:width\" content=\"880\" \/>\n\t<meta property=\"og:image:height\" content=\"660\" \/>\n\t<meta property=\"og:image:type\" content=\"image\/jpeg\" \/>\n<meta name=\"author\" content=\"bloomin\" \/>\n<meta name=\"twitter:card\" content=\"summary_large_image\" \/>\n<meta name=\"twitter:label1\" content=\"Escrito por\" \/>\n\t<meta name=\"twitter:data1\" content=\"bloomin\" \/>\n\t<meta name=\"twitter:label2\" content=\"Est. tempo de leitura\" \/>\n\t<meta name=\"twitter:data2\" content=\"5 minutos\" \/>\n<script type=\"application\/ld+json\" class=\"yoast-schema-graph\">{\"@context\":\"https:\/\/schema.org\",\"@graph\":[{\"@type\":\"Article\",\"@id\":\"https:\/\/www.artemadeiras.com.br\/blog\/forros\/lambril-de-madeira-para-forro-vale-o-investimento\/#article\",\"isPartOf\":{\"@id\":\"https:\/\/www.artemadeiras.com.br\/blog\/forros\/lambril-de-madeira-para-forro-vale-o-investimento\/\"},\"author\":{\"name\":\"bloomin\",\"@id\":\"https:\/\/www.artemadeiras.com.br\/blog\/#\/schema\/person\/03c7826df62479a35ffcf10a5a652727\"},\"headline\":\"Lambril de madeira para forro: vale o investimento\",\"datePublished\":\"2026-04-23T13:19:00+00:00\",\"dateModified\":\"2026-04-23T13:19:04+00:00\",\"mainEntityOfPage\":{\"@id\":\"https:\/\/www.artemadeiras.com.br\/blog\/forros\/lambril-de-madeira-para-forro-vale-o-investimento\/\"},\"wordCount\":882,\"commentCount\":0,\"publisher\":{\"@id\":\"https:\/\/www.artemadeiras.com.br\/blog\/#organization\"},\"image\":{\"@id\":\"https:\/\/www.artemadeiras.com.br\/blog\/forros\/lambril-de-madeira-para-forro-vale-o-investimento\/#primaryimage\"},\"thumbnailUrl\":\"https:\/\/www.artemadeiras.com.br\/blog\/wp-content\/uploads\/2021\/04\/forros-de-madeira-1.jpg\",\"keywords\":[\"como aclimatar lambril antes de instalar?\",\"como fazer acabamento em forro de madeira?\",\"como instalar lambril de madeira no teto?\",\"empresa de lambril de madeira para forro\",\"fornecedor de lambril de madeira para forro\",\"forro de lambril de madeira precisa de manuten\u00e7\u00e3o?\",\"forro de madeira melhora o isolamento t\u00e9rmico?\",\"lambril de madeira dura quantos anos?\",\"lambril de madeira \u00e9 melhor que PVC?\",\"Lambril de madeira para forro\",\"lambril de madeira para forro comprar\",\"lambril de madeira para forro direto da fabrica\",\"lambril de madeira para forro em Diadema\",\"lambril de madeira para forro em Guarulhos\",\"lambril de madeira para forro em Mau\u00e1\",\"lambril de madeira para forro em Osasco\",\"lambril de madeira para forro em promo\u00e7\u00e3o\",\"lambril de madeira para forro em Ribeir\u00e3o Pires\",\"lambril de madeira para forro em Rio Grande da Serra\",\"lambril de madeira para forro em Santo Andr\u00e9\",\"lambril de madeira para forro em S\u00e3o Bernardo do Campo\",\"lambril de madeira para forro em S\u00e3o Caetano do Sul\",\"lambril de madeira para forro em S\u00e3o Paulo\",\"lambril de madeira para forro em Sorocaba\",\"lambril de madeira para forro em SP\",\"lambril de madeira para forro na Grande S\u00e3o Paulo\",\"lambril de madeira para forro na Mooca\",\"lambril de madeira para forro na Penha\",\"lambril de madeira para forro na Vila Formosa\",\"lambril de madeira para forro na Zona Leste\",\"lambril de madeira para forro na Zona Norte\",\"lambril de madeira para forro na Zona Oeste\",\"lambril de madeira para forro na Zona Sudeste\",\"lambril de madeira para forro na Zona Sul\",\"lambril de madeira para forro no An\u00e1lia Franco\",\"lambril de madeira para forro no Belenzinho\",\"lambril de madeira para forro no Carr\u00e3o\",\"lambril de madeira para forro no Tatuap\u00e9\",\"lambril de madeira para forro onde encontrar\",\"lambril de madeira para forro perto de mim\",\"lambril de madeira para forro pre\u00e7o\",\"lambril de madeira para forro pr\u00f3ximo a mim\",\"lambril de madeira para forro vale a pena?\",\"lambril de madeira serve para \u00e1rea externa?\",\"lambril de madeira valoriza o im\u00f3vel?\",\"loja de lambril de madeira para forro\",\"onde comprar lambril de madeira de qualidade?\",\"qual a diferen\u00e7a entre lambril de pinus e cedro?\",\"qual madeira usar no forro de lambril?\",\"quanto custa um forro de lambril de madeira?\",\"que tipo de verniz usar no lambril de madeira?\"],\"articleSection\":[\"Forros\"],\"inLanguage\":\"pt-BR\",\"potentialAction\":[{\"@type\":\"CommentAction\",\"name\":\"Comment\",\"target\":[\"https:\/\/www.artemadeiras.com.br\/blog\/forros\/lambril-de-madeira-para-forro-vale-o-investimento\/#respond\"]}]},{\"@type\":\"WebPage\",\"@id\":\"https:\/\/www.artemadeiras.com.br\/blog\/forros\/lambril-de-madeira-para-forro-vale-o-investimento\/\",\"url\":\"https:\/\/www.artemadeiras.com.br\/blog\/forros\/lambril-de-madeira-para-forro-vale-o-investimento\/\",\"name\":\"Lambril de madeira para forro: vale o investimento - Blog | Arte madeiras\",\"isPartOf\":{\"@id\":\"https:\/\/www.artemadeiras.com.br\/blog\/#website\"},\"primaryImageOfPage\":{\"@id\":\"https:\/\/www.artemadeiras.com.br\/blog\/forros\/lambril-de-madeira-para-forro-vale-o-investimento\/#primaryimage\"},\"image\":{\"@id\":\"https:\/\/www.artemadeiras.com.br\/blog\/forros\/lambril-de-madeira-para-forro-vale-o-investimento\/#primaryimage\"},\"thumbnailUrl\":\"https:\/\/www.artemadeiras.com.br\/blog\/wp-content\/uploads\/2021\/04\/forros-de-madeira-1.jpg\",\"datePublished\":\"2026-04-23T13:19:00+00:00\",\"dateModified\":\"2026-04-23T13:19:04+00:00\",\"description\":\"Descubra por que o lambril de madeira para forro \u00e9 a escolha certa para quem quer um acabamento bonito, dur\u00e1vel e que valoriza o im\u00f3vel.\",\"breadcrumb\":{\"@id\":\"https:\/\/www.artemadeiras.com.br\/blog\/forros\/lambril-de-madeira-para-forro-vale-o-investimento\/#breadcrumb\"},\"inLanguage\":\"pt-BR\",\"potentialAction\":[{\"@type\":\"ReadAction\",\"target\":[\"https:\/\/www.artemadeiras.com.br\/blog\/forros\/lambril-de-madeira-para-forro-vale-o-investimento\/\"]}]},{\"@type\":\"ImageObject\",\"inLanguage\":\"pt-BR\",\"@id\":\"https:\/\/www.artemadeiras.com.br\/blog\/forros\/lambril-de-madeira-para-forro-vale-o-investimento\/#primaryimage\",\"url\":\"https:\/\/www.artemadeiras.com.br\/blog\/wp-content\/uploads\/2021\/04\/forros-de-madeira-1.jpg\",\"contentUrl\":\"https:\/\/www.artemadeiras.com.br\/blog\/wp-content\/uploads\/2021\/04\/forros-de-madeira-1.jpg\",\"width\":880,\"height\":660,\"caption\":\"forros de madeira\"},{\"@type\":\"BreadcrumbList\",\"@id\":\"https:\/\/www.artemadeiras.com.br\/blog\/forros\/lambril-de-madeira-para-forro-vale-o-investimento\/#breadcrumb\",\"itemListElement\":[{\"@type\":\"ListItem\",\"position\":1,\"name\":\"In\u00edcio\",\"item\":\"https:\/\/www.artemadeiras.com.br\/blog\/\"},{\"@type\":\"ListItem\",\"position\":2,\"name\":\"Lambril de madeira para forro: vale o investimento\"}]},{\"@type\":\"WebSite\",\"@id\":\"https:\/\/www.artemadeiras.com.br\/blog\/#website\",\"url\":\"https:\/\/www.artemadeiras.com.br\/blog\/\",\"name\":\"Blog | Arte madeiras\",\"description\":\"Dicas e Novidades sobre Madeiras\",\"publisher\":{\"@id\":\"https:\/\/www.artemadeiras.com.br\/blog\/#organization\"},\"potentialAction\":[{\"@type\":\"SearchAction\",\"target\":{\"@type\":\"EntryPoint\",\"urlTemplate\":\"https:\/\/www.artemadeiras.com.br\/blog\/?s={search_term_string}\"},\"query-input\":{\"@type\":\"PropertyValueSpecification\",\"valueRequired\":true,\"valueName\":\"search_term_string\"}}],\"inLanguage\":\"pt-BR\"},{\"@type\":\"Organization\",\"@id\":\"https:\/\/www.artemadeiras.com.br\/blog\/#organization\",\"name\":\"Blog | Arte madeiras\",\"url\":\"https:\/\/www.artemadeiras.com.br\/blog\/\",\"logo\":{\"@type\":\"ImageObject\",\"inLanguage\":\"pt-BR\",\"@id\":\"https:\/\/www.artemadeiras.com.br\/blog\/#\/schema\/logo\/image\/\",\"url\":\"https:\/\/www.artemadeiras.com.br\/blog\/wp-content\/uploads\/2021\/01\/logo-arte-madeiras.png\",\"contentUrl\":\"https:\/\/www.artemadeiras.com.br\/blog\/wp-content\/uploads\/2021\/01\/logo-arte-madeiras.png\",\"width\":255,\"height\":110,\"caption\":\"Blog | Arte madeiras\"},\"image\":{\"@id\":\"https:\/\/www.artemadeiras.com.br\/blog\/#\/schema\/logo\/image\/\"}},{\"@type\":\"Person\",\"@id\":\"https:\/\/www.artemadeiras.com.br\/blog\/#\/schema\/person\/03c7826df62479a35ffcf10a5a652727\",\"name\":\"bloomin\",\"image\":{\"@type\":\"ImageObject\",\"inLanguage\":\"pt-BR\",\"@id\":\"https:\/\/www.artemadeiras.com.br\/blog\/#\/schema\/person\/image\/\",\"url\":\"https:\/\/secure.gravatar.com\/avatar\/161a7ea08f1b8bd365e1697a2453e6c719201075da8bdf298a1c2fc5455ba35d?s=96&d=mm&r=g\",\"contentUrl\":\"https:\/\/secure.gravatar.com\/avatar\/161a7ea08f1b8bd365e1697a2453e6c719201075da8bdf298a1c2fc5455ba35d?s=96&d=mm&r=g\",\"caption\":\"bloomin\"},\"sameAs\":[\"https:\/\/www.artemadeiras.com.br\/blog\"],\"url\":\"https:\/\/www.artemadeiras.com.br\/blog\/author\/bloomin\/\"}]}<\/script>\n<!-- \/ Yoast SEO plugin. -->","yoast_head_json":{"title":"Lambril de madeira para forro: vale o investimento - Blog | Arte madeiras","description":"Descubra por que o lambril de madeira para forro \u00e9 a escolha certa para quem quer um acabamento bonito, dur\u00e1vel e que valoriza o im\u00f3vel.","robots":{"index":"index","follow":"follow","max-snippet":"max-snippet:-1","max-image-preview":"max-image-preview:large","max-video-preview":"max-video-preview:-1"},"canonical":"https:\/\/www.artemadeiras.com.br\/blog\/forros\/lambril-de-madeira-para-forro-vale-o-investimento\/","og_locale":"pt_BR","og_type":"article","og_title":"Lambril de madeira para forro: vale o investimento - Blog | Arte madeiras","og_description":"Descubra por que o lambril de madeira para forro \u00e9 a escolha certa para quem quer um acabamento bonito, dur\u00e1vel e que valoriza o im\u00f3vel.","og_url":"https:\/\/www.artemadeiras.com.br\/blog\/forros\/lambril-de-madeira-para-forro-vale-o-investimento\/","og_site_name":"Blog | Arte madeiras","article_published_time":"2026-04-23T13:19:00+00:00","article_modified_time":"2026-04-23T13:19:04+00:00","og_image":[{"width":880,"height":660,"url":"https:\/\/www.artemadeiras.com.br\/blog\/wp-content\/uploads\/2021\/04\/forros-de-madeira-1.jpg","type":"image\/jpeg"}],"author":"bloomin","twitter_card":"summary_large_image","twitter_misc":{"Escrito por":"bloomin","Est. tempo de leitura":"5 minutos"},"schema":{"@context":"https:\/\/schema.org","@graph":[{"@type":"Article","@id":"https:\/\/www.artemadeiras.com.br\/blog\/forros\/lambril-de-madeira-para-forro-vale-o-investimento\/#article","isPartOf":{"@id":"https:\/\/www.artemadeiras.com.br\/blog\/forros\/lambril-de-madeira-para-forro-vale-o-investimento\/"},"author":{"name":"bloomin","@id":"https:\/\/www.artemadeiras.com.br\/blog\/#\/schema\/person\/03c7826df62479a35ffcf10a5a652727"},"headline":"Lambril de madeira para forro: vale o investimento","datePublished":"2026-04-23T13:19:00+00:00","dateModified":"2026-04-23T13:19:04+00:00","mainEntityOfPage":{"@id":"https:\/\/www.artemadeiras.com.br\/blog\/forros\/lambril-de-madeira-para-forro-vale-o-investimento\/"},"wordCount":882,"commentCount":0,"publisher":{"@id":"https:\/\/www.artemadeiras.com.br\/blog\/#organization"},"image":{"@id":"https:\/\/www.artemadeiras.com.br\/blog\/forros\/lambril-de-madeira-para-forro-vale-o-investimento\/#primaryimage"},"thumbnailUrl":"https:\/\/www.artemadeiras.com.br\/blog\/wp-content\/uploads\/2021\/04\/forros-de-madeira-1.jpg","keywords":["como aclimatar lambril antes de instalar?","como fazer acabamento em forro de madeira?","como instalar lambril de madeira no teto?","empresa de lambril de madeira para forro","fornecedor de lambril de madeira para forro","forro de lambril de madeira precisa de manuten\u00e7\u00e3o?","forro de madeira melhora o isolamento t\u00e9rmico?","lambril de madeira dura quantos anos?","lambril de madeira \u00e9 melhor que PVC?","Lambril de madeira para forro","lambril de madeira para forro comprar","lambril de madeira para forro direto da fabrica","lambril de madeira para forro em Diadema","lambril de madeira para forro em Guarulhos","lambril de madeira para forro em Mau\u00e1","lambril de madeira para forro em Osasco","lambril de madeira para forro em promo\u00e7\u00e3o","lambril de madeira para forro em Ribeir\u00e3o Pires","lambril de madeira para forro em Rio Grande da Serra","lambril de madeira para forro em Santo Andr\u00e9","lambril de madeira para forro em S\u00e3o Bernardo do Campo","lambril de madeira para forro em S\u00e3o Caetano do Sul","lambril de madeira para forro em S\u00e3o Paulo","lambril de madeira para forro em Sorocaba","lambril de madeira para forro em SP","lambril de madeira para forro na Grande S\u00e3o Paulo","lambril de madeira para forro na Mooca","lambril de madeira para forro na Penha","lambril de madeira para forro na Vila Formosa","lambril de madeira para forro na Zona Leste","lambril de madeira para forro na Zona Norte","lambril de madeira para forro na Zona Oeste","lambril de madeira para forro na Zona Sudeste","lambril de madeira para forro na Zona Sul","lambril de madeira para forro no An\u00e1lia Franco","lambril de madeira para forro no Belenzinho","lambril de madeira para forro no Carr\u00e3o","lambril de madeira para forro no Tatuap\u00e9","lambril de madeira para forro onde encontrar","lambril de madeira para forro perto de mim","lambril de madeira para forro pre\u00e7o","lambril de madeira para forro pr\u00f3ximo a mim","lambril de madeira para forro vale a pena?","lambril de madeira serve para \u00e1rea externa?","lambril de madeira valoriza o im\u00f3vel?","loja de lambril de madeira para forro","onde comprar lambril de madeira de qualidade?","qual a diferen\u00e7a entre lambril de pinus e cedro?","qual madeira usar no forro de lambril?","quanto custa um forro de lambril de madeira?","que tipo de verniz usar no lambril de madeira?"],"articleSection":["Forros"],"inLanguage":"pt-BR","potentialAction":[{"@type":"CommentAction","name":"Comment","target":["https:\/\/www.artemadeiras.com.br\/blog\/forros\/lambril-de-madeira-para-forro-vale-o-investimento\/#respond"]}]},{"@type":"WebPage","@id":"https:\/\/www.artemadeiras.com.br\/blog\/forros\/lambril-de-madeira-para-forro-vale-o-investimento\/","url":"https:\/\/www.artemadeiras.com.br\/blog\/forros\/lambril-de-madeira-para-forro-vale-o-investimento\/","name":"Lambril de madeira para forro: vale o investimento - Blog | Arte madeiras","isPartOf":{"@id":"https:\/\/www.artemadeiras.com.br\/blog\/#website"},"primaryImageOfPage":{"@id":"https:\/\/www.artemadeiras.com.br\/blog\/forros\/lambril-de-madeira-para-forro-vale-o-investimento\/#primaryimage"},"image":{"@id":"https:\/\/www.artemadeiras.com.br\/blog\/forros\/lambril-de-madeira-para-forro-vale-o-investimento\/#primaryimage"},"thumbnailUrl":"https:\/\/www.artemadeiras.com.br\/blog\/wp-content\/uploads\/2021\/04\/forros-de-madeira-1.jpg","datePublished":"2026-04-23T13:19:00+00:00","dateModified":"2026-04-23T13:19:04+00:00","description":"Descubra por que o lambril de madeira para forro \u00e9 a escolha certa para quem quer um acabamento bonito, dur\u00e1vel e que valoriza o im\u00f3vel.","breadcrumb":{"@id":"https:\/\/www.artemadeiras.com.br\/blog\/forros\/lambril-de-madeira-para-forro-vale-o-investimento\/#breadcrumb"},"inLanguage":"pt-BR","potentialAction":[{"@type":"ReadAction","target":["https:\/\/www.artemadeiras.com.br\/blog\/forros\/lambril-de-madeira-para-forro-vale-o-investimento\/"]}]},{"@type":"ImageObject","inLanguage":"pt-BR","@id":"https:\/\/www.artemadeiras.com.br\/blog\/forros\/lambril-de-madeira-para-forro-vale-o-investimento\/#primaryimage","url":"https:\/\/www.artemadeiras.com.br\/blog\/wp-content\/uploads\/2021\/04\/forros-de-madeira-1.jpg","contentUrl":"https:\/\/www.artemadeiras.com.br\/blog\/wp-content\/uploads\/2021\/04\/forros-de-madeira-1.jpg","width":880,"height":660,"caption":"forros de madeira"},{"@type":"BreadcrumbList","@id":"https:\/\/www.artemadeiras.com.br\/blog\/forros\/lambril-de-madeira-para-forro-vale-o-investimento\/#breadcrumb","itemListElement":[{"@type":"ListItem","position":1,"name":"In\u00edcio","item":"https:\/\/www.artemadeiras.com.br\/blog\/"},{"@type":"ListItem","position":2,"name":"Lambril de madeira para forro: vale o investimento"}]},{"@type":"WebSite","@id":"https:\/\/www.artemadeiras.com.br\/blog\/#website","url":"https:\/\/www.artemadeiras.com.br\/blog\/","name":"Blog | Arte madeiras","description":"Dicas e Novidades sobre Madeiras","publisher":{"@id":"https:\/\/www.artemadeiras.com.br\/blog\/#organization"},"potentialAction":[{"@type":"SearchAction","target":{"@type":"EntryPoint","urlTemplate":"https:\/\/www.artemadeiras.com.br\/blog\/?s={search_term_string}"},"query-input":{"@type":"PropertyValueSpecification","valueRequired":true,"valueName":"search_term_string"}}],"inLanguage":"pt-BR"},{"@type":"Organization","@id":"https:\/\/www.artemadeiras.com.br\/blog\/#organization","name":"Blog | Arte madeiras","url":"https:\/\/www.artemadeiras.com.br\/blog\/","logo":{"@type":"ImageObject","inLanguage":"pt-BR","@id":"https:\/\/www.artemadeiras.com.br\/blog\/#\/schema\/logo\/image\/","url":"https:\/\/www.artemadeiras.com.br\/blog\/wp-content\/uploads\/2021\/01\/logo-arte-madeiras.png","contentUrl":"https:\/\/www.artemadeiras.com.br\/blog\/wp-content\/uploads\/2021\/01\/logo-arte-madeiras.png","width":255,"height":110,"caption":"Blog | Arte madeiras"},"image":{"@id":"https:\/\/www.artemadeiras.com.br\/blog\/#\/schema\/logo\/image\/"}},{"@type":"Person","@id":"https:\/\/www.artemadeiras.com.br\/blog\/#\/schema\/person\/03c7826df62479a35ffcf10a5a652727","name":"bloomin","image":{"@type":"ImageObject","inLanguage":"pt-BR","@id":"https:\/\/www.artemadeiras.com.br\/blog\/#\/schema\/person\/image\/","url":"https:\/\/secure.gravatar.com\/avatar\/161a7ea08f1b8bd365e1697a2453e6c719201075da8bdf298a1c2fc5455ba35d?s=96&d=mm&r=g","contentUrl":"https:\/\/secure.gravatar.com\/avatar\/161a7ea08f1b8bd365e1697a2453e6c719201075da8bdf298a1c2fc5455ba35d?s=96&d=mm&r=g","caption":"bloomin"},"sameAs":["https:\/\/www.artemadeiras.com.br\/blog"],"url":"https:\/\/www.artemadeiras.com.br\/blog\/author\/bloomin\/"}]}},"_links":{"self":[{"href":"https:\/\/www.artemadeiras.com.br\/blog\/wp-json\/wp\/v2\/posts\/407","targetHints":{"allow":["GET"]}}],"collection":[{"href":"https:\/\/www.artemadeiras.com.br\/blog\/wp-json\/wp\/v2\/posts"}],"about":[{"href":"https:\/\/www.artemadeiras.com.br\/blog\/wp-json\/wp\/v2\/types\/post"}],"author":[{"embeddable":true,"href":"https:\/\/www.artemadeiras.com.br\/blog\/wp-json\/wp\/v2\/users\/1"}],"replies":[{"embeddable":true,"href":"https:\/\/www.artemadeiras.com.br\/blog\/wp-json\/wp\/v2\/comments?post=407"}],"version-history":[{"count":1,"href":"https:\/\/www.artemadeiras.com.br\/blog\/wp-json\/wp\/v2\/posts\/407\/revisions"}],"predecessor-version":[{"id":408,"href":"https:\/\/www.artemadeiras.com.br\/blog\/wp-json\/wp\/v2\/posts\/407\/revisions\/408"}],"wp:featuredmedia":[{"embeddable":true,"href":"https:\/\/www.artemadeiras.com.br\/blog\/wp-json\/wp\/v2\/media\/34"}],"wp:attachment":[{"href":"https:\/\/www.artemadeiras.com.br\/blog\/wp-json\/wp\/v2\/media?parent=407"}],"wp:term":[{"taxonomy":"category","embeddable":true,"href":"https:\/\/www.artemadeiras.com.br\/blog\/wp-json\/wp\/v2\/categories?post=407"},{"taxonomy":"post_tag","embeddable":true,"href":"https:\/\/www.artemadeiras.com.br\/blog\/wp-json\/wp\/v2\/tags?post=407"}],"curies":[{"name":"wp","href":"https:\/\/api.w.org\/{rel}","templated":true}]}}