{"id":381,"date":"2026-03-25T08:12:44","date_gmt":"2026-03-25T11:12:44","guid":{"rendered":"https:\/\/www.artemadeiras.com.br\/blog\/?p=381"},"modified":"2026-03-25T08:12:45","modified_gmt":"2026-03-25T11:12:45","slug":"batente-e-guarnicao-de-porta-conheca-mais-sobre","status":"publish","type":"post","link":"https:\/\/www.artemadeiras.com.br\/blog\/madeiras\/batente-e-guarnicao-de-porta-conheca-mais-sobre\/","title":{"rendered":"Batente e guarni\u00e7\u00e3o de porta: conhe\u00e7a mais sobre"},"content":{"rendered":"<span class=\"rt-reading-time\" style=\"display: block;\"><span class=\"rt-label rt-prefix\">Tempo de leitura<\/span> <span class=\"rt-time\">3<\/span> <span class=\"rt-label rt-postfix\">minutos<\/span><\/span>\n<p><strong><em>Entenda a diferen\u00e7a entre batente e guarni\u00e7\u00e3o de porta, como escolher os materiais certos e garantir um acabamento impec\u00e1vel na sua obra.<\/em><\/strong><\/p>\n\n\n\n<p>Batente e guarni\u00e7\u00e3o de porta s\u00e3o dois termos que aparecem juntos em praticamente qualquer lista de materiais de obra, mas que muita gente ainda confunde, ou simplesmente desconhece a diferen\u00e7a.<\/p>\n\n\n\n<p>Essa confus\u00e3o tem um custo pr\u00e1tico: pe\u00e7a errada comprada, medida fora do padr\u00e3o, instala\u00e7\u00e3o que n\u00e3o fecha direito. S\u00e3o erros simples que se evitam com um pouco de informa\u00e7\u00e3o antes de ir at\u00e9 a loja.<\/p>\n\n\n\n<p>Neste artigo, voc\u00ea vai encontrar tudo o que precisa saber sobre batente e guarni\u00e7\u00e3o de porta, de forma clara e sem enrola\u00e7\u00e3o.<\/p>\n\n\n\n<ul class=\"wp-block-list\">\n<li><a href=\"https:\/\/www.artemadeiras.com.br\/blog\/chapas\/comprar-chapa-de-eucatex-vale-a-pena-conheca-os-beneficios\/\" target=\"_blank\" aria-label=\" (opens in a new tab)\" rel=\"noreferrer noopener\" class=\"rank-math-link\"><strong>Comprar chapa de eucatex vale a pena? Conhe\u00e7a os benef\u00edcios<\/strong><\/a><\/li>\n<\/ul>\n\n\n\n<div id=\"ez-toc-container\" class=\"ez-toc-v2_0_66_1 counter-hierarchy ez-toc-counter ez-toc-grey ez-toc-container-direction\">\n<div class=\"ez-toc-title-container\">\n<p class=\"ez-toc-title \" >T&oacute;picos do artigo<\/p>\n<span class=\"ez-toc-title-toggle\"><a href=\"#\" class=\"ez-toc-pull-right ez-toc-btn ez-toc-btn-xs ez-toc-btn-default ez-toc-toggle\" aria-label=\"Toggle Table of Content\"><span class=\"ez-toc-js-icon-con\"><span class=\"\"><span class=\"eztoc-hide\" style=\"display:none;\">Toggle<\/span><span class=\"ez-toc-icon-toggle-span\"><svg style=\"fill: #999;color:#999\" xmlns=\"http:\/\/www.w3.org\/2000\/svg\" class=\"list-377408\" width=\"20px\" height=\"20px\" viewBox=\"0 0 24 24\" fill=\"none\"><path d=\"M6 6H4v2h2V6zm14 0H8v2h12V6zM4 11h2v2H4v-2zm16 0H8v2h12v-2zM4 16h2v2H4v-2zm16 0H8v2h12v-2z\" fill=\"currentColor\"><\/path><\/svg><svg style=\"fill: #999;color:#999\" class=\"arrow-unsorted-368013\" xmlns=\"http:\/\/www.w3.org\/2000\/svg\" width=\"10px\" height=\"10px\" viewBox=\"0 0 24 24\" version=\"1.2\" baseProfile=\"tiny\"><path d=\"M18.2 9.3l-6.2-6.3-6.2 6.3c-.2.2-.3.4-.3.7s.1.5.3.7c.2.2.4.3.7.3h11c.3 0 .5-.1.7-.3.2-.2.3-.5.3-.7s-.1-.5-.3-.7zM5.8 14.7l6.2 6.3 6.2-6.3c.2-.2.3-.5.3-.7s-.1-.5-.3-.7c-.2-.2-.4-.3-.7-.3h-11c-.3 0-.5.1-.7.3-.2.2-.3.5-.3.7s.1.5.3.7z\"\/><\/svg><\/span><\/span><\/span><\/a><\/span><\/div>\n<nav><ul class='ez-toc-list ez-toc-list-level-1 ' ><li class='ez-toc-page-1 ez-toc-heading-level-2'><a class=\"ez-toc-link ez-toc-heading-1\" href=\"https:\/\/www.artemadeiras.com.br\/blog\/madeiras\/batente-e-guarnicao-de-porta-conheca-mais-sobre\/#O_que_e_o_batente_de_porta\" title=\"O que \u00e9 o batente de porta?\">O que \u00e9 o batente de porta?<\/a><\/li><li class='ez-toc-page-1 ez-toc-heading-level-2'><a class=\"ez-toc-link ez-toc-heading-2\" href=\"https:\/\/www.artemadeiras.com.br\/blog\/madeiras\/batente-e-guarnicao-de-porta-conheca-mais-sobre\/#Por_que_a_guarnicao_de_porta_e_indispensavel\" title=\"Por que a guarni\u00e7\u00e3o de porta \u00e9 indispens\u00e1vel?\">Por que a guarni\u00e7\u00e3o de porta \u00e9 indispens\u00e1vel?<\/a><\/li><li class='ez-toc-page-1 ez-toc-heading-level-2'><a class=\"ez-toc-link ez-toc-heading-3\" href=\"https:\/\/www.artemadeiras.com.br\/blog\/madeiras\/batente-e-guarnicao-de-porta-conheca-mais-sobre\/#Qual_e_a_diferenca_entre_batente_e_guarnicao_de_porta\" title=\"Qual \u00e9 a diferen\u00e7a entre batente e guarni\u00e7\u00e3o de porta?\">Qual \u00e9 a diferen\u00e7a entre batente e guarni\u00e7\u00e3o de porta?<\/a><\/li><li class='ez-toc-page-1 ez-toc-heading-level-2'><a class=\"ez-toc-link ez-toc-heading-4\" href=\"https:\/\/www.artemadeiras.com.br\/blog\/madeiras\/batente-e-guarnicao-de-porta-conheca-mais-sobre\/#Como_escolher_e_instalar_batente_e_guarnicao_de_porta_corretamente\" title=\"Como escolher e instalar batente e guarni\u00e7\u00e3o de porta corretamente?\">Como escolher e instalar batente e guarni\u00e7\u00e3o de porta corretamente?<\/a><\/li><li class='ez-toc-page-1 ez-toc-heading-level-2'><a class=\"ez-toc-link ez-toc-heading-5\" href=\"https:\/\/www.artemadeiras.com.br\/blog\/madeiras\/batente-e-guarnicao-de-porta-conheca-mais-sobre\/#Arte_Madeiras_acabamento_que_faz_diferenca_na_sua_obra\" title=\"Arte Madeiras: acabamento que faz diferen\u00e7a na sua obra\">Arte Madeiras: acabamento que faz diferen\u00e7a na sua obra<\/a><\/li><\/ul><\/nav><\/div>\n<h2 class=\"wp-block-heading\"><span class=\"ez-toc-section\" id=\"O_que_e_o_batente_de_porta\"><\/span>O que \u00e9 o batente de porta?<span class=\"ez-toc-section-end\"><\/span><\/h2>\n\n\n\n<p>O batente \u00e9 a estrutura que abra\u00e7a o v\u00e3o da porta, fixada diretamente na alvenaria ou no drywall. \u00c9 ele que recebe a folha da porta e sustenta as dobradi\u00e7as, sendo a base de toda a instala\u00e7\u00e3o.<\/p>\n\n\n\n<p>Sem o batente instalado corretamente, a porta n\u00e3o tem esquadro, n\u00e3o fecha direito e perde funcionalidade com o tempo. Ele \u00e9 respons\u00e1vel pelo alinhamento e pela estabilidade de todo o conjunto.<\/p>\n\n\n\n<p>O batente de porta tamb\u00e9m absorve o impacto do uso di\u00e1rio, protegendo a parede e evitando que as batidas repetidas causem danos estruturais ao redor do v\u00e3o.<\/p>\n\n\n\n<ul class=\"wp-block-list\">\n<li><a href=\"https:\/\/www.artemadeiras.com.br\/blog\/madeiras\/coluna-de-madeira-para-telhado-como-escolher-a-melhor-opcao-para-sua-obra\/\" target=\"_blank\" aria-label=\" (opens in a new tab)\" rel=\"noreferrer noopener\" class=\"rank-math-link\"><strong>Coluna de madeira para telhado: como escolher a melhor op\u00e7\u00e3o para sua obra<\/strong><\/a><\/li>\n<\/ul>\n\n\n\n<h2 class=\"wp-block-heading\"><span class=\"ez-toc-section\" id=\"Por_que_a_guarnicao_de_porta_e_indispensavel\"><\/span>Por que a guarni\u00e7\u00e3o de porta \u00e9 indispens\u00e1vel?<span class=\"ez-toc-section-end\"><\/span><\/h2>\n\n\n\n<p>A guarni\u00e7\u00e3o, tamb\u00e9m chamada de moldura ou caixilho, \u00e9 a pe\u00e7a aplicada sobre a parede, ao redor do batente. Sua principal fun\u00e7\u00e3o \u00e9 cobrir a fresta que fica entre o batente e o revestimento da parede ap\u00f3s a instala\u00e7\u00e3o.<\/p>\n\n\n\n<p>Ela tem car\u00e1ter predominantemente est\u00e9tico, mas isso n\u00e3o reduz sua import\u00e2ncia. Uma guarni\u00e7\u00e3o bem instalada define o n\u00edvel de acabamento do ambiente e pode elevar ou comprometer a apar\u00eancia geral da porta.<\/p>\n\n\n\n<p>Al\u00e9m da beleza, a guarni\u00e7\u00e3o de porta tamb\u00e9m protege as bordas do batente contra poeira, umidade e desgaste, funcionando como um acabamento que une est\u00e9tica e prote\u00e7\u00e3o ao mesmo tempo.<\/p>\n\n\n<div class=\"wp-block-image\">\n<figure class=\"aligncenter size-full is-resized\"><a href=\"https:\/\/www.artemadeiras.com.br\/porta\" target=\"_blank\" rel=\" noreferrer noopener\"><img loading=\"lazy\" decoding=\"async\" width=\"300\" height=\"150\" src=\"https:\/\/www.artemadeiras.com.br\/blog\/wp-content\/uploads\/2024\/08\/batente4-mini.jpg\" alt=\"Onde comprar batentes de madeira? Conhe\u00e7a a Arte Madeiras\" class=\"wp-image-138\" style=\"width:354px;height:auto\"\/><\/a><\/figure>\n<\/div>\n\n\n<h2 class=\"wp-block-heading\"><span class=\"ez-toc-section\" id=\"Qual_e_a_diferenca_entre_batente_e_guarnicao_de_porta\"><\/span>Qual \u00e9 a diferen\u00e7a entre batente e guarni\u00e7\u00e3o de porta?<span class=\"ez-toc-section-end\"><\/span><\/h2>\n\n\n\n<p>Essa \u00e9, sem d\u00favida, a d\u00favida mais frequente entre quem est\u00e1 comprando materiais para obra. O batente fica dentro do v\u00e3o, fixado na alvenaria. A guarni\u00e7\u00e3o fica por fora, aplicada sobre a superf\u00edcie da parede.<\/p>\n\n\n\n<p>Resumindo de forma direta: o batente \u00e9 estrutura e a guarni\u00e7\u00e3o \u00e9 acabamento. Um complementa o outro, mas nenhum substitui o outro em sua fun\u00e7\u00e3o.<\/p>\n\n\n\n<p>Na pr\u00e1tica, batente e guarni\u00e7\u00e3o de porta podem ser comprados separadamente ou em kits completos, dependendo do fornecedor. Verificar as dimens\u00f5es corretas antes da compra \u00e9 essencial para evitar incompatibilidade entre as pe\u00e7as.<\/p>\n\n\n\n<ul class=\"wp-block-list\">\n<li><a href=\"https:\/\/www.artemadeiras.com.br\/blog\/madeira-garapeira\/madeira-de-garapeira-durabilidade-e-resistencia-para-a-construcao-de-estruturas-externas\/\" target=\"_blank\" aria-label=\" (opens in a new tab)\" rel=\"noreferrer noopener\" class=\"rank-math-link\"><strong>Madeira de garapeira: durabilidade e resist\u00eancia para a constru\u00e7\u00e3o de estruturas externas<\/strong><\/a><\/li>\n<\/ul>\n\n\n\n<h2 class=\"wp-block-heading\"><span class=\"ez-toc-section\" id=\"Como_escolher_e_instalar_batente_e_guarnicao_de_porta_corretamente\"><\/span>Como escolher e instalar batente e guarni\u00e7\u00e3o de porta corretamente?<span class=\"ez-toc-section-end\"><\/span><\/h2>\n\n\n\n<p>O ponto de partida \u00e9 sempre a medi\u00e7\u00e3o precisa do v\u00e3o. O batente precisa ter largura compat\u00edvel com a espessura da parede e altura adequada ao tamanho da folha, sem folgas que comprometam a fixa\u00e7\u00e3o.<\/p>\n\n\n\n<p>A espessura da parede define qual perfil de batente deve ser comprado. Paredes de alvenaria, drywall e outros sistemas t\u00eam espessuras diferentes, e ignorar esse detalhe \u00e9 um dos erros mais comuns em obras.<\/p>\n\n\n\n<p>Para a guarni\u00e7\u00e3o, o cuidado principal \u00e9 garantir que ela cubra toda a fresta de forma uniforme. Uma aplica\u00e7\u00e3o bem feita, com cola adequada e remates bem acabados, faz a diferen\u00e7a entre um trabalho mediano e um acabamento de qualidade.<\/p>\n\n\n\n<ul class=\"wp-block-list\">\n<li><a href=\"https:\/\/www.artemadeiras.com.br\/blog\/guarnicoes\/acabamentos-de-impacto-como-as-guarnicoes-de-madeira-mudam-o-visual-de-uma-obra\/\" target=\"_blank\" aria-label=\" (opens in a new tab)\" rel=\"noreferrer noopener\" class=\"rank-math-link\"><strong>Acabamentos de impacto: como as guarni\u00e7\u00f5es de madeira mudam o visual de uma obra<\/strong><\/a><\/li>\n<\/ul>\n\n\n\n<h2 class=\"wp-block-heading\"><span class=\"ez-toc-section\" id=\"Arte_Madeiras_acabamento_que_faz_diferenca_na_sua_obra\"><\/span>Arte Madeiras: acabamento que faz diferen\u00e7a na sua obra<span class=\"ez-toc-section-end\"><\/span><\/h2>\n\n\n\n<p>Quando o assunto \u00e9 batente e guarni\u00e7\u00e3o de porta, contar com um fornecedor especializado muda o resultado. A <a href=\"https:\/\/www.artemadeiras.com.br\/blog\/\" target=\"_blank\" aria-label=\" (opens in a new tab)\" rel=\"noreferrer noopener\" class=\"rank-math-link\"><strong>Arte Madeiras<\/strong><\/a> atua com foco em acabamentos para portas, oferecendo produtos com precis\u00e3o de medida, qualidade de material e alto padr\u00e3o de acabamento para obras.<\/p>\n\n\n\n<p>A empresa atende tanto construtoras quanto clientes finais, sempre com aten\u00e7\u00e3o \u00e0s necessidades espec\u00edficas de cada projeto. O compromisso \u00e9 entregar pe\u00e7as que se encaixam certo, duram mais e valorizam o ambiente.<\/p>\n\n\n\n<p>Se voc\u00ea est\u00e1 planejando uma obra ou reforma, <a href=\"https:\/\/www.artemadeiras.com.br\/contato\" target=\"_blank\" aria-label=\" (opens in a new tab)\" rel=\"noreferrer noopener\" class=\"rank-math-link\"><strong>entre em contato com a Arte Madeiras<\/strong><\/a> e solicite um or\u00e7amento!<\/p>\n","protected":false},"excerpt":{"rendered":"<p><span class=\"rt-reading-time\" style=\"display: block;\"><span class=\"rt-label rt-prefix\">Tempo de leitura<\/span> <span class=\"rt-time\">3<\/span> <span class=\"rt-label rt-postfix\">minutos<\/span><\/span> Entenda a diferen\u00e7a entre batente e guarni\u00e7\u00e3o de porta, como escolher os materiais certos e garantir um acabamento impec\u00e1vel na sua obra. Batente e guarni\u00e7\u00e3o de porta s\u00e3o dois termos que aparecem juntos em praticamente qualquer lista de materiais de&#8230;<\/p>\n","protected":false},"author":1,"featured_media":138,"comment_status":"open","ping_status":"open","sticky":false,"template":"","format":"standard","meta":{"footnotes":""},"categories":[2903],"tags":[3034,3038,3044,3063,3064,3061,3062,3042,3066,3068,3065,3069,3067,3043,3060,3041,3057,3052,3048,3059,3049,3051,3053,3056,3047,3058,3054,3050,3055,3039,3045,3040,3046,3035,3036,3037],"class_list":["post-381","post","type-post","status-publish","format-standard","has-post-thumbnail","hentry","category-madeiras","tag-batente-e-guarnicao-de-porta","tag-batente-e-guarnicao-de-porta-comprar","tag-batente-e-guarnicao-de-porta-direto-da-fabrica","tag-batente-e-guarnicao-de-porta-em-diadema","tag-batente-e-guarnicao-de-porta-em-guarulhos","tag-batente-e-guarnicao-de-porta-em-maua","tag-batente-e-guarnicao-de-porta-em-osasco","tag-batente-e-guarnicao-de-porta-em-promocao","tag-batente-e-guarnicao-de-porta-em-ribeirao-pires","tag-batente-e-guarnicao-de-porta-em-rio-grande-da-serra","tag-batente-e-guarnicao-de-porta-em-santo-andre","tag-batente-e-guarnicao-de-porta-em-sao-bernardo-do-campo","tag-batente-e-guarnicao-de-porta-em-sao-caetano-do-sul","tag-batente-e-guarnicao-de-porta-em-sao-paulo","tag-batente-e-guarnicao-de-porta-em-sorocaba","tag-batente-e-guarnicao-de-porta-em-sp","tag-batente-e-guarnicao-de-porta-na-grande-sao-paulo","tag-batente-e-guarnicao-de-porta-na-mooca","tag-batente-e-guarnicao-de-porta-na-penha","tag-batente-e-guarnicao-de-porta-na-vila-formosa","tag-batente-e-guarnicao-de-porta-na-zona-leste","tag-batente-e-guarnicao-de-porta-na-zona-norte","tag-batente-e-guarnicao-de-porta-na-zona-oeste","tag-batente-e-guarnicao-de-porta-na-zona-sudeste","tag-batente-e-guarnicao-de-porta-na-zona-sul","tag-batente-e-guarnicao-de-porta-no-analia-franco","tag-batente-e-guarnicao-de-porta-no-belenzinho","tag-batente-e-guarnicao-de-porta-no-carrao","tag-batente-e-guarnicao-de-porta-no-tatuape","tag-batente-e-guarnicao-de-porta-onde-encontrar","tag-batente-e-guarnicao-de-porta-perto-de-mim","tag-batente-e-guarnicao-de-porta-preco","tag-batente-e-guarnicao-de-porta-proximo-a-mim","tag-empresa-de-batente-e-guarnicao-de-porta","tag-fornecedor-de-batente-e-guarnicao-de-porta","tag-loja-de-batente-e-guarnicao-de-porta"],"yoast_head":"<!-- This site is optimized with the Yoast SEO plugin v23.6 - https:\/\/yoast.com\/wordpress\/plugins\/seo\/ -->\n<title>Batente e guarni\u00e7\u00e3o de porta: conhe\u00e7a mais sobre - Blog | Arte madeiras<\/title>\n<meta name=\"description\" content=\"Tudo o que voc\u00ea precisa saber sobre batente e guarni\u00e7\u00e3o de porta antes de comprar, instalar e finalizar com qualidade sua reforma.\" \/>\n<meta name=\"robots\" content=\"index, follow, max-snippet:-1, max-image-preview:large, max-video-preview:-1\" \/>\n<link rel=\"canonical\" href=\"https:\/\/www.artemadeiras.com.br\/blog\/madeiras\/batente-e-guarnicao-de-porta-conheca-mais-sobre\/\" \/>\n<meta property=\"og:locale\" content=\"pt_BR\" \/>\n<meta property=\"og:type\" content=\"article\" \/>\n<meta property=\"og:title\" content=\"Batente e guarni\u00e7\u00e3o de porta: conhe\u00e7a mais sobre - Blog | Arte madeiras\" \/>\n<meta property=\"og:description\" content=\"Tudo o que voc\u00ea precisa saber sobre batente e guarni\u00e7\u00e3o de porta antes de comprar, instalar e finalizar com qualidade sua reforma.\" \/>\n<meta property=\"og:url\" content=\"https:\/\/www.artemadeiras.com.br\/blog\/madeiras\/batente-e-guarnicao-de-porta-conheca-mais-sobre\/\" \/>\n<meta property=\"og:site_name\" content=\"Blog | Arte madeiras\" \/>\n<meta property=\"article:published_time\" content=\"2026-03-25T11:12:44+00:00\" \/>\n<meta property=\"article:modified_time\" content=\"2026-03-25T11:12:45+00:00\" \/>\n<meta property=\"og:image\" content=\"https:\/\/www.artemadeiras.com.br\/blog\/wp-content\/uploads\/2024\/08\/batente4-mini.jpg\" \/>\n\t<meta property=\"og:image:width\" content=\"300\" \/>\n\t<meta property=\"og:image:height\" content=\"150\" \/>\n\t<meta property=\"og:image:type\" content=\"image\/jpeg\" \/>\n<meta name=\"author\" content=\"bloomin\" \/>\n<meta name=\"twitter:card\" content=\"summary_large_image\" \/>\n<meta name=\"twitter:label1\" content=\"Escrito por\" \/>\n\t<meta name=\"twitter:data1\" content=\"bloomin\" \/>\n\t<meta name=\"twitter:label2\" content=\"Est. tempo de leitura\" \/>\n\t<meta name=\"twitter:data2\" content=\"5 minutos\" \/>\n<script type=\"application\/ld+json\" class=\"yoast-schema-graph\">{\"@context\":\"https:\/\/schema.org\",\"@graph\":[{\"@type\":\"Article\",\"@id\":\"https:\/\/www.artemadeiras.com.br\/blog\/madeiras\/batente-e-guarnicao-de-porta-conheca-mais-sobre\/#article\",\"isPartOf\":{\"@id\":\"https:\/\/www.artemadeiras.com.br\/blog\/madeiras\/batente-e-guarnicao-de-porta-conheca-mais-sobre\/\"},\"author\":{\"name\":\"bloomin\",\"@id\":\"https:\/\/www.artemadeiras.com.br\/blog\/#\/schema\/person\/03c7826df62479a35ffcf10a5a652727\"},\"headline\":\"Batente e guarni\u00e7\u00e3o de porta: conhe\u00e7a mais sobre\",\"datePublished\":\"2026-03-25T11:12:44+00:00\",\"dateModified\":\"2026-03-25T11:12:45+00:00\",\"mainEntityOfPage\":{\"@id\":\"https:\/\/www.artemadeiras.com.br\/blog\/madeiras\/batente-e-guarnicao-de-porta-conheca-mais-sobre\/\"},\"wordCount\":769,\"commentCount\":0,\"publisher\":{\"@id\":\"https:\/\/www.artemadeiras.com.br\/blog\/#organization\"},\"image\":{\"@id\":\"https:\/\/www.artemadeiras.com.br\/blog\/madeiras\/batente-e-guarnicao-de-porta-conheca-mais-sobre\/#primaryimage\"},\"thumbnailUrl\":\"https:\/\/www.artemadeiras.com.br\/blog\/wp-content\/uploads\/2024\/08\/batente4-mini.jpg\",\"keywords\":[\"Batente e guarni\u00e7\u00e3o de porta\",\"Batente e guarni\u00e7\u00e3o de porta comprar\",\"Batente e guarni\u00e7\u00e3o de porta direto da fabrica\",\"Batente e guarni\u00e7\u00e3o de porta em Diadema\",\"Batente e guarni\u00e7\u00e3o de porta em Guarulhos\",\"Batente e guarni\u00e7\u00e3o de porta em Mau\u00e1\",\"Batente e guarni\u00e7\u00e3o de porta em Osasco\",\"Batente e guarni\u00e7\u00e3o de porta em promo\u00e7\u00e3o\",\"Batente e guarni\u00e7\u00e3o de porta em Ribeir\u00e3o Pires\",\"Batente e guarni\u00e7\u00e3o de porta em Rio Grande da Serra\",\"Batente e guarni\u00e7\u00e3o de porta em Santo Andr\u00e9\",\"Batente e guarni\u00e7\u00e3o de porta em S\u00e3o Bernardo do Campo\",\"Batente e guarni\u00e7\u00e3o de porta em S\u00e3o Caetano do Sul\",\"Batente e guarni\u00e7\u00e3o de porta em S\u00e3o Paulo\",\"Batente e guarni\u00e7\u00e3o de porta em Sorocaba\",\"Batente e guarni\u00e7\u00e3o de porta em SP\",\"Batente e guarni\u00e7\u00e3o de porta na Grande S\u00e3o Paulo\",\"Batente e guarni\u00e7\u00e3o de porta na Mooca\",\"Batente e guarni\u00e7\u00e3o de porta na Penha\",\"Batente e guarni\u00e7\u00e3o de porta na Vila Formosa\",\"Batente e guarni\u00e7\u00e3o de porta na Zona Leste\",\"Batente e guarni\u00e7\u00e3o de porta na Zona Norte\",\"Batente e guarni\u00e7\u00e3o de porta na Zona Oeste\",\"Batente e guarni\u00e7\u00e3o de porta na Zona Sudeste\",\"Batente e guarni\u00e7\u00e3o de porta na Zona Sul\",\"Batente e guarni\u00e7\u00e3o de porta no An\u00e1lia Franco\",\"Batente e guarni\u00e7\u00e3o de porta no Belenzinho\",\"Batente e guarni\u00e7\u00e3o de porta no Carr\u00e3o\",\"Batente e guarni\u00e7\u00e3o de porta no Tatuap\u00e9\",\"Batente e guarni\u00e7\u00e3o de porta onde encontrar\",\"Batente e guarni\u00e7\u00e3o de porta perto de mim\",\"Batente e guarni\u00e7\u00e3o de porta pre\u00e7o\",\"Batente e guarni\u00e7\u00e3o de porta pr\u00f3ximo a mim\",\"Empresa de batente e guarni\u00e7\u00e3o de porta\",\"Fornecedor de batente e guarni\u00e7\u00e3o de porta\",\"Loja de batente e guarni\u00e7\u00e3o de porta\"],\"articleSection\":[\"Madeiras\"],\"inLanguage\":\"pt-BR\",\"potentialAction\":[{\"@type\":\"CommentAction\",\"name\":\"Comment\",\"target\":[\"https:\/\/www.artemadeiras.com.br\/blog\/madeiras\/batente-e-guarnicao-de-porta-conheca-mais-sobre\/#respond\"]}]},{\"@type\":\"WebPage\",\"@id\":\"https:\/\/www.artemadeiras.com.br\/blog\/madeiras\/batente-e-guarnicao-de-porta-conheca-mais-sobre\/\",\"url\":\"https:\/\/www.artemadeiras.com.br\/blog\/madeiras\/batente-e-guarnicao-de-porta-conheca-mais-sobre\/\",\"name\":\"Batente e guarni\u00e7\u00e3o de porta: conhe\u00e7a mais sobre - Blog | Arte madeiras\",\"isPartOf\":{\"@id\":\"https:\/\/www.artemadeiras.com.br\/blog\/#website\"},\"primaryImageOfPage\":{\"@id\":\"https:\/\/www.artemadeiras.com.br\/blog\/madeiras\/batente-e-guarnicao-de-porta-conheca-mais-sobre\/#primaryimage\"},\"image\":{\"@id\":\"https:\/\/www.artemadeiras.com.br\/blog\/madeiras\/batente-e-guarnicao-de-porta-conheca-mais-sobre\/#primaryimage\"},\"thumbnailUrl\":\"https:\/\/www.artemadeiras.com.br\/blog\/wp-content\/uploads\/2024\/08\/batente4-mini.jpg\",\"datePublished\":\"2026-03-25T11:12:44+00:00\",\"dateModified\":\"2026-03-25T11:12:45+00:00\",\"description\":\"Tudo o que voc\u00ea precisa saber sobre batente e guarni\u00e7\u00e3o de porta antes de comprar, instalar e finalizar com qualidade sua reforma.\",\"breadcrumb\":{\"@id\":\"https:\/\/www.artemadeiras.com.br\/blog\/madeiras\/batente-e-guarnicao-de-porta-conheca-mais-sobre\/#breadcrumb\"},\"inLanguage\":\"pt-BR\",\"potentialAction\":[{\"@type\":\"ReadAction\",\"target\":[\"https:\/\/www.artemadeiras.com.br\/blog\/madeiras\/batente-e-guarnicao-de-porta-conheca-mais-sobre\/\"]}]},{\"@type\":\"ImageObject\",\"inLanguage\":\"pt-BR\",\"@id\":\"https:\/\/www.artemadeiras.com.br\/blog\/madeiras\/batente-e-guarnicao-de-porta-conheca-mais-sobre\/#primaryimage\",\"url\":\"https:\/\/www.artemadeiras.com.br\/blog\/wp-content\/uploads\/2024\/08\/batente4-mini.jpg\",\"contentUrl\":\"https:\/\/www.artemadeiras.com.br\/blog\/wp-content\/uploads\/2024\/08\/batente4-mini.jpg\",\"width\":300,\"height\":150,\"caption\":\"Onde comprar batentes de madeira? Conhe\u00e7a a Arte Madeiras\"},{\"@type\":\"BreadcrumbList\",\"@id\":\"https:\/\/www.artemadeiras.com.br\/blog\/madeiras\/batente-e-guarnicao-de-porta-conheca-mais-sobre\/#breadcrumb\",\"itemListElement\":[{\"@type\":\"ListItem\",\"position\":1,\"name\":\"In\u00edcio\",\"item\":\"https:\/\/www.artemadeiras.com.br\/blog\/\"},{\"@type\":\"ListItem\",\"position\":2,\"name\":\"Batente e guarni\u00e7\u00e3o de porta: conhe\u00e7a mais sobre\"}]},{\"@type\":\"WebSite\",\"@id\":\"https:\/\/www.artemadeiras.com.br\/blog\/#website\",\"url\":\"https:\/\/www.artemadeiras.com.br\/blog\/\",\"name\":\"Blog | Arte madeiras\",\"description\":\"Dicas e Novidades sobre Madeiras\",\"publisher\":{\"@id\":\"https:\/\/www.artemadeiras.com.br\/blog\/#organization\"},\"potentialAction\":[{\"@type\":\"SearchAction\",\"target\":{\"@type\":\"EntryPoint\",\"urlTemplate\":\"https:\/\/www.artemadeiras.com.br\/blog\/?s={search_term_string}\"},\"query-input\":{\"@type\":\"PropertyValueSpecification\",\"valueRequired\":true,\"valueName\":\"search_term_string\"}}],\"inLanguage\":\"pt-BR\"},{\"@type\":\"Organization\",\"@id\":\"https:\/\/www.artemadeiras.com.br\/blog\/#organization\",\"name\":\"Blog | Arte madeiras\",\"url\":\"https:\/\/www.artemadeiras.com.br\/blog\/\",\"logo\":{\"@type\":\"ImageObject\",\"inLanguage\":\"pt-BR\",\"@id\":\"https:\/\/www.artemadeiras.com.br\/blog\/#\/schema\/logo\/image\/\",\"url\":\"https:\/\/www.artemadeiras.com.br\/blog\/wp-content\/uploads\/2021\/01\/logo-arte-madeiras.png\",\"contentUrl\":\"https:\/\/www.artemadeiras.com.br\/blog\/wp-content\/uploads\/2021\/01\/logo-arte-madeiras.png\",\"width\":255,\"height\":110,\"caption\":\"Blog | Arte madeiras\"},\"image\":{\"@id\":\"https:\/\/www.artemadeiras.com.br\/blog\/#\/schema\/logo\/image\/\"}},{\"@type\":\"Person\",\"@id\":\"https:\/\/www.artemadeiras.com.br\/blog\/#\/schema\/person\/03c7826df62479a35ffcf10a5a652727\",\"name\":\"bloomin\",\"image\":{\"@type\":\"ImageObject\",\"inLanguage\":\"pt-BR\",\"@id\":\"https:\/\/www.artemadeiras.com.br\/blog\/#\/schema\/person\/image\/\",\"url\":\"https:\/\/secure.gravatar.com\/avatar\/161a7ea08f1b8bd365e1697a2453e6c719201075da8bdf298a1c2fc5455ba35d?s=96&d=mm&r=g\",\"contentUrl\":\"https:\/\/secure.gravatar.com\/avatar\/161a7ea08f1b8bd365e1697a2453e6c719201075da8bdf298a1c2fc5455ba35d?s=96&d=mm&r=g\",\"caption\":\"bloomin\"},\"sameAs\":[\"https:\/\/www.artemadeiras.com.br\/blog\"],\"url\":\"https:\/\/www.artemadeiras.com.br\/blog\/author\/bloomin\/\"}]}<\/script>\n<!-- \/ Yoast SEO plugin. -->","yoast_head_json":{"title":"Batente e guarni\u00e7\u00e3o de porta: conhe\u00e7a mais sobre - Blog | Arte madeiras","description":"Tudo o que voc\u00ea precisa saber sobre batente e guarni\u00e7\u00e3o de porta antes de comprar, instalar e finalizar com qualidade sua reforma.","robots":{"index":"index","follow":"follow","max-snippet":"max-snippet:-1","max-image-preview":"max-image-preview:large","max-video-preview":"max-video-preview:-1"},"canonical":"https:\/\/www.artemadeiras.com.br\/blog\/madeiras\/batente-e-guarnicao-de-porta-conheca-mais-sobre\/","og_locale":"pt_BR","og_type":"article","og_title":"Batente e guarni\u00e7\u00e3o de porta: conhe\u00e7a mais sobre - Blog | Arte madeiras","og_description":"Tudo o que voc\u00ea precisa saber sobre batente e guarni\u00e7\u00e3o de porta antes de comprar, instalar e finalizar com qualidade sua reforma.","og_url":"https:\/\/www.artemadeiras.com.br\/blog\/madeiras\/batente-e-guarnicao-de-porta-conheca-mais-sobre\/","og_site_name":"Blog | Arte madeiras","article_published_time":"2026-03-25T11:12:44+00:00","article_modified_time":"2026-03-25T11:12:45+00:00","og_image":[{"width":300,"height":150,"url":"https:\/\/www.artemadeiras.com.br\/blog\/wp-content\/uploads\/2024\/08\/batente4-mini.jpg","type":"image\/jpeg"}],"author":"bloomin","twitter_card":"summary_large_image","twitter_misc":{"Escrito por":"bloomin","Est. tempo de leitura":"5 minutos"},"schema":{"@context":"https:\/\/schema.org","@graph":[{"@type":"Article","@id":"https:\/\/www.artemadeiras.com.br\/blog\/madeiras\/batente-e-guarnicao-de-porta-conheca-mais-sobre\/#article","isPartOf":{"@id":"https:\/\/www.artemadeiras.com.br\/blog\/madeiras\/batente-e-guarnicao-de-porta-conheca-mais-sobre\/"},"author":{"name":"bloomin","@id":"https:\/\/www.artemadeiras.com.br\/blog\/#\/schema\/person\/03c7826df62479a35ffcf10a5a652727"},"headline":"Batente e guarni\u00e7\u00e3o de porta: conhe\u00e7a mais sobre","datePublished":"2026-03-25T11:12:44+00:00","dateModified":"2026-03-25T11:12:45+00:00","mainEntityOfPage":{"@id":"https:\/\/www.artemadeiras.com.br\/blog\/madeiras\/batente-e-guarnicao-de-porta-conheca-mais-sobre\/"},"wordCount":769,"commentCount":0,"publisher":{"@id":"https:\/\/www.artemadeiras.com.br\/blog\/#organization"},"image":{"@id":"https:\/\/www.artemadeiras.com.br\/blog\/madeiras\/batente-e-guarnicao-de-porta-conheca-mais-sobre\/#primaryimage"},"thumbnailUrl":"https:\/\/www.artemadeiras.com.br\/blog\/wp-content\/uploads\/2024\/08\/batente4-mini.jpg","keywords":["Batente e guarni\u00e7\u00e3o de porta","Batente e guarni\u00e7\u00e3o de porta comprar","Batente e guarni\u00e7\u00e3o de porta direto da fabrica","Batente e guarni\u00e7\u00e3o de porta em Diadema","Batente e guarni\u00e7\u00e3o de porta em Guarulhos","Batente e guarni\u00e7\u00e3o de porta em Mau\u00e1","Batente e guarni\u00e7\u00e3o de porta em Osasco","Batente e guarni\u00e7\u00e3o de porta em promo\u00e7\u00e3o","Batente e guarni\u00e7\u00e3o de porta em Ribeir\u00e3o Pires","Batente e guarni\u00e7\u00e3o de porta em Rio Grande da Serra","Batente e guarni\u00e7\u00e3o de porta em Santo Andr\u00e9","Batente e guarni\u00e7\u00e3o de porta em S\u00e3o Bernardo do Campo","Batente e guarni\u00e7\u00e3o de porta em S\u00e3o Caetano do Sul","Batente e guarni\u00e7\u00e3o de porta em S\u00e3o Paulo","Batente e guarni\u00e7\u00e3o de porta em Sorocaba","Batente e guarni\u00e7\u00e3o de porta em SP","Batente e guarni\u00e7\u00e3o de porta na Grande S\u00e3o Paulo","Batente e guarni\u00e7\u00e3o de porta na Mooca","Batente e guarni\u00e7\u00e3o de porta na Penha","Batente e guarni\u00e7\u00e3o de porta na Vila Formosa","Batente e guarni\u00e7\u00e3o de porta na Zona Leste","Batente e guarni\u00e7\u00e3o de porta na Zona Norte","Batente e guarni\u00e7\u00e3o de porta na Zona Oeste","Batente e guarni\u00e7\u00e3o de porta na Zona Sudeste","Batente e guarni\u00e7\u00e3o de porta na Zona Sul","Batente e guarni\u00e7\u00e3o de porta no An\u00e1lia Franco","Batente e guarni\u00e7\u00e3o de porta no Belenzinho","Batente e guarni\u00e7\u00e3o de porta no Carr\u00e3o","Batente e guarni\u00e7\u00e3o de porta no Tatuap\u00e9","Batente e guarni\u00e7\u00e3o de porta onde encontrar","Batente e guarni\u00e7\u00e3o de porta perto de mim","Batente e guarni\u00e7\u00e3o de porta pre\u00e7o","Batente e guarni\u00e7\u00e3o de porta pr\u00f3ximo a mim","Empresa de batente e guarni\u00e7\u00e3o de porta","Fornecedor de batente e guarni\u00e7\u00e3o de porta","Loja de batente e guarni\u00e7\u00e3o de porta"],"articleSection":["Madeiras"],"inLanguage":"pt-BR","potentialAction":[{"@type":"CommentAction","name":"Comment","target":["https:\/\/www.artemadeiras.com.br\/blog\/madeiras\/batente-e-guarnicao-de-porta-conheca-mais-sobre\/#respond"]}]},{"@type":"WebPage","@id":"https:\/\/www.artemadeiras.com.br\/blog\/madeiras\/batente-e-guarnicao-de-porta-conheca-mais-sobre\/","url":"https:\/\/www.artemadeiras.com.br\/blog\/madeiras\/batente-e-guarnicao-de-porta-conheca-mais-sobre\/","name":"Batente e guarni\u00e7\u00e3o de porta: conhe\u00e7a mais sobre - Blog | Arte madeiras","isPartOf":{"@id":"https:\/\/www.artemadeiras.com.br\/blog\/#website"},"primaryImageOfPage":{"@id":"https:\/\/www.artemadeiras.com.br\/blog\/madeiras\/batente-e-guarnicao-de-porta-conheca-mais-sobre\/#primaryimage"},"image":{"@id":"https:\/\/www.artemadeiras.com.br\/blog\/madeiras\/batente-e-guarnicao-de-porta-conheca-mais-sobre\/#primaryimage"},"thumbnailUrl":"https:\/\/www.artemadeiras.com.br\/blog\/wp-content\/uploads\/2024\/08\/batente4-mini.jpg","datePublished":"2026-03-25T11:12:44+00:00","dateModified":"2026-03-25T11:12:45+00:00","description":"Tudo o que voc\u00ea precisa saber sobre batente e guarni\u00e7\u00e3o de porta antes de comprar, instalar e finalizar com qualidade sua reforma.","breadcrumb":{"@id":"https:\/\/www.artemadeiras.com.br\/blog\/madeiras\/batente-e-guarnicao-de-porta-conheca-mais-sobre\/#breadcrumb"},"inLanguage":"pt-BR","potentialAction":[{"@type":"ReadAction","target":["https:\/\/www.artemadeiras.com.br\/blog\/madeiras\/batente-e-guarnicao-de-porta-conheca-mais-sobre\/"]}]},{"@type":"ImageObject","inLanguage":"pt-BR","@id":"https:\/\/www.artemadeiras.com.br\/blog\/madeiras\/batente-e-guarnicao-de-porta-conheca-mais-sobre\/#primaryimage","url":"https:\/\/www.artemadeiras.com.br\/blog\/wp-content\/uploads\/2024\/08\/batente4-mini.jpg","contentUrl":"https:\/\/www.artemadeiras.com.br\/blog\/wp-content\/uploads\/2024\/08\/batente4-mini.jpg","width":300,"height":150,"caption":"Onde comprar batentes de madeira? Conhe\u00e7a a Arte Madeiras"},{"@type":"BreadcrumbList","@id":"https:\/\/www.artemadeiras.com.br\/blog\/madeiras\/batente-e-guarnicao-de-porta-conheca-mais-sobre\/#breadcrumb","itemListElement":[{"@type":"ListItem","position":1,"name":"In\u00edcio","item":"https:\/\/www.artemadeiras.com.br\/blog\/"},{"@type":"ListItem","position":2,"name":"Batente e guarni\u00e7\u00e3o de porta: conhe\u00e7a mais sobre"}]},{"@type":"WebSite","@id":"https:\/\/www.artemadeiras.com.br\/blog\/#website","url":"https:\/\/www.artemadeiras.com.br\/blog\/","name":"Blog | Arte madeiras","description":"Dicas e Novidades sobre Madeiras","publisher":{"@id":"https:\/\/www.artemadeiras.com.br\/blog\/#organization"},"potentialAction":[{"@type":"SearchAction","target":{"@type":"EntryPoint","urlTemplate":"https:\/\/www.artemadeiras.com.br\/blog\/?s={search_term_string}"},"query-input":{"@type":"PropertyValueSpecification","valueRequired":true,"valueName":"search_term_string"}}],"inLanguage":"pt-BR"},{"@type":"Organization","@id":"https:\/\/www.artemadeiras.com.br\/blog\/#organization","name":"Blog | Arte madeiras","url":"https:\/\/www.artemadeiras.com.br\/blog\/","logo":{"@type":"ImageObject","inLanguage":"pt-BR","@id":"https:\/\/www.artemadeiras.com.br\/blog\/#\/schema\/logo\/image\/","url":"https:\/\/www.artemadeiras.com.br\/blog\/wp-content\/uploads\/2021\/01\/logo-arte-madeiras.png","contentUrl":"https:\/\/www.artemadeiras.com.br\/blog\/wp-content\/uploads\/2021\/01\/logo-arte-madeiras.png","width":255,"height":110,"caption":"Blog | Arte madeiras"},"image":{"@id":"https:\/\/www.artemadeiras.com.br\/blog\/#\/schema\/logo\/image\/"}},{"@type":"Person","@id":"https:\/\/www.artemadeiras.com.br\/blog\/#\/schema\/person\/03c7826df62479a35ffcf10a5a652727","name":"bloomin","image":{"@type":"ImageObject","inLanguage":"pt-BR","@id":"https:\/\/www.artemadeiras.com.br\/blog\/#\/schema\/person\/image\/","url":"https:\/\/secure.gravatar.com\/avatar\/161a7ea08f1b8bd365e1697a2453e6c719201075da8bdf298a1c2fc5455ba35d?s=96&d=mm&r=g","contentUrl":"https:\/\/secure.gravatar.com\/avatar\/161a7ea08f1b8bd365e1697a2453e6c719201075da8bdf298a1c2fc5455ba35d?s=96&d=mm&r=g","caption":"bloomin"},"sameAs":["https:\/\/www.artemadeiras.com.br\/blog"],"url":"https:\/\/www.artemadeiras.com.br\/blog\/author\/bloomin\/"}]}},"_links":{"self":[{"href":"https:\/\/www.artemadeiras.com.br\/blog\/wp-json\/wp\/v2\/posts\/381","targetHints":{"allow":["GET"]}}],"collection":[{"href":"https:\/\/www.artemadeiras.com.br\/blog\/wp-json\/wp\/v2\/posts"}],"about":[{"href":"https:\/\/www.artemadeiras.com.br\/blog\/wp-json\/wp\/v2\/types\/post"}],"author":[{"embeddable":true,"href":"https:\/\/www.artemadeiras.com.br\/blog\/wp-json\/wp\/v2\/users\/1"}],"replies":[{"embeddable":true,"href":"https:\/\/www.artemadeiras.com.br\/blog\/wp-json\/wp\/v2\/comments?post=381"}],"version-history":[{"count":1,"href":"https:\/\/www.artemadeiras.com.br\/blog\/wp-json\/wp\/v2\/posts\/381\/revisions"}],"predecessor-version":[{"id":382,"href":"https:\/\/www.artemadeiras.com.br\/blog\/wp-json\/wp\/v2\/posts\/381\/revisions\/382"}],"wp:featuredmedia":[{"embeddable":true,"href":"https:\/\/www.artemadeiras.com.br\/blog\/wp-json\/wp\/v2\/media\/138"}],"wp:attachment":[{"href":"https:\/\/www.artemadeiras.com.br\/blog\/wp-json\/wp\/v2\/media?parent=381"}],"wp:term":[{"taxonomy":"category","embeddable":true,"href":"https:\/\/www.artemadeiras.com.br\/blog\/wp-json\/wp\/v2\/categories?post=381"},{"taxonomy":"post_tag","embeddable":true,"href":"https:\/\/www.artemadeiras.com.br\/blog\/wp-json\/wp\/v2\/tags?post=381"}],"curies":[{"name":"wp","href":"https:\/\/api.w.org\/{rel}","templated":true}]}}