{"id":372,"date":"2026-03-13T16:38:56","date_gmt":"2026-03-13T19:38:56","guid":{"rendered":"https:\/\/www.artemadeiras.com.br\/blog\/?p=372"},"modified":"2026-03-13T16:41:21","modified_gmt":"2026-03-13T19:41:21","slug":"coluna-de-madeira-para-telhado-como-escolher-a-melhor-opcao-para-sua-obra","status":"publish","type":"post","link":"https:\/\/www.artemadeiras.com.br\/blog\/madeiras\/coluna-de-madeira-para-telhado-como-escolher-a-melhor-opcao-para-sua-obra\/","title":{"rendered":"Coluna de madeira para telhado: como escolher a melhor op\u00e7\u00e3o para sua obra"},"content":{"rendered":"<span class=\"rt-reading-time\" style=\"display: block;\"><span class=\"rt-label rt-prefix\">Tempo de leitura<\/span> <span class=\"rt-time\">4<\/span> <span class=\"rt-label rt-postfix\">minutos<\/span><\/span>\n<p class=\"has-medium-font-size\"><strong><em>Coluna de madeira para telhado: veja como escolher medidas, acabamento, durabilidade e a melhor op\u00e7\u00e3o para sua obra.<\/em><\/strong><\/p>\n\n\n\n<p>A escolha da coluna de madeira para telhado influencia diretamente a seguran\u00e7a, a durabilidade e o visual da cobertura. Em obras residenciais, comerciais ou em \u00e1reas de lazer, essa pe\u00e7a tem papel estrutural importante e precisa ser especificada com cuidado.<\/p>\n\n\n\n<p>Na pr\u00e1tica, muita gente olha primeiro para o pre\u00e7o. S\u00f3 que, nesse tipo de compra, <strong>economizar na pe\u00e7a errada pode gerar retrabalho, manuten\u00e7\u00e3o precoce e at\u00e9 comprometer o resultado da obra<\/strong>. Por isso, vale analisar mais do que a apar\u00eancia ou a medida.<\/p>\n\n\n\n<p>As colunas ou quadrados de madeira podem ser encontrados em diferentes dimens\u00f5es, como 10&#215;10 cm, 15&#215;15 cm e 20&#215;20 cm, com acabamento bruto ou aparelhado.&nbsp;<\/p>\n\n\n\n<p>Quando ficam aparentes, ainda agregam valor est\u00e9tico ao ambiente, destacando a textura natural da madeira e refor\u00e7ando um acabamento mais elegante.<\/p>\n\n\n\n<div id=\"ez-toc-container\" class=\"ez-toc-v2_0_66_1 counter-hierarchy ez-toc-counter ez-toc-grey ez-toc-container-direction\">\n<div class=\"ez-toc-title-container\">\n<p class=\"ez-toc-title \" >T&oacute;picos do artigo<\/p>\n<span class=\"ez-toc-title-toggle\"><a href=\"#\" class=\"ez-toc-pull-right ez-toc-btn ez-toc-btn-xs ez-toc-btn-default ez-toc-toggle\" aria-label=\"Toggle Table of Content\"><span class=\"ez-toc-js-icon-con\"><span class=\"\"><span class=\"eztoc-hide\" style=\"display:none;\">Toggle<\/span><span class=\"ez-toc-icon-toggle-span\"><svg style=\"fill: #999;color:#999\" xmlns=\"http:\/\/www.w3.org\/2000\/svg\" class=\"list-377408\" width=\"20px\" height=\"20px\" viewBox=\"0 0 24 24\" fill=\"none\"><path d=\"M6 6H4v2h2V6zm14 0H8v2h12V6zM4 11h2v2H4v-2zm16 0H8v2h12v-2zM4 16h2v2H4v-2zm16 0H8v2h12v-2z\" fill=\"currentColor\"><\/path><\/svg><svg style=\"fill: #999;color:#999\" class=\"arrow-unsorted-368013\" xmlns=\"http:\/\/www.w3.org\/2000\/svg\" width=\"10px\" height=\"10px\" viewBox=\"0 0 24 24\" version=\"1.2\" baseProfile=\"tiny\"><path d=\"M18.2 9.3l-6.2-6.3-6.2 6.3c-.2.2-.3.4-.3.7s.1.5.3.7c.2.2.4.3.7.3h11c.3 0 .5-.1.7-.3.2-.2.3-.5.3-.7s-.1-.5-.3-.7zM5.8 14.7l6.2 6.3 6.2-6.3c.2-.2.3-.5.3-.7s-.1-.5-.3-.7c-.2-.2-.4-.3-.7-.3h-11c-.3 0-.5.1-.7.3-.2.2-.3.5-.3.7s.1.5.3.7z\"\/><\/svg><\/span><\/span><\/span><\/a><\/span><\/div>\n<nav><ul class='ez-toc-list ez-toc-list-level-1 ' ><li class='ez-toc-page-1 ez-toc-heading-level-2'><a class=\"ez-toc-link ez-toc-heading-1\" href=\"https:\/\/www.artemadeiras.com.br\/blog\/madeiras\/coluna-de-madeira-para-telhado-como-escolher-a-melhor-opcao-para-sua-obra\/#O_que_e_a_coluna_de_madeira_para_telhado_e_por_que_ela_importa\" title=\"O que \u00e9 a coluna de madeira para telhado e por que ela importa\">O que \u00e9 a coluna de madeira para telhado e por que ela importa<\/a><\/li><li class='ez-toc-page-1 ez-toc-heading-level-2'><a class=\"ez-toc-link ez-toc-heading-2\" href=\"https:\/\/www.artemadeiras.com.br\/blog\/madeiras\/coluna-de-madeira-para-telhado-como-escolher-a-melhor-opcao-para-sua-obra\/#Como_escolher_a_coluna_de_madeira_para_telhado_na_pratica\" title=\"Como escolher a coluna de madeira para telhado na pr\u00e1tica\">Como escolher a coluna de madeira para telhado na pr\u00e1tica<\/a><\/li><li class='ez-toc-page-1 ez-toc-heading-level-2'><a class=\"ez-toc-link ez-toc-heading-3\" href=\"https:\/\/www.artemadeiras.com.br\/blog\/madeiras\/coluna-de-madeira-para-telhado-como-escolher-a-melhor-opcao-para-sua-obra\/#Medidas_aparencia_e_aplicacao_o_que_observar\" title=\"Medidas, apar\u00eancia e aplica\u00e7\u00e3o: o que observar\">Medidas, apar\u00eancia e aplica\u00e7\u00e3o: o que observar<\/a><\/li><li class='ez-toc-page-1 ez-toc-heading-level-2'><a class=\"ez-toc-link ez-toc-heading-4\" href=\"https:\/\/www.artemadeiras.com.br\/blog\/madeiras\/coluna-de-madeira-para-telhado-como-escolher-a-melhor-opcao-para-sua-obra\/#Como_aumentar_a_durabilidade_da_coluna_de_madeira_para_telhado\" title=\"Como aumentar a durabilidade da coluna de madeira para telhado\">Como aumentar a durabilidade da coluna de madeira para telhado<\/a><\/li><li class='ez-toc-page-1 ez-toc-heading-level-2'><a class=\"ez-toc-link ez-toc-heading-5\" href=\"https:\/\/www.artemadeiras.com.br\/blog\/madeiras\/coluna-de-madeira-para-telhado-como-escolher-a-melhor-opcao-para-sua-obra\/#O_papel_do_fornecedor_na_escolha_certa\" title=\"O papel do fornecedor na escolha certa\">O papel do fornecedor na escolha certa<\/a><\/li><li class='ez-toc-page-1 ez-toc-heading-level-2'><a class=\"ez-toc-link ez-toc-heading-6\" href=\"https:\/\/www.artemadeiras.com.br\/blog\/madeiras\/coluna-de-madeira-para-telhado-como-escolher-a-melhor-opcao-para-sua-obra\/#Coluna_de_madeira_para_telhado_da_Arte_Madeiras\" title=\"Coluna de madeira para telhado da Arte Madeiras\">Coluna de madeira para telhado da Arte Madeiras<\/a><\/li><\/ul><\/nav><\/div>\n<h2 class=\"wp-block-heading\"><span class=\"ez-toc-section\" id=\"O_que_e_a_coluna_de_madeira_para_telhado_e_por_que_ela_importa\"><\/span><strong>O que \u00e9 a coluna de madeira para telhado e por que ela importa<\/strong><span class=\"ez-toc-section-end\"><\/span><\/h2>\n\n\n\n<p>A coluna de madeira para telhado \u00e9 uma pe\u00e7a <strong>usada para sustentar coberturas e distribuir melhor as cargas da estrutura<\/strong>.<\/p>\n\n\n\n<p>Ela pode ser aplicada em telhados de varandas, garagens, \u00e1reas gourmet, quiosques e outros projetos que pedem resist\u00eancia com bom acabamento.<\/p>\n\n\n\n<p>Al\u00e9m da fun\u00e7\u00e3o estrutural, essa pe\u00e7a tamb\u00e9m tem forte impacto visual. Em projetos em que a madeira fica aparente, a escolha de uma coluna bem acabada ajuda a compor ambientes mais valorizados, acolhedores e com identidade. <strong>N\u00e3o se trata apenas de sustentar o telhado, mas de contribuir para a qualidade final da obra<\/strong>.<\/p>\n\n\n\n<p>Outro ponto importante \u00e9 a <strong>versatilidade<\/strong>. A coluna pode ser bruta ou aparelhada, com comprimentos variados e diferentes dimens\u00f5es, o que permite atender desde estruturas mais simples at\u00e9 projetos com exig\u00eancias est\u00e9ticas e t\u00e9cnicas maiores.<\/p>\n\n\n\n<ul class=\"wp-block-list\">\n<li><a href=\"https:\/\/www.artemadeiras.com.br\/blog\/madeira-garapeira\/madeira-de-garapeira-durabilidade-e-resistencia-para-a-construcao-de-estruturas-externas\/\">Madeira de garapeira: durabilidade e resist\u00eancia para a constru\u00e7\u00e3o de estruturas externas<\/a><\/li>\n<\/ul>\n\n\n\n<h2 class=\"wp-block-heading\"><span class=\"ez-toc-section\" id=\"Como_escolher_a_coluna_de_madeira_para_telhado_na_pratica\"><\/span><strong>Como escolher a coluna de madeira para telhado na pr\u00e1tica<\/strong><span class=\"ez-toc-section-end\"><\/span><\/h2>\n\n\n\n<p>Antes de comprar, o ideal \u00e9 observar alguns fatores que fazem diferen\u00e7a no desempenho da pe\u00e7a ao longo do tempo:<\/p>\n\n\n\n<ul class=\"wp-block-list\">\n<li><strong>Dimens\u00e3o da coluna:<\/strong> medidas como 10&#215;10 cm, 15&#215;15 cm e 20&#215;20 cm s\u00e3o comuns, mas a escolha depende da carga da cobertura e do projeto;<br><br><\/li>\n\n\n\n<li><strong>Tipo de acabamento:<\/strong> colunas brutas podem atender obras mais r\u00fasticas, enquanto as aparelhadas oferecem visual mais refinado;<br><br><\/li>\n\n\n\n<li><strong>Uso da madeira na obra:<\/strong> quando a pe\u00e7a ficar\u00e1 aparente, o acabamento ganha ainda mais import\u00e2ncia;<br><br><\/li>\n\n\n\n<li><strong>Prote\u00e7\u00e3o da superf\u00edcie:<\/strong> \u00f3leos, vernizes e seladoras ajudam a ampliar a durabilidade;<br><br><\/li>\n\n\n\n<li><strong>Origem da madeira:<\/strong> optar por material certificado traz mais seguran\u00e7a para a compra.<br><\/li>\n<\/ul>\n\n\n\n<p>Esses crit\u00e9rios evitam decis\u00f5es apressadas. <strong>Uma coluna adequada precisa equilibrar resist\u00eancia, est\u00e9tica e vida \u00fatil<\/strong>, principalmente em projetos que ficam expostos a sol, umidade e varia\u00e7\u00f5es de temperatura.<\/p>\n\n\n\n<h2 class=\"wp-block-heading\"><span class=\"ez-toc-section\" id=\"Medidas_aparencia_e_aplicacao_o_que_observar\"><\/span><strong>Medidas, apar\u00eancia e aplica\u00e7\u00e3o: o que observar<\/strong><span class=\"ez-toc-section-end\"><\/span><\/h2>\n\n\n\n<p>Na hora de avaliar uma coluna de madeira para telhado, as dimens\u00f5es costumam ser uma das primeiras d\u00favidas.&nbsp;<\/p>\n\n\n\n<p>As op\u00e7\u00f5es mais comuns, como <strong>10&#215;10 cm, 15&#215;15 cm e 20&#215;20 cm<\/strong>, atendem necessidades diferentes e devem ser escolhidas conforme o porte da cobertura e a proposta do projeto.<\/p>\n\n\n<div class=\"wp-block-image\">\n<figure class=\"alignright size-full is-resized\"><img loading=\"lazy\" decoding=\"async\" width=\"253\" height=\"126\" src=\"https:\/\/www.artemadeiras.com.br\/blog\/wp-content\/uploads\/2026\/03\/3.1.jpg\" alt=\"Coluna de madeira para telhado: como escolher a melhor op\u00e7\u00e3o para sua obra\n\" class=\"wp-image-374\" style=\"width:340px;height:auto\"\/><\/figure>\n<\/div>\n\n\n<p>Em estruturas menores, uma pe\u00e7a mais compacta pode funcionar bem. J\u00e1 em coberturas maiores ou com exig\u00eancia estrutural superior, medidas mais robustas tendem a oferecer melhor sustenta\u00e7\u00e3o. <strong>Escolher a se\u00e7\u00e3o correta da pe\u00e7a \u00e9 uma decis\u00e3o que impacta desempenho e seguran\u00e7a<\/strong>.<\/p>\n\n\n\n<p>O <strong>acabamento <\/strong>tamb\u00e9m muda bastante a percep\u00e7\u00e3o do ambiente. Colunas aparelhadas, com quatro lados iguais e visual mais uniforme, valorizam projetos em que a madeira fica vis\u00edvel.&nbsp;<\/p>\n\n\n\n<p>A textura natural e os desenhos dos veios ajudam a criar um efeito est\u00e9tico muito apreciado em \u00e1reas de conviv\u00eancia.<\/p>\n\n\n\n<p>Quando o objetivo \u00e9 unir fun\u00e7\u00e3o e beleza, a madeira se destaca exatamente por isso. Ela sustenta e, ao mesmo tempo, comp\u00f5e. Em varandas, pergolados cobertos, garagens e \u00e1reas gourmet, esse diferencial costuma pesar na escolha.<\/p>\n\n\n\n<ul class=\"wp-block-list\">\n<li><a href=\"https:\/\/www.artemadeiras.com.br\/blog\/guarnicoes\/acabamentos-de-impacto-como-as-guarnicoes-de-madeira-mudam-o-visual-de-uma-obra\/\">Acabamentos de impacto: como as guarni\u00e7\u00f5es de madeira mudam o visual de uma obra<\/a><\/li>\n<\/ul>\n\n\n\n<h2 class=\"wp-block-heading\"><span class=\"ez-toc-section\" id=\"Como_aumentar_a_durabilidade_da_coluna_de_madeira_para_telhado\"><\/span><strong>Como aumentar a durabilidade da coluna de madeira para telhado<\/strong><span class=\"ez-toc-section-end\"><\/span><\/h2>\n\n\n\n<p>N\u00e3o basta escolher uma pe\u00e7a bonita. A durabilidade da <strong>coluna de madeira para telhado<\/strong> depende de cuidados que come\u00e7am j\u00e1 na compra e continuam depois da instala\u00e7\u00e3o.<\/p>\n\n\n\n<p>Algumas pr\u00e1ticas ajudam bastante:<\/p>\n\n\n\n<ul class=\"wp-block-list\">\n<li><strong>Aplica\u00e7\u00e3o de vernizes, \u00f3leos ou seladoras<\/strong>, que criam uma camada de prote\u00e7\u00e3o;<br><br><\/li>\n\n\n\n<li><strong>Manuten\u00e7\u00e3o peri\u00f3dica do acabamento<\/strong>, principalmente em \u00e1reas externas;<br><br><\/li>\n\n\n\n<li><strong>Escolha de madeira com boa proced\u00eancia<\/strong>, reduzindo riscos de defeitos e baixa resist\u00eancia;<br><br><\/li>\n\n\n\n<li><strong>Uso correto conforme a fun\u00e7\u00e3o da pe\u00e7a<\/strong>, evitando sobrecargas indevidas;<br><br><\/li>\n\n\n\n<li><strong>Acompanhamento t\u00e9cnico da obra<\/strong>, quando necess\u00e1rio.<br><\/li>\n<\/ul>\n\n\n\n<p>Esses cuidados fazem diferen\u00e7a porque a madeira est\u00e1 exposta a agentes que aceleram o desgaste. Umidade, sol e mudan\u00e7as clim\u00e1ticas podem afetar a apar\u00eancia e o desempenho com o passar do tempo. Por isso, <strong>proteger a pe\u00e7a n\u00e3o \u00e9 detalhe: \u00e9 parte da durabilidade da estrutura<\/strong>.<\/p>\n\n\n\n<h2 class=\"wp-block-heading\"><span class=\"ez-toc-section\" id=\"O_papel_do_fornecedor_na_escolha_certa\"><\/span><strong>O papel do fornecedor na escolha certa<\/strong><span class=\"ez-toc-section-end\"><\/span><\/h2>\n\n\n\n<p>Em muitos casos, a decis\u00e3o pela coluna de madeira para telhado n\u00e3o depende apenas da medida ou do acabamento. O fornecedor tamb\u00e9m pesa bastante no resultado final da compra.<\/p>\n\n\n\n<p>Isso acontece porque um<strong> bom atendimento<\/strong> ajuda a entender a necessidade da obra, indicar dimens\u00f5es adequadas, orientar sobre uso e acabamento, al\u00e9m de oferecer materiais com proced\u00eancia confi\u00e1vel.&nbsp;<\/p>\n\n\n\n<p><strong>Comprar madeira sem esse suporte aumenta a chance de erro<\/strong>, especialmente em projetos que exigem padr\u00e3o, est\u00e9tica e regularidade no fornecimento.<\/p>\n\n\n\n<p>Outro fator relevante \u00e9 a <strong>origem <\/strong>do material. Em um mercado que exige cada vez mais responsabilidade ambiental e seguran\u00e7a na cadeia de fornecimento, trabalhar com madeira certificada \u00e9 um diferencial concreto.&nbsp;<\/p>\n\n\n\n<p>Quando o fornecedor re\u00fane experi\u00eancia, variedade de medidas e aten\u00e7\u00e3o \u00e0s necessidades do cliente, a compra deixa de ser apenas operacional e passa a ser estrat\u00e9gica para a obra.<\/p>\n\n\n\n<ul class=\"wp-block-list\">\n<li><a href=\"https:\/\/www.artemadeiras.com.br\/blog\/viga-de-madeira\/pranchas-e-vigas-de-madeira-conheca-mais-sobre\/\">Pranchas e vigas de madeira: conhe\u00e7a mais sobre<\/a><\/li>\n<\/ul>\n\n\n\n<h2 class=\"wp-block-heading\"><span class=\"ez-toc-section\" id=\"Coluna_de_madeira_para_telhado_da_Arte_Madeiras\"><\/span><strong>Coluna de madeira para telhado da Arte Madeiras<\/strong><span class=\"ez-toc-section-end\"><\/span><\/h2>\n\n\n\n<p>Na hora de escolher uma coluna de madeira para telhado, contar com uma <strong>empresa experiente<\/strong> pode tornar o processo mais seguro e mais simples.&nbsp;<\/p>\n\n\n\n<p>A Arte Madeiras atua h\u00e1 mais de 28 anos na Zona Norte de S\u00e3o Paulo, atendendo o setor da constru\u00e7\u00e3o civil, ind\u00fastria de m\u00f3veis, profissionais aut\u00f4nomos, revendedores, engenheiros, arquitetos, decoradores e consumidores em geral.<\/p>\n\n\n\n<p>A empresa trabalha com madeira de origem controlada, certificada pelos \u00f3rg\u00e3os competentes, como IBAMA e Secretaria do Meio Ambiente, al\u00e9m de participar do Programa Qualimadeira.&nbsp;<\/p>\n\n\n\n<p>Esse cuidado refor\u00e7a um ponto decisivo para quem busca qualidade com responsabilidade: <strong>comprar madeira certificada \u00e9 investir em seguran\u00e7a, proced\u00eancia e confian\u00e7a para a obra<\/strong>.<\/p>\n\n\n\n<p><strong>Est\u00e1 buscando a coluna de madeira para telhado ideal para sua obra? <a href=\"https:\/\/www.artemadeiras.com.br\/contato\" class=\"rank-math-link\">Fale com a equipe da Arte Madeiras<\/a> e encontre a solu\u00e7\u00e3o mais adequada em medida, acabamento e proced\u00eancia para o seu projeto.<\/strong><\/p>\n","protected":false},"excerpt":{"rendered":"<p><span class=\"rt-reading-time\" style=\"display: block;\"><span class=\"rt-label rt-prefix\">Tempo de leitura<\/span> <span class=\"rt-time\">4<\/span> <span class=\"rt-label rt-postfix\">minutos<\/span><\/span> Coluna de madeira para telhado: veja como escolher medidas, acabamento, durabilidade e a melhor op\u00e7\u00e3o para sua obra. A escolha da coluna de madeira para telhado influencia diretamente a seguran\u00e7a, a durabilidade e o visual da cobertura. Em obras residenciais,&#8230;<\/p>\n","protected":false},"author":1,"featured_media":373,"comment_status":"open","ping_status":"open","sticky":false,"template":"","format":"standard","meta":{"footnotes":""},"categories":[2903],"tags":[2923,2937,2909,2927,2910,2911,2929,2907,2908,2921,2920,2916,2905,2915,2904,2942,2966,2961,2960,2950,2967,2946,2952,2963,2968,2965,2945,2944,2958,2964,2962,2954,2949,2957,2953,2951,2959,2955,2956,2941,2947,2943,2948,2926,2914,2935,2931,2924,1734,2938,2936,2939,2918,2940,2930,2917,2919,2922,2913,2912,2934,2906,2925,2932,2928,2933],"class_list":["post-372","post","type-post","status-publish","format-standard","has-post-thumbnail","hentry","category-madeiras","tag-arte-madeiras-coluna-de-madeira","tag-arte-madeiras-vende-coluna-de-madeira-para-telhado","tag-coluna-de-madeira-10x10","tag-coluna-de-madeira-10x10-serve-para-telhado","tag-coluna-de-madeira-15x15","tag-coluna-de-madeira-20x20","tag-coluna-de-madeira-20x20-vale-a-pena","tag-coluna-de-madeira-aparelhada","tag-coluna-de-madeira-bruta","tag-coluna-de-madeira-com-seladora","tag-coluna-de-madeira-com-verniz","tag-coluna-de-madeira-para-area-gourmet","tag-coluna-de-madeira-para-cobertura","tag-coluna-de-madeira-para-garagem","tag-coluna-de-madeira-para-telhado","tag-coluna-de-madeira-para-telhado-comprar","tag-coluna-de-madeira-para-telhado-em-diadema","tag-coluna-de-madeira-para-telhado-em-guarulhos","tag-coluna-de-madeira-para-telhado-em-lauzane-paulista","tag-coluna-de-madeira-para-telhado-em-limao","tag-coluna-de-madeira-para-telhado-em-osasco","tag-coluna-de-madeira-para-telhado-em-promocao","tag-coluna-de-madeira-para-telhado-em-santana","tag-coluna-de-madeira-para-telhado-em-santo-andre","tag-coluna-de-madeira-para-telhado-em-sao-bernardo","tag-coluna-de-madeira-para-telhado-em-sao-caetano","tag-coluna-de-madeira-para-telhado-em-sao-paulo","tag-coluna-de-madeira-para-telhado-em-sp","tag-coluna-de-madeira-para-telhado-na-agua-branca","tag-coluna-de-madeira-para-telhado-na-cachoeirinha","tag-coluna-de-madeira-para-telhado-na-casa-verde","tag-coluna-de-madeira-para-telhado-na-freguesia-do-o","tag-coluna-de-madeira-para-telhado-na-zona-leste","tag-coluna-de-madeira-para-telhado-na-zona-norte","tag-coluna-de-madeira-para-telhado-na-zona-oeste","tag-coluna-de-madeira-para-telhado-na-zona-sul","tag-coluna-de-madeira-para-telhado-no-abc","tag-coluna-de-madeira-para-telhado-no-centro","tag-coluna-de-madeira-para-telhado-no-imirim","tag-coluna-de-madeira-para-telhado-onde-encontrar","tag-coluna-de-madeira-para-telhado-perto-de-mim","tag-coluna-de-madeira-para-telhado-preco","tag-coluna-de-madeira-para-telhado-proximo-a-mim","tag-coluna-de-madeira-para-telhado-qual-medida-usar","tag-coluna-de-madeira-para-varanda","tag-coluna-de-madeira-para-varanda-como-escolher","tag-como-aumentar-a-durabilidade-da-coluna-de-madeira","tag-como-escolher-coluna-de-madeira-para-telhado","tag-como-saber-se-a-madeira-e-certificada","tag-empresa-de-coluna-de-madeira-para-telhado","tag-fornecedor-confiavel-de-madeira-para-obra","tag-fornecedor-de-coluna-de-madeira-para-telhado","tag-fornecedor-de-madeira-em-sao-paulo","tag-loja-de-coluna-de-madeira-para-telhado","tag-madeira-bruta-ou-aparelhada-para-telhado","tag-madeira-certificada-para-obra","tag-madeira-com-acabamento-para-telhado","tag-madeira-estrutural-para-telhado","tag-madeira-para-cobertura-aparente","tag-madeira-para-sustentacao-de-telhado","tag-onde-comprar-coluna-de-madeira-para-telhado","tag-quadrado-de-madeira-para-telhado","tag-qual-a-melhor-coluna-de-madeira-para-telhado","tag-qual-acabamento-usar-em-coluna-de-madeira","tag-quando-usar-coluna-de-madeira-15x15","tag-verniz-ou-seladora-para-madeira-aparente"],"yoast_head":"<!-- This site is optimized with the Yoast SEO plugin v23.6 - https:\/\/yoast.com\/wordpress\/plugins\/seo\/ -->\n<title>Coluna de madeira para telhado: como escolher a melhor op\u00e7\u00e3o para sua obra - Blog | Arte madeiras<\/title>\n<meta name=\"description\" content=\"Coluna de madeira para telhado: veja como escolher medidas, acabamento, durabilidade e a melhor op\u00e7\u00e3o para sua obra.\" \/>\n<meta name=\"robots\" content=\"index, follow, max-snippet:-1, max-image-preview:large, max-video-preview:-1\" \/>\n<link rel=\"canonical\" href=\"https:\/\/www.artemadeiras.com.br\/blog\/madeiras\/coluna-de-madeira-para-telhado-como-escolher-a-melhor-opcao-para-sua-obra\/\" \/>\n<meta property=\"og:locale\" content=\"pt_BR\" \/>\n<meta property=\"og:type\" content=\"article\" \/>\n<meta property=\"og:title\" content=\"Coluna de madeira para telhado: como escolher a melhor op\u00e7\u00e3o para sua obra - Blog | Arte madeiras\" \/>\n<meta property=\"og:description\" content=\"Coluna de madeira para telhado: veja como escolher medidas, acabamento, durabilidade e a melhor op\u00e7\u00e3o para sua obra.\" \/>\n<meta property=\"og:url\" content=\"https:\/\/www.artemadeiras.com.br\/blog\/madeiras\/coluna-de-madeira-para-telhado-como-escolher-a-melhor-opcao-para-sua-obra\/\" \/>\n<meta property=\"og:site_name\" content=\"Blog | Arte madeiras\" \/>\n<meta property=\"article:published_time\" content=\"2026-03-13T19:38:56+00:00\" \/>\n<meta property=\"article:modified_time\" content=\"2026-03-13T19:41:21+00:00\" \/>\n<meta property=\"og:image\" content=\"https:\/\/www.artemadeiras.com.br\/blog\/wp-content\/uploads\/2026\/03\/2.1.jpg\" \/>\n\t<meta property=\"og:image:width\" content=\"253\" \/>\n\t<meta property=\"og:image:height\" content=\"126\" \/>\n\t<meta property=\"og:image:type\" content=\"image\/jpeg\" \/>\n<meta name=\"author\" content=\"bloomin\" \/>\n<meta name=\"twitter:card\" content=\"summary_large_image\" \/>\n<meta name=\"twitter:label1\" content=\"Escrito por\" \/>\n\t<meta name=\"twitter:data1\" content=\"bloomin\" \/>\n\t<meta name=\"twitter:label2\" content=\"Est. tempo de leitura\" \/>\n\t<meta name=\"twitter:data2\" content=\"7 minutos\" \/>\n<script type=\"application\/ld+json\" class=\"yoast-schema-graph\">{\"@context\":\"https:\/\/schema.org\",\"@graph\":[{\"@type\":\"Article\",\"@id\":\"https:\/\/www.artemadeiras.com.br\/blog\/madeiras\/coluna-de-madeira-para-telhado-como-escolher-a-melhor-opcao-para-sua-obra\/#article\",\"isPartOf\":{\"@id\":\"https:\/\/www.artemadeiras.com.br\/blog\/madeiras\/coluna-de-madeira-para-telhado-como-escolher-a-melhor-opcao-para-sua-obra\/\"},\"author\":{\"name\":\"bloomin\",\"@id\":\"https:\/\/www.artemadeiras.com.br\/blog\/#\/schema\/person\/03c7826df62479a35ffcf10a5a652727\"},\"headline\":\"Coluna de madeira para telhado: como escolher a melhor op\u00e7\u00e3o para sua obra\",\"datePublished\":\"2026-03-13T19:38:56+00:00\",\"dateModified\":\"2026-03-13T19:41:21+00:00\",\"mainEntityOfPage\":{\"@id\":\"https:\/\/www.artemadeiras.com.br\/blog\/madeiras\/coluna-de-madeira-para-telhado-como-escolher-a-melhor-opcao-para-sua-obra\/\"},\"wordCount\":1193,\"commentCount\":0,\"publisher\":{\"@id\":\"https:\/\/www.artemadeiras.com.br\/blog\/#organization\"},\"image\":{\"@id\":\"https:\/\/www.artemadeiras.com.br\/blog\/madeiras\/coluna-de-madeira-para-telhado-como-escolher-a-melhor-opcao-para-sua-obra\/#primaryimage\"},\"thumbnailUrl\":\"https:\/\/www.artemadeiras.com.br\/blog\/wp-content\/uploads\/2026\/03\/2.1.jpg\",\"keywords\":[\"arte madeiras coluna de madeira\",\"arte madeiras vende coluna de madeira para telhado\",\"coluna de madeira 10x10\",\"coluna de madeira 10x10 serve para telhado\",\"coluna de madeira 15x15\",\"coluna de madeira 20x20\",\"coluna de madeira 20x20 vale a pena\",\"coluna de madeira aparelhada\",\"coluna de madeira bruta\",\"coluna de madeira com seladora\",\"coluna de madeira com verniz\",\"coluna de madeira para \u00e1rea gourmet\",\"coluna de madeira para cobertura\",\"coluna de madeira para garagem\",\"coluna de madeira para telhado\",\"coluna de madeira para telhado comprar\",\"coluna de madeira para telhado em Diadema\",\"coluna de madeira para telhado em Guarulhos\",\"coluna de madeira para telhado em Lauzane Paulista\",\"coluna de madeira para telhado em Lim\u00e3o\",\"coluna de madeira para telhado em Osasco\",\"coluna de madeira para telhado em promo\u00e7\u00e3o\",\"coluna de madeira para telhado em Santana\",\"coluna de madeira para telhado em Santo Andr\u00e9\",\"coluna de madeira para telhado em S\u00e3o Bernardo\",\"coluna de madeira para telhado em S\u00e3o Caetano\",\"coluna de madeira para telhado em s\u00e3o paulo\",\"coluna de madeira para telhado em sp\",\"coluna de madeira para telhado na \u00c1gua Branca\",\"coluna de madeira para telhado na Cachoeirinha\",\"coluna de madeira para telhado na Casa Verde\",\"coluna de madeira para telhado na Freguesia do \u00d3\",\"coluna de madeira para telhado na zona leste\",\"coluna de madeira para telhado na zona norte\",\"coluna de madeira para telhado na zona oeste\",\"coluna de madeira para telhado na zona sul\",\"coluna de madeira para telhado no ABC\",\"coluna de madeira para telhado no centro\",\"coluna de madeira para telhado no Imirim\",\"coluna de madeira para telhado onde encontrar\",\"coluna de madeira para telhado perto de mim\",\"coluna de madeira para telhado pre\u00e7o\",\"coluna de madeira para telhado pr\u00f3ximo a mim\",\"coluna de madeira para telhado qual medida usar\",\"coluna de madeira para varanda\",\"coluna de madeira para varanda como escolher\",\"como aumentar a durabilidade da coluna de madeira\",\"como escolher coluna de madeira para telhado\",\"como saber se a madeira \u00e9 certificada?\",\"empresa de coluna de madeira para telhado\",\"fornecedor confi\u00e1vel de madeira para obra\",\"fornecedor de coluna de madeira para telhado\",\"fornecedor de madeira em s\u00e3o paulo\",\"loja de coluna de madeira para telhado\",\"madeira bruta ou aparelhada para telhado\",\"madeira certificada para obra\",\"madeira com acabamento para telhado\",\"madeira estrutural para telhado\",\"madeira para cobertura aparente\",\"madeira para sustenta\u00e7\u00e3o de telhado\",\"onde comprar coluna de madeira para telhado\",\"quadrado de madeira para telhado\",\"qual a melhor coluna de madeira para telhado\",\"qual acabamento usar em coluna de madeira\",\"quando usar coluna de madeira 15x15\",\"verniz ou seladora para madeira aparente\"],\"articleSection\":[\"Madeiras\"],\"inLanguage\":\"pt-BR\",\"potentialAction\":[{\"@type\":\"CommentAction\",\"name\":\"Comment\",\"target\":[\"https:\/\/www.artemadeiras.com.br\/blog\/madeiras\/coluna-de-madeira-para-telhado-como-escolher-a-melhor-opcao-para-sua-obra\/#respond\"]}]},{\"@type\":\"WebPage\",\"@id\":\"https:\/\/www.artemadeiras.com.br\/blog\/madeiras\/coluna-de-madeira-para-telhado-como-escolher-a-melhor-opcao-para-sua-obra\/\",\"url\":\"https:\/\/www.artemadeiras.com.br\/blog\/madeiras\/coluna-de-madeira-para-telhado-como-escolher-a-melhor-opcao-para-sua-obra\/\",\"name\":\"Coluna de madeira para telhado: como escolher a melhor op\u00e7\u00e3o para sua obra - Blog | Arte madeiras\",\"isPartOf\":{\"@id\":\"https:\/\/www.artemadeiras.com.br\/blog\/#website\"},\"primaryImageOfPage\":{\"@id\":\"https:\/\/www.artemadeiras.com.br\/blog\/madeiras\/coluna-de-madeira-para-telhado-como-escolher-a-melhor-opcao-para-sua-obra\/#primaryimage\"},\"image\":{\"@id\":\"https:\/\/www.artemadeiras.com.br\/blog\/madeiras\/coluna-de-madeira-para-telhado-como-escolher-a-melhor-opcao-para-sua-obra\/#primaryimage\"},\"thumbnailUrl\":\"https:\/\/www.artemadeiras.com.br\/blog\/wp-content\/uploads\/2026\/03\/2.1.jpg\",\"datePublished\":\"2026-03-13T19:38:56+00:00\",\"dateModified\":\"2026-03-13T19:41:21+00:00\",\"description\":\"Coluna de madeira para telhado: veja como escolher medidas, acabamento, durabilidade e a melhor op\u00e7\u00e3o para sua obra.\",\"breadcrumb\":{\"@id\":\"https:\/\/www.artemadeiras.com.br\/blog\/madeiras\/coluna-de-madeira-para-telhado-como-escolher-a-melhor-opcao-para-sua-obra\/#breadcrumb\"},\"inLanguage\":\"pt-BR\",\"potentialAction\":[{\"@type\":\"ReadAction\",\"target\":[\"https:\/\/www.artemadeiras.com.br\/blog\/madeiras\/coluna-de-madeira-para-telhado-como-escolher-a-melhor-opcao-para-sua-obra\/\"]}]},{\"@type\":\"ImageObject\",\"inLanguage\":\"pt-BR\",\"@id\":\"https:\/\/www.artemadeiras.com.br\/blog\/madeiras\/coluna-de-madeira-para-telhado-como-escolher-a-melhor-opcao-para-sua-obra\/#primaryimage\",\"url\":\"https:\/\/www.artemadeiras.com.br\/blog\/wp-content\/uploads\/2026\/03\/2.1.jpg\",\"contentUrl\":\"https:\/\/www.artemadeiras.com.br\/blog\/wp-content\/uploads\/2026\/03\/2.1.jpg\",\"width\":253,\"height\":126,\"caption\":\"Coluna de madeira para telhado: como escolher a melhor op\u00e7\u00e3o para sua obra\"},{\"@type\":\"BreadcrumbList\",\"@id\":\"https:\/\/www.artemadeiras.com.br\/blog\/madeiras\/coluna-de-madeira-para-telhado-como-escolher-a-melhor-opcao-para-sua-obra\/#breadcrumb\",\"itemListElement\":[{\"@type\":\"ListItem\",\"position\":1,\"name\":\"In\u00edcio\",\"item\":\"https:\/\/www.artemadeiras.com.br\/blog\/\"},{\"@type\":\"ListItem\",\"position\":2,\"name\":\"Coluna de madeira para telhado: como escolher a melhor op\u00e7\u00e3o para sua obra\"}]},{\"@type\":\"WebSite\",\"@id\":\"https:\/\/www.artemadeiras.com.br\/blog\/#website\",\"url\":\"https:\/\/www.artemadeiras.com.br\/blog\/\",\"name\":\"Blog | Arte madeiras\",\"description\":\"Dicas e Novidades sobre Madeiras\",\"publisher\":{\"@id\":\"https:\/\/www.artemadeiras.com.br\/blog\/#organization\"},\"potentialAction\":[{\"@type\":\"SearchAction\",\"target\":{\"@type\":\"EntryPoint\",\"urlTemplate\":\"https:\/\/www.artemadeiras.com.br\/blog\/?s={search_term_string}\"},\"query-input\":{\"@type\":\"PropertyValueSpecification\",\"valueRequired\":true,\"valueName\":\"search_term_string\"}}],\"inLanguage\":\"pt-BR\"},{\"@type\":\"Organization\",\"@id\":\"https:\/\/www.artemadeiras.com.br\/blog\/#organization\",\"name\":\"Blog | Arte madeiras\",\"url\":\"https:\/\/www.artemadeiras.com.br\/blog\/\",\"logo\":{\"@type\":\"ImageObject\",\"inLanguage\":\"pt-BR\",\"@id\":\"https:\/\/www.artemadeiras.com.br\/blog\/#\/schema\/logo\/image\/\",\"url\":\"https:\/\/www.artemadeiras.com.br\/blog\/wp-content\/uploads\/2021\/01\/logo-arte-madeiras.png\",\"contentUrl\":\"https:\/\/www.artemadeiras.com.br\/blog\/wp-content\/uploads\/2021\/01\/logo-arte-madeiras.png\",\"width\":255,\"height\":110,\"caption\":\"Blog | Arte madeiras\"},\"image\":{\"@id\":\"https:\/\/www.artemadeiras.com.br\/blog\/#\/schema\/logo\/image\/\"}},{\"@type\":\"Person\",\"@id\":\"https:\/\/www.artemadeiras.com.br\/blog\/#\/schema\/person\/03c7826df62479a35ffcf10a5a652727\",\"name\":\"bloomin\",\"image\":{\"@type\":\"ImageObject\",\"inLanguage\":\"pt-BR\",\"@id\":\"https:\/\/www.artemadeiras.com.br\/blog\/#\/schema\/person\/image\/\",\"url\":\"https:\/\/secure.gravatar.com\/avatar\/161a7ea08f1b8bd365e1697a2453e6c719201075da8bdf298a1c2fc5455ba35d?s=96&d=mm&r=g\",\"contentUrl\":\"https:\/\/secure.gravatar.com\/avatar\/161a7ea08f1b8bd365e1697a2453e6c719201075da8bdf298a1c2fc5455ba35d?s=96&d=mm&r=g\",\"caption\":\"bloomin\"},\"sameAs\":[\"https:\/\/www.artemadeiras.com.br\/blog\"],\"url\":\"https:\/\/www.artemadeiras.com.br\/blog\/author\/bloomin\/\"}]}<\/script>\n<!-- \/ Yoast SEO plugin. -->","yoast_head_json":{"title":"Coluna de madeira para telhado: como escolher a melhor op\u00e7\u00e3o para sua obra - Blog | Arte madeiras","description":"Coluna de madeira para telhado: veja como escolher medidas, acabamento, durabilidade e a melhor op\u00e7\u00e3o para sua obra.","robots":{"index":"index","follow":"follow","max-snippet":"max-snippet:-1","max-image-preview":"max-image-preview:large","max-video-preview":"max-video-preview:-1"},"canonical":"https:\/\/www.artemadeiras.com.br\/blog\/madeiras\/coluna-de-madeira-para-telhado-como-escolher-a-melhor-opcao-para-sua-obra\/","og_locale":"pt_BR","og_type":"article","og_title":"Coluna de madeira para telhado: como escolher a melhor op\u00e7\u00e3o para sua obra - Blog | Arte madeiras","og_description":"Coluna de madeira para telhado: veja como escolher medidas, acabamento, durabilidade e a melhor op\u00e7\u00e3o para sua obra.","og_url":"https:\/\/www.artemadeiras.com.br\/blog\/madeiras\/coluna-de-madeira-para-telhado-como-escolher-a-melhor-opcao-para-sua-obra\/","og_site_name":"Blog | Arte madeiras","article_published_time":"2026-03-13T19:38:56+00:00","article_modified_time":"2026-03-13T19:41:21+00:00","og_image":[{"width":253,"height":126,"url":"https:\/\/www.artemadeiras.com.br\/blog\/wp-content\/uploads\/2026\/03\/2.1.jpg","type":"image\/jpeg"}],"author":"bloomin","twitter_card":"summary_large_image","twitter_misc":{"Escrito por":"bloomin","Est. tempo de leitura":"7 minutos"},"schema":{"@context":"https:\/\/schema.org","@graph":[{"@type":"Article","@id":"https:\/\/www.artemadeiras.com.br\/blog\/madeiras\/coluna-de-madeira-para-telhado-como-escolher-a-melhor-opcao-para-sua-obra\/#article","isPartOf":{"@id":"https:\/\/www.artemadeiras.com.br\/blog\/madeiras\/coluna-de-madeira-para-telhado-como-escolher-a-melhor-opcao-para-sua-obra\/"},"author":{"name":"bloomin","@id":"https:\/\/www.artemadeiras.com.br\/blog\/#\/schema\/person\/03c7826df62479a35ffcf10a5a652727"},"headline":"Coluna de madeira para telhado: como escolher a melhor op\u00e7\u00e3o para sua obra","datePublished":"2026-03-13T19:38:56+00:00","dateModified":"2026-03-13T19:41:21+00:00","mainEntityOfPage":{"@id":"https:\/\/www.artemadeiras.com.br\/blog\/madeiras\/coluna-de-madeira-para-telhado-como-escolher-a-melhor-opcao-para-sua-obra\/"},"wordCount":1193,"commentCount":0,"publisher":{"@id":"https:\/\/www.artemadeiras.com.br\/blog\/#organization"},"image":{"@id":"https:\/\/www.artemadeiras.com.br\/blog\/madeiras\/coluna-de-madeira-para-telhado-como-escolher-a-melhor-opcao-para-sua-obra\/#primaryimage"},"thumbnailUrl":"https:\/\/www.artemadeiras.com.br\/blog\/wp-content\/uploads\/2026\/03\/2.1.jpg","keywords":["arte madeiras coluna de madeira","arte madeiras vende coluna de madeira para telhado","coluna de madeira 10x10","coluna de madeira 10x10 serve para telhado","coluna de madeira 15x15","coluna de madeira 20x20","coluna de madeira 20x20 vale a pena","coluna de madeira aparelhada","coluna de madeira bruta","coluna de madeira com seladora","coluna de madeira com verniz","coluna de madeira para \u00e1rea gourmet","coluna de madeira para cobertura","coluna de madeira para garagem","coluna de madeira para telhado","coluna de madeira para telhado comprar","coluna de madeira para telhado em Diadema","coluna de madeira para telhado em Guarulhos","coluna de madeira para telhado em Lauzane Paulista","coluna de madeira para telhado em Lim\u00e3o","coluna de madeira para telhado em Osasco","coluna de madeira para telhado em promo\u00e7\u00e3o","coluna de madeira para telhado em Santana","coluna de madeira para telhado em Santo Andr\u00e9","coluna de madeira para telhado em S\u00e3o Bernardo","coluna de madeira para telhado em S\u00e3o Caetano","coluna de madeira para telhado em s\u00e3o paulo","coluna de madeira para telhado em sp","coluna de madeira para telhado na \u00c1gua Branca","coluna de madeira para telhado na Cachoeirinha","coluna de madeira para telhado na Casa Verde","coluna de madeira para telhado na Freguesia do \u00d3","coluna de madeira para telhado na zona leste","coluna de madeira para telhado na zona norte","coluna de madeira para telhado na zona oeste","coluna de madeira para telhado na zona sul","coluna de madeira para telhado no ABC","coluna de madeira para telhado no centro","coluna de madeira para telhado no Imirim","coluna de madeira para telhado onde encontrar","coluna de madeira para telhado perto de mim","coluna de madeira para telhado pre\u00e7o","coluna de madeira para telhado pr\u00f3ximo a mim","coluna de madeira para telhado qual medida usar","coluna de madeira para varanda","coluna de madeira para varanda como escolher","como aumentar a durabilidade da coluna de madeira","como escolher coluna de madeira para telhado","como saber se a madeira \u00e9 certificada?","empresa de coluna de madeira para telhado","fornecedor confi\u00e1vel de madeira para obra","fornecedor de coluna de madeira para telhado","fornecedor de madeira em s\u00e3o paulo","loja de coluna de madeira para telhado","madeira bruta ou aparelhada para telhado","madeira certificada para obra","madeira com acabamento para telhado","madeira estrutural para telhado","madeira para cobertura aparente","madeira para sustenta\u00e7\u00e3o de telhado","onde comprar coluna de madeira para telhado","quadrado de madeira para telhado","qual a melhor coluna de madeira para telhado","qual acabamento usar em coluna de madeira","quando usar coluna de madeira 15x15","verniz ou seladora para madeira aparente"],"articleSection":["Madeiras"],"inLanguage":"pt-BR","potentialAction":[{"@type":"CommentAction","name":"Comment","target":["https:\/\/www.artemadeiras.com.br\/blog\/madeiras\/coluna-de-madeira-para-telhado-como-escolher-a-melhor-opcao-para-sua-obra\/#respond"]}]},{"@type":"WebPage","@id":"https:\/\/www.artemadeiras.com.br\/blog\/madeiras\/coluna-de-madeira-para-telhado-como-escolher-a-melhor-opcao-para-sua-obra\/","url":"https:\/\/www.artemadeiras.com.br\/blog\/madeiras\/coluna-de-madeira-para-telhado-como-escolher-a-melhor-opcao-para-sua-obra\/","name":"Coluna de madeira para telhado: como escolher a melhor op\u00e7\u00e3o para sua obra - Blog | Arte madeiras","isPartOf":{"@id":"https:\/\/www.artemadeiras.com.br\/blog\/#website"},"primaryImageOfPage":{"@id":"https:\/\/www.artemadeiras.com.br\/blog\/madeiras\/coluna-de-madeira-para-telhado-como-escolher-a-melhor-opcao-para-sua-obra\/#primaryimage"},"image":{"@id":"https:\/\/www.artemadeiras.com.br\/blog\/madeiras\/coluna-de-madeira-para-telhado-como-escolher-a-melhor-opcao-para-sua-obra\/#primaryimage"},"thumbnailUrl":"https:\/\/www.artemadeiras.com.br\/blog\/wp-content\/uploads\/2026\/03\/2.1.jpg","datePublished":"2026-03-13T19:38:56+00:00","dateModified":"2026-03-13T19:41:21+00:00","description":"Coluna de madeira para telhado: veja como escolher medidas, acabamento, durabilidade e a melhor op\u00e7\u00e3o para sua obra.","breadcrumb":{"@id":"https:\/\/www.artemadeiras.com.br\/blog\/madeiras\/coluna-de-madeira-para-telhado-como-escolher-a-melhor-opcao-para-sua-obra\/#breadcrumb"},"inLanguage":"pt-BR","potentialAction":[{"@type":"ReadAction","target":["https:\/\/www.artemadeiras.com.br\/blog\/madeiras\/coluna-de-madeira-para-telhado-como-escolher-a-melhor-opcao-para-sua-obra\/"]}]},{"@type":"ImageObject","inLanguage":"pt-BR","@id":"https:\/\/www.artemadeiras.com.br\/blog\/madeiras\/coluna-de-madeira-para-telhado-como-escolher-a-melhor-opcao-para-sua-obra\/#primaryimage","url":"https:\/\/www.artemadeiras.com.br\/blog\/wp-content\/uploads\/2026\/03\/2.1.jpg","contentUrl":"https:\/\/www.artemadeiras.com.br\/blog\/wp-content\/uploads\/2026\/03\/2.1.jpg","width":253,"height":126,"caption":"Coluna de madeira para telhado: como escolher a melhor op\u00e7\u00e3o para sua obra"},{"@type":"BreadcrumbList","@id":"https:\/\/www.artemadeiras.com.br\/blog\/madeiras\/coluna-de-madeira-para-telhado-como-escolher-a-melhor-opcao-para-sua-obra\/#breadcrumb","itemListElement":[{"@type":"ListItem","position":1,"name":"In\u00edcio","item":"https:\/\/www.artemadeiras.com.br\/blog\/"},{"@type":"ListItem","position":2,"name":"Coluna de madeira para telhado: como escolher a melhor op\u00e7\u00e3o para sua obra"}]},{"@type":"WebSite","@id":"https:\/\/www.artemadeiras.com.br\/blog\/#website","url":"https:\/\/www.artemadeiras.com.br\/blog\/","name":"Blog | Arte madeiras","description":"Dicas e Novidades sobre Madeiras","publisher":{"@id":"https:\/\/www.artemadeiras.com.br\/blog\/#organization"},"potentialAction":[{"@type":"SearchAction","target":{"@type":"EntryPoint","urlTemplate":"https:\/\/www.artemadeiras.com.br\/blog\/?s={search_term_string}"},"query-input":{"@type":"PropertyValueSpecification","valueRequired":true,"valueName":"search_term_string"}}],"inLanguage":"pt-BR"},{"@type":"Organization","@id":"https:\/\/www.artemadeiras.com.br\/blog\/#organization","name":"Blog | Arte madeiras","url":"https:\/\/www.artemadeiras.com.br\/blog\/","logo":{"@type":"ImageObject","inLanguage":"pt-BR","@id":"https:\/\/www.artemadeiras.com.br\/blog\/#\/schema\/logo\/image\/","url":"https:\/\/www.artemadeiras.com.br\/blog\/wp-content\/uploads\/2021\/01\/logo-arte-madeiras.png","contentUrl":"https:\/\/www.artemadeiras.com.br\/blog\/wp-content\/uploads\/2021\/01\/logo-arte-madeiras.png","width":255,"height":110,"caption":"Blog | Arte madeiras"},"image":{"@id":"https:\/\/www.artemadeiras.com.br\/blog\/#\/schema\/logo\/image\/"}},{"@type":"Person","@id":"https:\/\/www.artemadeiras.com.br\/blog\/#\/schema\/person\/03c7826df62479a35ffcf10a5a652727","name":"bloomin","image":{"@type":"ImageObject","inLanguage":"pt-BR","@id":"https:\/\/www.artemadeiras.com.br\/blog\/#\/schema\/person\/image\/","url":"https:\/\/secure.gravatar.com\/avatar\/161a7ea08f1b8bd365e1697a2453e6c719201075da8bdf298a1c2fc5455ba35d?s=96&d=mm&r=g","contentUrl":"https:\/\/secure.gravatar.com\/avatar\/161a7ea08f1b8bd365e1697a2453e6c719201075da8bdf298a1c2fc5455ba35d?s=96&d=mm&r=g","caption":"bloomin"},"sameAs":["https:\/\/www.artemadeiras.com.br\/blog"],"url":"https:\/\/www.artemadeiras.com.br\/blog\/author\/bloomin\/"}]}},"_links":{"self":[{"href":"https:\/\/www.artemadeiras.com.br\/blog\/wp-json\/wp\/v2\/posts\/372","targetHints":{"allow":["GET"]}}],"collection":[{"href":"https:\/\/www.artemadeiras.com.br\/blog\/wp-json\/wp\/v2\/posts"}],"about":[{"href":"https:\/\/www.artemadeiras.com.br\/blog\/wp-json\/wp\/v2\/types\/post"}],"author":[{"embeddable":true,"href":"https:\/\/www.artemadeiras.com.br\/blog\/wp-json\/wp\/v2\/users\/1"}],"replies":[{"embeddable":true,"href":"https:\/\/www.artemadeiras.com.br\/blog\/wp-json\/wp\/v2\/comments?post=372"}],"version-history":[{"count":1,"href":"https:\/\/www.artemadeiras.com.br\/blog\/wp-json\/wp\/v2\/posts\/372\/revisions"}],"predecessor-version":[{"id":375,"href":"https:\/\/www.artemadeiras.com.br\/blog\/wp-json\/wp\/v2\/posts\/372\/revisions\/375"}],"wp:featuredmedia":[{"embeddable":true,"href":"https:\/\/www.artemadeiras.com.br\/blog\/wp-json\/wp\/v2\/media\/373"}],"wp:attachment":[{"href":"https:\/\/www.artemadeiras.com.br\/blog\/wp-json\/wp\/v2\/media?parent=372"}],"wp:term":[{"taxonomy":"category","embeddable":true,"href":"https:\/\/www.artemadeiras.com.br\/blog\/wp-json\/wp\/v2\/categories?post=372"},{"taxonomy":"post_tag","embeddable":true,"href":"https:\/\/www.artemadeiras.com.br\/blog\/wp-json\/wp\/v2\/tags?post=372"}],"curies":[{"name":"wp","href":"https:\/\/api.w.org\/{rel}","templated":true}]}}