{"id":367,"date":"2026-02-26T08:23:23","date_gmt":"2026-02-26T11:23:23","guid":{"rendered":"https:\/\/www.artemadeiras.com.br\/blog\/?p=367"},"modified":"2026-02-26T08:23:25","modified_gmt":"2026-02-26T11:23:25","slug":"pranchas-e-vigas-de-madeira-conheca-mais-sobre","status":"publish","type":"post","link":"https:\/\/www.artemadeiras.com.br\/blog\/viga-de-madeira\/pranchas-e-vigas-de-madeira-conheca-mais-sobre\/","title":{"rendered":"Pranchas e vigas de madeira: conhe\u00e7a mais sobre"},"content":{"rendered":"<span class=\"rt-reading-time\" style=\"display: block;\"><span class=\"rt-label rt-prefix\">Tempo de leitura<\/span> <span class=\"rt-time\">3<\/span> <span class=\"rt-label rt-postfix\">minutos<\/span><\/span>\n<p><strong><em>Descubra a import\u00e2ncia das pranchas e vigas de madeira e como elas valorizam constru\u00e7\u00f5es e projetos de marcenaria.<\/em><\/strong><\/p>\n\n\n\n<p>As pranchas e vigas de madeira continuam sendo protagonistas em projetos de constru\u00e7\u00e3o e marcenaria. Elas unem resist\u00eancia, versatilidade e um acabamento natural que valoriza qualquer ambiente.<\/p>\n\n\n\n<p>A madeira \u00e9 um material que atravessou s\u00e9culos e se adaptou \u00e0 modernidade. Hoje, al\u00e9m de sua fun\u00e7\u00e3o estrutural, tem papel essencial na est\u00e9tica de projetos arquitet\u00f4nicos e de interiores.<\/p>\n\n\n\n<p>Quando bem escolhidas e aplicadas, pranchas e vigas tornam-se sin\u00f4nimo de solidez e eleg\u00e2ncia duradoura.<\/p>\n\n\n\n<ul class=\"wp-block-list\">\n<li><a href=\"https:\/\/www.artemadeiras.com.br\/blog\/deck\/deck-de-madeira-para-jardim-por-que-investir\/\" target=\"_blank\" aria-label=\" (opens in a new tab)\" rel=\"noreferrer noopener\" class=\"rank-math-link\"><strong>Deck de madeira para jardim: por que investir?<\/strong><\/a><\/li>\n<\/ul>\n\n\n\n<div id=\"ez-toc-container\" class=\"ez-toc-v2_0_66_1 counter-hierarchy ez-toc-counter ez-toc-grey ez-toc-container-direction\">\n<div class=\"ez-toc-title-container\">\n<p class=\"ez-toc-title \" >T&oacute;picos do artigo<\/p>\n<span class=\"ez-toc-title-toggle\"><a href=\"#\" class=\"ez-toc-pull-right ez-toc-btn ez-toc-btn-xs ez-toc-btn-default ez-toc-toggle\" aria-label=\"Toggle Table of Content\"><span class=\"ez-toc-js-icon-con\"><span class=\"\"><span class=\"eztoc-hide\" style=\"display:none;\">Toggle<\/span><span class=\"ez-toc-icon-toggle-span\"><svg style=\"fill: #999;color:#999\" xmlns=\"http:\/\/www.w3.org\/2000\/svg\" class=\"list-377408\" width=\"20px\" height=\"20px\" viewBox=\"0 0 24 24\" fill=\"none\"><path d=\"M6 6H4v2h2V6zm14 0H8v2h12V6zM4 11h2v2H4v-2zm16 0H8v2h12v-2zM4 16h2v2H4v-2zm16 0H8v2h12v-2z\" fill=\"currentColor\"><\/path><\/svg><svg style=\"fill: #999;color:#999\" class=\"arrow-unsorted-368013\" xmlns=\"http:\/\/www.w3.org\/2000\/svg\" width=\"10px\" height=\"10px\" viewBox=\"0 0 24 24\" version=\"1.2\" baseProfile=\"tiny\"><path d=\"M18.2 9.3l-6.2-6.3-6.2 6.3c-.2.2-.3.4-.3.7s.1.5.3.7c.2.2.4.3.7.3h11c.3 0 .5-.1.7-.3.2-.2.3-.5.3-.7s-.1-.5-.3-.7zM5.8 14.7l6.2 6.3 6.2-6.3c.2-.2.3-.5.3-.7s-.1-.5-.3-.7c-.2-.2-.4-.3-.7-.3h-11c-.3 0-.5.1-.7.3-.2.2-.3.5-.3.7s.1.5.3.7z\"\/><\/svg><\/span><\/span><\/span><\/a><\/span><\/div>\n<nav><ul class='ez-toc-list ez-toc-list-level-1 ' ><li class='ez-toc-page-1 ez-toc-heading-level-2'><a class=\"ez-toc-link ez-toc-heading-1\" href=\"https:\/\/www.artemadeiras.com.br\/blog\/viga-de-madeira\/pranchas-e-vigas-de-madeira-conheca-mais-sobre\/#A_importancia_das_pranchas_e_vigas_de_madeira_na_construcao\" title=\"A import\u00e2ncia das pranchas e vigas de madeira na constru\u00e7\u00e3o\">A import\u00e2ncia das pranchas e vigas de madeira na constru\u00e7\u00e3o<\/a><\/li><li class='ez-toc-page-1 ez-toc-heading-level-2'><a class=\"ez-toc-link ez-toc-heading-2\" href=\"https:\/\/www.artemadeiras.com.br\/blog\/viga-de-madeira\/pranchas-e-vigas-de-madeira-conheca-mais-sobre\/#O_papel_da_madeira_na_estetica_e_no_conforto_dos_espacos\" title=\"O papel da madeira na est\u00e9tica e no conforto dos espa\u00e7os\">O papel da madeira na est\u00e9tica e no conforto dos espa\u00e7os<\/a><\/li><li class='ez-toc-page-1 ez-toc-heading-level-2'><a class=\"ez-toc-link ez-toc-heading-3\" href=\"https:\/\/www.artemadeiras.com.br\/blog\/viga-de-madeira\/pranchas-e-vigas-de-madeira-conheca-mais-sobre\/#Aplicacoes_das_pranchas_e_vigas_de_madeira\" title=\"Aplica\u00e7\u00f5es das pranchas e vigas de madeira\">Aplica\u00e7\u00f5es das pranchas e vigas de madeira<\/a><\/li><li class='ez-toc-page-1 ez-toc-heading-level-2'><a class=\"ez-toc-link ez-toc-heading-4\" href=\"https:\/\/www.artemadeiras.com.br\/blog\/viga-de-madeira\/pranchas-e-vigas-de-madeira-conheca-mais-sobre\/#Como_escolher_pranchas_e_vigas_de_madeira_com_seguranca\" title=\"Como escolher pranchas e vigas de madeira com seguran\u00e7a?\">Como escolher pranchas e vigas de madeira com seguran\u00e7a?<\/a><\/li><li class='ez-toc-page-1 ez-toc-heading-level-2'><a class=\"ez-toc-link ez-toc-heading-5\" href=\"https:\/\/www.artemadeiras.com.br\/blog\/viga-de-madeira\/pranchas-e-vigas-de-madeira-conheca-mais-sobre\/#Onde_comprar_pranchas_e_vigas\" title=\"Onde comprar pranchas e vigas?\">Onde comprar pranchas e vigas?<\/a><\/li><\/ul><\/nav><\/div>\n<h2 class=\"wp-block-heading\"><span class=\"ez-toc-section\" id=\"A_importancia_das_pranchas_e_vigas_de_madeira_na_construcao\"><\/span>A import\u00e2ncia das pranchas e vigas de madeira na constru\u00e7\u00e3o<span class=\"ez-toc-section-end\"><\/span><\/h2>\n\n\n\n<p>A principal fun\u00e7\u00e3o das vigas de madeira \u00e9 oferecer suporte \u00e0s estruturas. Elas garantem estabilidade, sustentando o peso de coberturas, lajes e pisos.&nbsp;<\/p>\n\n\n\n<p>J\u00e1 as pranchas de madeira cumprem papel de acabamento, nivelamento e revestimento \u2014 proporcionando conforto visual e funcionalidade.<\/p>\n\n\n\n<p>Esse tipo de estrutura \u00e9 muito valorizado por engenheiros e arquitetos pela facilidade de instala\u00e7\u00e3o, pela leveza e pela adapta\u00e7\u00e3o a diferentes estilos de obra, do r\u00fastico ao contempor\u00e2neo.<\/p>\n\n\n\n<p>Al\u00e9m de sua aplica\u00e7\u00e3o t\u00e9cnica, a madeira agrega valor est\u00e9tico. Ambientes com vigas aparentes e pranchas de acabamento t\u00eam um ar acolhedor e sofisticado, sem perder a robustez necess\u00e1ria para o dia a dia.<\/p>\n\n\n\n<ul class=\"wp-block-list\">\n<li><a href=\"https:\/\/www.artemadeiras.com.br\/blog\/pinus\/pinus-autoclavados-conheca-suas-principais-vantagens-e-aplicacoes\/\" target=\"_blank\" aria-label=\" (opens in a new tab)\" rel=\"noreferrer noopener\" class=\"rank-math-link\"><strong>Pinus autoclavados: conhe\u00e7a suas principais vantagens e aplica\u00e7\u00f5es<\/strong><\/a><\/li>\n<\/ul>\n\n\n\n<h2 class=\"wp-block-heading\"><span class=\"ez-toc-section\" id=\"O_papel_da_madeira_na_estetica_e_no_conforto_dos_espacos\"><\/span>O papel da madeira na est\u00e9tica e no conforto dos espa\u00e7os<span class=\"ez-toc-section-end\"><\/span><\/h2>\n\n\n\n<p>Mais do que um elemento construtivo, a madeira \u00e9 um material de express\u00e3o visual e sensorial. Em ambientes internos, ela traz aconchego, textura e equil\u00edbrio. Em \u00e1reas externas, refor\u00e7a o contato com o natural e cria transi\u00e7\u00f5es suaves entre os espa\u00e7os.<\/p>\n\n\n\n<p>Pranchas e vigas de madeira podem ser combinadas com outros materiais, como vidro, concreto e metal, criando contrastes elegantes e modernos. Al\u00e9m disso, as varia\u00e7\u00f5es de cor, textura e veios permitem in\u00fameras possibilidades de personaliza\u00e7\u00e3o.<\/p>\n\n\n\n<p>Essa versatilidade faz da madeira um componente indispens\u00e1vel tanto em constru\u00e7\u00f5es residenciais quanto comerciais.<\/p>\n\n\n<div class=\"wp-block-image\">\n<figure class=\"aligncenter size-full is-resized\"><a href=\"https:\/\/www.artemadeiras.com.br\/telhado\" target=\"_blank\" rel=\" noreferrer noopener\"><img loading=\"lazy\" decoding=\"async\" width=\"800\" height=\"800\" src=\"https:\/\/www.artemadeiras.com.br\/blog\/wp-content\/uploads\/2025\/08\/3.jpg\" alt=\"Telhados com estrutura fraca? Escolha o caibro ideal\" class=\"wp-image-265\" style=\"width:396px;height:auto\" srcset=\"https:\/\/www.artemadeiras.com.br\/blog\/wp-content\/uploads\/2025\/08\/3.jpg 800w, https:\/\/www.artemadeiras.com.br\/blog\/wp-content\/uploads\/2025\/08\/3-300x300.jpg 300w, https:\/\/www.artemadeiras.com.br\/blog\/wp-content\/uploads\/2025\/08\/3-150x150.jpg 150w, https:\/\/www.artemadeiras.com.br\/blog\/wp-content\/uploads\/2025\/08\/3-768x768.jpg 768w\" sizes=\"auto, (max-width: 800px) 100vw, 800px\" \/><\/a><\/figure>\n<\/div>\n\n\n<h2 class=\"wp-block-heading\"><span class=\"ez-toc-section\" id=\"Aplicacoes_das_pranchas_e_vigas_de_madeira\"><\/span>Aplica\u00e7\u00f5es das pranchas e vigas de madeira<span class=\"ez-toc-section-end\"><\/span><\/h2>\n\n\n\n<p>As pranchas e vigas de madeira est\u00e3o presentes em quase todas as etapas de uma obra ou projeto de design. Elas podem ser aplicadas de diferentes formas, conforme a necessidade estrutural ou est\u00e9tica.<\/p>\n\n\n\n<p><strong>Principais usos:<\/strong><\/p>\n\n\n\n<ul class=\"wp-block-list\">\n<li><strong>Estruturas de telhados:<\/strong> vigas sustentam coberturas e d\u00e3o firmeza ao conjunto;<br><\/li>\n\n\n\n<li><strong>Pisos e decks:<\/strong> pranchas criam superf\u00edcies resistentes e agrad\u00e1veis ao toque;<br><\/li>\n\n\n\n<li><strong>M\u00f3veis e marcenaria:<\/strong> ideais para mesas, portas, pain\u00e9is e m\u00f3veis sob medida;<br><\/li>\n\n\n\n<li><strong>Revestimentos:<\/strong> pranchas aplicadas em paredes e tetos trazem textura e sofistica\u00e7\u00e3o;<br><\/li>\n\n\n\n<li><strong>Detalhes arquitet\u00f4nicos:<\/strong> vigas aparentes e pranchas decorativas adicionam charme e personalidade.<br><\/li>\n<\/ul>\n\n\n\n<p>Independentemente da aplica\u00e7\u00e3o, o segredo est\u00e1 em escolher a madeira certa e garantir que o corte e o acabamento estejam adequados ao projeto.<\/p>\n\n\n\n<ul class=\"wp-block-list\">\n<li><a href=\"https:\/\/www.artemadeiras.com.br\/blog\/prancha-aparelhada\/prancha-aparelhada-resistencia-e-durabilidade-para-diversas-aplicacoes\/\" target=\"_blank\" aria-label=\" (opens in a new tab)\" rel=\"noreferrer noopener\" class=\"rank-math-link\"><strong>Prancha aparelhada: resist\u00eancia e durabilidade para diversas aplica\u00e7\u00f5es<\/strong><\/a><\/li>\n<\/ul>\n\n\n\n<h2 class=\"wp-block-heading\"><span class=\"ez-toc-section\" id=\"Como_escolher_pranchas_e_vigas_de_madeira_com_seguranca\"><\/span>Como escolher pranchas e vigas de madeira com seguran\u00e7a?<span class=\"ez-toc-section-end\"><\/span><\/h2>\n\n\n\n<p>A escolha correta das pranchas e vigas faz toda a diferen\u00e7a no resultado final. Para garantir desempenho e durabilidade, alguns crit\u00e9rios devem ser observados:<\/p>\n\n\n\n<ul class=\"wp-block-list\">\n<li><strong>Finalidade:<\/strong> defina se a madeira ser\u00e1 usada para estrutura, revestimento ou decora\u00e7\u00e3o;<br><\/li>\n\n\n\n<li><strong>Resist\u00eancia:<\/strong> cada tipo de madeira tem propriedades espec\u00edficas de carga e densidade;<br><\/li>\n\n\n\n<li><strong>Ambiente:<\/strong> \u00e1reas externas exigem madeiras mais firmes e resistentes \u00e0 umidade;<br><\/li>\n\n\n\n<li><strong>Acabamento:<\/strong> pense no resultado visual desejado \u2014 tons naturais, verniz ou pintura;<br><\/li>\n\n\n\n<li><strong>Orienta\u00e7\u00e3o t\u00e9cnica:<\/strong> contar com o apoio de especialistas ajuda a evitar desperd\u00edcios e a garantir o melhor custo-benef\u00edcio.<br><\/li>\n<\/ul>\n\n\n\n<p>Ao avaliar esses pontos, \u00e9 poss\u00edvel selecionar o material ideal para cada etapa da obra, sem comprometer a est\u00e9tica nem a seguran\u00e7a.<\/p>\n\n\n\n<ul class=\"wp-block-list\">\n<li><a href=\"https:\/\/www.artemadeiras.com.br\/blog\/pontaletes\/pontalete-de-madeira-a-peca-resistente-e-versatil-que-sua-construcao-precisa\/\" target=\"_blank\" aria-label=\" (opens in a new tab)\" rel=\"noreferrer noopener\" class=\"rank-math-link\"><strong>Pontalete de madeira: a pe\u00e7a resistente e vers\u00e1til que sua constru\u00e7\u00e3o precisa<\/strong><\/a><\/li>\n<\/ul>\n\n\n\n<h2 class=\"wp-block-heading\"><span class=\"ez-toc-section\" id=\"Onde_comprar_pranchas_e_vigas\"><\/span>Onde comprar pranchas e vigas?<span class=\"ez-toc-section-end\"><\/span><\/h2>\n\n\n\n<p>A <a href=\"https:\/\/www.artemadeiras.com.br\/blog\/\" target=\"_blank\" aria-label=\" (opens in a new tab)\" rel=\"noreferrer noopener\" class=\"rank-math-link\"><strong>Arte Madeiras<\/strong><\/a> \u00e9 refer\u00eancia no fornecimento de madeiras, chapas e insumos para constru\u00e7\u00e3o e marcenaria.\u00a0<\/p>\n\n\n\n<p>Reconhecida pela qualidade e atendimento t\u00e9cnico especializado, a empresa oferece solu\u00e7\u00f5es completas para profissionais e consumidores exigentes.<\/p>\n\n\n\n<p>Com um cat\u00e1logo amplo e materiais selecionados, a Arte Madeiras atende desde projetos residenciais at\u00e9 obras de grande porte, garantindo padroniza\u00e7\u00e3o, resist\u00eancia e acabamento impec\u00e1vel.<\/p>\n\n\n\n<p>Quer qualidade e confian\u00e7a em madeira para o seu projeto? <a href=\"https:\/\/www.artemadeiras.com.br\/contato\" target=\"_blank\" aria-label=\" (opens in a new tab)\" rel=\"noreferrer noopener\" class=\"rank-math-link\"><strong>Entre em contato com a Arte Madeiras<\/strong><\/a> e descubra a linha completa de pranchas e vigas perfeitas para sua obra.<\/p>\n","protected":false},"excerpt":{"rendered":"<p><span class=\"rt-reading-time\" style=\"display: block;\"><span class=\"rt-label rt-prefix\">Tempo de leitura<\/span> <span class=\"rt-time\">3<\/span> <span class=\"rt-label rt-postfix\">minutos<\/span><\/span> Descubra a import\u00e2ncia das pranchas e vigas de madeira e como elas valorizam constru\u00e7\u00f5es e projetos de marcenaria. As pranchas e vigas de madeira continuam sendo protagonistas em projetos de constru\u00e7\u00e3o e marcenaria. Elas unem resist\u00eancia, versatilidade e um acabamento&#8230;<\/p>\n","protected":false},"author":1,"featured_media":172,"comment_status":"open","ping_status":"open","sticky":false,"template":"","format":"standard","meta":{"footnotes":""},"categories":[956],"tags":[2901,2862,2864,2866,2867,2865,2899,2863,2870,2873,2893,2894,2892,2891,2874,2896,2898,2895,2900,2897,2872,2890,2871,2886,2885,2878,2887,2879,2882,2883,2877,2888,2889,2884,2880,2881,2868,2875,2869,2876,2902],"class_list":["post-367","post","type-post","status-publish","format-standard","has-post-thumbnail","hentry","category-viga-de-madeira","tag-como-usar-vigas-de-madeira-em-obras","tag-empresa-de-pranchas-e-vigas-de-madeira","tag-fabrica-de-pranchas-e-vigas-de-madeira","tag-fabricante-de-pranchas-e-vigas-de-madeira","tag-fornecedor-de-pranchas-e-vigas-de-madeira","tag-loja-de-pranchas-e-vigas-de-madeira","tag-o-que-sao-pranchas-e-vigas-de-madeira","tag-pranchas-e-vigas-de-madeira","tag-pranchas-e-vigas-de-madeira-comprar","tag-pranchas-e-vigas-de-madeira-direto-da-fabrica","tag-pranchas-e-vigas-de-madeira-em-diadema","tag-pranchas-e-vigas-de-madeira-em-guarulhos","tag-pranchas-e-vigas-de-madeira-em-maua","tag-pranchas-e-vigas-de-madeira-em-osasco","tag-pranchas-e-vigas-de-madeira-em-promocao","tag-pranchas-e-vigas-de-madeira-em-ribeirao-pires","tag-pranchas-e-vigas-de-madeira-em-rio-grande-da-serra","tag-pranchas-e-vigas-de-madeira-em-santo-andre","tag-pranchas-e-vigas-de-madeira-em-sao-bernardo-do-campo","tag-pranchas-e-vigas-de-madeira-em-sao-caetano-do-sul","tag-pranchas-e-vigas-de-madeira-em-sao-paulo","tag-pranchas-e-vigas-de-madeira-em-sorocaba","tag-pranchas-e-vigas-de-madeira-em-sp","tag-pranchas-e-vigas-de-madeira-na-grande-sao-paulo","tag-pranchas-e-vigas-de-madeira-na-mooca","tag-pranchas-e-vigas-de-madeira-na-penha","tag-pranchas-e-vigas-de-madeira-na-vila-formosa","tag-pranchas-e-vigas-de-madeira-na-zona-leste","tag-pranchas-e-vigas-de-madeira-na-zona-norte","tag-pranchas-e-vigas-de-madeira-na-zona-oeste","tag-pranchas-e-vigas-de-madeira-na-zona-sul","tag-pranchas-e-vigas-de-madeira-no-abc-paulista","tag-pranchas-e-vigas-de-madeira-no-analia-franco","tag-pranchas-e-vigas-de-madeira-no-belenzinho","tag-pranchas-e-vigas-de-madeira-no-carrao","tag-pranchas-e-vigas-de-madeira-no-tatuape","tag-pranchas-e-vigas-de-madeira-onde-encontrar","tag-pranchas-e-vigas-de-madeira-perto-de-mim","tag-pranchas-e-vigas-de-madeira-preco","tag-pranchas-e-vigas-de-madeira-proximo-a-mim","tag-qual-a-diferenca-entre-prancha-e-viga"],"yoast_head":"<!-- This site is optimized with the Yoast SEO plugin v23.6 - https:\/\/yoast.com\/wordpress\/plugins\/seo\/ -->\n<title>Pranchas e vigas de madeira: conhe\u00e7a mais sobre - Blog | Arte madeiras<\/title>\n<meta name=\"description\" content=\"As pranchas e vigas de madeira unem resist\u00eancia e eleg\u00e2ncia, sendo ideais para estruturas e projetos de marcenaria com acabamento refinado.\" \/>\n<meta name=\"robots\" content=\"index, follow, max-snippet:-1, max-image-preview:large, max-video-preview:-1\" \/>\n<link rel=\"canonical\" href=\"https:\/\/www.artemadeiras.com.br\/blog\/viga-de-madeira\/pranchas-e-vigas-de-madeira-conheca-mais-sobre\/\" \/>\n<meta property=\"og:locale\" content=\"pt_BR\" \/>\n<meta property=\"og:type\" content=\"article\" \/>\n<meta property=\"og:title\" content=\"Pranchas e vigas de madeira: conhe\u00e7a mais sobre - Blog | Arte madeiras\" \/>\n<meta property=\"og:description\" content=\"As pranchas e vigas de madeira unem resist\u00eancia e eleg\u00e2ncia, sendo ideais para estruturas e projetos de marcenaria com acabamento refinado.\" \/>\n<meta property=\"og:url\" content=\"https:\/\/www.artemadeiras.com.br\/blog\/viga-de-madeira\/pranchas-e-vigas-de-madeira-conheca-mais-sobre\/\" \/>\n<meta property=\"og:site_name\" content=\"Blog | Arte madeiras\" \/>\n<meta property=\"article:published_time\" content=\"2026-02-26T11:23:23+00:00\" \/>\n<meta property=\"article:modified_time\" content=\"2026-02-26T11:23:25+00:00\" \/>\n<meta property=\"og:image\" content=\"https:\/\/www.artemadeiras.com.br\/blog\/wp-content\/uploads\/2025\/02\/viga-de-madeira.jpeg\" \/>\n\t<meta property=\"og:image:width\" content=\"1300\" \/>\n\t<meta property=\"og:image:height\" content=\"800\" \/>\n\t<meta property=\"og:image:type\" content=\"image\/jpeg\" \/>\n<meta name=\"author\" content=\"bloomin\" \/>\n<meta name=\"twitter:card\" content=\"summary_large_image\" \/>\n<meta name=\"twitter:label1\" content=\"Escrito por\" \/>\n\t<meta name=\"twitter:data1\" content=\"bloomin\" \/>\n\t<meta name=\"twitter:label2\" content=\"Est. tempo de leitura\" \/>\n\t<meta name=\"twitter:data2\" content=\"5 minutos\" \/>\n<script type=\"application\/ld+json\" class=\"yoast-schema-graph\">{\"@context\":\"https:\/\/schema.org\",\"@graph\":[{\"@type\":\"Article\",\"@id\":\"https:\/\/www.artemadeiras.com.br\/blog\/viga-de-madeira\/pranchas-e-vigas-de-madeira-conheca-mais-sobre\/#article\",\"isPartOf\":{\"@id\":\"https:\/\/www.artemadeiras.com.br\/blog\/viga-de-madeira\/pranchas-e-vigas-de-madeira-conheca-mais-sobre\/\"},\"author\":{\"name\":\"bloomin\",\"@id\":\"https:\/\/www.artemadeiras.com.br\/blog\/#\/schema\/person\/03c7826df62479a35ffcf10a5a652727\"},\"headline\":\"Pranchas e vigas de madeira: conhe\u00e7a mais sobre\",\"datePublished\":\"2026-02-26T11:23:23+00:00\",\"dateModified\":\"2026-02-26T11:23:25+00:00\",\"mainEntityOfPage\":{\"@id\":\"https:\/\/www.artemadeiras.com.br\/blog\/viga-de-madeira\/pranchas-e-vigas-de-madeira-conheca-mais-sobre\/\"},\"wordCount\":753,\"commentCount\":0,\"publisher\":{\"@id\":\"https:\/\/www.artemadeiras.com.br\/blog\/#organization\"},\"image\":{\"@id\":\"https:\/\/www.artemadeiras.com.br\/blog\/viga-de-madeira\/pranchas-e-vigas-de-madeira-conheca-mais-sobre\/#primaryimage\"},\"thumbnailUrl\":\"https:\/\/www.artemadeiras.com.br\/blog\/wp-content\/uploads\/2025\/02\/viga-de-madeira.jpeg\",\"keywords\":[\"Como usar vigas de madeira em obras?\",\"Empresa de pranchas e vigas de madeira\",\"F\u00e1brica de pranchas e vigas de madeira\",\"Fabricante de pranchas e vigas de madeira\",\"Fornecedor de pranchas e vigas de madeira\",\"Loja de pranchas e vigas de madeira\",\"O que s\u00e3o pranchas e vigas de madeira?\",\"Pranchas e vigas de madeira\",\"Pranchas e vigas de madeira comprar\",\"Pranchas e vigas de madeira direto da f\u00e1brica\",\"Pranchas e vigas de madeira em Diadema\",\"Pranchas e vigas de madeira em Guarulhos\",\"Pranchas e vigas de madeira em Mau\u00e1\",\"Pranchas e vigas de madeira em Osasco\",\"Pranchas e vigas de madeira em promo\u00e7\u00e3o\",\"Pranchas e vigas de madeira em Ribeir\u00e3o Pires\",\"Pranchas e vigas de madeira em Rio Grande da Serra\",\"Pranchas e vigas de madeira em Santo Andr\u00e9\",\"Pranchas e vigas de madeira em S\u00e3o Bernardo do Campo\",\"Pranchas e vigas de madeira em S\u00e3o Caetano do Sul\",\"Pranchas e vigas de madeira em S\u00e3o Paulo\",\"Pranchas e vigas de madeira em Sorocaba\",\"Pranchas e vigas de madeira em SP\",\"Pranchas e vigas de madeira na Grande S\u00e3o Paulo\",\"Pranchas e vigas de madeira na Mooca\",\"Pranchas e vigas de madeira na Penha\",\"Pranchas e vigas de madeira na Vila Formosa\",\"Pranchas e vigas de madeira na Zona Leste\",\"Pranchas e vigas de madeira na Zona Norte\",\"Pranchas e vigas de madeira na Zona Oeste\",\"Pranchas e vigas de madeira na Zona Sul\",\"Pranchas e vigas de madeira no ABC Paulista\",\"Pranchas e vigas de madeira no An\u00e1lia Franco\",\"Pranchas e vigas de madeira no Belenzinho\",\"Pranchas e vigas de madeira no Carr\u00e3o\",\"Pranchas e vigas de madeira no Tatuap\u00e9\",\"Pranchas e vigas de madeira onde encontrar\",\"Pranchas e vigas de madeira perto de mim\",\"Pranchas e vigas de madeira pre\u00e7o\",\"Pranchas e vigas de madeira pr\u00f3ximo a mim\",\"Qual a diferen\u00e7a entre prancha e viga?\"],\"articleSection\":[\"Viga de madeira\"],\"inLanguage\":\"pt-BR\",\"potentialAction\":[{\"@type\":\"CommentAction\",\"name\":\"Comment\",\"target\":[\"https:\/\/www.artemadeiras.com.br\/blog\/viga-de-madeira\/pranchas-e-vigas-de-madeira-conheca-mais-sobre\/#respond\"]}]},{\"@type\":\"WebPage\",\"@id\":\"https:\/\/www.artemadeiras.com.br\/blog\/viga-de-madeira\/pranchas-e-vigas-de-madeira-conheca-mais-sobre\/\",\"url\":\"https:\/\/www.artemadeiras.com.br\/blog\/viga-de-madeira\/pranchas-e-vigas-de-madeira-conheca-mais-sobre\/\",\"name\":\"Pranchas e vigas de madeira: conhe\u00e7a mais sobre - Blog | Arte madeiras\",\"isPartOf\":{\"@id\":\"https:\/\/www.artemadeiras.com.br\/blog\/#website\"},\"primaryImageOfPage\":{\"@id\":\"https:\/\/www.artemadeiras.com.br\/blog\/viga-de-madeira\/pranchas-e-vigas-de-madeira-conheca-mais-sobre\/#primaryimage\"},\"image\":{\"@id\":\"https:\/\/www.artemadeiras.com.br\/blog\/viga-de-madeira\/pranchas-e-vigas-de-madeira-conheca-mais-sobre\/#primaryimage\"},\"thumbnailUrl\":\"https:\/\/www.artemadeiras.com.br\/blog\/wp-content\/uploads\/2025\/02\/viga-de-madeira.jpeg\",\"datePublished\":\"2026-02-26T11:23:23+00:00\",\"dateModified\":\"2026-02-26T11:23:25+00:00\",\"description\":\"As pranchas e vigas de madeira unem resist\u00eancia e eleg\u00e2ncia, sendo ideais para estruturas e projetos de marcenaria com acabamento refinado.\",\"breadcrumb\":{\"@id\":\"https:\/\/www.artemadeiras.com.br\/blog\/viga-de-madeira\/pranchas-e-vigas-de-madeira-conheca-mais-sobre\/#breadcrumb\"},\"inLanguage\":\"pt-BR\",\"potentialAction\":[{\"@type\":\"ReadAction\",\"target\":[\"https:\/\/www.artemadeiras.com.br\/blog\/viga-de-madeira\/pranchas-e-vigas-de-madeira-conheca-mais-sobre\/\"]}]},{\"@type\":\"ImageObject\",\"inLanguage\":\"pt-BR\",\"@id\":\"https:\/\/www.artemadeiras.com.br\/blog\/viga-de-madeira\/pranchas-e-vigas-de-madeira-conheca-mais-sobre\/#primaryimage\",\"url\":\"https:\/\/www.artemadeiras.com.br\/blog\/wp-content\/uploads\/2025\/02\/viga-de-madeira.jpeg\",\"contentUrl\":\"https:\/\/www.artemadeiras.com.br\/blog\/wp-content\/uploads\/2025\/02\/viga-de-madeira.jpeg\",\"width\":1300,\"height\":800,\"caption\":\"Viga de madeira para telhado: como escolher o modelo ideal?\"},{\"@type\":\"BreadcrumbList\",\"@id\":\"https:\/\/www.artemadeiras.com.br\/blog\/viga-de-madeira\/pranchas-e-vigas-de-madeira-conheca-mais-sobre\/#breadcrumb\",\"itemListElement\":[{\"@type\":\"ListItem\",\"position\":1,\"name\":\"In\u00edcio\",\"item\":\"https:\/\/www.artemadeiras.com.br\/blog\/\"},{\"@type\":\"ListItem\",\"position\":2,\"name\":\"Pranchas e vigas de madeira: conhe\u00e7a mais sobre\"}]},{\"@type\":\"WebSite\",\"@id\":\"https:\/\/www.artemadeiras.com.br\/blog\/#website\",\"url\":\"https:\/\/www.artemadeiras.com.br\/blog\/\",\"name\":\"Blog | Arte madeiras\",\"description\":\"Dicas e Novidades sobre Madeiras\",\"publisher\":{\"@id\":\"https:\/\/www.artemadeiras.com.br\/blog\/#organization\"},\"potentialAction\":[{\"@type\":\"SearchAction\",\"target\":{\"@type\":\"EntryPoint\",\"urlTemplate\":\"https:\/\/www.artemadeiras.com.br\/blog\/?s={search_term_string}\"},\"query-input\":{\"@type\":\"PropertyValueSpecification\",\"valueRequired\":true,\"valueName\":\"search_term_string\"}}],\"inLanguage\":\"pt-BR\"},{\"@type\":\"Organization\",\"@id\":\"https:\/\/www.artemadeiras.com.br\/blog\/#organization\",\"name\":\"Blog | Arte madeiras\",\"url\":\"https:\/\/www.artemadeiras.com.br\/blog\/\",\"logo\":{\"@type\":\"ImageObject\",\"inLanguage\":\"pt-BR\",\"@id\":\"https:\/\/www.artemadeiras.com.br\/blog\/#\/schema\/logo\/image\/\",\"url\":\"https:\/\/www.artemadeiras.com.br\/blog\/wp-content\/uploads\/2021\/01\/logo-arte-madeiras.png\",\"contentUrl\":\"https:\/\/www.artemadeiras.com.br\/blog\/wp-content\/uploads\/2021\/01\/logo-arte-madeiras.png\",\"width\":255,\"height\":110,\"caption\":\"Blog | Arte madeiras\"},\"image\":{\"@id\":\"https:\/\/www.artemadeiras.com.br\/blog\/#\/schema\/logo\/image\/\"}},{\"@type\":\"Person\",\"@id\":\"https:\/\/www.artemadeiras.com.br\/blog\/#\/schema\/person\/03c7826df62479a35ffcf10a5a652727\",\"name\":\"bloomin\",\"image\":{\"@type\":\"ImageObject\",\"inLanguage\":\"pt-BR\",\"@id\":\"https:\/\/www.artemadeiras.com.br\/blog\/#\/schema\/person\/image\/\",\"url\":\"https:\/\/secure.gravatar.com\/avatar\/161a7ea08f1b8bd365e1697a2453e6c719201075da8bdf298a1c2fc5455ba35d?s=96&d=mm&r=g\",\"contentUrl\":\"https:\/\/secure.gravatar.com\/avatar\/161a7ea08f1b8bd365e1697a2453e6c719201075da8bdf298a1c2fc5455ba35d?s=96&d=mm&r=g\",\"caption\":\"bloomin\"},\"sameAs\":[\"https:\/\/www.artemadeiras.com.br\/blog\"],\"url\":\"https:\/\/www.artemadeiras.com.br\/blog\/author\/bloomin\/\"}]}<\/script>\n<!-- \/ Yoast SEO plugin. -->","yoast_head_json":{"title":"Pranchas e vigas de madeira: conhe\u00e7a mais sobre - Blog | Arte madeiras","description":"As pranchas e vigas de madeira unem resist\u00eancia e eleg\u00e2ncia, sendo ideais para estruturas e projetos de marcenaria com acabamento refinado.","robots":{"index":"index","follow":"follow","max-snippet":"max-snippet:-1","max-image-preview":"max-image-preview:large","max-video-preview":"max-video-preview:-1"},"canonical":"https:\/\/www.artemadeiras.com.br\/blog\/viga-de-madeira\/pranchas-e-vigas-de-madeira-conheca-mais-sobre\/","og_locale":"pt_BR","og_type":"article","og_title":"Pranchas e vigas de madeira: conhe\u00e7a mais sobre - Blog | Arte madeiras","og_description":"As pranchas e vigas de madeira unem resist\u00eancia e eleg\u00e2ncia, sendo ideais para estruturas e projetos de marcenaria com acabamento refinado.","og_url":"https:\/\/www.artemadeiras.com.br\/blog\/viga-de-madeira\/pranchas-e-vigas-de-madeira-conheca-mais-sobre\/","og_site_name":"Blog | Arte madeiras","article_published_time":"2026-02-26T11:23:23+00:00","article_modified_time":"2026-02-26T11:23:25+00:00","og_image":[{"width":1300,"height":800,"url":"https:\/\/www.artemadeiras.com.br\/blog\/wp-content\/uploads\/2025\/02\/viga-de-madeira.jpeg","type":"image\/jpeg"}],"author":"bloomin","twitter_card":"summary_large_image","twitter_misc":{"Escrito por":"bloomin","Est. tempo de leitura":"5 minutos"},"schema":{"@context":"https:\/\/schema.org","@graph":[{"@type":"Article","@id":"https:\/\/www.artemadeiras.com.br\/blog\/viga-de-madeira\/pranchas-e-vigas-de-madeira-conheca-mais-sobre\/#article","isPartOf":{"@id":"https:\/\/www.artemadeiras.com.br\/blog\/viga-de-madeira\/pranchas-e-vigas-de-madeira-conheca-mais-sobre\/"},"author":{"name":"bloomin","@id":"https:\/\/www.artemadeiras.com.br\/blog\/#\/schema\/person\/03c7826df62479a35ffcf10a5a652727"},"headline":"Pranchas e vigas de madeira: conhe\u00e7a mais sobre","datePublished":"2026-02-26T11:23:23+00:00","dateModified":"2026-02-26T11:23:25+00:00","mainEntityOfPage":{"@id":"https:\/\/www.artemadeiras.com.br\/blog\/viga-de-madeira\/pranchas-e-vigas-de-madeira-conheca-mais-sobre\/"},"wordCount":753,"commentCount":0,"publisher":{"@id":"https:\/\/www.artemadeiras.com.br\/blog\/#organization"},"image":{"@id":"https:\/\/www.artemadeiras.com.br\/blog\/viga-de-madeira\/pranchas-e-vigas-de-madeira-conheca-mais-sobre\/#primaryimage"},"thumbnailUrl":"https:\/\/www.artemadeiras.com.br\/blog\/wp-content\/uploads\/2025\/02\/viga-de-madeira.jpeg","keywords":["Como usar vigas de madeira em obras?","Empresa de pranchas e vigas de madeira","F\u00e1brica de pranchas e vigas de madeira","Fabricante de pranchas e vigas de madeira","Fornecedor de pranchas e vigas de madeira","Loja de pranchas e vigas de madeira","O que s\u00e3o pranchas e vigas de madeira?","Pranchas e vigas de madeira","Pranchas e vigas de madeira comprar","Pranchas e vigas de madeira direto da f\u00e1brica","Pranchas e vigas de madeira em Diadema","Pranchas e vigas de madeira em Guarulhos","Pranchas e vigas de madeira em Mau\u00e1","Pranchas e vigas de madeira em Osasco","Pranchas e vigas de madeira em promo\u00e7\u00e3o","Pranchas e vigas de madeira em Ribeir\u00e3o Pires","Pranchas e vigas de madeira em Rio Grande da Serra","Pranchas e vigas de madeira em Santo Andr\u00e9","Pranchas e vigas de madeira em S\u00e3o Bernardo do Campo","Pranchas e vigas de madeira em S\u00e3o Caetano do Sul","Pranchas e vigas de madeira em S\u00e3o Paulo","Pranchas e vigas de madeira em Sorocaba","Pranchas e vigas de madeira em SP","Pranchas e vigas de madeira na Grande S\u00e3o Paulo","Pranchas e vigas de madeira na Mooca","Pranchas e vigas de madeira na Penha","Pranchas e vigas de madeira na Vila Formosa","Pranchas e vigas de madeira na Zona Leste","Pranchas e vigas de madeira na Zona Norte","Pranchas e vigas de madeira na Zona Oeste","Pranchas e vigas de madeira na Zona Sul","Pranchas e vigas de madeira no ABC Paulista","Pranchas e vigas de madeira no An\u00e1lia Franco","Pranchas e vigas de madeira no Belenzinho","Pranchas e vigas de madeira no Carr\u00e3o","Pranchas e vigas de madeira no Tatuap\u00e9","Pranchas e vigas de madeira onde encontrar","Pranchas e vigas de madeira perto de mim","Pranchas e vigas de madeira pre\u00e7o","Pranchas e vigas de madeira pr\u00f3ximo a mim","Qual a diferen\u00e7a entre prancha e viga?"],"articleSection":["Viga de madeira"],"inLanguage":"pt-BR","potentialAction":[{"@type":"CommentAction","name":"Comment","target":["https:\/\/www.artemadeiras.com.br\/blog\/viga-de-madeira\/pranchas-e-vigas-de-madeira-conheca-mais-sobre\/#respond"]}]},{"@type":"WebPage","@id":"https:\/\/www.artemadeiras.com.br\/blog\/viga-de-madeira\/pranchas-e-vigas-de-madeira-conheca-mais-sobre\/","url":"https:\/\/www.artemadeiras.com.br\/blog\/viga-de-madeira\/pranchas-e-vigas-de-madeira-conheca-mais-sobre\/","name":"Pranchas e vigas de madeira: conhe\u00e7a mais sobre - Blog | Arte madeiras","isPartOf":{"@id":"https:\/\/www.artemadeiras.com.br\/blog\/#website"},"primaryImageOfPage":{"@id":"https:\/\/www.artemadeiras.com.br\/blog\/viga-de-madeira\/pranchas-e-vigas-de-madeira-conheca-mais-sobre\/#primaryimage"},"image":{"@id":"https:\/\/www.artemadeiras.com.br\/blog\/viga-de-madeira\/pranchas-e-vigas-de-madeira-conheca-mais-sobre\/#primaryimage"},"thumbnailUrl":"https:\/\/www.artemadeiras.com.br\/blog\/wp-content\/uploads\/2025\/02\/viga-de-madeira.jpeg","datePublished":"2026-02-26T11:23:23+00:00","dateModified":"2026-02-26T11:23:25+00:00","description":"As pranchas e vigas de madeira unem resist\u00eancia e eleg\u00e2ncia, sendo ideais para estruturas e projetos de marcenaria com acabamento refinado.","breadcrumb":{"@id":"https:\/\/www.artemadeiras.com.br\/blog\/viga-de-madeira\/pranchas-e-vigas-de-madeira-conheca-mais-sobre\/#breadcrumb"},"inLanguage":"pt-BR","potentialAction":[{"@type":"ReadAction","target":["https:\/\/www.artemadeiras.com.br\/blog\/viga-de-madeira\/pranchas-e-vigas-de-madeira-conheca-mais-sobre\/"]}]},{"@type":"ImageObject","inLanguage":"pt-BR","@id":"https:\/\/www.artemadeiras.com.br\/blog\/viga-de-madeira\/pranchas-e-vigas-de-madeira-conheca-mais-sobre\/#primaryimage","url":"https:\/\/www.artemadeiras.com.br\/blog\/wp-content\/uploads\/2025\/02\/viga-de-madeira.jpeg","contentUrl":"https:\/\/www.artemadeiras.com.br\/blog\/wp-content\/uploads\/2025\/02\/viga-de-madeira.jpeg","width":1300,"height":800,"caption":"Viga de madeira para telhado: como escolher o modelo ideal?"},{"@type":"BreadcrumbList","@id":"https:\/\/www.artemadeiras.com.br\/blog\/viga-de-madeira\/pranchas-e-vigas-de-madeira-conheca-mais-sobre\/#breadcrumb","itemListElement":[{"@type":"ListItem","position":1,"name":"In\u00edcio","item":"https:\/\/www.artemadeiras.com.br\/blog\/"},{"@type":"ListItem","position":2,"name":"Pranchas e vigas de madeira: conhe\u00e7a mais sobre"}]},{"@type":"WebSite","@id":"https:\/\/www.artemadeiras.com.br\/blog\/#website","url":"https:\/\/www.artemadeiras.com.br\/blog\/","name":"Blog | Arte madeiras","description":"Dicas e Novidades sobre Madeiras","publisher":{"@id":"https:\/\/www.artemadeiras.com.br\/blog\/#organization"},"potentialAction":[{"@type":"SearchAction","target":{"@type":"EntryPoint","urlTemplate":"https:\/\/www.artemadeiras.com.br\/blog\/?s={search_term_string}"},"query-input":{"@type":"PropertyValueSpecification","valueRequired":true,"valueName":"search_term_string"}}],"inLanguage":"pt-BR"},{"@type":"Organization","@id":"https:\/\/www.artemadeiras.com.br\/blog\/#organization","name":"Blog | Arte madeiras","url":"https:\/\/www.artemadeiras.com.br\/blog\/","logo":{"@type":"ImageObject","inLanguage":"pt-BR","@id":"https:\/\/www.artemadeiras.com.br\/blog\/#\/schema\/logo\/image\/","url":"https:\/\/www.artemadeiras.com.br\/blog\/wp-content\/uploads\/2021\/01\/logo-arte-madeiras.png","contentUrl":"https:\/\/www.artemadeiras.com.br\/blog\/wp-content\/uploads\/2021\/01\/logo-arte-madeiras.png","width":255,"height":110,"caption":"Blog | Arte madeiras"},"image":{"@id":"https:\/\/www.artemadeiras.com.br\/blog\/#\/schema\/logo\/image\/"}},{"@type":"Person","@id":"https:\/\/www.artemadeiras.com.br\/blog\/#\/schema\/person\/03c7826df62479a35ffcf10a5a652727","name":"bloomin","image":{"@type":"ImageObject","inLanguage":"pt-BR","@id":"https:\/\/www.artemadeiras.com.br\/blog\/#\/schema\/person\/image\/","url":"https:\/\/secure.gravatar.com\/avatar\/161a7ea08f1b8bd365e1697a2453e6c719201075da8bdf298a1c2fc5455ba35d?s=96&d=mm&r=g","contentUrl":"https:\/\/secure.gravatar.com\/avatar\/161a7ea08f1b8bd365e1697a2453e6c719201075da8bdf298a1c2fc5455ba35d?s=96&d=mm&r=g","caption":"bloomin"},"sameAs":["https:\/\/www.artemadeiras.com.br\/blog"],"url":"https:\/\/www.artemadeiras.com.br\/blog\/author\/bloomin\/"}]}},"_links":{"self":[{"href":"https:\/\/www.artemadeiras.com.br\/blog\/wp-json\/wp\/v2\/posts\/367","targetHints":{"allow":["GET"]}}],"collection":[{"href":"https:\/\/www.artemadeiras.com.br\/blog\/wp-json\/wp\/v2\/posts"}],"about":[{"href":"https:\/\/www.artemadeiras.com.br\/blog\/wp-json\/wp\/v2\/types\/post"}],"author":[{"embeddable":true,"href":"https:\/\/www.artemadeiras.com.br\/blog\/wp-json\/wp\/v2\/users\/1"}],"replies":[{"embeddable":true,"href":"https:\/\/www.artemadeiras.com.br\/blog\/wp-json\/wp\/v2\/comments?post=367"}],"version-history":[{"count":1,"href":"https:\/\/www.artemadeiras.com.br\/blog\/wp-json\/wp\/v2\/posts\/367\/revisions"}],"predecessor-version":[{"id":368,"href":"https:\/\/www.artemadeiras.com.br\/blog\/wp-json\/wp\/v2\/posts\/367\/revisions\/368"}],"wp:featuredmedia":[{"embeddable":true,"href":"https:\/\/www.artemadeiras.com.br\/blog\/wp-json\/wp\/v2\/media\/172"}],"wp:attachment":[{"href":"https:\/\/www.artemadeiras.com.br\/blog\/wp-json\/wp\/v2\/media?parent=367"}],"wp:term":[{"taxonomy":"category","embeddable":true,"href":"https:\/\/www.artemadeiras.com.br\/blog\/wp-json\/wp\/v2\/categories?post=367"},{"taxonomy":"post_tag","embeddable":true,"href":"https:\/\/www.artemadeiras.com.br\/blog\/wp-json\/wp\/v2\/tags?post=367"}],"curies":[{"name":"wp","href":"https:\/\/api.w.org\/{rel}","templated":true}]}}