{"id":364,"date":"2026-02-24T14:22:53","date_gmt":"2026-02-24T17:22:53","guid":{"rendered":"https:\/\/www.artemadeiras.com.br\/blog\/?p=364"},"modified":"2026-02-24T14:22:54","modified_gmt":"2026-02-24T17:22:54","slug":"deck-de-madeira-para-jardim-por-que-investir","status":"publish","type":"post","link":"https:\/\/www.artemadeiras.com.br\/blog\/deck\/deck-de-madeira-para-jardim-por-que-investir\/","title":{"rendered":"Deck de madeira para jardim: por que investir?"},"content":{"rendered":"<span class=\"rt-reading-time\" style=\"display: block;\"><span class=\"rt-label rt-prefix\">Tempo de leitura<\/span> <span class=\"rt-time\">3<\/span> <span class=\"rt-label rt-postfix\">minutos<\/span><\/span>\n<p><strong><em>Descubra como o deck de madeira para jardim transforma \u00e1reas externas com eleg\u00e2ncia, conforto e estilo atemporal.<\/em><\/strong><\/p>\n\n\n\n<p>Ter um espa\u00e7o externo bem planejado \u00e9 o desejo de quem busca momentos de lazer e descanso sem sair de casa.&nbsp;<\/p>\n\n\n\n<p>Nesse contexto, o deck de madeira para jardim surge como uma das solu\u00e7\u00f5es mais elegantes e pr\u00e1ticas para transformar varandas, quintais e \u00e1reas de conviv\u00eancia.<\/p>\n\n\n\n<p>Com seu visual natural e toque acolhedor, o deck traz conforto t\u00e9rmico, beleza e um acabamento sofisticado que se adapta a diferentes estilos de decora\u00e7\u00e3o.<\/p>\n\n\n\n<p>&nbsp;\u00c9 o tipo de investimento que alia est\u00e9tica e funcionalidade, valorizando o im\u00f3vel e melhorando a experi\u00eancia de quem o utiliza.<\/p>\n\n\n\n<ul class=\"wp-block-list\">\n<li><a href=\"https:\/\/www.artemadeiras.com.br\/blog\/pinus\/pinus-autoclavados-conheca-suas-principais-vantagens-e-aplicacoes\/\" target=\"_blank\" aria-label=\" (opens in a new tab)\" rel=\"noreferrer noopener\" class=\"rank-math-link\"><strong>Pinus autoclavados: conhe\u00e7a suas principais vantagens e aplica\u00e7\u00f5es<\/strong><\/a><\/li>\n<\/ul>\n\n\n\n<div id=\"ez-toc-container\" class=\"ez-toc-v2_0_66_1 counter-hierarchy ez-toc-counter ez-toc-grey ez-toc-container-direction\">\n<div class=\"ez-toc-title-container\">\n<p class=\"ez-toc-title \" >T&oacute;picos do artigo<\/p>\n<span class=\"ez-toc-title-toggle\"><a href=\"#\" class=\"ez-toc-pull-right ez-toc-btn ez-toc-btn-xs ez-toc-btn-default ez-toc-toggle\" aria-label=\"Toggle Table of Content\"><span class=\"ez-toc-js-icon-con\"><span class=\"\"><span class=\"eztoc-hide\" style=\"display:none;\">Toggle<\/span><span class=\"ez-toc-icon-toggle-span\"><svg style=\"fill: #999;color:#999\" xmlns=\"http:\/\/www.w3.org\/2000\/svg\" class=\"list-377408\" width=\"20px\" height=\"20px\" viewBox=\"0 0 24 24\" fill=\"none\"><path d=\"M6 6H4v2h2V6zm14 0H8v2h12V6zM4 11h2v2H4v-2zm16 0H8v2h12v-2zM4 16h2v2H4v-2zm16 0H8v2h12v-2z\" fill=\"currentColor\"><\/path><\/svg><svg style=\"fill: #999;color:#999\" class=\"arrow-unsorted-368013\" xmlns=\"http:\/\/www.w3.org\/2000\/svg\" width=\"10px\" height=\"10px\" viewBox=\"0 0 24 24\" version=\"1.2\" baseProfile=\"tiny\"><path d=\"M18.2 9.3l-6.2-6.3-6.2 6.3c-.2.2-.3.4-.3.7s.1.5.3.7c.2.2.4.3.7.3h11c.3 0 .5-.1.7-.3.2-.2.3-.5.3-.7s-.1-.5-.3-.7zM5.8 14.7l6.2 6.3 6.2-6.3c.2-.2.3-.5.3-.7s-.1-.5-.3-.7c-.2-.2-.4-.3-.7-.3h-11c-.3 0-.5.1-.7.3-.2.2-.3.5-.3.7s.1.5.3.7z\"\/><\/svg><\/span><\/span><\/span><\/a><\/span><\/div>\n<nav><ul class='ez-toc-list ez-toc-list-level-1 ' ><li class='ez-toc-page-1 ez-toc-heading-level-2'><a class=\"ez-toc-link ez-toc-heading-1\" href=\"https:\/\/www.artemadeiras.com.br\/blog\/deck\/deck-de-madeira-para-jardim-por-que-investir\/#Por_que_o_deck_de_madeira_e_um_otimo_investimento\" title=\"Por que o deck de madeira \u00e9 um \u00f3timo investimento?\">Por que o deck de madeira \u00e9 um \u00f3timo investimento?<\/a><\/li><li class='ez-toc-page-1 ez-toc-heading-level-2'><a class=\"ez-toc-link ez-toc-heading-2\" href=\"https:\/\/www.artemadeiras.com.br\/blog\/deck\/deck-de-madeira-para-jardim-por-que-investir\/#Tipos_de_madeira_mais_indicados\" title=\"Tipos de madeira mais indicados\">Tipos de madeira mais indicados<\/a><\/li><li class='ez-toc-page-1 ez-toc-heading-level-2'><a class=\"ez-toc-link ez-toc-heading-3\" href=\"https:\/\/www.artemadeiras.com.br\/blog\/deck\/deck-de-madeira-para-jardim-por-que-investir\/#Aplicacoes_criativas_no_jardim\" title=\"Aplica\u00e7\u00f5es criativas no jardim\">Aplica\u00e7\u00f5es criativas no jardim<\/a><\/li><li class='ez-toc-page-1 ez-toc-heading-level-2'><a class=\"ez-toc-link ez-toc-heading-4\" href=\"https:\/\/www.artemadeiras.com.br\/blog\/deck\/deck-de-madeira-para-jardim-por-que-investir\/#Como_preservar_um_deck_de_madeira\" title=\"Como preservar um deck de madeira?\">Como preservar um deck de madeira?<\/a><\/li><li class='ez-toc-page-1 ez-toc-heading-level-2'><a class=\"ez-toc-link ez-toc-heading-5\" href=\"https:\/\/www.artemadeiras.com.br\/blog\/deck\/deck-de-madeira-para-jardim-por-que-investir\/#Arte_Madeiras_qualidade_e_tradicao_que_fazem_diferenca\" title=\"Arte Madeiras: qualidade e tradi\u00e7\u00e3o que fazem diferen\u00e7a\">Arte Madeiras: qualidade e tradi\u00e7\u00e3o que fazem diferen\u00e7a<\/a><\/li><\/ul><\/nav><\/div>\n<h2 class=\"wp-block-heading\"><span class=\"ez-toc-section\" id=\"Por_que_o_deck_de_madeira_e_um_otimo_investimento\"><\/span>Por que o deck de madeira \u00e9 um \u00f3timo investimento?<span class=\"ez-toc-section-end\"><\/span><\/h2>\n\n\n\n<p>O deck de madeira para jardim \u00e9 uma escolha que une durabilidade, praticidade e sofistica\u00e7\u00e3o. Sua estrutura resistente se mant\u00e9m firme mesmo com o uso cont\u00ednuo e a exposi\u00e7\u00e3o ao tempo, desde que o material e a instala\u00e7\u00e3o sejam de qualidade.<\/p>\n\n\n\n<p>Entre os principais benef\u00edcios est\u00e3o:<\/p>\n\n\n\n<ul class=\"wp-block-list\">\n<li><strong>Conforto t\u00e9rmico:<\/strong> a madeira n\u00e3o ret\u00e9m calor, proporcionando uma superf\u00edcie agrad\u00e1vel em dias quentes;<br><\/li>\n\n\n\n<li><strong>Beleza natural:<\/strong> o aspecto da madeira confere um charme \u00fanico a qualquer ambiente externo;<br><\/li>\n\n\n\n<li><strong>Versatilidade:<\/strong> o deck pode ser instalado em \u00e1reas de lazer, piscinas, varandas ou espa\u00e7os gourmet;<br><\/li>\n\n\n\n<li><strong>Valoriza\u00e7\u00e3o do im\u00f3vel:<\/strong> um projeto bem executado aumenta o valor est\u00e9tico e comercial da propriedade.<br><\/li>\n<\/ul>\n\n\n\n<p>Mais do que um piso, o deck de madeira para jardim se torna parte essencial da arquitetura, conectando o ambiente interno com a natureza ao redor.<\/p>\n\n\n\n<ul class=\"wp-block-list\">\n<li><a href=\"https:\/\/www.artemadeiras.com.br\/blog\/prancha-aparelhada\/prancha-aparelhada-resistencia-e-durabilidade-para-diversas-aplicacoes\/\" target=\"_blank\" aria-label=\" (opens in a new tab)\" rel=\"noreferrer noopener\" class=\"rank-math-link\"><strong>Prancha aparelhada: resist\u00eancia e durabilidade para diversas aplica\u00e7\u00f5es<\/strong><\/a><\/li>\n<\/ul>\n\n\n\n<h2 class=\"wp-block-heading\"><span class=\"ez-toc-section\" id=\"Tipos_de_madeira_mais_indicados\"><\/span>Tipos de madeira mais indicados<span class=\"ez-toc-section-end\"><\/span><\/h2>\n\n\n\n<p>A escolha da madeira ideal faz toda a diferen\u00e7a para garantir a durabilidade e a apar\u00eancia do deck. Algumas esp\u00e9cies s\u00e3o mais indicadas para uso externo devido \u00e0 sua resist\u00eancia e acabamento refinado.<\/p>\n\n\n\n<p><strong>&#8211; Ip\u00ea:<\/strong> madeira nobre, com tonalidade escura e alta densidade, ideal para \u00e1reas expostas;<\/p>\n\n\n\n<p><strong>&#8211; Cumaru:<\/strong> apresenta cor dourada e excelente resist\u00eancia, sendo uma das mais usadas em decks;<\/p>\n\n\n\n<p><strong>&#8211; Jatob\u00e1:<\/strong> possui cor avermelhada e acabamento elegante, valorizando ambientes sofisticados;<\/p>\n\n\n\n<p><strong>&#8211; Ita\u00faba:<\/strong> tem apar\u00eancia leve e tom amarelado, perfeita para quem busca um visual mais natural.<\/p>\n\n\n\n<p>Independentemente da esp\u00e9cie, o essencial \u00e9 que o deck de madeira para jardim seja instalado por profissionais qualificados, garantindo um resultado uniforme, firme e seguro.<\/p>\n\n\n<div class=\"wp-block-image\">\n<figure class=\"aligncenter size-full is-resized\"><a href=\"https:\/\/www.artemadeiras.com.br\/decks\" target=\"_blank\" rel=\" noreferrer noopener\"><img loading=\"lazy\" decoding=\"async\" width=\"1000\" height=\"667\" src=\"https:\/\/www.artemadeiras.com.br\/blog\/wp-content\/uploads\/2026\/02\/deck-de-madeira-para-jardim.jpg\" alt=\"Deck de madeira para jardim: por que investir?\" class=\"wp-image-365\" style=\"aspect-ratio:1.4992888417882142;width:340px;height:auto\" srcset=\"https:\/\/www.artemadeiras.com.br\/blog\/wp-content\/uploads\/2026\/02\/deck-de-madeira-para-jardim.jpg 1000w, https:\/\/www.artemadeiras.com.br\/blog\/wp-content\/uploads\/2026\/02\/deck-de-madeira-para-jardim-300x200.jpg 300w, https:\/\/www.artemadeiras.com.br\/blog\/wp-content\/uploads\/2026\/02\/deck-de-madeira-para-jardim-768x512.jpg 768w\" sizes=\"auto, (max-width: 1000px) 100vw, 1000px\" \/><\/a><\/figure>\n<\/div>\n\n\n<h2 class=\"wp-block-heading\"><span class=\"ez-toc-section\" id=\"Aplicacoes_criativas_no_jardim\"><\/span>Aplica\u00e7\u00f5es criativas no jardim<span class=\"ez-toc-section-end\"><\/span><\/h2>\n\n\n\n<p>O deck de madeira para jardim \u00e9 um elemento extremamente vers\u00e1til, capaz de transformar completamente o visual de uma \u00e1rea externa. Ele pode ser usado de diversas formas para valorizar o espa\u00e7o e criar \u00e1reas funcionais.<\/p>\n\n\n\n<p>Algumas aplica\u00e7\u00f5es populares incluem:<\/p>\n\n\n\n<ul class=\"wp-block-list\">\n<li><strong>Ao redor da piscina:<\/strong> oferece seguran\u00e7a, conforto e eleg\u00e2ncia;<br><\/li>\n\n\n\n<li><strong>Em \u00e1reas gourmet:<\/strong> combina praticidade e estilo em espa\u00e7os de conviv\u00eancia;<br><\/li>\n\n\n\n<li><strong>Como caminho de passagem:<\/strong> substitui pisos frios e cria uma trilha acolhedora pelo jardim;<br><\/li>\n\n\n\n<li><strong>Em cantos de descanso:<\/strong> serve de base para redes, bancos e espregui\u00e7adeiras.<br><\/li>\n<\/ul>\n\n\n\n<p>Essas possibilidades tornam o deck uma pe\u00e7a curinga na decora\u00e7\u00e3o externa, unindo utilidade e est\u00e9tica em um s\u00f3 projeto.<\/p>\n\n\n\n<ul class=\"wp-block-list\">\n<li><a href=\"https:\/\/www.artemadeiras.com.br\/blog\/pontaletes\/pontalete-de-madeira-a-peca-resistente-e-versatil-que-sua-construcao-precisa\/\" target=\"_blank\" aria-label=\" (opens in a new tab)\" rel=\"noreferrer noopener\" class=\"rank-math-link\"><strong>Pontalete de madeira: a pe\u00e7a resistente e vers\u00e1til que sua constru\u00e7\u00e3o precisa<\/strong><\/a><\/li>\n<\/ul>\n\n\n\n<h2 class=\"wp-block-heading\"><span class=\"ez-toc-section\" id=\"Como_preservar_um_deck_de_madeira\"><\/span>Como preservar um deck de madeira?<span class=\"ez-toc-section-end\"><\/span><\/h2>\n\n\n\n<p>Para preservar o aspecto e a durabilidade do deck de madeira para jardim, \u00e9 importante seguir alguns cuidados b\u00e1sicos. O material, apesar de resistente, requer manuten\u00e7\u00e3o peri\u00f3dica para manter seu brilho e textura originais.<\/p>\n\n\n\n<p>Veja como manter seu deck sempre bonito:<\/p>\n\n\n\n<ul class=\"wp-block-list\">\n<li><strong>Limpeza regular:<\/strong> varra e lave com sab\u00e3o neutro, evitando produtos abrasivos;<br><\/li>\n\n\n\n<li><strong>Reaplica\u00e7\u00e3o de acabamento:<\/strong> utilize vernizes ou \u00f3leos espec\u00edficos para proteger a superf\u00edcie;<br><\/li>\n\n\n\n<li><strong>Verifica\u00e7\u00f5es peri\u00f3dicas:<\/strong> observe fixa\u00e7\u00f5es, espa\u00e7amentos e eventuais desgastes ao longo do tempo.<br><\/li>\n<\/ul>\n\n\n\n<p>Com esses cuidados simples, o deck permanece em perfeito estado e mant\u00e9m o mesmo charme dos primeiros anos.<\/p>\n\n\n\n<ul class=\"wp-block-list\">\n<li><a href=\"https:\/\/www.artemadeiras.com.br\/blog\/placa-de-mdf\/placa-de-mdf-crua-garanta-acabamentos-sofisticados-com-precisao-e-resistencia\/\" target=\"_blank\" aria-label=\" (opens in a new tab)\" rel=\"noreferrer noopener\" class=\"rank-math-link\"><strong>Placa de MDF crua: garanta acabamentos sofisticados com precis\u00e3o e resist\u00eancia<\/strong><\/a><\/li>\n<\/ul>\n\n\n\n<h2 class=\"wp-block-heading\"><span class=\"ez-toc-section\" id=\"Arte_Madeiras_qualidade_e_tradicao_que_fazem_diferenca\"><\/span>Arte Madeiras: qualidade e tradi\u00e7\u00e3o que fazem diferen\u00e7a<span class=\"ez-toc-section-end\"><\/span><\/h2>\n\n\n\n<p>A escolha do fornecedor \u00e9 um dos fatores que mais influenciam o resultado final do projeto. A <a href=\"https:\/\/www.artemadeiras.com.br\/blog\/\" target=\"_blank\" aria-label=\" (opens in a new tab)\" rel=\"noreferrer noopener\" class=\"rank-math-link\"><strong>Arte Madeiras<\/strong><\/a> \u00e9 refer\u00eancia no fornecimento de madeiras, chapas e insumos para constru\u00e7\u00e3o e marcenaria, oferecendo produtos de alta qualidade e acabamento superior.<\/p>\n\n\n\n<p>Com atendimento t\u00e9cnico especializado e ampla variedade de madeiras, a empresa se destaca por entregar solu\u00e7\u00f5es completas para profissionais e consumidores exigentes.<\/p>\n\n\n\n<p><a href=\"https:\/\/www.artemadeiras.com.br\/contato\" target=\"_blank\" aria-label=\" (opens in a new tab)\" rel=\"noreferrer noopener\" class=\"rank-math-link\"><strong>Entre em contato com a Arte Madeiras<\/strong><\/a> e descubra as melhores op\u00e7\u00f5es de madeira para o seu projeto. Invista em um deck de madeira para jardim que una beleza, conforto e durabilidade em um s\u00f3 espa\u00e7o.<\/p>\n\n\n\n<p><\/p>\n","protected":false},"excerpt":{"rendered":"<p><span class=\"rt-reading-time\" style=\"display: block;\"><span class=\"rt-label rt-prefix\">Tempo de leitura<\/span> <span class=\"rt-time\">3<\/span> <span class=\"rt-label rt-postfix\">minutos<\/span><\/span> Descubra como o deck de madeira para jardim transforma \u00e1reas externas com eleg\u00e2ncia, conforto e estilo atemporal. Ter um espa\u00e7o externo bem planejado \u00e9 o desejo de quem busca momentos de lazer e descanso sem sair de casa.&nbsp; Nesse contexto,&#8230;<\/p>\n","protected":false},"author":1,"featured_media":365,"comment_status":"open","ping_status":"open","sticky":false,"template":"","format":"standard","meta":{"footnotes":""},"categories":[3],"tags":[786,2832,2837,2854,2856,2852,2853,2838,2857,2860,2858,2861,2859,2835,2851,2834,2850,2847,2848,2842,2841,2844,2845,2840,2849,2855,2843,2846,2830,2836,2833,2839,2826,2828,2827,2829,2831],"class_list":["post-364","post","type-post","status-publish","format-standard","has-post-thumbnail","hentry","category-deck","tag-deck-de-madeira-para-jardim","tag-deck-de-madeira-para-jardim-comprar","tag-deck-de-madeira-para-jardim-direto-da-fabrica","tag-deck-de-madeira-para-jardim-em-diadema","tag-deck-de-madeira-para-jardim-em-guarulhos","tag-deck-de-madeira-para-jardim-em-maua","tag-deck-de-madeira-para-jardim-em-osasco","tag-deck-de-madeira-para-jardim-em-promocao","tag-deck-de-madeira-para-jardim-em-ribeirao-pires","tag-deck-de-madeira-para-jardim-em-rio-grande-da-serra","tag-deck-de-madeira-para-jardim-em-santo-andre","tag-deck-de-madeira-para-jardim-em-sao-bernardo-do-campo","tag-deck-de-madeira-para-jardim-em-sao-caetano-do-sul","tag-deck-de-madeira-para-jardim-em-sao-paulo","tag-deck-de-madeira-para-jardim-em-sorocaba","tag-deck-de-madeira-para-jardim-em-sp","tag-deck-de-madeira-para-jardim-na-formosa","tag-deck-de-madeira-para-jardim-na-grande-sao-paulo","tag-deck-de-madeira-para-jardim-na-mooca","tag-deck-de-madeira-para-jardim-na-penha","tag-deck-de-madeira-para-jardim-na-zona-leste","tag-deck-de-madeira-para-jardim-na-zona-norte","tag-deck-de-madeira-para-jardim-na-zona-oeste","tag-deck-de-madeira-para-jardim-na-zona-sul","tag-deck-de-madeira-para-jardim-no-abc-paulista","tag-deck-de-madeira-para-jardim-no-belenzinho","tag-deck-de-madeira-para-jardim-no-carrao","tag-deck-de-madeira-para-jardim-no-tatuape","tag-deck-de-madeira-para-jardim-onde-encontrar","tag-deck-de-madeira-para-jardim-perto-de-mim","tag-deck-de-madeira-para-jardim-preco","tag-deck-de-madeira-para-jardim-proximo-a-mim","tag-empresa-de-deck-de-madeira-para-jardim","tag-fabrica-de-deck-de-madeira-para-jardim","tag-fabricante-de-deck-de-madeira-para-jardim","tag-fornecedor-de-deck-de-madeira-para-jardim","tag-loja-de-deck-de-madeira-para-jardim"],"yoast_head":"<!-- This site is optimized with the Yoast SEO plugin v23.6 - https:\/\/yoast.com\/wordpress\/plugins\/seo\/ -->\n<title>Deck de madeira para jardim: por que investir? - Blog | Arte madeiras<\/title>\n<meta name=\"description\" content=\"Transforme seu espa\u00e7o externo com um deck de madeira para jardim e descubra como ele une eleg\u00e2ncia, conforto e valor para o seu im\u00f3vel.\" \/>\n<meta name=\"robots\" content=\"index, follow, max-snippet:-1, max-image-preview:large, max-video-preview:-1\" \/>\n<link rel=\"canonical\" href=\"https:\/\/www.artemadeiras.com.br\/blog\/deck\/deck-de-madeira-para-jardim-por-que-investir\/\" \/>\n<meta property=\"og:locale\" content=\"pt_BR\" \/>\n<meta property=\"og:type\" content=\"article\" \/>\n<meta property=\"og:title\" content=\"Deck de madeira para jardim: por que investir? - Blog | Arte madeiras\" \/>\n<meta property=\"og:description\" content=\"Transforme seu espa\u00e7o externo com um deck de madeira para jardim e descubra como ele une eleg\u00e2ncia, conforto e valor para o seu im\u00f3vel.\" \/>\n<meta property=\"og:url\" content=\"https:\/\/www.artemadeiras.com.br\/blog\/deck\/deck-de-madeira-para-jardim-por-que-investir\/\" \/>\n<meta property=\"og:site_name\" content=\"Blog | Arte madeiras\" \/>\n<meta property=\"article:published_time\" content=\"2026-02-24T17:22:53+00:00\" \/>\n<meta property=\"article:modified_time\" content=\"2026-02-24T17:22:54+00:00\" \/>\n<meta property=\"og:image\" content=\"https:\/\/www.artemadeiras.com.br\/blog\/wp-content\/uploads\/2026\/02\/deck-de-madeira-para-jardim.jpg\" \/>\n\t<meta property=\"og:image:width\" content=\"1000\" \/>\n\t<meta property=\"og:image:height\" content=\"667\" \/>\n\t<meta property=\"og:image:type\" content=\"image\/jpeg\" \/>\n<meta name=\"author\" content=\"bloomin\" \/>\n<meta name=\"twitter:card\" content=\"summary_large_image\" \/>\n<meta name=\"twitter:label1\" content=\"Escrito por\" \/>\n\t<meta name=\"twitter:data1\" content=\"bloomin\" \/>\n\t<meta name=\"twitter:label2\" content=\"Est. tempo de leitura\" \/>\n\t<meta name=\"twitter:data2\" content=\"5 minutos\" \/>\n<script type=\"application\/ld+json\" class=\"yoast-schema-graph\">{\"@context\":\"https:\/\/schema.org\",\"@graph\":[{\"@type\":\"Article\",\"@id\":\"https:\/\/www.artemadeiras.com.br\/blog\/deck\/deck-de-madeira-para-jardim-por-que-investir\/#article\",\"isPartOf\":{\"@id\":\"https:\/\/www.artemadeiras.com.br\/blog\/deck\/deck-de-madeira-para-jardim-por-que-investir\/\"},\"author\":{\"name\":\"bloomin\",\"@id\":\"https:\/\/www.artemadeiras.com.br\/blog\/#\/schema\/person\/03c7826df62479a35ffcf10a5a652727\"},\"headline\":\"Deck de madeira para jardim: por que investir?\",\"datePublished\":\"2026-02-24T17:22:53+00:00\",\"dateModified\":\"2026-02-24T17:22:54+00:00\",\"mainEntityOfPage\":{\"@id\":\"https:\/\/www.artemadeiras.com.br\/blog\/deck\/deck-de-madeira-para-jardim-por-que-investir\/\"},\"wordCount\":798,\"commentCount\":0,\"publisher\":{\"@id\":\"https:\/\/www.artemadeiras.com.br\/blog\/#organization\"},\"image\":{\"@id\":\"https:\/\/www.artemadeiras.com.br\/blog\/deck\/deck-de-madeira-para-jardim-por-que-investir\/#primaryimage\"},\"thumbnailUrl\":\"https:\/\/www.artemadeiras.com.br\/blog\/wp-content\/uploads\/2026\/02\/deck-de-madeira-para-jardim.jpg\",\"keywords\":[\"Deck de madeira para jardim\",\"Deck de madeira para jardim comprar\",\"Deck de madeira para jardim direto da fabrica\",\"Deck de madeira para jardim em Diadema\",\"Deck de madeira para jardim em Guarulhos\",\"Deck de madeira para jardim em Mau\u00e1\",\"Deck de madeira para jardim em Osasco\",\"Deck de madeira para jardim em promo\u00e7\u00e3o\",\"Deck de madeira para jardim em Ribeir\u00e3o Pires\",\"Deck de madeira para jardim em Rio Grande da Serra\",\"Deck de madeira para jardim em Santo Andr\u00e9\",\"Deck de madeira para jardim em S\u00e3o Bernardo do Campo\",\"Deck de madeira para jardim em S\u00e3o Caetano do Sul\",\"Deck de madeira para jardim em S\u00e3o Paulo\",\"Deck de madeira para jardim em Sorocaba\",\"Deck de madeira para jardim em SP\",\"Deck de madeira para jardim na Formosa\",\"Deck de madeira para jardim na Grande S\u00e3o Paulo\",\"Deck de madeira para jardim na Mooca\",\"Deck de madeira para jardim na Penha\",\"Deck de madeira para jardim na Zona Leste\",\"Deck de madeira para jardim na Zona Norte\",\"Deck de madeira para jardim na Zona Oeste\",\"Deck de madeira para jardim na Zona Sul\",\"Deck de madeira para jardim no ABC Paulista\",\"Deck de madeira para jardim no Belenzinho\",\"Deck de madeira para jardim no Carr\u00e3o\",\"Deck de madeira para jardim no Tatuap\u00e9\",\"Deck de madeira para jardim onde encontrar\",\"Deck de madeira para jardim perto de mim\",\"Deck de madeira para jardim pre\u00e7o\",\"Deck de madeira para jardim pr\u00f3ximo a mim\",\"Empresa de deck de madeira para jardim\",\"F\u00e1brica de deck de madeira para jardim\",\"Fabricante de deck de madeira para jardim\",\"Fornecedor de deck de madeira para jardim\",\"Loja de deck de madeira para jardim\"],\"articleSection\":[\"Deck\"],\"inLanguage\":\"pt-BR\",\"potentialAction\":[{\"@type\":\"CommentAction\",\"name\":\"Comment\",\"target\":[\"https:\/\/www.artemadeiras.com.br\/blog\/deck\/deck-de-madeira-para-jardim-por-que-investir\/#respond\"]}]},{\"@type\":\"WebPage\",\"@id\":\"https:\/\/www.artemadeiras.com.br\/blog\/deck\/deck-de-madeira-para-jardim-por-que-investir\/\",\"url\":\"https:\/\/www.artemadeiras.com.br\/blog\/deck\/deck-de-madeira-para-jardim-por-que-investir\/\",\"name\":\"Deck de madeira para jardim: por que investir? - Blog | Arte madeiras\",\"isPartOf\":{\"@id\":\"https:\/\/www.artemadeiras.com.br\/blog\/#website\"},\"primaryImageOfPage\":{\"@id\":\"https:\/\/www.artemadeiras.com.br\/blog\/deck\/deck-de-madeira-para-jardim-por-que-investir\/#primaryimage\"},\"image\":{\"@id\":\"https:\/\/www.artemadeiras.com.br\/blog\/deck\/deck-de-madeira-para-jardim-por-que-investir\/#primaryimage\"},\"thumbnailUrl\":\"https:\/\/www.artemadeiras.com.br\/blog\/wp-content\/uploads\/2026\/02\/deck-de-madeira-para-jardim.jpg\",\"datePublished\":\"2026-02-24T17:22:53+00:00\",\"dateModified\":\"2026-02-24T17:22:54+00:00\",\"description\":\"Transforme seu espa\u00e7o externo com um deck de madeira para jardim e descubra como ele une eleg\u00e2ncia, conforto e valor para o seu im\u00f3vel.\",\"breadcrumb\":{\"@id\":\"https:\/\/www.artemadeiras.com.br\/blog\/deck\/deck-de-madeira-para-jardim-por-que-investir\/#breadcrumb\"},\"inLanguage\":\"pt-BR\",\"potentialAction\":[{\"@type\":\"ReadAction\",\"target\":[\"https:\/\/www.artemadeiras.com.br\/blog\/deck\/deck-de-madeira-para-jardim-por-que-investir\/\"]}]},{\"@type\":\"ImageObject\",\"inLanguage\":\"pt-BR\",\"@id\":\"https:\/\/www.artemadeiras.com.br\/blog\/deck\/deck-de-madeira-para-jardim-por-que-investir\/#primaryimage\",\"url\":\"https:\/\/www.artemadeiras.com.br\/blog\/wp-content\/uploads\/2026\/02\/deck-de-madeira-para-jardim.jpg\",\"contentUrl\":\"https:\/\/www.artemadeiras.com.br\/blog\/wp-content\/uploads\/2026\/02\/deck-de-madeira-para-jardim.jpg\",\"width\":1000,\"height\":667,\"caption\":\"Deck de madeira para jardim: por que investir?\"},{\"@type\":\"BreadcrumbList\",\"@id\":\"https:\/\/www.artemadeiras.com.br\/blog\/deck\/deck-de-madeira-para-jardim-por-que-investir\/#breadcrumb\",\"itemListElement\":[{\"@type\":\"ListItem\",\"position\":1,\"name\":\"In\u00edcio\",\"item\":\"https:\/\/www.artemadeiras.com.br\/blog\/\"},{\"@type\":\"ListItem\",\"position\":2,\"name\":\"Deck de madeira para jardim: por que investir?\"}]},{\"@type\":\"WebSite\",\"@id\":\"https:\/\/www.artemadeiras.com.br\/blog\/#website\",\"url\":\"https:\/\/www.artemadeiras.com.br\/blog\/\",\"name\":\"Blog | Arte madeiras\",\"description\":\"Dicas e Novidades sobre Madeiras\",\"publisher\":{\"@id\":\"https:\/\/www.artemadeiras.com.br\/blog\/#organization\"},\"potentialAction\":[{\"@type\":\"SearchAction\",\"target\":{\"@type\":\"EntryPoint\",\"urlTemplate\":\"https:\/\/www.artemadeiras.com.br\/blog\/?s={search_term_string}\"},\"query-input\":{\"@type\":\"PropertyValueSpecification\",\"valueRequired\":true,\"valueName\":\"search_term_string\"}}],\"inLanguage\":\"pt-BR\"},{\"@type\":\"Organization\",\"@id\":\"https:\/\/www.artemadeiras.com.br\/blog\/#organization\",\"name\":\"Blog | Arte madeiras\",\"url\":\"https:\/\/www.artemadeiras.com.br\/blog\/\",\"logo\":{\"@type\":\"ImageObject\",\"inLanguage\":\"pt-BR\",\"@id\":\"https:\/\/www.artemadeiras.com.br\/blog\/#\/schema\/logo\/image\/\",\"url\":\"https:\/\/www.artemadeiras.com.br\/blog\/wp-content\/uploads\/2021\/01\/logo-arte-madeiras.png\",\"contentUrl\":\"https:\/\/www.artemadeiras.com.br\/blog\/wp-content\/uploads\/2021\/01\/logo-arte-madeiras.png\",\"width\":255,\"height\":110,\"caption\":\"Blog | Arte madeiras\"},\"image\":{\"@id\":\"https:\/\/www.artemadeiras.com.br\/blog\/#\/schema\/logo\/image\/\"}},{\"@type\":\"Person\",\"@id\":\"https:\/\/www.artemadeiras.com.br\/blog\/#\/schema\/person\/03c7826df62479a35ffcf10a5a652727\",\"name\":\"bloomin\",\"image\":{\"@type\":\"ImageObject\",\"inLanguage\":\"pt-BR\",\"@id\":\"https:\/\/www.artemadeiras.com.br\/blog\/#\/schema\/person\/image\/\",\"url\":\"https:\/\/secure.gravatar.com\/avatar\/161a7ea08f1b8bd365e1697a2453e6c719201075da8bdf298a1c2fc5455ba35d?s=96&d=mm&r=g\",\"contentUrl\":\"https:\/\/secure.gravatar.com\/avatar\/161a7ea08f1b8bd365e1697a2453e6c719201075da8bdf298a1c2fc5455ba35d?s=96&d=mm&r=g\",\"caption\":\"bloomin\"},\"sameAs\":[\"https:\/\/www.artemadeiras.com.br\/blog\"],\"url\":\"https:\/\/www.artemadeiras.com.br\/blog\/author\/bloomin\/\"}]}<\/script>\n<!-- \/ Yoast SEO plugin. -->","yoast_head_json":{"title":"Deck de madeira para jardim: por que investir? - Blog | Arte madeiras","description":"Transforme seu espa\u00e7o externo com um deck de madeira para jardim e descubra como ele une eleg\u00e2ncia, conforto e valor para o seu im\u00f3vel.","robots":{"index":"index","follow":"follow","max-snippet":"max-snippet:-1","max-image-preview":"max-image-preview:large","max-video-preview":"max-video-preview:-1"},"canonical":"https:\/\/www.artemadeiras.com.br\/blog\/deck\/deck-de-madeira-para-jardim-por-que-investir\/","og_locale":"pt_BR","og_type":"article","og_title":"Deck de madeira para jardim: por que investir? - Blog | Arte madeiras","og_description":"Transforme seu espa\u00e7o externo com um deck de madeira para jardim e descubra como ele une eleg\u00e2ncia, conforto e valor para o seu im\u00f3vel.","og_url":"https:\/\/www.artemadeiras.com.br\/blog\/deck\/deck-de-madeira-para-jardim-por-que-investir\/","og_site_name":"Blog | Arte madeiras","article_published_time":"2026-02-24T17:22:53+00:00","article_modified_time":"2026-02-24T17:22:54+00:00","og_image":[{"width":1000,"height":667,"url":"https:\/\/www.artemadeiras.com.br\/blog\/wp-content\/uploads\/2026\/02\/deck-de-madeira-para-jardim.jpg","type":"image\/jpeg"}],"author":"bloomin","twitter_card":"summary_large_image","twitter_misc":{"Escrito por":"bloomin","Est. tempo de leitura":"5 minutos"},"schema":{"@context":"https:\/\/schema.org","@graph":[{"@type":"Article","@id":"https:\/\/www.artemadeiras.com.br\/blog\/deck\/deck-de-madeira-para-jardim-por-que-investir\/#article","isPartOf":{"@id":"https:\/\/www.artemadeiras.com.br\/blog\/deck\/deck-de-madeira-para-jardim-por-que-investir\/"},"author":{"name":"bloomin","@id":"https:\/\/www.artemadeiras.com.br\/blog\/#\/schema\/person\/03c7826df62479a35ffcf10a5a652727"},"headline":"Deck de madeira para jardim: por que investir?","datePublished":"2026-02-24T17:22:53+00:00","dateModified":"2026-02-24T17:22:54+00:00","mainEntityOfPage":{"@id":"https:\/\/www.artemadeiras.com.br\/blog\/deck\/deck-de-madeira-para-jardim-por-que-investir\/"},"wordCount":798,"commentCount":0,"publisher":{"@id":"https:\/\/www.artemadeiras.com.br\/blog\/#organization"},"image":{"@id":"https:\/\/www.artemadeiras.com.br\/blog\/deck\/deck-de-madeira-para-jardim-por-que-investir\/#primaryimage"},"thumbnailUrl":"https:\/\/www.artemadeiras.com.br\/blog\/wp-content\/uploads\/2026\/02\/deck-de-madeira-para-jardim.jpg","keywords":["Deck de madeira para jardim","Deck de madeira para jardim comprar","Deck de madeira para jardim direto da fabrica","Deck de madeira para jardim em Diadema","Deck de madeira para jardim em Guarulhos","Deck de madeira para jardim em Mau\u00e1","Deck de madeira para jardim em Osasco","Deck de madeira para jardim em promo\u00e7\u00e3o","Deck de madeira para jardim em Ribeir\u00e3o Pires","Deck de madeira para jardim em Rio Grande da Serra","Deck de madeira para jardim em Santo Andr\u00e9","Deck de madeira para jardim em S\u00e3o Bernardo do Campo","Deck de madeira para jardim em S\u00e3o Caetano do Sul","Deck de madeira para jardim em S\u00e3o Paulo","Deck de madeira para jardim em Sorocaba","Deck de madeira para jardim em SP","Deck de madeira para jardim na Formosa","Deck de madeira para jardim na Grande S\u00e3o Paulo","Deck de madeira para jardim na Mooca","Deck de madeira para jardim na Penha","Deck de madeira para jardim na Zona Leste","Deck de madeira para jardim na Zona Norte","Deck de madeira para jardim na Zona Oeste","Deck de madeira para jardim na Zona Sul","Deck de madeira para jardim no ABC Paulista","Deck de madeira para jardim no Belenzinho","Deck de madeira para jardim no Carr\u00e3o","Deck de madeira para jardim no Tatuap\u00e9","Deck de madeira para jardim onde encontrar","Deck de madeira para jardim perto de mim","Deck de madeira para jardim pre\u00e7o","Deck de madeira para jardim pr\u00f3ximo a mim","Empresa de deck de madeira para jardim","F\u00e1brica de deck de madeira para jardim","Fabricante de deck de madeira para jardim","Fornecedor de deck de madeira para jardim","Loja de deck de madeira para jardim"],"articleSection":["Deck"],"inLanguage":"pt-BR","potentialAction":[{"@type":"CommentAction","name":"Comment","target":["https:\/\/www.artemadeiras.com.br\/blog\/deck\/deck-de-madeira-para-jardim-por-que-investir\/#respond"]}]},{"@type":"WebPage","@id":"https:\/\/www.artemadeiras.com.br\/blog\/deck\/deck-de-madeira-para-jardim-por-que-investir\/","url":"https:\/\/www.artemadeiras.com.br\/blog\/deck\/deck-de-madeira-para-jardim-por-que-investir\/","name":"Deck de madeira para jardim: por que investir? - Blog | Arte madeiras","isPartOf":{"@id":"https:\/\/www.artemadeiras.com.br\/blog\/#website"},"primaryImageOfPage":{"@id":"https:\/\/www.artemadeiras.com.br\/blog\/deck\/deck-de-madeira-para-jardim-por-que-investir\/#primaryimage"},"image":{"@id":"https:\/\/www.artemadeiras.com.br\/blog\/deck\/deck-de-madeira-para-jardim-por-que-investir\/#primaryimage"},"thumbnailUrl":"https:\/\/www.artemadeiras.com.br\/blog\/wp-content\/uploads\/2026\/02\/deck-de-madeira-para-jardim.jpg","datePublished":"2026-02-24T17:22:53+00:00","dateModified":"2026-02-24T17:22:54+00:00","description":"Transforme seu espa\u00e7o externo com um deck de madeira para jardim e descubra como ele une eleg\u00e2ncia, conforto e valor para o seu im\u00f3vel.","breadcrumb":{"@id":"https:\/\/www.artemadeiras.com.br\/blog\/deck\/deck-de-madeira-para-jardim-por-que-investir\/#breadcrumb"},"inLanguage":"pt-BR","potentialAction":[{"@type":"ReadAction","target":["https:\/\/www.artemadeiras.com.br\/blog\/deck\/deck-de-madeira-para-jardim-por-que-investir\/"]}]},{"@type":"ImageObject","inLanguage":"pt-BR","@id":"https:\/\/www.artemadeiras.com.br\/blog\/deck\/deck-de-madeira-para-jardim-por-que-investir\/#primaryimage","url":"https:\/\/www.artemadeiras.com.br\/blog\/wp-content\/uploads\/2026\/02\/deck-de-madeira-para-jardim.jpg","contentUrl":"https:\/\/www.artemadeiras.com.br\/blog\/wp-content\/uploads\/2026\/02\/deck-de-madeira-para-jardim.jpg","width":1000,"height":667,"caption":"Deck de madeira para jardim: por que investir?"},{"@type":"BreadcrumbList","@id":"https:\/\/www.artemadeiras.com.br\/blog\/deck\/deck-de-madeira-para-jardim-por-que-investir\/#breadcrumb","itemListElement":[{"@type":"ListItem","position":1,"name":"In\u00edcio","item":"https:\/\/www.artemadeiras.com.br\/blog\/"},{"@type":"ListItem","position":2,"name":"Deck de madeira para jardim: por que investir?"}]},{"@type":"WebSite","@id":"https:\/\/www.artemadeiras.com.br\/blog\/#website","url":"https:\/\/www.artemadeiras.com.br\/blog\/","name":"Blog | Arte madeiras","description":"Dicas e Novidades sobre Madeiras","publisher":{"@id":"https:\/\/www.artemadeiras.com.br\/blog\/#organization"},"potentialAction":[{"@type":"SearchAction","target":{"@type":"EntryPoint","urlTemplate":"https:\/\/www.artemadeiras.com.br\/blog\/?s={search_term_string}"},"query-input":{"@type":"PropertyValueSpecification","valueRequired":true,"valueName":"search_term_string"}}],"inLanguage":"pt-BR"},{"@type":"Organization","@id":"https:\/\/www.artemadeiras.com.br\/blog\/#organization","name":"Blog | Arte madeiras","url":"https:\/\/www.artemadeiras.com.br\/blog\/","logo":{"@type":"ImageObject","inLanguage":"pt-BR","@id":"https:\/\/www.artemadeiras.com.br\/blog\/#\/schema\/logo\/image\/","url":"https:\/\/www.artemadeiras.com.br\/blog\/wp-content\/uploads\/2021\/01\/logo-arte-madeiras.png","contentUrl":"https:\/\/www.artemadeiras.com.br\/blog\/wp-content\/uploads\/2021\/01\/logo-arte-madeiras.png","width":255,"height":110,"caption":"Blog | Arte madeiras"},"image":{"@id":"https:\/\/www.artemadeiras.com.br\/blog\/#\/schema\/logo\/image\/"}},{"@type":"Person","@id":"https:\/\/www.artemadeiras.com.br\/blog\/#\/schema\/person\/03c7826df62479a35ffcf10a5a652727","name":"bloomin","image":{"@type":"ImageObject","inLanguage":"pt-BR","@id":"https:\/\/www.artemadeiras.com.br\/blog\/#\/schema\/person\/image\/","url":"https:\/\/secure.gravatar.com\/avatar\/161a7ea08f1b8bd365e1697a2453e6c719201075da8bdf298a1c2fc5455ba35d?s=96&d=mm&r=g","contentUrl":"https:\/\/secure.gravatar.com\/avatar\/161a7ea08f1b8bd365e1697a2453e6c719201075da8bdf298a1c2fc5455ba35d?s=96&d=mm&r=g","caption":"bloomin"},"sameAs":["https:\/\/www.artemadeiras.com.br\/blog"],"url":"https:\/\/www.artemadeiras.com.br\/blog\/author\/bloomin\/"}]}},"_links":{"self":[{"href":"https:\/\/www.artemadeiras.com.br\/blog\/wp-json\/wp\/v2\/posts\/364","targetHints":{"allow":["GET"]}}],"collection":[{"href":"https:\/\/www.artemadeiras.com.br\/blog\/wp-json\/wp\/v2\/posts"}],"about":[{"href":"https:\/\/www.artemadeiras.com.br\/blog\/wp-json\/wp\/v2\/types\/post"}],"author":[{"embeddable":true,"href":"https:\/\/www.artemadeiras.com.br\/blog\/wp-json\/wp\/v2\/users\/1"}],"replies":[{"embeddable":true,"href":"https:\/\/www.artemadeiras.com.br\/blog\/wp-json\/wp\/v2\/comments?post=364"}],"version-history":[{"count":1,"href":"https:\/\/www.artemadeiras.com.br\/blog\/wp-json\/wp\/v2\/posts\/364\/revisions"}],"predecessor-version":[{"id":366,"href":"https:\/\/www.artemadeiras.com.br\/blog\/wp-json\/wp\/v2\/posts\/364\/revisions\/366"}],"wp:featuredmedia":[{"embeddable":true,"href":"https:\/\/www.artemadeiras.com.br\/blog\/wp-json\/wp\/v2\/media\/365"}],"wp:attachment":[{"href":"https:\/\/www.artemadeiras.com.br\/blog\/wp-json\/wp\/v2\/media?parent=364"}],"wp:term":[{"taxonomy":"category","embeddable":true,"href":"https:\/\/www.artemadeiras.com.br\/blog\/wp-json\/wp\/v2\/categories?post=364"},{"taxonomy":"post_tag","embeddable":true,"href":"https:\/\/www.artemadeiras.com.br\/blog\/wp-json\/wp\/v2\/tags?post=364"}],"curies":[{"name":"wp","href":"https:\/\/api.w.org\/{rel}","templated":true}]}}