{"id":33,"date":"2025-12-08T10:32:00","date_gmt":"2025-12-08T13:32:00","guid":{"rendered":"https:\/\/www.artemadeiras.com.br\/blog\/?p=33"},"modified":"2025-12-08T15:30:21","modified_gmt":"2025-12-08T18:30:21","slug":"guia-completo-para-escolher-os-melhores-forros-de-madeira","status":"publish","type":"post","link":"https:\/\/www.artemadeiras.com.br\/blog\/forros\/guia-completo-para-escolher-os-melhores-forros-de-madeira\/","title":{"rendered":"Guia completo para escolher os melhores forros de madeira"},"content":{"rendered":"<span class=\"rt-reading-time\" style=\"display: block;\"><span class=\"rt-label rt-prefix\">Tempo de leitura<\/span> <span class=\"rt-time\">4<\/span> <span class=\"rt-label rt-postfix\">minutos<\/span><\/span>\n<p class=\"has-medium-font-size\"><strong><em>Aprenda a escolher os melhores forros de madeira com crit\u00e9rios t\u00e9cnicos, est\u00e9ticos e sustent\u00e1veis para projetos profissionais.<\/em><\/strong><\/p>\n\n\n\n<p>Os forros de madeira seguem sendo uma das solu\u00e7\u00f5es mais valorizadas por arquitetos, designers, engenheiros e instaladores. Eles combinam est\u00e9tica, conforto t\u00e9rmico, resist\u00eancia e versatilidade, o que explica por que permanecem t\u00e3o presentes em projetos residenciais, comerciais e corporativos. Mesmo assim, escolher o modelo ideal pode gerar d\u00favidas, principalmente quando o profissional precisa equilibrar durabilidade, custo e acabamento.<\/p>\n\n\n\n<p>A verdade \u00e9 que um bom forro depende menos da madeira em si e mais da forma como ela \u00e9 aplicada no contexto certo. H\u00e1 ambientes que exigem maior estabilidade, outros que pedem tons espec\u00edficos, e alguns que s\u00f3 funcionam com um tipo particular de prote\u00e7\u00e3o ou tratamento. Esses detalhes fazem diferen\u00e7a tanto no desempenho quanto na percep\u00e7\u00e3o final do projeto.<\/p>\n\n\n\n<ul class=\"wp-block-list\">\n<li><a href=\"https:\/\/www.artemadeiras.com.br\/blog\/placa-de-mdf\/mdf-branco-em-sp\/\" target=\"_blank\" aria-label=\" (opens in a new tab)\" rel=\"noreferrer noopener\" class=\"rank-math-link\">MDF branco: conhe\u00e7a algumas vantagens e dicas importantes<\/a><\/li>\n<\/ul>\n\n\n\n<div id=\"ez-toc-container\" class=\"ez-toc-v2_0_66_1 counter-hierarchy ez-toc-counter ez-toc-grey ez-toc-container-direction\">\n<div class=\"ez-toc-title-container\">\n<p class=\"ez-toc-title \" >T&oacute;picos do artigo<\/p>\n<span class=\"ez-toc-title-toggle\"><a href=\"#\" class=\"ez-toc-pull-right ez-toc-btn ez-toc-btn-xs ez-toc-btn-default ez-toc-toggle\" aria-label=\"Toggle Table of Content\"><span class=\"ez-toc-js-icon-con\"><span class=\"\"><span class=\"eztoc-hide\" style=\"display:none;\">Toggle<\/span><span class=\"ez-toc-icon-toggle-span\"><svg style=\"fill: #999;color:#999\" xmlns=\"http:\/\/www.w3.org\/2000\/svg\" class=\"list-377408\" width=\"20px\" height=\"20px\" viewBox=\"0 0 24 24\" fill=\"none\"><path d=\"M6 6H4v2h2V6zm14 0H8v2h12V6zM4 11h2v2H4v-2zm16 0H8v2h12v-2zM4 16h2v2H4v-2zm16 0H8v2h12v-2z\" fill=\"currentColor\"><\/path><\/svg><svg style=\"fill: #999;color:#999\" class=\"arrow-unsorted-368013\" xmlns=\"http:\/\/www.w3.org\/2000\/svg\" width=\"10px\" height=\"10px\" viewBox=\"0 0 24 24\" version=\"1.2\" baseProfile=\"tiny\"><path d=\"M18.2 9.3l-6.2-6.3-6.2 6.3c-.2.2-.3.4-.3.7s.1.5.3.7c.2.2.4.3.7.3h11c.3 0 .5-.1.7-.3.2-.2.3-.5.3-.7s-.1-.5-.3-.7zM5.8 14.7l6.2 6.3 6.2-6.3c.2-.2.3-.5.3-.7s-.1-.5-.3-.7c-.2-.2-.4-.3-.7-.3h-11c-.3 0-.5.1-.7.3-.2.2-.3.5-.3.7s.1.5.3.7z\"\/><\/svg><\/span><\/span><\/span><\/a><\/span><\/div>\n<nav><ul class='ez-toc-list ez-toc-list-level-1 ' ><ul class='ez-toc-list-level-2' ><li class='ez-toc-heading-level-2'><a class=\"ez-toc-link ez-toc-heading-1\" href=\"https:\/\/www.artemadeiras.com.br\/blog\/forros\/guia-completo-para-escolher-os-melhores-forros-de-madeira\/#Avalie_o_ambiente_antes_de_escolher_o_forro_de_madeira\" title=\"Avalie o ambiente antes de escolher o forro de madeira\">Avalie o ambiente antes de escolher o forro de madeira<\/a><\/li><li class='ez-toc-page-1 ez-toc-heading-level-2'><a class=\"ez-toc-link ez-toc-heading-2\" href=\"https:\/\/www.artemadeiras.com.br\/blog\/forros\/guia-completo-para-escolher-os-melhores-forros-de-madeira\/#Compare_tipos_de_madeira_e_o_efeito_visual_desejado\" title=\"Compare tipos de madeira e o efeito visual desejado\">Compare tipos de madeira e o efeito visual desejado<\/a><\/li><li class='ez-toc-page-1 ez-toc-heading-level-2'><a class=\"ez-toc-link ez-toc-heading-3\" href=\"https:\/\/www.artemadeiras.com.br\/blog\/forros\/guia-completo-para-escolher-os-melhores-forros-de-madeira\/#Analise_acabamento_protecao_e_manutencao\" title=\"Analise acabamento, prote\u00e7\u00e3o e manuten\u00e7\u00e3o\">Analise acabamento, prote\u00e7\u00e3o e manuten\u00e7\u00e3o<\/a><\/li><li class='ez-toc-page-1 ez-toc-heading-level-2'><a class=\"ez-toc-link ez-toc-heading-4\" href=\"https:\/\/www.artemadeiras.com.br\/blog\/forros\/guia-completo-para-escolher-os-melhores-forros-de-madeira\/#Escolha_fornecedores_confiaveis_e_verifique_certificacoes\" title=\"Escolha fornecedores confi\u00e1veis e verifique certifica\u00e7\u00f5es\">Escolha fornecedores confi\u00e1veis e verifique certifica\u00e7\u00f5es<\/a><\/li><\/ul><\/li><li class='ez-toc-page-1 ez-toc-heading-level-1'><a class=\"ez-toc-link ez-toc-heading-5\" href=\"https:\/\/www.artemadeiras.com.br\/blog\/forros\/guia-completo-para-escolher-os-melhores-forros-de-madeira\/#Onde_encontrar_os_melhores_forros_de_madeira_Arte_Madeiras\" title=\"Onde encontrar os melhores forros de madeira: Arte Madeiras\">Onde encontrar os melhores forros de madeira: Arte Madeiras<\/a><ul class='ez-toc-list-level-2' ><li class='ez-toc-heading-level-2'><a class=\"ez-toc-link ez-toc-heading-6\" href=\"https:\/\/www.artemadeiras.com.br\/blog\/forros\/guia-completo-para-escolher-os-melhores-forros-de-madeira\/#O_momento_certo_de_escolher_o_melhor_forro\" title=\"O momento certo de escolher o melhor forro\">O momento certo de escolher o melhor forro<\/a><\/li><\/ul><\/li><\/ul><\/nav><\/div>\n<h2 class=\"wp-block-heading\"><span class=\"ez-toc-section\" id=\"Avalie_o_ambiente_antes_de_escolher_o_forro_de_madeira\"><\/span><strong>Avalie o ambiente antes de escolher o forro de madeira<\/strong><span class=\"ez-toc-section-end\"><\/span><\/h2>\n\n\n\n<p>Antes de qualquer defini\u00e7\u00e3o, \u00e9 fundamental analisar o comportamento do espa\u00e7o onde o material ser\u00e1 aplicado. <strong>Ambientes com grande varia\u00e7\u00e3o de temperatura exigem madeiras mais est\u00e1veis, enquanto locais com baixa circula\u00e7\u00e3o de ar podem pedir prote\u00e7\u00e3o adicional contra umidade<\/strong>. Essa avalia\u00e7\u00e3o inicial evita surpresas, porque a madeira responde ao clima e ao uso di\u00e1rio, mesmo quando bem tratada.<\/p>\n\n\n\n<p>O tamanho do ambiente tamb\u00e9m influencia na escolha. <strong>Espa\u00e7os menores podem ganhar sensa\u00e7\u00e3o de amplitude com madeiras claras, enquanto \u00e1reas amplas suportam tons mais densos sem comprometer a ilumina\u00e7\u00e3o<\/strong>. Outro ponto relevante \u00e9 considerar se o projeto busca um estilo mais r\u00fastico, mais moderno ou mais minimalista, j\u00e1 que os padr\u00f5es de fibra e tonalidade interferem diretamente na composi\u00e7\u00e3o visual.<\/p>\n\n\n\n<p>Quando o forro \u00e9 destinado a \u00e1reas sociais, o aspecto est\u00e9tico costuma ser prioridade. <strong>J\u00e1 em corredores t\u00e9cnicos ou salas de opera\u00e7\u00e3o, a aten\u00e7\u00e3o pode se voltar mais para performance e praticidade<\/strong>. Esse entendimento pr\u00e9vio orienta a escolha e melhora a efici\u00eancia do forro de madeira para teto, garantindo um resultado alinhado \u00e0s necessidades do projeto.<\/p>\n\n\n\n<ul class=\"wp-block-list\">\n<li><a href=\"https:\/\/www.artemadeiras.com.br\/blog\/batentes\/onde-comprar-batentes-de-madeira-conheca-a-arte-madeiras\/\" target=\"_blank\" aria-label=\" (opens in a new tab)\" rel=\"noreferrer noopener\" class=\"rank-math-link\">Onde comprar batentes de madeira? Conhe\u00e7a a Arte Madeiras<\/a><\/li>\n<\/ul>\n\n\n\n<h2 class=\"wp-block-heading\"><span class=\"ez-toc-section\" id=\"Compare_tipos_de_madeira_e_o_efeito_visual_desejado\"><\/span><strong>Compare tipos de madeira e o efeito visual desejado<\/strong><span class=\"ez-toc-section-end\"><\/span><\/h2>\n\n\n\n<p>Depois de entender o ambiente, o pr\u00f3ximo passo \u00e9 conhecer como cada esp\u00e9cie se comporta. <strong>Madeiras como cedrinho e angelim costumam ser mais acess\u00edveis e trazem estabilidade interessante para projetos internos<\/strong>.<\/p>\n\n\n\n<p><strong>J\u00e1 esp\u00e9cies como cumaru ou ip\u00ea oferecem maior resist\u00eancia estrutural, sendo comuns em projetos sofisticados ou de alto fluxo<\/strong>. Cada uma entrega um tipo espec\u00edfico de cor, padr\u00e3o e textura, o que influencia diretamente na atmosfera do espa\u00e7o.<\/p>\n\n\n\n<p><strong>A escolha tamb\u00e9m deve considerar o tom natural da madeira, porque isso reduz a necessidade de interven\u00e7\u00f5es posteriores e mant\u00e9m a est\u00e9tica aut\u00eantica<\/strong>. Tons avermelhados trazem sensa\u00e7\u00e3o de acolhimento, enquanto tonalidades douradas refor\u00e7am um estilo contempor\u00e2neo.<\/p>\n\n\n\n<p>Quando o projeto exige uniformidade, \u00e9 importante observar a padroniza\u00e7\u00e3o das r\u00e9guas, j\u00e1 que algumas esp\u00e9cies podem variar bastante entre uma pe\u00e7a e outra.<\/p>\n\n\n\n<p><strong>\u00c9 comum que profissionais busquem um equil\u00edbrio entre resist\u00eancia e est\u00e9tica, especialmente quando o forro de madeira comp\u00f5e ambientes de destaque<\/strong>. E como cada esp\u00e9cie interage de forma diferente com vernizes, stains ou seladoras, entender essas caracter\u00edsticas ajuda a prever o resultado final antes mesmo da instala\u00e7\u00e3o.<\/p>\n\n\n\n<h2 class=\"wp-block-heading\"><span class=\"ez-toc-section\" id=\"Analise_acabamento_protecao_e_manutencao\"><\/span><strong>Analise acabamento, prote\u00e7\u00e3o e manuten\u00e7\u00e3o<\/strong><span class=\"ez-toc-section-end\"><\/span><\/h2>\n\n\n\n<p>O acabamento define boa parte da durabilidade e do comportamento dos forros de madeira no longo prazo. Mesmo as madeiras mais resistentes precisam de prote\u00e7\u00e3o contra cupins, fungos e umidade. <strong>Essa etapa \u00e9 indispens\u00e1vel, sobretudo em locais que sofrem com varia\u00e7\u00f5es clim\u00e1ticas mais intensas<\/strong>. Um acabamento inadequado pode mudar a cor do material, deformar as r\u00e9guas ou comprometer a estabilidade mec\u00e2nica.<\/p>\n\n\n\n<p><strong>A decis\u00e3o entre verniz, stain ou seladora depende do efeito est\u00e9tico desejado e da manuten\u00e7\u00e3o esperada<\/strong>. O verniz cria uma camada mais r\u00edgida e brilhante, enquanto o stain permite que a madeira respire e facilita manuten\u00e7\u00f5es futuras. A seladora funciona bem em ambientes internos mais controlados, especialmente quando o objetivo \u00e9 preservar a apar\u00eancia natural.<\/p>\n\n\n\n<p><strong>Outro ponto importante \u00e9 observar a padroniza\u00e7\u00e3o das emendas, j\u00e1 que isso melhora o encaixe e reduz riscos de folgas ou deforma\u00e7\u00f5es<\/strong>. Uma madeira bem tratada exige pouca manuten\u00e7\u00e3o e garante vida \u00fatil longa. E quando os cuidados s\u00e3o realizados corretamente, o forro de madeira para teto mant\u00e9m a beleza e o desempenho por muitos anos.<\/p>\n\n\n\n<h2 class=\"wp-block-heading\"><span class=\"ez-toc-section\" id=\"Escolha_fornecedores_confiaveis_e_verifique_certificacoes\"><\/span><strong>Escolha fornecedores confi\u00e1veis e verifique certifica\u00e7\u00f5es<\/strong><span class=\"ez-toc-section-end\"><\/span><\/h2>\n\n\n\n<p>A proced\u00eancia da madeira \u00e9 um dos fatores mais determinantes para a qualidade final do projeto. <strong>Fornecedores s\u00e9rios oferecem madeira seca, tratada e armazenada de forma adequada, al\u00e9m de comprova\u00e7\u00e3o de origem e certifica\u00e7\u00f5es ambientais<\/strong>. Esses documentos mostram que o produto segue boas pr\u00e1ticas e respeita normas legais, reduzindo riscos tanto t\u00e9cnicos quanto jur\u00eddicos.<\/p>\n\n\n\n<p>Profissionais experientes costumam observar n\u00e3o apenas o pre\u00e7o, mas a consist\u00eancia do atendimento, a clareza das informa\u00e7\u00f5es e a capacidade do fornecedor de orientar detalhes como espessura ideal, acabamento mais adequado e particularidades de instala\u00e7\u00e3o. <strong>Essa parceria t\u00e9cnica \u00e9 essencial, especialmente em obras complexas ou ambientes com demandas espec\u00edficas<\/strong>.<\/p>\n\n\n\n<p><strong>Outro ponto relevante \u00e9 garantir que a empresa ofere\u00e7a suporte ap\u00f3s a compra, caso seja necess\u00e1rio complementar material, substituir pe\u00e7as ou esclarecer d\u00favidas durante a execu\u00e7\u00e3o<\/strong>. Para quem atua na regi\u00e3o, contar com um fornecedor de forros de madeira em S\u00e3o Paulo facilita log\u00edstica e garante maior rapidez no atendimento.<\/p>\n\n\n\n<h1 class=\"wp-block-heading\"><span class=\"ez-toc-section\" id=\"Onde_encontrar_os_melhores_forros_de_madeira_Arte_Madeiras\"><\/span><strong>Onde encontrar os melhores forros de madeira: Arte Madeiras<\/strong><span class=\"ez-toc-section-end\"><\/span><\/h1>\n\n\n\n<p>Quando o projeto exige qualidade, proced\u00eancia e acompanhamento t\u00e9cnico, a <em><strong><a href=\"https:\/\/www.artemadeiras.com.br\/\" target=\"_blank\" aria-label=\"Arte Madeiras (opens in a new tab)\" rel=\"noreferrer noopener\" class=\"rank-math-link\">Arte Madeiras<\/a><\/strong><\/em> se destaca como refer\u00eancia. Com mais de 28 anos de atua\u00e7\u00e3o na Zona Norte de S\u00e3o Paulo, a empresa tornou-se um dos principais nomes no fornecimento de madeira para constru\u00e7\u00e3o civil, marcenaria, design de interiores e projetos assinados por profissionais aut\u00f4nomos, engenheiros, arquitetos e decoradores.<\/p>\n\n\n\n<p>Sua trajet\u00f3ria \u00e9 pautada pelo compromisso com a natureza e pela oferta de materiais certificados e de origem controlada, seguindo rigorosamente normas estabelecidas pelo IBAMA e pela Secretaria do Meio Ambiente. A participa\u00e7\u00e3o no <em>Programa QUALIMADEIRA<\/em>, \u00f3rg\u00e3o respons\u00e1vel pela certifica\u00e7\u00e3o de produtos de madeira no Brasil, refor\u00e7a a credibilidade e a transpar\u00eancia da marca em cada etapa do processo.<\/p>\n\n\n\n<p>Al\u00e9m da excel\u00eancia do material, a <em>Arte Madeiras<\/em> oferece uma equipe experiente, preparada para orientar desde a escolha do tipo de madeira at\u00e9 detalhes t\u00e9cnicos da instala\u00e7\u00e3o. Para quem busca um fornecedor de forros de madeira em S\u00e3o Paulo confi\u00e1vel, com atendimento profissional e variedade de op\u00e7\u00f5es, a empresa \u00e9 uma parceira segura para obras e reformas de qualquer porte.<\/p>\n\n\n\n<h2 class=\"wp-block-heading\"><span class=\"ez-toc-section\" id=\"O_momento_certo_de_escolher_o_melhor_forro\"><\/span><strong>O momento certo de escolher o melhor forro<\/strong><span class=\"ez-toc-section-end\"><\/span><\/h2>\n\n\n\n<p>A escolha dos forros de madeira envolve mais do que est\u00e9tica; ela depende da an\u00e1lise do ambiente, da esp\u00e9cie mais adequada, do acabamento correto e da proced\u00eancia do material. Profissionais que dominam esses crit\u00e9rios conseguem entregar projetos mais dur\u00e1veis, harm\u00f4nicos e seguros.<\/p>\n\n\n\n<p>Se voc\u00ea busca madeira de qualidade, certificada e com suporte especializado, conte com a <em>Arte Madeiras<\/em> \u2014 o fornecedor de forros de madeira em S\u00e3o Paulo que combina tradi\u00e7\u00e3o, responsabilidade ambiental e atendimento t\u00e9cnico diferenciado.<\/p>\n\n\n\n<p><strong><a href=\"https:\/\/www.artemadeiras.com.br\/contato\" target=\"_blank\" aria-label=\"Entre em contato (opens in a new tab)\" rel=\"noreferrer noopener\" class=\"rank-math-link\">Entre em contato<\/a> e eleve o n\u00edvel do seu pr\u00f3ximo projeto<\/strong>.<\/p>\n","protected":false},"excerpt":{"rendered":"<p><span class=\"rt-reading-time\" style=\"display: block;\"><span class=\"rt-label rt-prefix\">Tempo de leitura<\/span> <span class=\"rt-time\">4<\/span> <span class=\"rt-label rt-postfix\">minutos<\/span><\/span> Aprenda a escolher os melhores forros de madeira com crit\u00e9rios t\u00e9cnicos, est\u00e9ticos e sustent\u00e1veis para projetos profissionais. Os forros de madeira seguem sendo uma das solu\u00e7\u00f5es mais valorizadas por arquitetos, designers, engenheiros e instaladores. Eles combinam est\u00e9tica, conforto t\u00e9rmico, resist\u00eancia&#8230;<\/p>\n","protected":false},"author":1,"featured_media":344,"comment_status":"open","ping_status":"open","sticky":false,"template":"","format":"standard","meta":{"footnotes":""},"categories":[15],"tags":[177,174,30,176,175,173,29,20,26,207,204,206,205,203,202,213,210,212,211,209,208,183,180,182,181,179,178,189,186,188,187,185,184,195,192,194,193,191,190,201,198,200,199,197,196,247,265,259,241,236,253,231,17,18,244,262,256,238,233,250,228,246,264,258,240,235,252,230,245,263,257,239,234,251,229,243,261,255,237,232,249,227,16,19,242,260,24,23,254,28,22,21,248,25,226,225,222,224,223,221,220,172,171,170,219,216,218,217,215,214,27],"class_list":["post-33","post","type-post","status-publish","format-standard","has-post-thumbnail","hentry","category-forros","tag-comprar-forragem-em-madeira","tag-comprar-forro-de-madeira","tag-comprar-forro-de-madeira-no-abc","tag-comprar-forro-de-teto-para-madeira","tag-comprar-forro-desenvolvido-em-madeira","tag-comprar-forro-em-madeira","tag-comprar-forro-no-abc","tag-comprar-forros-de-madeira","tag-comprar-forros-de-madeira-em-sao-paulo","tag-distribuidor-de-forragem-em-madeira","tag-distribuidor-de-forro-de-madeira","tag-distribuidor-de-forro-de-teto-para-madeira","tag-distribuidor-de-forro-desenvolvido-em-madeira","tag-distribuidor-de-forro-em-madeira","tag-distribuidor-de-forros-de-madeira","tag-distribuidora-de-forragem-em-madeira","tag-distribuidora-de-forro-de-madeira","tag-distribuidora-de-forro-de-teto-para-madeira","tag-distribuidora-de-forro-desenvolvido-em-madeira","tag-distribuidora-de-forro-em-madeira","tag-distribuidora-de-forros-de-madeira","tag-empresa-de-forragem-em-madeira","tag-empresa-de-forro-de-madeira","tag-empresa-de-forro-de-teto-para-madeira","tag-empresa-de-forro-desenvolvido-em-madeira","tag-empresa-de-forro-em-madeira","tag-empresa-de-forros-de-madeira","tag-fabrica-de-forragem-em-madeira","tag-fabrica-de-forro-de-madeira","tag-fabrica-de-forro-de-teto-para-madeira","tag-fabrica-de-forro-desenvolvido-em-madeira","tag-fabrica-de-forro-em-madeira","tag-fabrica-de-forros-de-madeira","tag-fabricante-de-forragem-em-madeira","tag-fabricante-de-forro-de-madeira","tag-fabricante-de-forro-de-teto-para-madeira","tag-fabricante-de-forro-desenvolvido-em-madeira","tag-fabricante-de-forro-em-madeira","tag-fabricante-de-forros-de-madeira","tag-fornecedor-de-forragem-em-madeira","tag-fornecedor-de-forro-de-madeira","tag-fornecedor-de-forro-de-teto-para-madeira","tag-fornecedor-de-forro-desenvolvido-em-madeira","tag-fornecedor-de-forro-em-madeira","tag-fornecedor-de-forros-de-madeira","tag-forragem-em-madeira-casa-verde","tag-forragem-em-madeira-direto-da-fabrica","tag-forragem-em-madeira-em-promocao","tag-forragem-em-madeira-em-sao-paulo","tag-forragem-em-madeira-em-sp","tag-forragem-em-madeira-na-zona-norte","tag-forragem-em-madeira-preco","tag-forro","tag-forro-de-madeira","tag-forro-de-madeira-casa-verde","tag-forro-de-madeira-direto-da-fabrica","tag-forro-de-madeira-em-promocao","tag-forro-de-madeira-em-sao-paulo","tag-forro-de-madeira-em-sp","tag-forro-de-madeira-na-zona-norte","tag-forro-de-madeira-preco","tag-forro-de-teto-para-madeira-casa-verde","tag-forro-de-teto-para-madeira-direto-da-fabrica","tag-forro-de-teto-para-madeira-em-promocao","tag-forro-de-teto-para-madeira-em-sao-paulo","tag-forro-de-teto-para-madeira-em-sp","tag-forro-de-teto-para-madeira-na-zona-norte","tag-forro-de-teto-para-madeira-preco","tag-forro-desenvolvido-em-madeira-casa-verde","tag-forro-desenvolvido-em-madeira-direto-da-fabrica","tag-forro-desenvolvido-em-madeira-em-promocao","tag-forro-desenvolvido-em-madeira-em-sao-paulo","tag-forro-desenvolvido-em-madeira-em-sp","tag-forro-desenvolvido-em-madeira-na-zona-norte","tag-forro-desenvolvido-em-madeira-preco","tag-forro-em-madeira-casa-verde","tag-forro-em-madeira-direto-da-fabrica","tag-forro-em-madeira-em-promocao","tag-forro-em-madeira-em-sao-paulo","tag-forro-em-madeira-em-sp","tag-forro-em-madeira-na-zona-norte","tag-forro-em-madeira-preco","tag-forros","tag-forros-de-madeira","tag-forros-de-madeira-casa-verde","tag-forros-de-madeira-direto-da-fabrica","tag-forros-de-madeira-em-cajamar","tag-forros-de-madeira-em-guarulhos","tag-forros-de-madeira-em-promocao","tag-forros-de-madeira-em-sao-caetano","tag-forros-de-madeira-em-sao-paulo","tag-forros-de-madeira-em-sp","tag-forros-de-madeira-na-zona-norte","tag-forros-de-madeira-no-abc","tag-forros-de-madeira-preco","tag-loja-de-forragem-em-madeira","tag-loja-de-forro-de-madeira","tag-loja-de-forro-de-teto-para-madeira","tag-loja-de-forro-desenvolvido-em-madeira","tag-loja-de-forro-em-madeira","tag-loja-de-forros-de-madeira","tag-onde-encontrar-forragem-em-madeira","tag-onde-encontrar-forro-de-teto-para-madeira","tag-onde-encontrar-forro-desenvolvido-em-madeira","tag-revendedor-de-forragem-em-madeira","tag-revendedor-de-forro-de-madeira","tag-revendedor-de-forro-de-teto-para-madeira","tag-revendedor-de-forro-desenvolvido-em-madeira","tag-revendedor-de-forro-em-madeira","tag-revendedor-de-forros-de-madeira","tag-tipos-de-forros-de-madeira"],"yoast_head":"<!-- This site is optimized with the Yoast SEO plugin v23.6 - https:\/\/yoast.com\/wordpress\/plugins\/seo\/ -->\n<title>Guia completo para escolher os melhores forros de madeira<\/title>\n<meta name=\"description\" content=\"Aprenda a escolher os melhores forros de madeira com crit\u00e9rios t\u00e9cnicos, est\u00e9ticos e sustent\u00e1veis para projetos profissionais.\" \/>\n<meta name=\"robots\" content=\"index, follow, max-snippet:-1, max-image-preview:large, max-video-preview:-1\" \/>\n<link rel=\"canonical\" href=\"https:\/\/www.artemadeiras.com.br\/blog\/forros\/guia-completo-para-escolher-os-melhores-forros-de-madeira\/\" \/>\n<meta property=\"og:locale\" content=\"pt_BR\" \/>\n<meta property=\"og:type\" content=\"article\" \/>\n<meta property=\"og:title\" content=\"Guia completo para escolher os melhores forros de madeira\" \/>\n<meta property=\"og:description\" content=\"Aprenda a escolher os melhores forros de madeira com crit\u00e9rios t\u00e9cnicos, est\u00e9ticos e sustent\u00e1veis para projetos profissionais.\" \/>\n<meta property=\"og:url\" content=\"https:\/\/www.artemadeiras.com.br\/blog\/forros\/guia-completo-para-escolher-os-melhores-forros-de-madeira\/\" \/>\n<meta property=\"og:site_name\" content=\"Blog | Arte madeiras\" \/>\n<meta property=\"article:published_time\" content=\"2025-12-08T13:32:00+00:00\" \/>\n<meta property=\"article:modified_time\" content=\"2025-12-08T18:30:21+00:00\" \/>\n<meta property=\"og:image\" content=\"https:\/\/www.artemadeiras.com.br\/blog\/wp-content\/uploads\/2023\/04\/5413.jpg\" \/>\n\t<meta property=\"og:image:width\" content=\"1000\" \/>\n\t<meta property=\"og:image:height\" content=\"992\" \/>\n\t<meta property=\"og:image:type\" content=\"image\/jpeg\" \/>\n<meta name=\"author\" content=\"bloomin\" \/>\n<meta name=\"twitter:card\" content=\"summary_large_image\" \/>\n<meta name=\"twitter:label1\" content=\"Escrito por\" \/>\n\t<meta name=\"twitter:data1\" content=\"bloomin\" \/>\n\t<meta name=\"twitter:label2\" content=\"Est. tempo de leitura\" \/>\n\t<meta name=\"twitter:data2\" content=\"7 minutos\" \/>\n<script type=\"application\/ld+json\" class=\"yoast-schema-graph\">{\"@context\":\"https:\/\/schema.org\",\"@graph\":[{\"@type\":\"Article\",\"@id\":\"https:\/\/www.artemadeiras.com.br\/blog\/forros\/guia-completo-para-escolher-os-melhores-forros-de-madeira\/#article\",\"isPartOf\":{\"@id\":\"https:\/\/www.artemadeiras.com.br\/blog\/forros\/guia-completo-para-escolher-os-melhores-forros-de-madeira\/\"},\"author\":{\"name\":\"bloomin\",\"@id\":\"https:\/\/www.artemadeiras.com.br\/blog\/#\/schema\/person\/03c7826df62479a35ffcf10a5a652727\"},\"headline\":\"Guia completo para escolher os melhores forros de madeira\",\"datePublished\":\"2025-12-08T13:32:00+00:00\",\"dateModified\":\"2025-12-08T18:30:21+00:00\",\"mainEntityOfPage\":{\"@id\":\"https:\/\/www.artemadeiras.com.br\/blog\/forros\/guia-completo-para-escolher-os-melhores-forros-de-madeira\/\"},\"wordCount\":1272,\"commentCount\":0,\"publisher\":{\"@id\":\"https:\/\/www.artemadeiras.com.br\/blog\/#organization\"},\"image\":{\"@id\":\"https:\/\/www.artemadeiras.com.br\/blog\/forros\/guia-completo-para-escolher-os-melhores-forros-de-madeira\/#primaryimage\"},\"thumbnailUrl\":\"https:\/\/www.artemadeiras.com.br\/blog\/wp-content\/uploads\/2023\/04\/5413.jpg\",\"keywords\":[\"comprar forragem em madeira\",\"comprar forro de madeira\",\"comprar forro de madeira no abc\",\"comprar forro de teto para madeira\",\"comprar forro desenvolvido em madeira\",\"comprar forro em madeira\",\"comprar forro no abc\",\"comprar forros de madeira\",\"comprar forros de madeira em s\u00e3o paulo\",\"distribuidor de forragem em madeira\",\"distribuidor de forro de madeira\",\"distribuidor de forro de teto para madeira\",\"distribuidor de forro desenvolvido em madeira\",\"distribuidor de forro em madeira\",\"distribuidor de forros de madeira\",\"distribuidora de forragem em madeira\",\"distribuidora de forro de madeira\",\"distribuidora de forro de teto para madeira\",\"distribuidora de forro desenvolvido em madeira\",\"distribuidora de forro em madeira\",\"distribuidora de forros de madeira\",\"empresa de forragem em madeira\",\"empresa de forro de madeira\",\"empresa de forro de teto para madeira\",\"empresa de forro desenvolvido em madeira\",\"empresa de forro em madeira\",\"empresa de forros de madeira\",\"f\u00e1brica de forragem em madeira\",\"f\u00e1brica de forro de madeira\",\"f\u00e1brica de forro de teto para madeira\",\"f\u00e1brica de forro desenvolvido em madeira\",\"f\u00e1brica de forro em madeira\",\"f\u00e1brica de forros de madeira\",\"fabricante de forragem em madeira\",\"fabricante de forro de madeira\",\"fabricante de forro de teto para madeira\",\"fabricante de forro desenvolvido em madeira\",\"fabricante de forro em madeira\",\"fabricante de forros de madeira\",\"fornecedor de forragem em madeira\",\"fornecedor de forro de madeira\",\"fornecedor de forro de teto para madeira\",\"fornecedor de forro desenvolvido em madeira\",\"fornecedor de forro em madeira\",\"fornecedor de forros de madeira\",\"forragem em madeira Casa Verde\",\"forragem em madeira direto da fabrica\",\"forragem em madeira em promo\u00e7\u00e3o\",\"forragem em madeira em s\u00e3o paulo\",\"forragem em madeira em sp\",\"forragem em madeira na zona norte\",\"forragem em madeira pre\u00e7o\",\"forro\",\"forro de madeira\",\"forro de madeira Casa Verde\",\"forro de madeira direto da fabrica\",\"forro de madeira em promo\u00e7\u00e3o\",\"forro de madeira em s\u00e3o paulo\",\"forro de madeira em sp\",\"forro de madeira na zona norte\",\"forro de madeira pre\u00e7o\",\"forro de teto para madeira Casa Verde\",\"forro de teto para madeira direto da fabrica\",\"forro de teto para madeira em promo\u00e7\u00e3o\",\"forro de teto para madeira em s\u00e3o paulo\",\"forro de teto para madeira em sp\",\"forro de teto para madeira na zona norte\",\"forro de teto para madeira pre\u00e7o\",\"forro desenvolvido em madeira Casa Verde\",\"forro desenvolvido em madeira direto da fabrica\",\"forro desenvolvido em madeira em promo\u00e7\u00e3o\",\"forro desenvolvido em madeira em s\u00e3o paulo\",\"forro desenvolvido em madeira em sp\",\"forro desenvolvido em madeira na zona norte\",\"forro desenvolvido em madeira pre\u00e7o\",\"forro em madeira Casa Verde\",\"forro em madeira direto da fabrica\",\"forro em madeira em promo\u00e7\u00e3o\",\"forro em madeira em s\u00e3o paulo\",\"forro em madeira em sp\",\"forro em madeira na zona norte\",\"forro em madeira pre\u00e7o\",\"forros\",\"forros de madeira\",\"forros de madeira Casa Verde\",\"forros de madeira direto da fabrica\",\"forros de madeira em cajamar\",\"forros de madeira em guarulhos\",\"forros de madeira em promo\u00e7\u00e3o\",\"forros de madeira em s\u00e3o caetano\",\"forros de madeira em S\u00e3o Paulo\",\"forros de madeira em sp\",\"forros de madeira na zona norte\",\"forros de madeira no abc\",\"forros de madeira pre\u00e7o\",\"loja de forragem em madeira\",\"loja de forro de madeira\",\"loja de forro de teto para madeira\",\"loja de forro desenvolvido em madeira\",\"loja de forro em madeira\",\"loja de forros de madeira\",\"onde encontrar forragem em madeira\",\"onde encontrar forro de teto para madeira\",\"onde encontrar forro desenvolvido em madeira\",\"revendedor de forragem em madeira\",\"revendedor de forro de madeira\",\"revendedor de forro de teto para madeira\",\"revendedor de forro desenvolvido em madeira\",\"revendedor de forro em madeira\",\"revendedor de forros de madeira\",\"tipos de forros de madeira\"],\"articleSection\":[\"Forros\"],\"inLanguage\":\"pt-BR\",\"potentialAction\":[{\"@type\":\"CommentAction\",\"name\":\"Comment\",\"target\":[\"https:\/\/www.artemadeiras.com.br\/blog\/forros\/guia-completo-para-escolher-os-melhores-forros-de-madeira\/#respond\"]}]},{\"@type\":\"WebPage\",\"@id\":\"https:\/\/www.artemadeiras.com.br\/blog\/forros\/guia-completo-para-escolher-os-melhores-forros-de-madeira\/\",\"url\":\"https:\/\/www.artemadeiras.com.br\/blog\/forros\/guia-completo-para-escolher-os-melhores-forros-de-madeira\/\",\"name\":\"Guia completo para escolher os melhores forros de madeira\",\"isPartOf\":{\"@id\":\"https:\/\/www.artemadeiras.com.br\/blog\/#website\"},\"primaryImageOfPage\":{\"@id\":\"https:\/\/www.artemadeiras.com.br\/blog\/forros\/guia-completo-para-escolher-os-melhores-forros-de-madeira\/#primaryimage\"},\"image\":{\"@id\":\"https:\/\/www.artemadeiras.com.br\/blog\/forros\/guia-completo-para-escolher-os-melhores-forros-de-madeira\/#primaryimage\"},\"thumbnailUrl\":\"https:\/\/www.artemadeiras.com.br\/blog\/wp-content\/uploads\/2023\/04\/5413.jpg\",\"datePublished\":\"2025-12-08T13:32:00+00:00\",\"dateModified\":\"2025-12-08T18:30:21+00:00\",\"description\":\"Aprenda a escolher os melhores forros de madeira com crit\u00e9rios t\u00e9cnicos, est\u00e9ticos e sustent\u00e1veis para projetos profissionais.\",\"breadcrumb\":{\"@id\":\"https:\/\/www.artemadeiras.com.br\/blog\/forros\/guia-completo-para-escolher-os-melhores-forros-de-madeira\/#breadcrumb\"},\"inLanguage\":\"pt-BR\",\"potentialAction\":[{\"@type\":\"ReadAction\",\"target\":[\"https:\/\/www.artemadeiras.com.br\/blog\/forros\/guia-completo-para-escolher-os-melhores-forros-de-madeira\/\"]}]},{\"@type\":\"ImageObject\",\"inLanguage\":\"pt-BR\",\"@id\":\"https:\/\/www.artemadeiras.com.br\/blog\/forros\/guia-completo-para-escolher-os-melhores-forros-de-madeira\/#primaryimage\",\"url\":\"https:\/\/www.artemadeiras.com.br\/blog\/wp-content\/uploads\/2023\/04\/5413.jpg\",\"contentUrl\":\"https:\/\/www.artemadeiras.com.br\/blog\/wp-content\/uploads\/2023\/04\/5413.jpg\",\"width\":1000,\"height\":992,\"caption\":\"Guia completo para escolher os melhores forros de madeira\"},{\"@type\":\"BreadcrumbList\",\"@id\":\"https:\/\/www.artemadeiras.com.br\/blog\/forros\/guia-completo-para-escolher-os-melhores-forros-de-madeira\/#breadcrumb\",\"itemListElement\":[{\"@type\":\"ListItem\",\"position\":1,\"name\":\"In\u00edcio\",\"item\":\"https:\/\/www.artemadeiras.com.br\/blog\/\"},{\"@type\":\"ListItem\",\"position\":2,\"name\":\"Guia completo para escolher os melhores forros de madeira\"}]},{\"@type\":\"WebSite\",\"@id\":\"https:\/\/www.artemadeiras.com.br\/blog\/#website\",\"url\":\"https:\/\/www.artemadeiras.com.br\/blog\/\",\"name\":\"Blog | Arte madeiras\",\"description\":\"Dicas e Novidades sobre Madeiras\",\"publisher\":{\"@id\":\"https:\/\/www.artemadeiras.com.br\/blog\/#organization\"},\"potentialAction\":[{\"@type\":\"SearchAction\",\"target\":{\"@type\":\"EntryPoint\",\"urlTemplate\":\"https:\/\/www.artemadeiras.com.br\/blog\/?s={search_term_string}\"},\"query-input\":{\"@type\":\"PropertyValueSpecification\",\"valueRequired\":true,\"valueName\":\"search_term_string\"}}],\"inLanguage\":\"pt-BR\"},{\"@type\":\"Organization\",\"@id\":\"https:\/\/www.artemadeiras.com.br\/blog\/#organization\",\"name\":\"Blog | Arte madeiras\",\"url\":\"https:\/\/www.artemadeiras.com.br\/blog\/\",\"logo\":{\"@type\":\"ImageObject\",\"inLanguage\":\"pt-BR\",\"@id\":\"https:\/\/www.artemadeiras.com.br\/blog\/#\/schema\/logo\/image\/\",\"url\":\"https:\/\/www.artemadeiras.com.br\/blog\/wp-content\/uploads\/2021\/01\/logo-arte-madeiras.png\",\"contentUrl\":\"https:\/\/www.artemadeiras.com.br\/blog\/wp-content\/uploads\/2021\/01\/logo-arte-madeiras.png\",\"width\":255,\"height\":110,\"caption\":\"Blog | Arte madeiras\"},\"image\":{\"@id\":\"https:\/\/www.artemadeiras.com.br\/blog\/#\/schema\/logo\/image\/\"}},{\"@type\":\"Person\",\"@id\":\"https:\/\/www.artemadeiras.com.br\/blog\/#\/schema\/person\/03c7826df62479a35ffcf10a5a652727\",\"name\":\"bloomin\",\"image\":{\"@type\":\"ImageObject\",\"inLanguage\":\"pt-BR\",\"@id\":\"https:\/\/www.artemadeiras.com.br\/blog\/#\/schema\/person\/image\/\",\"url\":\"https:\/\/secure.gravatar.com\/avatar\/161a7ea08f1b8bd365e1697a2453e6c719201075da8bdf298a1c2fc5455ba35d?s=96&d=mm&r=g\",\"contentUrl\":\"https:\/\/secure.gravatar.com\/avatar\/161a7ea08f1b8bd365e1697a2453e6c719201075da8bdf298a1c2fc5455ba35d?s=96&d=mm&r=g\",\"caption\":\"bloomin\"},\"sameAs\":[\"https:\/\/www.artemadeiras.com.br\/blog\"],\"url\":\"https:\/\/www.artemadeiras.com.br\/blog\/author\/bloomin\/\"}]}<\/script>\n<!-- \/ Yoast SEO plugin. -->","yoast_head_json":{"title":"Guia completo para escolher os melhores forros de madeira","description":"Aprenda a escolher os melhores forros de madeira com crit\u00e9rios t\u00e9cnicos, est\u00e9ticos e sustent\u00e1veis para projetos profissionais.","robots":{"index":"index","follow":"follow","max-snippet":"max-snippet:-1","max-image-preview":"max-image-preview:large","max-video-preview":"max-video-preview:-1"},"canonical":"https:\/\/www.artemadeiras.com.br\/blog\/forros\/guia-completo-para-escolher-os-melhores-forros-de-madeira\/","og_locale":"pt_BR","og_type":"article","og_title":"Guia completo para escolher os melhores forros de madeira","og_description":"Aprenda a escolher os melhores forros de madeira com crit\u00e9rios t\u00e9cnicos, est\u00e9ticos e sustent\u00e1veis para projetos profissionais.","og_url":"https:\/\/www.artemadeiras.com.br\/blog\/forros\/guia-completo-para-escolher-os-melhores-forros-de-madeira\/","og_site_name":"Blog | Arte madeiras","article_published_time":"2025-12-08T13:32:00+00:00","article_modified_time":"2025-12-08T18:30:21+00:00","og_image":[{"width":1000,"height":992,"url":"https:\/\/www.artemadeiras.com.br\/blog\/wp-content\/uploads\/2023\/04\/5413.jpg","type":"image\/jpeg"}],"author":"bloomin","twitter_card":"summary_large_image","twitter_misc":{"Escrito por":"bloomin","Est. tempo de leitura":"7 minutos"},"schema":{"@context":"https:\/\/schema.org","@graph":[{"@type":"Article","@id":"https:\/\/www.artemadeiras.com.br\/blog\/forros\/guia-completo-para-escolher-os-melhores-forros-de-madeira\/#article","isPartOf":{"@id":"https:\/\/www.artemadeiras.com.br\/blog\/forros\/guia-completo-para-escolher-os-melhores-forros-de-madeira\/"},"author":{"name":"bloomin","@id":"https:\/\/www.artemadeiras.com.br\/blog\/#\/schema\/person\/03c7826df62479a35ffcf10a5a652727"},"headline":"Guia completo para escolher os melhores forros de madeira","datePublished":"2025-12-08T13:32:00+00:00","dateModified":"2025-12-08T18:30:21+00:00","mainEntityOfPage":{"@id":"https:\/\/www.artemadeiras.com.br\/blog\/forros\/guia-completo-para-escolher-os-melhores-forros-de-madeira\/"},"wordCount":1272,"commentCount":0,"publisher":{"@id":"https:\/\/www.artemadeiras.com.br\/blog\/#organization"},"image":{"@id":"https:\/\/www.artemadeiras.com.br\/blog\/forros\/guia-completo-para-escolher-os-melhores-forros-de-madeira\/#primaryimage"},"thumbnailUrl":"https:\/\/www.artemadeiras.com.br\/blog\/wp-content\/uploads\/2023\/04\/5413.jpg","keywords":["comprar forragem em madeira","comprar forro de madeira","comprar forro de madeira no abc","comprar forro de teto para madeira","comprar forro desenvolvido em madeira","comprar forro em madeira","comprar forro no abc","comprar forros de madeira","comprar forros de madeira em s\u00e3o paulo","distribuidor de forragem em madeira","distribuidor de forro de madeira","distribuidor de forro de teto para madeira","distribuidor de forro desenvolvido em madeira","distribuidor de forro em madeira","distribuidor de forros de madeira","distribuidora de forragem em madeira","distribuidora de forro de madeira","distribuidora de forro de teto para madeira","distribuidora de forro desenvolvido em madeira","distribuidora de forro em madeira","distribuidora de forros de madeira","empresa de forragem em madeira","empresa de forro de madeira","empresa de forro de teto para madeira","empresa de forro desenvolvido em madeira","empresa de forro em madeira","empresa de forros de madeira","f\u00e1brica de forragem em madeira","f\u00e1brica de forro de madeira","f\u00e1brica de forro de teto para madeira","f\u00e1brica de forro desenvolvido em madeira","f\u00e1brica de forro em madeira","f\u00e1brica de forros de madeira","fabricante de forragem em madeira","fabricante de forro de madeira","fabricante de forro de teto para madeira","fabricante de forro desenvolvido em madeira","fabricante de forro em madeira","fabricante de forros de madeira","fornecedor de forragem em madeira","fornecedor de forro de madeira","fornecedor de forro de teto para madeira","fornecedor de forro desenvolvido em madeira","fornecedor de forro em madeira","fornecedor de forros de madeira","forragem em madeira Casa Verde","forragem em madeira direto da fabrica","forragem em madeira em promo\u00e7\u00e3o","forragem em madeira em s\u00e3o paulo","forragem em madeira em sp","forragem em madeira na zona norte","forragem em madeira pre\u00e7o","forro","forro de madeira","forro de madeira Casa Verde","forro de madeira direto da fabrica","forro de madeira em promo\u00e7\u00e3o","forro de madeira em s\u00e3o paulo","forro de madeira em sp","forro de madeira na zona norte","forro de madeira pre\u00e7o","forro de teto para madeira Casa Verde","forro de teto para madeira direto da fabrica","forro de teto para madeira em promo\u00e7\u00e3o","forro de teto para madeira em s\u00e3o paulo","forro de teto para madeira em sp","forro de teto para madeira na zona norte","forro de teto para madeira pre\u00e7o","forro desenvolvido em madeira Casa Verde","forro desenvolvido em madeira direto da fabrica","forro desenvolvido em madeira em promo\u00e7\u00e3o","forro desenvolvido em madeira em s\u00e3o paulo","forro desenvolvido em madeira em sp","forro desenvolvido em madeira na zona norte","forro desenvolvido em madeira pre\u00e7o","forro em madeira Casa Verde","forro em madeira direto da fabrica","forro em madeira em promo\u00e7\u00e3o","forro em madeira em s\u00e3o paulo","forro em madeira em sp","forro em madeira na zona norte","forro em madeira pre\u00e7o","forros","forros de madeira","forros de madeira Casa Verde","forros de madeira direto da fabrica","forros de madeira em cajamar","forros de madeira em guarulhos","forros de madeira em promo\u00e7\u00e3o","forros de madeira em s\u00e3o caetano","forros de madeira em S\u00e3o Paulo","forros de madeira em sp","forros de madeira na zona norte","forros de madeira no abc","forros de madeira pre\u00e7o","loja de forragem em madeira","loja de forro de madeira","loja de forro de teto para madeira","loja de forro desenvolvido em madeira","loja de forro em madeira","loja de forros de madeira","onde encontrar forragem em madeira","onde encontrar forro de teto para madeira","onde encontrar forro desenvolvido em madeira","revendedor de forragem em madeira","revendedor de forro de madeira","revendedor de forro de teto para madeira","revendedor de forro desenvolvido em madeira","revendedor de forro em madeira","revendedor de forros de madeira","tipos de forros de madeira"],"articleSection":["Forros"],"inLanguage":"pt-BR","potentialAction":[{"@type":"CommentAction","name":"Comment","target":["https:\/\/www.artemadeiras.com.br\/blog\/forros\/guia-completo-para-escolher-os-melhores-forros-de-madeira\/#respond"]}]},{"@type":"WebPage","@id":"https:\/\/www.artemadeiras.com.br\/blog\/forros\/guia-completo-para-escolher-os-melhores-forros-de-madeira\/","url":"https:\/\/www.artemadeiras.com.br\/blog\/forros\/guia-completo-para-escolher-os-melhores-forros-de-madeira\/","name":"Guia completo para escolher os melhores forros de madeira","isPartOf":{"@id":"https:\/\/www.artemadeiras.com.br\/blog\/#website"},"primaryImageOfPage":{"@id":"https:\/\/www.artemadeiras.com.br\/blog\/forros\/guia-completo-para-escolher-os-melhores-forros-de-madeira\/#primaryimage"},"image":{"@id":"https:\/\/www.artemadeiras.com.br\/blog\/forros\/guia-completo-para-escolher-os-melhores-forros-de-madeira\/#primaryimage"},"thumbnailUrl":"https:\/\/www.artemadeiras.com.br\/blog\/wp-content\/uploads\/2023\/04\/5413.jpg","datePublished":"2025-12-08T13:32:00+00:00","dateModified":"2025-12-08T18:30:21+00:00","description":"Aprenda a escolher os melhores forros de madeira com crit\u00e9rios t\u00e9cnicos, est\u00e9ticos e sustent\u00e1veis para projetos profissionais.","breadcrumb":{"@id":"https:\/\/www.artemadeiras.com.br\/blog\/forros\/guia-completo-para-escolher-os-melhores-forros-de-madeira\/#breadcrumb"},"inLanguage":"pt-BR","potentialAction":[{"@type":"ReadAction","target":["https:\/\/www.artemadeiras.com.br\/blog\/forros\/guia-completo-para-escolher-os-melhores-forros-de-madeira\/"]}]},{"@type":"ImageObject","inLanguage":"pt-BR","@id":"https:\/\/www.artemadeiras.com.br\/blog\/forros\/guia-completo-para-escolher-os-melhores-forros-de-madeira\/#primaryimage","url":"https:\/\/www.artemadeiras.com.br\/blog\/wp-content\/uploads\/2023\/04\/5413.jpg","contentUrl":"https:\/\/www.artemadeiras.com.br\/blog\/wp-content\/uploads\/2023\/04\/5413.jpg","width":1000,"height":992,"caption":"Guia completo para escolher os melhores forros de madeira"},{"@type":"BreadcrumbList","@id":"https:\/\/www.artemadeiras.com.br\/blog\/forros\/guia-completo-para-escolher-os-melhores-forros-de-madeira\/#breadcrumb","itemListElement":[{"@type":"ListItem","position":1,"name":"In\u00edcio","item":"https:\/\/www.artemadeiras.com.br\/blog\/"},{"@type":"ListItem","position":2,"name":"Guia completo para escolher os melhores forros de madeira"}]},{"@type":"WebSite","@id":"https:\/\/www.artemadeiras.com.br\/blog\/#website","url":"https:\/\/www.artemadeiras.com.br\/blog\/","name":"Blog | Arte madeiras","description":"Dicas e Novidades sobre Madeiras","publisher":{"@id":"https:\/\/www.artemadeiras.com.br\/blog\/#organization"},"potentialAction":[{"@type":"SearchAction","target":{"@type":"EntryPoint","urlTemplate":"https:\/\/www.artemadeiras.com.br\/blog\/?s={search_term_string}"},"query-input":{"@type":"PropertyValueSpecification","valueRequired":true,"valueName":"search_term_string"}}],"inLanguage":"pt-BR"},{"@type":"Organization","@id":"https:\/\/www.artemadeiras.com.br\/blog\/#organization","name":"Blog | Arte madeiras","url":"https:\/\/www.artemadeiras.com.br\/blog\/","logo":{"@type":"ImageObject","inLanguage":"pt-BR","@id":"https:\/\/www.artemadeiras.com.br\/blog\/#\/schema\/logo\/image\/","url":"https:\/\/www.artemadeiras.com.br\/blog\/wp-content\/uploads\/2021\/01\/logo-arte-madeiras.png","contentUrl":"https:\/\/www.artemadeiras.com.br\/blog\/wp-content\/uploads\/2021\/01\/logo-arte-madeiras.png","width":255,"height":110,"caption":"Blog | Arte madeiras"},"image":{"@id":"https:\/\/www.artemadeiras.com.br\/blog\/#\/schema\/logo\/image\/"}},{"@type":"Person","@id":"https:\/\/www.artemadeiras.com.br\/blog\/#\/schema\/person\/03c7826df62479a35ffcf10a5a652727","name":"bloomin","image":{"@type":"ImageObject","inLanguage":"pt-BR","@id":"https:\/\/www.artemadeiras.com.br\/blog\/#\/schema\/person\/image\/","url":"https:\/\/secure.gravatar.com\/avatar\/161a7ea08f1b8bd365e1697a2453e6c719201075da8bdf298a1c2fc5455ba35d?s=96&d=mm&r=g","contentUrl":"https:\/\/secure.gravatar.com\/avatar\/161a7ea08f1b8bd365e1697a2453e6c719201075da8bdf298a1c2fc5455ba35d?s=96&d=mm&r=g","caption":"bloomin"},"sameAs":["https:\/\/www.artemadeiras.com.br\/blog"],"url":"https:\/\/www.artemadeiras.com.br\/blog\/author\/bloomin\/"}]}},"_links":{"self":[{"href":"https:\/\/www.artemadeiras.com.br\/blog\/wp-json\/wp\/v2\/posts\/33","targetHints":{"allow":["GET"]}}],"collection":[{"href":"https:\/\/www.artemadeiras.com.br\/blog\/wp-json\/wp\/v2\/posts"}],"about":[{"href":"https:\/\/www.artemadeiras.com.br\/blog\/wp-json\/wp\/v2\/types\/post"}],"author":[{"embeddable":true,"href":"https:\/\/www.artemadeiras.com.br\/blog\/wp-json\/wp\/v2\/users\/1"}],"replies":[{"embeddable":true,"href":"https:\/\/www.artemadeiras.com.br\/blog\/wp-json\/wp\/v2\/comments?post=33"}],"version-history":[{"count":2,"href":"https:\/\/www.artemadeiras.com.br\/blog\/wp-json\/wp\/v2\/posts\/33\/revisions"}],"predecessor-version":[{"id":345,"href":"https:\/\/www.artemadeiras.com.br\/blog\/wp-json\/wp\/v2\/posts\/33\/revisions\/345"}],"wp:featuredmedia":[{"embeddable":true,"href":"https:\/\/www.artemadeiras.com.br\/blog\/wp-json\/wp\/v2\/media\/344"}],"wp:attachment":[{"href":"https:\/\/www.artemadeiras.com.br\/blog\/wp-json\/wp\/v2\/media?parent=33"}],"wp:term":[{"taxonomy":"category","embeddable":true,"href":"https:\/\/www.artemadeiras.com.br\/blog\/wp-json\/wp\/v2\/categories?post=33"},{"taxonomy":"post_tag","embeddable":true,"href":"https:\/\/www.artemadeiras.com.br\/blog\/wp-json\/wp\/v2\/tags?post=33"}],"curies":[{"name":"wp","href":"https:\/\/api.w.org\/{rel}","templated":true}]}}