{"id":329,"date":"2025-11-12T08:19:28","date_gmt":"2025-11-12T11:19:28","guid":{"rendered":"https:\/\/www.artemadeiras.com.br\/blog\/?p=329"},"modified":"2025-11-12T08:22:37","modified_gmt":"2025-11-12T11:22:37","slug":"design-e-resistencia-como-a-chapa-de-compensado-naval-une-estetica-e-performance","status":"publish","type":"post","link":"https:\/\/www.artemadeiras.com.br\/blog\/compensados\/design-e-resistencia-como-a-chapa-de-compensado-naval-une-estetica-e-performance\/","title":{"rendered":"Design e resist\u00eancia: como a chapa de compensado naval une est\u00e9tica e performance"},"content":{"rendered":"<span class=\"rt-reading-time\" style=\"display: block;\"><span class=\"rt-label rt-prefix\">Tempo de leitura<\/span> <span class=\"rt-time\">4<\/span> <span class=\"rt-label rt-postfix\">minutos<\/span><\/span>\n<p class=\"has-medium-font-size\"><strong><em>Descubra por que a chapa de compensado naval \u00e9 o material que melhor combina design, resist\u00eancia e sustentabilidade.<\/em><\/strong><\/p>\n\n\n\n<p>No universo do design e da arquitetura, poucos materiais oferecem uma combina\u00e7\u00e3o t\u00e3o equilibrada entre <strong>beleza natural e resist\u00eancia estrutural<\/strong> quanto a <strong>chapa de compensado naval<\/strong>.&nbsp;<\/p>\n\n\n\n<p>Com um acabamento elegante e desempenho t\u00e9cnico not\u00e1vel, esse material vem conquistando cada vez mais espa\u00e7o em projetos residenciais, comerciais e n\u00e1uticos.<\/p>\n\n\n\n<p>Mais do que um simples painel de madeira, o compensado naval \u00e9 resultado de um processo industrial minucioso, pensado para suportar as condi\u00e7\u00f5es mais adversas. Sua est\u00e9tica refinada e a durabilidade incompar\u00e1vel o tornam a escolha perfeita para quem busca <strong>sofistica\u00e7\u00e3o sem abrir m\u00e3o da performance<\/strong>.<\/p>\n\n\n\n<p>A seguir, vamos explorar o que torna a <strong>chapa de compensado naval<\/strong> t\u00e3o especial e por que ela \u00e9 a melhor op\u00e7\u00e3o para unir <strong>design, resist\u00eancia e sustentabilidade<\/strong> em qualquer ambiente.<\/p>\n\n\n\n<div id=\"ez-toc-container\" class=\"ez-toc-v2_0_66_1 counter-hierarchy ez-toc-counter ez-toc-grey ez-toc-container-direction\">\n<div class=\"ez-toc-title-container\">\n<p class=\"ez-toc-title \" >T&oacute;picos do artigo<\/p>\n<span class=\"ez-toc-title-toggle\"><a href=\"#\" class=\"ez-toc-pull-right ez-toc-btn ez-toc-btn-xs ez-toc-btn-default ez-toc-toggle\" aria-label=\"Toggle Table of Content\"><span class=\"ez-toc-js-icon-con\"><span class=\"\"><span class=\"eztoc-hide\" style=\"display:none;\">Toggle<\/span><span class=\"ez-toc-icon-toggle-span\"><svg style=\"fill: #999;color:#999\" xmlns=\"http:\/\/www.w3.org\/2000\/svg\" class=\"list-377408\" width=\"20px\" height=\"20px\" viewBox=\"0 0 24 24\" fill=\"none\"><path d=\"M6 6H4v2h2V6zm14 0H8v2h12V6zM4 11h2v2H4v-2zm16 0H8v2h12v-2zM4 16h2v2H4v-2zm16 0H8v2h12v-2z\" fill=\"currentColor\"><\/path><\/svg><svg style=\"fill: #999;color:#999\" class=\"arrow-unsorted-368013\" xmlns=\"http:\/\/www.w3.org\/2000\/svg\" width=\"10px\" height=\"10px\" viewBox=\"0 0 24 24\" version=\"1.2\" baseProfile=\"tiny\"><path d=\"M18.2 9.3l-6.2-6.3-6.2 6.3c-.2.2-.3.4-.3.7s.1.5.3.7c.2.2.4.3.7.3h11c.3 0 .5-.1.7-.3.2-.2.3-.5.3-.7s-.1-.5-.3-.7zM5.8 14.7l6.2 6.3 6.2-6.3c.2-.2.3-.5.3-.7s-.1-.5-.3-.7c-.2-.2-.4-.3-.7-.3h-11c-.3 0-.5.1-.7.3-.2.2-.3.5-.3.7s.1.5.3.7z\"\/><\/svg><\/span><\/span><\/span><\/a><\/span><\/div>\n<nav><ul class='ez-toc-list ez-toc-list-level-1 ' ><li class='ez-toc-page-1 ez-toc-heading-level-2'><a class=\"ez-toc-link ez-toc-heading-1\" href=\"https:\/\/www.artemadeiras.com.br\/blog\/compensados\/design-e-resistencia-como-a-chapa-de-compensado-naval-une-estetica-e-performance\/#Chapa_de_compensado_naval_estrutura_que_garante_resistencia_e_longevidade\" title=\"Chapa de compensado naval: estrutura que garante resist\u00eancia e longevidade\">Chapa de compensado naval: estrutura que garante resist\u00eancia e longevidade<\/a><\/li><li class='ez-toc-page-1 ez-toc-heading-level-2'><a class=\"ez-toc-link ez-toc-heading-2\" href=\"https:\/\/www.artemadeiras.com.br\/blog\/compensados\/design-e-resistencia-como-a-chapa-de-compensado-naval-une-estetica-e-performance\/#Design_com_naturalidade_a_beleza_da_chapa_de_compensado_naval\" title=\"Design com naturalidade: a beleza da chapa de compensado naval\">Design com naturalidade: a beleza da chapa de compensado naval<\/a><\/li><li class='ez-toc-page-1 ez-toc-heading-level-2'><a class=\"ez-toc-link ez-toc-heading-3\" href=\"https:\/\/www.artemadeiras.com.br\/blog\/compensados\/design-e-resistencia-como-a-chapa-de-compensado-naval-une-estetica-e-performance\/#Desempenho_tecnico_resistencia_alem_da_estetica\" title=\"Desempenho t\u00e9cnico: resist\u00eancia al\u00e9m da est\u00e9tica\">Desempenho t\u00e9cnico: resist\u00eancia al\u00e9m da est\u00e9tica<\/a><\/li><li class='ez-toc-page-1 ez-toc-heading-level-2'><a class=\"ez-toc-link ez-toc-heading-4\" href=\"https:\/\/www.artemadeiras.com.br\/blog\/compensados\/design-e-resistencia-como-a-chapa-de-compensado-naval-une-estetica-e-performance\/#Aplicacoes_praticas_da_chapa_de_compensado_naval_em_design_e_arquitetura\" title=\"Aplica\u00e7\u00f5es pr\u00e1ticas da chapa de compensado naval em design e arquitetura\">Aplica\u00e7\u00f5es pr\u00e1ticas da chapa de compensado naval em design e arquitetura<\/a><\/li><li class='ez-toc-page-1 ez-toc-heading-level-2'><a class=\"ez-toc-link ez-toc-heading-5\" href=\"https:\/\/www.artemadeiras.com.br\/blog\/compensados\/design-e-resistencia-como-a-chapa-de-compensado-naval-une-estetica-e-performance\/#Sustentabilidade_e_responsabilidade_ambiental\" title=\"Sustentabilidade e responsabilidade ambiental\">Sustentabilidade e responsabilidade ambiental<\/a><\/li><li class='ez-toc-page-1 ez-toc-heading-level-2'><a class=\"ez-toc-link ez-toc-heading-6\" href=\"https:\/\/www.artemadeiras.com.br\/blog\/compensados\/design-e-resistencia-como-a-chapa-de-compensado-naval-une-estetica-e-performance\/#Chapa_de_compensado_naval_da_Arte_Madeiras_qualidade_e_confianca_que_duram\" title=\"Chapa de compensado naval da Arte Madeiras: qualidade e confian\u00e7a que duram\">Chapa de compensado naval da Arte Madeiras: qualidade e confian\u00e7a que duram<\/a><\/li><\/ul><\/nav><\/div>\n<h2 class=\"wp-block-heading\"><span class=\"ez-toc-section\" id=\"Chapa_de_compensado_naval_estrutura_que_garante_resistencia_e_longevidade\"><\/span><strong>Chapa de compensado naval: estrutura que garante resist\u00eancia e longevidade<\/strong><span class=\"ez-toc-section-end\"><\/span><\/h2>\n\n\n\n<p>A <strong>chapa de compensado naval<\/strong> \u00e9 composta por <strong>l\u00e2minas de madeiras tropicais sobrepostas em sentidos alternados<\/strong>, sempre em n\u00famero \u00edmpar. Essa t\u00e9cnica confere <strong>estabilidade dimensional<\/strong> e evita deforma\u00e7\u00f5es mesmo sob varia\u00e7\u00f5es de temperatura e umidade.<\/p>\n\n\n\n<p>Essas l\u00e2minas s\u00e3o fixadas com <strong>cola do tipo fen\u00f3lico (WBP)<\/strong> \u2014 resistente \u00e0 \u00e1gua e \u00e0 a\u00e7\u00e3o de agentes biol\u00f3gicos \u2014 \u00e0 qual se adiciona <strong>imunizante contra fungos e cupins<\/strong>.&nbsp;<\/p>\n\n\n\n<p>Ap\u00f3s a colagem, o painel \u00e9 <strong>prensado a quente e lixado<\/strong>, garantindo um acabamento uniforme e livre de irregularidades.<\/p>\n\n\n\n<p>O resultado \u00e9 um material <strong>altamente resistente \u00e0 umidade, \u00e0 delamina\u00e7\u00e3o e \u00e0 infesta\u00e7\u00e3o<\/strong>, ideal para <strong>projetos que exigem desempenho superior em ambientes \u00famidos ou externos<\/strong>.&nbsp;<\/p>\n\n\n\n<p>Essa estrutura torna o compensado naval perfeito para usos que v\u00e3o desde m\u00f3veis de banheiro e cozinhas at\u00e9 o interior de embarca\u00e7\u00f5es.<\/p>\n\n\n\n<ul class=\"wp-block-list\">\n<li><a href=\"https:\/\/www.artemadeiras.com.br\/blog\/compensados\/onde-comprar-compensado-de-madeira-encontre-o-que-precisa-na-arte-madeiras\/\">Onde comprar compensado de madeira? Encontre o que precisa na Arte Madeiras<\/a><\/li>\n<\/ul>\n\n\n\n<h2 class=\"wp-block-heading\"><span class=\"ez-toc-section\" id=\"Design_com_naturalidade_a_beleza_da_chapa_de_compensado_naval\"><\/span><strong>Design com naturalidade: a beleza da chapa de compensado naval<\/strong><span class=\"ez-toc-section-end\"><\/span><\/h2>\n\n\n\n<p>Al\u00e9m da resist\u00eancia, a <strong>chapa de compensado naval<\/strong> impressiona pelo seu <strong>aspecto est\u00e9tico natural e sofisticado<\/strong>. Uma de suas faces apresenta <strong>tonalidade homog\u00eanea e uniforme<\/strong>, perfeita para acabamentos finos e aplica\u00e7\u00f5es vis\u00edveis em projetos de design de interiores.<\/p>\n\n\n<div class=\"wp-block-image\">\n<figure class=\"alignright size-full is-resized\"><img loading=\"lazy\" decoding=\"async\" width=\"800\" height=\"450\" src=\"https:\/\/www.artemadeiras.com.br\/blog\/wp-content\/uploads\/2025\/11\/compensado-virolinha4.jpeg\" alt=\"Design e resist\u00eancia: como a chapa de compensado naval une est\u00e9tica e performance\n\" class=\"wp-image-331\" style=\"width:315px;height:auto\" srcset=\"https:\/\/www.artemadeiras.com.br\/blog\/wp-content\/uploads\/2025\/11\/compensado-virolinha4.jpeg 800w, https:\/\/www.artemadeiras.com.br\/blog\/wp-content\/uploads\/2025\/11\/compensado-virolinha4-300x169.jpeg 300w, https:\/\/www.artemadeiras.com.br\/blog\/wp-content\/uploads\/2025\/11\/compensado-virolinha4-768x432.jpeg 768w\" sizes=\"auto, (max-width: 800px) 100vw, 800px\" \/><\/figure>\n<\/div>\n\n\n<p>J\u00e1 o verso, com varia\u00e7\u00f5es de cor e pequenas imperfei\u00e7\u00f5es, refor\u00e7a o car\u00e1ter artesanal do material \u2014 um detalhe muito valorizado em composi\u00e7\u00f5es que buscam <strong>autenticidade e textura natural da madeira<\/strong>.<\/p>\n\n\n\n<p>Esse equil\u00edbrio entre t\u00e9cnica e est\u00e9tica faz com que o compensado naval seja amplamente utilizado em <strong>m\u00f3veis planejados, pain\u00e9is decorativos, tampos de bancada, revestimentos e at\u00e9 fachadas de estilo contempor\u00e2neo<\/strong>.<\/p>\n\n\n\n<p>Projetos que utilizam esse material conseguem <strong>unir beleza e funcionalidade<\/strong>, criando ambientes aconchegantes e elegantes, sem comprometer a durabilidade.<\/p>\n\n\n\n<ul class=\"wp-block-list\">\n<li><a href=\"https:\/\/www.artemadeiras.com.br\/blog\/compensados\/compensado-virolinha-o-segredo-para-projetos-com-acabamentos-de-qualidade\/\">Compensado virolinha: o segredo para projetos com acabamentos de qualidade<\/a><\/li>\n<\/ul>\n\n\n\n<h2 class=\"wp-block-heading\"><span class=\"ez-toc-section\" id=\"Desempenho_tecnico_resistencia_alem_da_estetica\"><\/span><strong>Desempenho t\u00e9cnico: resist\u00eancia al\u00e9m da est\u00e9tica<\/strong><span class=\"ez-toc-section-end\"><\/span><\/h2>\n\n\n\n<p>A for\u00e7a da <strong>chapa de compensado naval<\/strong> vai muito al\u00e9m do visual. Sua estrutura multicamadas garante <strong>resist\u00eancia mec\u00e2nica elevada<\/strong>, suportando cargas, impactos e umidade de forma cont\u00ednua e segura.<\/p>\n\n\n\n<p>Diferente dos compensados comuns, o naval mant\u00e9m suas propriedades mesmo ap\u00f3s exposi\u00e7\u00e3o prolongada \u00e0 \u00e1gua. Isso \u00e9 poss\u00edvel gra\u00e7as \u00e0 <strong>cola fen\u00f3lica WBP<\/strong>, usada tamb\u00e9m em aplica\u00e7\u00f5es n\u00e1uticas e industriais.<\/p>\n\n\n\n<p>Entre os principais benef\u00edcios t\u00e9cnicos, destacam-se:<\/p>\n\n\n\n<ul class=\"wp-block-list\">\n<li><strong>Alta durabilidade em ambientes \u00famidos<\/strong>, como cozinhas, banheiros e laborat\u00f3rios;<br><\/li>\n\n\n\n<li><strong>Resist\u00eancia a fungos e cupins<\/strong>, devido ao tratamento imunizante;<br><\/li>\n\n\n\n<li><strong>Estabilidade estrutural<\/strong>, evitando empenamentos;<br><\/li>\n\n\n\n<li><strong>Baixa absor\u00e7\u00e3o de umidade<\/strong>, garantindo longevidade;<br><\/li>\n\n\n\n<li><strong>Superf\u00edcie lisa<\/strong>, ideal para acabamentos e pinturas.<br><\/li>\n<\/ul>\n\n\n\n<p>Essas propriedades fazem da <strong>chapa de compensado naval<\/strong> uma escolha confi\u00e1vel para <strong>arquitetos, designers e engenheiros<\/strong> que buscam materiais de alta performance sem abrir m\u00e3o da est\u00e9tica.<\/p>\n\n\n\n<h2 class=\"wp-block-heading\"><span class=\"ez-toc-section\" id=\"Aplicacoes_praticas_da_chapa_de_compensado_naval_em_design_e_arquitetura\"><\/span><strong>Aplica\u00e7\u00f5es pr\u00e1ticas da chapa de compensado naval em design e arquitetura<\/strong><span class=\"ez-toc-section-end\"><\/span><\/h2>\n\n\n\n<p>A versatilidade \u00e9 outro diferencial da <strong>chapa de compensado naval<\/strong>. Seu uso abrange desde <strong>projetos de interiores sofisticados<\/strong> at\u00e9 <strong>estruturas t\u00e9cnicas e embarca\u00e7\u00f5es<\/strong>.<\/p>\n\n\n\n<p>Algumas das aplica\u00e7\u00f5es mais comuns incluem:<\/p>\n\n\n\n<ul class=\"wp-block-list\">\n<li><strong>Estrutura de m\u00f3veis sob medida<\/strong> para cozinhas, banheiros e \u00e1reas externas;<br><br><\/li>\n\n\n\n<li><strong>Revestimentos decorativos e pain\u00e9is de parede<\/strong> com acabamento natural;<br><br><\/li>\n\n\n\n<li><strong>Bancadas e tampos resistentes \u00e0 \u00e1gua e calor<\/strong>;<br><br><\/li>\n\n\n\n<li><strong>Divis\u00f3rias e mobili\u00e1rio para laborat\u00f3rios e hospitais<\/strong>, onde a resist\u00eancia \u00e0 umidade \u00e9 essencial;<br><br><\/li>\n\n\n\n<li><strong>Interiores de barcos e embarca\u00e7\u00f5es<\/strong>, pela durabilidade em contato direto com \u00e1gua.<br><\/li>\n<\/ul>\n\n\n\n<p>Em todas essas situa\u00e7\u00f5es, o compensado naval se destaca por <strong>entregar est\u00e9tica, resist\u00eancia e f\u00e1cil manuten\u00e7\u00e3o<\/strong>, mantendo seu aspecto por muitos anos mesmo sob uso intenso.<\/p>\n\n\n\n<h2 class=\"wp-block-heading\"><span class=\"ez-toc-section\" id=\"Sustentabilidade_e_responsabilidade_ambiental\"><\/span><strong>Sustentabilidade e responsabilidade ambiental<\/strong><span class=\"ez-toc-section-end\"><\/span><\/h2>\n\n\n\n<p>Outro ponto de destaque da <strong>chapa de compensado naval<\/strong> \u00e9 seu papel na sustentabilidade. Quando proveniente de fontes controladas, o material se torna uma <strong>alternativa ecol\u00f3gica<\/strong> para constru\u00e7\u00f5es e m\u00f3veis dur\u00e1veis.<\/p>\n\n\n\n<p>Empresas comprometidas com o meio ambiente utilizam <strong>madeiras certificadas e processos de produ\u00e7\u00e3o respons\u00e1veis<\/strong>, o que reduz impactos ambientais e assegura a origem legal do produto.<\/p>\n\n\n\n<p>Al\u00e9m disso, a durabilidade do compensado naval reduz a necessidade de reposi\u00e7\u00e3o constante, o que significa <strong>menor consumo de recursos naturais<\/strong> e menos res\u00edduos gerados a longo prazo.<\/p>\n\n\n\n<p>Assim, escolher esse material \u00e9 tamb\u00e9m <strong>investir em um design sustent\u00e1vel e consciente<\/strong>, alinhado \u00e0s exig\u00eancias atuais de responsabilidade ambiental.<\/p>\n\n\n\n<ul class=\"wp-block-list\">\n<li><a href=\"https:\/\/www.artemadeiras.com.br\/blog\/chapas\/tipos-de-chapas-de-madeira-qual-escolher-para-cada-projeto\/\">Tipos de chapas de madeira: qual escolher para cada projeto?<\/a><\/li>\n<\/ul>\n\n\n\n<h2 class=\"wp-block-heading\"><span class=\"ez-toc-section\" id=\"Chapa_de_compensado_naval_da_Arte_Madeiras_qualidade_e_confianca_que_duram\"><\/span><strong>Chapa de compensado naval da Arte Madeiras: qualidade e confian\u00e7a que duram<\/strong><span class=\"ez-toc-section-end\"><\/span><\/h2>\n\n\n\n<p>H\u00e1 mais de <strong>28 anos de tradi\u00e7\u00e3o<\/strong>, a <strong>Arte Madeiras<\/strong> se consolidou na <strong>Zona Norte de S\u00e3o Paulo<\/strong> como uma das principais fornecedoras de <strong>madeiras e chapas especiais<\/strong> para a <strong>constru\u00e7\u00e3o civil, ind\u00fastria moveleira, arquitetos e decoradores<\/strong>.<\/p>\n\n\n\n<p>A <strong>chapa de compensado naval da Arte Madeiras<\/strong> \u00e9 fabricada com <strong>madeiras tropicais de origem controlada<\/strong>, <strong>cola fen\u00f3lica WBP de alta resist\u00eancia<\/strong> e <strong>imuniza\u00e7\u00e3o completa contra fungos e cupins<\/strong>.&nbsp;<\/p>\n\n\n\n<p>Todos os produtos possuem <strong>certifica\u00e7\u00e3o e controle de origem pelos \u00f3rg\u00e3os ambientais (IBAMA e Secretaria do Meio Ambiente)<\/strong> e contam com o selo do <strong>Programa QUALIMADEIRA<\/strong>, que atesta a qualidade e sustentabilidade das madeiras brasileiras.<\/p>\n\n\n\n<p><strong>Se voc\u00ea busca resist\u00eancia, eleg\u00e2ncia e sustentabilidade, escolha a chapa de compensado naval da Arte Madeiras.<\/strong><\/p>\n\n\n\n<p><strong><a href=\"https:\/\/www.artemadeiras.com.br\/contato\" class=\"rank-math-link\">Entre em contato com nossa equipe e descubra como transformar seu projeto com o melhor do design e da natureza.<\/a><\/strong><\/p>\n","protected":false},"excerpt":{"rendered":"<p><span class=\"rt-reading-time\" style=\"display: block;\"><span class=\"rt-label rt-prefix\">Tempo de leitura<\/span> <span class=\"rt-time\">4<\/span> <span class=\"rt-label rt-postfix\">minutos<\/span><\/span> Descubra por que a chapa de compensado naval \u00e9 o material que melhor combina design, resist\u00eancia e sustentabilidade. No universo do design e da arquitetura, poucos materiais oferecem uma combina\u00e7\u00e3o t\u00e3o equilibrada entre beleza natural e resist\u00eancia estrutural quanto a&#8230;<\/p>\n","protected":false},"author":1,"featured_media":330,"comment_status":"open","ping_status":"open","sticky":false,"template":"","format":"standard","meta":{"footnotes":""},"categories":[524,894],"tags":[2648,1079,2668,2692,2687,2688,2676,2693,2672,2680,2689,2694,2691,2671,2670,2686,2684,2690,2682,2675,2683,2679,2677,2685,2681,2678,2667,2673,2669,2674,2639,2643,2655,2662,2652,2660,2466,2635,2642,823,2656,2650,2640,2641,828,2408,2638,2637,2664,2665,2666,1074,2634,2636,2644,2659,2654,2651,2661,2645,2657,2649,2663,2646,2658,2647,2653,1365],"class_list":["post-329","post","type-post","status-publish","format-standard","has-post-thumbnail","hentry","category-compensados","category-chapas","tag-a-chapa-de-compensado-naval-e-resistente-a-agua","tag-arte-madeiras","tag-chapa-de-compensado-naval-comprar","tag-chapa-de-compensado-naval-em-diadema","tag-chapa-de-compensado-naval-em-guarulhos","tag-chapa-de-compensado-naval-em-lauzane-paulista","tag-chapa-de-compensado-naval-em-limao","tag-chapa-de-compensado-naval-em-osasco","tag-chapa-de-compensado-naval-em-promocao","tag-chapa-de-compensado-naval-em-santana","tag-chapa-de-compensado-naval-em-santo-andre","tag-chapa-de-compensado-naval-em-sao-bernardo","tag-chapa-de-compensado-naval-em-sao-caetano","tag-chapa-de-compensado-naval-em-sao-paulo","tag-chapa-de-compensado-naval-em-sp","tag-chapa-de-compensado-naval-na-agua-branca","tag-chapa-de-compensado-naval-na-cachoeirinha","tag-chapa-de-compensado-naval-na-casa-verde","tag-chapa-de-compensado-naval-na-freguesia-do-o","tag-chapa-de-compensado-naval-na-zona-leste","tag-chapa-de-compensado-naval-na-zona-norte","tag-chapa-de-compensado-naval-na-zona-oeste","tag-chapa-de-compensado-naval-na-zona-sul","tag-chapa-de-compensado-naval-no-abc","tag-chapa-de-compensado-naval-no-centro","tag-chapa-de-compensado-naval-no-imirim","tag-chapa-de-compensado-naval-onde-encontrar","tag-chapa-de-compensado-naval-perto-de-mim","tag-chapa-de-compensado-naval-preco","tag-chapa-de-compensado-naval-proximo-a-mim","tag-chapa-naval-certificada","tag-chapa-resistente-a-agua","tag-como-conservar-chapa-de-compensado-naval","tag-como-e-feita-a-chapa-de-compensado-naval","tag-como-identificar-um-compensado-naval-de-qualidade","tag-como-usar-compensado-naval-em-design","tag-compensado-ecologico","tag-compensado-fenolico","tag-compensado-nautico","tag-compensado-naval","tag-compensado-naval-e-bom-para-cozinha","tag-compensado-naval-pode-ser-usado-em-moveis","tag-compensado-para-banheiro","tag-compensado-para-cozinha","tag-compensado-para-moveis","tag-compensado-sustentavel","tag-design-em-madeira","tag-durabilidade-da-madeira","tag-empresa-de-chapa-de-compensado-naval","tag-fornecedor-de-chapa-de-compensado-naval","tag-loja-de-chapa-de-compensado-naval","tag-madeira-certificada","tag-madeira-naval","tag-madeira-tropical","tag-marcenaria-profissional","tag-o-compensado-naval-e-duravel","tag-o-compensado-naval-e-resistente-a-fungos","tag-o-compensado-naval-e-sustentavel","tag-o-compensado-naval-serve-para-barcos","tag-o-que-e-chapa-de-compensado-naval","tag-o-que-e-cola-fenolica-wbp","tag-onde-comprar-compensado-naval","tag-onde-encontrar-compensado-naval-certificado","tag-para-que-serve-o-compensado-naval","tag-quais-as-aplicacoes-do-compensado-naval","tag-qual-a-diferenca-entre-compensado-naval-e-comum","tag-qual-cola-e-usada-no-compensado-naval","tag-resistencia-a-umidade"],"yoast_head":"<!-- This site is optimized with the Yoast SEO plugin v23.6 - https:\/\/yoast.com\/wordpress\/plugins\/seo\/ -->\n<title>Design e resist\u00eancia: como a chapa de compensado naval une est\u00e9tica e performance - Blog | Arte madeiras<\/title>\n<meta name=\"description\" content=\"Descubra por que a chapa de compensado naval \u00e9 o material que melhor combina design, resist\u00eancia e sustentabilidade.\" \/>\n<meta name=\"robots\" content=\"index, follow, max-snippet:-1, max-image-preview:large, max-video-preview:-1\" \/>\n<link rel=\"canonical\" href=\"https:\/\/www.artemadeiras.com.br\/blog\/compensados\/design-e-resistencia-como-a-chapa-de-compensado-naval-une-estetica-e-performance\/\" \/>\n<meta property=\"og:locale\" content=\"pt_BR\" \/>\n<meta property=\"og:type\" content=\"article\" \/>\n<meta property=\"og:title\" content=\"Design e resist\u00eancia: como a chapa de compensado naval une est\u00e9tica e performance - Blog | Arte madeiras\" \/>\n<meta property=\"og:description\" content=\"Descubra por que a chapa de compensado naval \u00e9 o material que melhor combina design, resist\u00eancia e sustentabilidade.\" \/>\n<meta property=\"og:url\" content=\"https:\/\/www.artemadeiras.com.br\/blog\/compensados\/design-e-resistencia-como-a-chapa-de-compensado-naval-une-estetica-e-performance\/\" \/>\n<meta property=\"og:site_name\" content=\"Blog | Arte madeiras\" \/>\n<meta property=\"article:published_time\" content=\"2025-11-12T11:19:28+00:00\" \/>\n<meta property=\"article:modified_time\" content=\"2025-11-12T11:22:37+00:00\" \/>\n<meta property=\"og:image\" content=\"https:\/\/www.artemadeiras.com.br\/blog\/wp-content\/uploads\/2025\/11\/compensado-virolinha9.jpeg\" \/>\n\t<meta property=\"og:image:width\" content=\"800\" \/>\n\t<meta property=\"og:image:height\" content=\"450\" \/>\n\t<meta property=\"og:image:type\" content=\"image\/jpeg\" \/>\n<meta name=\"author\" content=\"bloomin\" \/>\n<meta name=\"twitter:card\" content=\"summary_large_image\" \/>\n<meta name=\"twitter:label1\" content=\"Escrito por\" \/>\n\t<meta name=\"twitter:data1\" content=\"bloomin\" \/>\n\t<meta name=\"twitter:label2\" content=\"Est. tempo de leitura\" \/>\n\t<meta name=\"twitter:data2\" content=\"6 minutos\" \/>\n<script type=\"application\/ld+json\" class=\"yoast-schema-graph\">{\"@context\":\"https:\/\/schema.org\",\"@graph\":[{\"@type\":\"Article\",\"@id\":\"https:\/\/www.artemadeiras.com.br\/blog\/compensados\/design-e-resistencia-como-a-chapa-de-compensado-naval-une-estetica-e-performance\/#article\",\"isPartOf\":{\"@id\":\"https:\/\/www.artemadeiras.com.br\/blog\/compensados\/design-e-resistencia-como-a-chapa-de-compensado-naval-une-estetica-e-performance\/\"},\"author\":{\"name\":\"bloomin\",\"@id\":\"https:\/\/www.artemadeiras.com.br\/blog\/#\/schema\/person\/03c7826df62479a35ffcf10a5a652727\"},\"headline\":\"Design e resist\u00eancia: como a chapa de compensado naval une est\u00e9tica e performance\",\"datePublished\":\"2025-11-12T11:19:28+00:00\",\"dateModified\":\"2025-11-12T11:22:37+00:00\",\"mainEntityOfPage\":{\"@id\":\"https:\/\/www.artemadeiras.com.br\/blog\/compensados\/design-e-resistencia-como-a-chapa-de-compensado-naval-une-estetica-e-performance\/\"},\"wordCount\":1068,\"commentCount\":0,\"publisher\":{\"@id\":\"https:\/\/www.artemadeiras.com.br\/blog\/#organization\"},\"image\":{\"@id\":\"https:\/\/www.artemadeiras.com.br\/blog\/compensados\/design-e-resistencia-como-a-chapa-de-compensado-naval-une-estetica-e-performance\/#primaryimage\"},\"thumbnailUrl\":\"https:\/\/www.artemadeiras.com.br\/blog\/wp-content\/uploads\/2025\/11\/compensado-virolinha9.jpeg\",\"keywords\":[\"a chapa de compensado naval \u00e9 resistente \u00e0 \u00e1gua?\",\"arte madeiras\",\"chapa de compensado naval comprar\",\"chapa de compensado naval em Diadema\",\"chapa de compensado naval em Guarulhos\",\"chapa de compensado naval em Lauzane Paulista\",\"chapa de compensado naval em Lim\u00e3o\",\"chapa de compensado naval em Osasco\",\"chapa de compensado naval em promo\u00e7\u00e3o\",\"chapa de compensado naval em Santana\",\"chapa de compensado naval em Santo Andr\u00e9\",\"chapa de compensado naval em S\u00e3o Bernardo\",\"chapa de compensado naval em S\u00e3o Caetano\",\"chapa de compensado naval em s\u00e3o paulo\",\"chapa de compensado naval em sp\",\"chapa de compensado naval na \u00c1gua Branca\",\"chapa de compensado naval na Cachoeirinha\",\"chapa de compensado naval na Casa Verde\",\"chapa de compensado naval na Freguesia do \u00d3\",\"chapa de compensado naval na zona leste\",\"chapa de compensado naval na zona norte\",\"chapa de compensado naval na zona oeste\",\"chapa de compensado naval na zona sul\",\"chapa de compensado naval no ABC\",\"chapa de compensado naval no centro\",\"chapa de compensado naval no Imirim\",\"chapa de compensado naval onde encontrar\",\"chapa de compensado naval perto de mim\",\"chapa de compensado naval pre\u00e7o\",\"chapa de compensado naval pr\u00f3ximo a mim\",\"chapa naval certificada\",\"chapa resistente \u00e0 \u00e1gua\",\"como conservar chapa de compensado naval?\",\"como \u00e9 feita a chapa de compensado naval?\",\"como identificar um compensado naval de qualidade?\",\"como usar compensado naval em design?\",\"compensado ecol\u00f3gico\",\"compensado fen\u00f3lico\",\"compensado n\u00e1utico\",\"Compensado naval\",\"compensado naval \u00e9 bom para cozinha?\",\"compensado naval pode ser usado em m\u00f3veis?\",\"compensado para banheiro\",\"compensado para cozinha\",\"Compensado para m\u00f3veis\",\"compensado sustent\u00e1vel\",\"design em madeira\",\"durabilidade da madeira\",\"empresa de chapa de compensado naval\",\"fornecedor de chapa de compensado naval\",\"loja de chapa de compensado naval\",\"madeira certificada\",\"madeira naval\",\"madeira tropical\",\"marcenaria profissional\",\"o compensado naval \u00e9 dur\u00e1vel?\",\"o compensado naval \u00e9 resistente a fungos?\",\"o compensado naval \u00e9 sustent\u00e1vel?\",\"o compensado naval serve para barcos?\",\"o que \u00e9 chapa de compensado naval?\",\"o que \u00e9 cola fen\u00f3lica WBP?\",\"onde comprar compensado naval?\",\"onde encontrar compensado naval certificado?\",\"para que serve o compensado naval?\",\"quais as aplica\u00e7\u00f5es do compensado naval?\",\"qual a diferen\u00e7a entre compensado naval e comum?\",\"qual cola \u00e9 usada no compensado naval?\",\"resist\u00eancia \u00e0 umidade\"],\"articleSection\":[\"Compensados\",\"Chapas\"],\"inLanguage\":\"pt-BR\",\"potentialAction\":[{\"@type\":\"CommentAction\",\"name\":\"Comment\",\"target\":[\"https:\/\/www.artemadeiras.com.br\/blog\/compensados\/design-e-resistencia-como-a-chapa-de-compensado-naval-une-estetica-e-performance\/#respond\"]}]},{\"@type\":\"WebPage\",\"@id\":\"https:\/\/www.artemadeiras.com.br\/blog\/compensados\/design-e-resistencia-como-a-chapa-de-compensado-naval-une-estetica-e-performance\/\",\"url\":\"https:\/\/www.artemadeiras.com.br\/blog\/compensados\/design-e-resistencia-como-a-chapa-de-compensado-naval-une-estetica-e-performance\/\",\"name\":\"Design e resist\u00eancia: como a chapa de compensado naval une est\u00e9tica e performance - Blog | Arte madeiras\",\"isPartOf\":{\"@id\":\"https:\/\/www.artemadeiras.com.br\/blog\/#website\"},\"primaryImageOfPage\":{\"@id\":\"https:\/\/www.artemadeiras.com.br\/blog\/compensados\/design-e-resistencia-como-a-chapa-de-compensado-naval-une-estetica-e-performance\/#primaryimage\"},\"image\":{\"@id\":\"https:\/\/www.artemadeiras.com.br\/blog\/compensados\/design-e-resistencia-como-a-chapa-de-compensado-naval-une-estetica-e-performance\/#primaryimage\"},\"thumbnailUrl\":\"https:\/\/www.artemadeiras.com.br\/blog\/wp-content\/uploads\/2025\/11\/compensado-virolinha9.jpeg\",\"datePublished\":\"2025-11-12T11:19:28+00:00\",\"dateModified\":\"2025-11-12T11:22:37+00:00\",\"description\":\"Descubra por que a chapa de compensado naval \u00e9 o material que melhor combina design, resist\u00eancia e sustentabilidade.\",\"breadcrumb\":{\"@id\":\"https:\/\/www.artemadeiras.com.br\/blog\/compensados\/design-e-resistencia-como-a-chapa-de-compensado-naval-une-estetica-e-performance\/#breadcrumb\"},\"inLanguage\":\"pt-BR\",\"potentialAction\":[{\"@type\":\"ReadAction\",\"target\":[\"https:\/\/www.artemadeiras.com.br\/blog\/compensados\/design-e-resistencia-como-a-chapa-de-compensado-naval-une-estetica-e-performance\/\"]}]},{\"@type\":\"ImageObject\",\"inLanguage\":\"pt-BR\",\"@id\":\"https:\/\/www.artemadeiras.com.br\/blog\/compensados\/design-e-resistencia-como-a-chapa-de-compensado-naval-une-estetica-e-performance\/#primaryimage\",\"url\":\"https:\/\/www.artemadeiras.com.br\/blog\/wp-content\/uploads\/2025\/11\/compensado-virolinha9.jpeg\",\"contentUrl\":\"https:\/\/www.artemadeiras.com.br\/blog\/wp-content\/uploads\/2025\/11\/compensado-virolinha9.jpeg\",\"width\":800,\"height\":450,\"caption\":\"Design e resist\u00eancia: como a chapa de compensado naval une est\u00e9tica e performance\"},{\"@type\":\"BreadcrumbList\",\"@id\":\"https:\/\/www.artemadeiras.com.br\/blog\/compensados\/design-e-resistencia-como-a-chapa-de-compensado-naval-une-estetica-e-performance\/#breadcrumb\",\"itemListElement\":[{\"@type\":\"ListItem\",\"position\":1,\"name\":\"In\u00edcio\",\"item\":\"https:\/\/www.artemadeiras.com.br\/blog\/\"},{\"@type\":\"ListItem\",\"position\":2,\"name\":\"Design e resist\u00eancia: como a chapa de compensado naval une est\u00e9tica e performance\"}]},{\"@type\":\"WebSite\",\"@id\":\"https:\/\/www.artemadeiras.com.br\/blog\/#website\",\"url\":\"https:\/\/www.artemadeiras.com.br\/blog\/\",\"name\":\"Blog | Arte madeiras\",\"description\":\"Dicas e Novidades sobre Madeiras\",\"publisher\":{\"@id\":\"https:\/\/www.artemadeiras.com.br\/blog\/#organization\"},\"potentialAction\":[{\"@type\":\"SearchAction\",\"target\":{\"@type\":\"EntryPoint\",\"urlTemplate\":\"https:\/\/www.artemadeiras.com.br\/blog\/?s={search_term_string}\"},\"query-input\":{\"@type\":\"PropertyValueSpecification\",\"valueRequired\":true,\"valueName\":\"search_term_string\"}}],\"inLanguage\":\"pt-BR\"},{\"@type\":\"Organization\",\"@id\":\"https:\/\/www.artemadeiras.com.br\/blog\/#organization\",\"name\":\"Blog | Arte madeiras\",\"url\":\"https:\/\/www.artemadeiras.com.br\/blog\/\",\"logo\":{\"@type\":\"ImageObject\",\"inLanguage\":\"pt-BR\",\"@id\":\"https:\/\/www.artemadeiras.com.br\/blog\/#\/schema\/logo\/image\/\",\"url\":\"https:\/\/www.artemadeiras.com.br\/blog\/wp-content\/uploads\/2021\/01\/logo-arte-madeiras.png\",\"contentUrl\":\"https:\/\/www.artemadeiras.com.br\/blog\/wp-content\/uploads\/2021\/01\/logo-arte-madeiras.png\",\"width\":255,\"height\":110,\"caption\":\"Blog | Arte madeiras\"},\"image\":{\"@id\":\"https:\/\/www.artemadeiras.com.br\/blog\/#\/schema\/logo\/image\/\"}},{\"@type\":\"Person\",\"@id\":\"https:\/\/www.artemadeiras.com.br\/blog\/#\/schema\/person\/03c7826df62479a35ffcf10a5a652727\",\"name\":\"bloomin\",\"image\":{\"@type\":\"ImageObject\",\"inLanguage\":\"pt-BR\",\"@id\":\"https:\/\/www.artemadeiras.com.br\/blog\/#\/schema\/person\/image\/\",\"url\":\"https:\/\/secure.gravatar.com\/avatar\/161a7ea08f1b8bd365e1697a2453e6c719201075da8bdf298a1c2fc5455ba35d?s=96&d=mm&r=g\",\"contentUrl\":\"https:\/\/secure.gravatar.com\/avatar\/161a7ea08f1b8bd365e1697a2453e6c719201075da8bdf298a1c2fc5455ba35d?s=96&d=mm&r=g\",\"caption\":\"bloomin\"},\"sameAs\":[\"https:\/\/www.artemadeiras.com.br\/blog\"],\"url\":\"https:\/\/www.artemadeiras.com.br\/blog\/author\/bloomin\/\"}]}<\/script>\n<!-- \/ Yoast SEO plugin. -->","yoast_head_json":{"title":"Design e resist\u00eancia: como a chapa de compensado naval une est\u00e9tica e performance - Blog | Arte madeiras","description":"Descubra por que a chapa de compensado naval \u00e9 o material que melhor combina design, resist\u00eancia e sustentabilidade.","robots":{"index":"index","follow":"follow","max-snippet":"max-snippet:-1","max-image-preview":"max-image-preview:large","max-video-preview":"max-video-preview:-1"},"canonical":"https:\/\/www.artemadeiras.com.br\/blog\/compensados\/design-e-resistencia-como-a-chapa-de-compensado-naval-une-estetica-e-performance\/","og_locale":"pt_BR","og_type":"article","og_title":"Design e resist\u00eancia: como a chapa de compensado naval une est\u00e9tica e performance - Blog | Arte madeiras","og_description":"Descubra por que a chapa de compensado naval \u00e9 o material que melhor combina design, resist\u00eancia e sustentabilidade.","og_url":"https:\/\/www.artemadeiras.com.br\/blog\/compensados\/design-e-resistencia-como-a-chapa-de-compensado-naval-une-estetica-e-performance\/","og_site_name":"Blog | Arte madeiras","article_published_time":"2025-11-12T11:19:28+00:00","article_modified_time":"2025-11-12T11:22:37+00:00","og_image":[{"width":800,"height":450,"url":"https:\/\/www.artemadeiras.com.br\/blog\/wp-content\/uploads\/2025\/11\/compensado-virolinha9.jpeg","type":"image\/jpeg"}],"author":"bloomin","twitter_card":"summary_large_image","twitter_misc":{"Escrito por":"bloomin","Est. tempo de leitura":"6 minutos"},"schema":{"@context":"https:\/\/schema.org","@graph":[{"@type":"Article","@id":"https:\/\/www.artemadeiras.com.br\/blog\/compensados\/design-e-resistencia-como-a-chapa-de-compensado-naval-une-estetica-e-performance\/#article","isPartOf":{"@id":"https:\/\/www.artemadeiras.com.br\/blog\/compensados\/design-e-resistencia-como-a-chapa-de-compensado-naval-une-estetica-e-performance\/"},"author":{"name":"bloomin","@id":"https:\/\/www.artemadeiras.com.br\/blog\/#\/schema\/person\/03c7826df62479a35ffcf10a5a652727"},"headline":"Design e resist\u00eancia: como a chapa de compensado naval une est\u00e9tica e performance","datePublished":"2025-11-12T11:19:28+00:00","dateModified":"2025-11-12T11:22:37+00:00","mainEntityOfPage":{"@id":"https:\/\/www.artemadeiras.com.br\/blog\/compensados\/design-e-resistencia-como-a-chapa-de-compensado-naval-une-estetica-e-performance\/"},"wordCount":1068,"commentCount":0,"publisher":{"@id":"https:\/\/www.artemadeiras.com.br\/blog\/#organization"},"image":{"@id":"https:\/\/www.artemadeiras.com.br\/blog\/compensados\/design-e-resistencia-como-a-chapa-de-compensado-naval-une-estetica-e-performance\/#primaryimage"},"thumbnailUrl":"https:\/\/www.artemadeiras.com.br\/blog\/wp-content\/uploads\/2025\/11\/compensado-virolinha9.jpeg","keywords":["a chapa de compensado naval \u00e9 resistente \u00e0 \u00e1gua?","arte madeiras","chapa de compensado naval comprar","chapa de compensado naval em Diadema","chapa de compensado naval em Guarulhos","chapa de compensado naval em Lauzane Paulista","chapa de compensado naval em Lim\u00e3o","chapa de compensado naval em Osasco","chapa de compensado naval em promo\u00e7\u00e3o","chapa de compensado naval em Santana","chapa de compensado naval em Santo Andr\u00e9","chapa de compensado naval em S\u00e3o Bernardo","chapa de compensado naval em S\u00e3o Caetano","chapa de compensado naval em s\u00e3o paulo","chapa de compensado naval em sp","chapa de compensado naval na \u00c1gua Branca","chapa de compensado naval na Cachoeirinha","chapa de compensado naval na Casa Verde","chapa de compensado naval na Freguesia do \u00d3","chapa de compensado naval na zona leste","chapa de compensado naval na zona norte","chapa de compensado naval na zona oeste","chapa de compensado naval na zona sul","chapa de compensado naval no ABC","chapa de compensado naval no centro","chapa de compensado naval no Imirim","chapa de compensado naval onde encontrar","chapa de compensado naval perto de mim","chapa de compensado naval pre\u00e7o","chapa de compensado naval pr\u00f3ximo a mim","chapa naval certificada","chapa resistente \u00e0 \u00e1gua","como conservar chapa de compensado naval?","como \u00e9 feita a chapa de compensado naval?","como identificar um compensado naval de qualidade?","como usar compensado naval em design?","compensado ecol\u00f3gico","compensado fen\u00f3lico","compensado n\u00e1utico","Compensado naval","compensado naval \u00e9 bom para cozinha?","compensado naval pode ser usado em m\u00f3veis?","compensado para banheiro","compensado para cozinha","Compensado para m\u00f3veis","compensado sustent\u00e1vel","design em madeira","durabilidade da madeira","empresa de chapa de compensado naval","fornecedor de chapa de compensado naval","loja de chapa de compensado naval","madeira certificada","madeira naval","madeira tropical","marcenaria profissional","o compensado naval \u00e9 dur\u00e1vel?","o compensado naval \u00e9 resistente a fungos?","o compensado naval \u00e9 sustent\u00e1vel?","o compensado naval serve para barcos?","o que \u00e9 chapa de compensado naval?","o que \u00e9 cola fen\u00f3lica WBP?","onde comprar compensado naval?","onde encontrar compensado naval certificado?","para que serve o compensado naval?","quais as aplica\u00e7\u00f5es do compensado naval?","qual a diferen\u00e7a entre compensado naval e comum?","qual cola \u00e9 usada no compensado naval?","resist\u00eancia \u00e0 umidade"],"articleSection":["Compensados","Chapas"],"inLanguage":"pt-BR","potentialAction":[{"@type":"CommentAction","name":"Comment","target":["https:\/\/www.artemadeiras.com.br\/blog\/compensados\/design-e-resistencia-como-a-chapa-de-compensado-naval-une-estetica-e-performance\/#respond"]}]},{"@type":"WebPage","@id":"https:\/\/www.artemadeiras.com.br\/blog\/compensados\/design-e-resistencia-como-a-chapa-de-compensado-naval-une-estetica-e-performance\/","url":"https:\/\/www.artemadeiras.com.br\/blog\/compensados\/design-e-resistencia-como-a-chapa-de-compensado-naval-une-estetica-e-performance\/","name":"Design e resist\u00eancia: como a chapa de compensado naval une est\u00e9tica e performance - Blog | Arte madeiras","isPartOf":{"@id":"https:\/\/www.artemadeiras.com.br\/blog\/#website"},"primaryImageOfPage":{"@id":"https:\/\/www.artemadeiras.com.br\/blog\/compensados\/design-e-resistencia-como-a-chapa-de-compensado-naval-une-estetica-e-performance\/#primaryimage"},"image":{"@id":"https:\/\/www.artemadeiras.com.br\/blog\/compensados\/design-e-resistencia-como-a-chapa-de-compensado-naval-une-estetica-e-performance\/#primaryimage"},"thumbnailUrl":"https:\/\/www.artemadeiras.com.br\/blog\/wp-content\/uploads\/2025\/11\/compensado-virolinha9.jpeg","datePublished":"2025-11-12T11:19:28+00:00","dateModified":"2025-11-12T11:22:37+00:00","description":"Descubra por que a chapa de compensado naval \u00e9 o material que melhor combina design, resist\u00eancia e sustentabilidade.","breadcrumb":{"@id":"https:\/\/www.artemadeiras.com.br\/blog\/compensados\/design-e-resistencia-como-a-chapa-de-compensado-naval-une-estetica-e-performance\/#breadcrumb"},"inLanguage":"pt-BR","potentialAction":[{"@type":"ReadAction","target":["https:\/\/www.artemadeiras.com.br\/blog\/compensados\/design-e-resistencia-como-a-chapa-de-compensado-naval-une-estetica-e-performance\/"]}]},{"@type":"ImageObject","inLanguage":"pt-BR","@id":"https:\/\/www.artemadeiras.com.br\/blog\/compensados\/design-e-resistencia-como-a-chapa-de-compensado-naval-une-estetica-e-performance\/#primaryimage","url":"https:\/\/www.artemadeiras.com.br\/blog\/wp-content\/uploads\/2025\/11\/compensado-virolinha9.jpeg","contentUrl":"https:\/\/www.artemadeiras.com.br\/blog\/wp-content\/uploads\/2025\/11\/compensado-virolinha9.jpeg","width":800,"height":450,"caption":"Design e resist\u00eancia: como a chapa de compensado naval une est\u00e9tica e performance"},{"@type":"BreadcrumbList","@id":"https:\/\/www.artemadeiras.com.br\/blog\/compensados\/design-e-resistencia-como-a-chapa-de-compensado-naval-une-estetica-e-performance\/#breadcrumb","itemListElement":[{"@type":"ListItem","position":1,"name":"In\u00edcio","item":"https:\/\/www.artemadeiras.com.br\/blog\/"},{"@type":"ListItem","position":2,"name":"Design e resist\u00eancia: como a chapa de compensado naval une est\u00e9tica e performance"}]},{"@type":"WebSite","@id":"https:\/\/www.artemadeiras.com.br\/blog\/#website","url":"https:\/\/www.artemadeiras.com.br\/blog\/","name":"Blog | Arte madeiras","description":"Dicas e Novidades sobre Madeiras","publisher":{"@id":"https:\/\/www.artemadeiras.com.br\/blog\/#organization"},"potentialAction":[{"@type":"SearchAction","target":{"@type":"EntryPoint","urlTemplate":"https:\/\/www.artemadeiras.com.br\/blog\/?s={search_term_string}"},"query-input":{"@type":"PropertyValueSpecification","valueRequired":true,"valueName":"search_term_string"}}],"inLanguage":"pt-BR"},{"@type":"Organization","@id":"https:\/\/www.artemadeiras.com.br\/blog\/#organization","name":"Blog | Arte madeiras","url":"https:\/\/www.artemadeiras.com.br\/blog\/","logo":{"@type":"ImageObject","inLanguage":"pt-BR","@id":"https:\/\/www.artemadeiras.com.br\/blog\/#\/schema\/logo\/image\/","url":"https:\/\/www.artemadeiras.com.br\/blog\/wp-content\/uploads\/2021\/01\/logo-arte-madeiras.png","contentUrl":"https:\/\/www.artemadeiras.com.br\/blog\/wp-content\/uploads\/2021\/01\/logo-arte-madeiras.png","width":255,"height":110,"caption":"Blog | Arte madeiras"},"image":{"@id":"https:\/\/www.artemadeiras.com.br\/blog\/#\/schema\/logo\/image\/"}},{"@type":"Person","@id":"https:\/\/www.artemadeiras.com.br\/blog\/#\/schema\/person\/03c7826df62479a35ffcf10a5a652727","name":"bloomin","image":{"@type":"ImageObject","inLanguage":"pt-BR","@id":"https:\/\/www.artemadeiras.com.br\/blog\/#\/schema\/person\/image\/","url":"https:\/\/secure.gravatar.com\/avatar\/161a7ea08f1b8bd365e1697a2453e6c719201075da8bdf298a1c2fc5455ba35d?s=96&d=mm&r=g","contentUrl":"https:\/\/secure.gravatar.com\/avatar\/161a7ea08f1b8bd365e1697a2453e6c719201075da8bdf298a1c2fc5455ba35d?s=96&d=mm&r=g","caption":"bloomin"},"sameAs":["https:\/\/www.artemadeiras.com.br\/blog"],"url":"https:\/\/www.artemadeiras.com.br\/blog\/author\/bloomin\/"}]}},"_links":{"self":[{"href":"https:\/\/www.artemadeiras.com.br\/blog\/wp-json\/wp\/v2\/posts\/329","targetHints":{"allow":["GET"]}}],"collection":[{"href":"https:\/\/www.artemadeiras.com.br\/blog\/wp-json\/wp\/v2\/posts"}],"about":[{"href":"https:\/\/www.artemadeiras.com.br\/blog\/wp-json\/wp\/v2\/types\/post"}],"author":[{"embeddable":true,"href":"https:\/\/www.artemadeiras.com.br\/blog\/wp-json\/wp\/v2\/users\/1"}],"replies":[{"embeddable":true,"href":"https:\/\/www.artemadeiras.com.br\/blog\/wp-json\/wp\/v2\/comments?post=329"}],"version-history":[{"count":1,"href":"https:\/\/www.artemadeiras.com.br\/blog\/wp-json\/wp\/v2\/posts\/329\/revisions"}],"predecessor-version":[{"id":332,"href":"https:\/\/www.artemadeiras.com.br\/blog\/wp-json\/wp\/v2\/posts\/329\/revisions\/332"}],"wp:featuredmedia":[{"embeddable":true,"href":"https:\/\/www.artemadeiras.com.br\/blog\/wp-json\/wp\/v2\/media\/330"}],"wp:attachment":[{"href":"https:\/\/www.artemadeiras.com.br\/blog\/wp-json\/wp\/v2\/media?parent=329"}],"wp:term":[{"taxonomy":"category","embeddable":true,"href":"https:\/\/www.artemadeiras.com.br\/blog\/wp-json\/wp\/v2\/categories?post=329"},{"taxonomy":"post_tag","embeddable":true,"href":"https:\/\/www.artemadeiras.com.br\/blog\/wp-json\/wp\/v2\/tags?post=329"}],"curies":[{"name":"wp","href":"https:\/\/api.w.org\/{rel}","templated":true}]}}