{"id":282,"date":"2025-09-11T17:06:02","date_gmt":"2025-09-11T20:06:02","guid":{"rendered":"https:\/\/www.artemadeiras.com.br\/blog\/?p=282"},"modified":"2025-09-11T17:08:51","modified_gmt":"2025-09-11T20:08:51","slug":"tipos-de-chapas-de-madeira-qual-escolher-para-cada-projeto","status":"publish","type":"post","link":"https:\/\/www.artemadeiras.com.br\/blog\/chapas\/tipos-de-chapas-de-madeira-qual-escolher-para-cada-projeto\/","title":{"rendered":"Tipos de chapas de madeira: qual escolher para cada projeto?"},"content":{"rendered":"<span class=\"rt-reading-time\" style=\"display: block;\"><span class=\"rt-label rt-prefix\">Tempo de leitura<\/span> <span class=\"rt-time\">3<\/span> <span class=\"rt-label rt-postfix\">minutos<\/span><\/span>\n<p class=\"has-medium-font-size\"><strong><em>Descubra os principais tipos de chapas de madeira e como escolher a op\u00e7\u00e3o ideal para a sua obra ou reforma.<\/em><\/strong><\/p>\n\n\n\n<p>Escolher a <strong>chapa de madeira certa<\/strong> pode influenciar diretamente no resultado final de um projeto. Seja para criar <strong>divis\u00f3rias, pain\u00e9is, estandes, fachadas ou pisos<\/strong>, \u00e9 essencial entender as caracter\u00edsticas de cada tipo de chapa.<\/p>\n\n\n\n<p>Mas com tantas op\u00e7\u00f5es no mercado, <strong>como saber qual \u00e9 a melhor para cada finalidade<\/strong>? A resposta est\u00e1 no conhecimento t\u00e9cnico e na avalia\u00e7\u00e3o das necessidades espec\u00edficas da obra.<\/p>\n\n\n\n<p>Pensando nisso, preparamos este <strong>guia completo sobre os tipos de chapas de madeira<\/strong> mais usados na constru\u00e7\u00e3o civil e na marcenaria. Vamos te ajudar a fazer a <strong>escolha certa<\/strong>, com seguran\u00e7a, qualidade e efici\u00eancia.<\/p>\n\n\n\n<div id=\"ez-toc-container\" class=\"ez-toc-v2_0_66_1 counter-hierarchy ez-toc-counter ez-toc-grey ez-toc-container-direction\">\n<div class=\"ez-toc-title-container\">\n<p class=\"ez-toc-title \" >T&oacute;picos do artigo<\/p>\n<span class=\"ez-toc-title-toggle\"><a href=\"#\" class=\"ez-toc-pull-right ez-toc-btn ez-toc-btn-xs ez-toc-btn-default ez-toc-toggle\" aria-label=\"Toggle Table of Content\"><span class=\"ez-toc-js-icon-con\"><span class=\"\"><span class=\"eztoc-hide\" style=\"display:none;\">Toggle<\/span><span class=\"ez-toc-icon-toggle-span\"><svg style=\"fill: #999;color:#999\" xmlns=\"http:\/\/www.w3.org\/2000\/svg\" class=\"list-377408\" width=\"20px\" height=\"20px\" viewBox=\"0 0 24 24\" fill=\"none\"><path d=\"M6 6H4v2h2V6zm14 0H8v2h12V6zM4 11h2v2H4v-2zm16 0H8v2h12v-2zM4 16h2v2H4v-2zm16 0H8v2h12v-2z\" fill=\"currentColor\"><\/path><\/svg><svg style=\"fill: #999;color:#999\" class=\"arrow-unsorted-368013\" xmlns=\"http:\/\/www.w3.org\/2000\/svg\" width=\"10px\" height=\"10px\" viewBox=\"0 0 24 24\" version=\"1.2\" baseProfile=\"tiny\"><path d=\"M18.2 9.3l-6.2-6.3-6.2 6.3c-.2.2-.3.4-.3.7s.1.5.3.7c.2.2.4.3.7.3h11c.3 0 .5-.1.7-.3.2-.2.3-.5.3-.7s-.1-.5-.3-.7zM5.8 14.7l6.2 6.3 6.2-6.3c.2-.2.3-.5.3-.7s-.1-.5-.3-.7c-.2-.2-.4-.3-.7-.3h-11c-.3 0-.5.1-.7.3-.2.2-.3.5-.3.7s.1.5.3.7z\"\/><\/svg><\/span><\/span><\/span><\/a><\/span><\/div>\n<nav><ul class='ez-toc-list ez-toc-list-level-1 ' ><li class='ez-toc-page-1 ez-toc-heading-level-2'><a class=\"ez-toc-link ez-toc-heading-1\" href=\"https:\/\/www.artemadeiras.com.br\/blog\/chapas\/tipos-de-chapas-de-madeira-qual-escolher-para-cada-projeto\/#Compensado_versatilidade_e_resistencia\" title=\"Compensado: versatilidade e resist\u00eancia\">Compensado: versatilidade e resist\u00eancia<\/a><\/li><li class='ez-toc-page-1 ez-toc-heading-level-2'><a class=\"ez-toc-link ez-toc-heading-2\" href=\"https:\/\/www.artemadeiras.com.br\/blog\/chapas\/tipos-de-chapas-de-madeira-qual-escolher-para-cada-projeto\/#MDF_ideal_para_acabamentos_refinados\" title=\"MDF: ideal para acabamentos refinados\">MDF: ideal para acabamentos refinados<\/a><\/li><li class='ez-toc-page-1 ez-toc-heading-level-2'><a class=\"ez-toc-link ez-toc-heading-3\" href=\"https:\/\/www.artemadeiras.com.br\/blog\/chapas\/tipos-de-chapas-de-madeira-qual-escolher-para-cada-projeto\/#Formas_de_madeira_seguranca_e_funcionalidade_na_obra\" title=\"Formas de madeira: seguran\u00e7a e funcionalidade na obra\">Formas de madeira: seguran\u00e7a e funcionalidade na obra<\/a><\/li><li class='ez-toc-page-1 ez-toc-heading-level-2'><a class=\"ez-toc-link ez-toc-heading-4\" href=\"https:\/\/www.artemadeiras.com.br\/blog\/chapas\/tipos-de-chapas-de-madeira-qual-escolher-para-cada-projeto\/#Eucatex_leveza_e_eficiencia_acustica\" title=\"Eucatex: leveza e efici\u00eancia ac\u00fastica\">Eucatex: leveza e efici\u00eancia ac\u00fastica<\/a><\/li><li class='ez-toc-page-1 ez-toc-heading-level-2'><a class=\"ez-toc-link ez-toc-heading-5\" href=\"https:\/\/www.artemadeiras.com.br\/blog\/chapas\/tipos-de-chapas-de-madeira-qual-escolher-para-cada-projeto\/#Criterios_para_escolher_a_chapa_ideal\" title=\"Crit\u00e9rios para escolher a chapa ideal\">Crit\u00e9rios para escolher a chapa ideal<\/a><\/li><li class='ez-toc-page-1 ez-toc-heading-level-2'><a class=\"ez-toc-link ez-toc-heading-6\" href=\"https:\/\/www.artemadeiras.com.br\/blog\/chapas\/tipos-de-chapas-de-madeira-qual-escolher-para-cada-projeto\/#Por_que_comprar_chapas_de_madeira_na_Arte_Madeiras\" title=\"Por que comprar chapas de madeira na Arte Madeiras?\">Por que comprar chapas de madeira na Arte Madeiras?<\/a><\/li><\/ul><\/nav><\/div>\n<h2 class=\"wp-block-heading\"><span class=\"ez-toc-section\" id=\"Compensado_versatilidade_e_resistencia\"><\/span><strong>Compensado: versatilidade e resist\u00eancia<\/strong><span class=\"ez-toc-section-end\"><\/span><\/h2>\n\n\n\n<p>O <strong>compensado<\/strong> \u00e9 uma chapa composta por <strong>finas l\u00e2minas de madeira sobrepostas e coladas entre si<\/strong>, sempre com fibras alternadas. Essa estrutura proporciona <strong>excelente resist\u00eancia mec\u00e2nica<\/strong> e estabilidade dimensional.<\/p>\n\n\n\n<p>Esse tipo de chapa \u00e9 ideal para:<\/p>\n\n\n\n<ul class=\"wp-block-list\">\n<li><strong>M\u00f3veis planejados<\/strong>;<br><\/li>\n\n\n\n<li><strong>Revestimentos de paredes<\/strong>;<br><\/li>\n\n\n\n<li><strong>Pisos provis\u00f3rios<\/strong>;<br><\/li>\n\n\n\n<li><strong>Tapumes e estruturas tempor\u00e1rias<\/strong>.<br><\/li>\n<\/ul>\n\n\n\n<p>Al\u00e9m disso, o <strong>compensado<\/strong> pode ser encontrado em diferentes espessuras e tipos de acabamento, o que permite sua aplica\u00e7\u00e3o em <strong>projetos mais r\u00fasticos ou refinados<\/strong>.<\/p>\n\n\n\n<h2 class=\"wp-block-heading\"><span class=\"ez-toc-section\" id=\"MDF_ideal_para_acabamentos_refinados\"><\/span><strong>MDF: ideal para acabamentos refinados<\/strong><span class=\"ez-toc-section-end\"><\/span><\/h2>\n\n\n\n<p>O <strong>MDF (Medium Density Fiberboard)<\/strong> \u00e9 uma chapa feita a partir de <strong>fibras de madeira unidas com resina<\/strong>, resultando em uma superf\u00edcie lisa, uniforme e f\u00e1cil de trabalhar.&nbsp;<\/p>\n\n\n\n<p>Sua principal vantagem est\u00e1 na <strong>qualidade do acabamento<\/strong>, sendo amplamente utilizado em <strong>m\u00f3veis planejados<\/strong>, <strong>pain\u00e9is decorativos<\/strong> e pe\u00e7as que exigem <strong>pintura ou revestimento<\/strong>.<\/p>\n\n\n\n<p>Al\u00e9m de permitir cortes detalhados e usinagens complexas, o MDF oferece excelente estabilidade dimensional.&nbsp;<\/p>\n\n\n\n<p>No entanto, para ambientes com umidade, \u00e9 importante optar por vers\u00f5es como o <strong>MDF Ultra<\/strong>, que s\u00e3o mais resistentes \u00e0 \u00e1gua.&nbsp;<\/p>\n\n\n\n<p>Se o projeto exige sofistica\u00e7\u00e3o e bom acabamento, o MDF \u00e9, sem d\u00favida, uma das melhores escolhas.<\/p>\n\n\n\n<ul class=\"wp-block-list\">\n<li><a class=\"rank-math-link\" href=\"https:\/\/www.artemadeiras.com.br\/blog\/compensados\/onde-comprar-chapa-de-madeira-compensada-em-sao-paulo\/\"><a href=\"https:\/\/www.artemadeiras.com.br\/blog\/placa-de-mdf\/conheca-os-diferentes-tipos-de-chapas-de-mdf-e-seus-beneficios\/\">Conhe\u00e7a os diferentes tipos de chapas de MDF e seus benef\u00edcios<\/a><\/a><\/li>\n<\/ul>\n\n\n\n<h2 class=\"wp-block-heading\"><span class=\"ez-toc-section\" id=\"Formas_de_madeira_seguranca_e_funcionalidade_na_obra\"><\/span><strong>Formas de madeira: seguran\u00e7a e funcionalidade na obra<\/strong><span class=\"ez-toc-section-end\"><\/span><\/h2>\n\n\n\n<p>As <strong>formas de madeira<\/strong> s\u00e3o chapas robustas, utilizadas principalmente como <strong>moldes para concretagem e prote\u00e7\u00e3o<\/strong> em canteiros de obra. Al\u00e9m de moldar estruturas, servem para garantir a <strong>seguran\u00e7a de trabalhadores e transeuntes<\/strong>.<\/p>\n\n\n\n<p>Seu uso \u00e9 recomendado para:<\/p>\n\n\n\n<ul class=\"wp-block-list\">\n<li><strong>Montagem de pilares e vigas<\/strong>;<br><\/li>\n\n\n\n<li><strong>Confec\u00e7\u00e3o de tapumes<\/strong>;<br><\/li>\n\n\n\n<li><strong>Estruturas de prote\u00e7\u00e3o provis\u00f3ria<\/strong>;<br><\/li>\n\n\n\n<li><strong>Andaimes e passagens elevadas tempor\u00e1rias<\/strong>.<br><\/li>\n<\/ul>\n\n\n\n<p>Por serem <strong>reutiliz\u00e1veis e resistentes<\/strong>, ajudam a reduzir custos e a tornar a obra mais eficiente e organizada.<\/p>\n\n\n\n<h2 class=\"wp-block-heading\"><span class=\"ez-toc-section\" id=\"Eucatex_leveza_e_eficiencia_acustica\"><\/span><strong>Eucatex: leveza e efici\u00eancia ac\u00fastica<\/strong><span class=\"ez-toc-section-end\"><\/span><\/h2>\n\n\n\n<p>A <strong>chapa Eucatex<\/strong>, feita a partir de <strong>fibras de eucalipto<\/strong>, se destaca pela <strong>leveza e versatilidade<\/strong>. Ela \u00e9 amplamente usada em projetos que exigem <strong>solu\u00e7\u00f5es pr\u00e1ticas e bom desempenho ac\u00fastico<\/strong>.<\/p>\n\n\n\n<p>Existem dois principais modelos:<\/p>\n\n\n\n<ul class=\"wp-block-list\">\n<li><strong>Liso:<\/strong> usado para <strong>divis\u00f3rias, fundos de m\u00f3veis e revestimentos decorativos<\/strong>;<br><\/li>\n\n\n\n<li><strong>Perfurado:<\/strong> ideal para <strong>forros e ambientes que demandam controle ac\u00fastico<\/strong>, como salas de reuni\u00e3o e audit\u00f3rios.<br><\/li>\n<\/ul>\n\n\n\n<p>Sua apar\u00eancia limpa e a possibilidade de personaliza\u00e7\u00e3o fazem do <strong>Eucatex uma excelente alternativa<\/strong> tanto para ambientes comerciais quanto residenciais.<\/p>\n\n\n\n<h2 class=\"wp-block-heading\"><span class=\"ez-toc-section\" id=\"Criterios_para_escolher_a_chapa_ideal\"><\/span><strong>Crit\u00e9rios para escolher a chapa ideal<\/strong><span class=\"ez-toc-section-end\"><\/span><\/h2>\n\n\n\n<p>Para acertar na escolha da chapa de madeira, \u00e9 fundamental <strong>avaliar o tipo de aplica\u00e7\u00e3o<\/strong>. Projetos estruturais, como divis\u00f3rias ou pisos tempor\u00e1rios, pedem materiais com <strong>maior resist\u00eancia mec\u00e2nica<\/strong>, como o compensado.&nbsp;<\/p>\n\n\n<div class=\"wp-block-image\">\n<figure class=\"alignright size-full is-resized\"><img loading=\"lazy\" decoding=\"async\" width=\"600\" height=\"430\" src=\"https:\/\/www.artemadeiras.com.br\/blog\/wp-content\/uploads\/2025\/09\/download-3.jpg\" alt=\"Tipos de chapas de madeira: qual escolher para cada projeto?\n\" class=\"wp-image-284\" style=\"width:274px;height:auto\" srcset=\"https:\/\/www.artemadeiras.com.br\/blog\/wp-content\/uploads\/2025\/09\/download-3.jpg 600w, https:\/\/www.artemadeiras.com.br\/blog\/wp-content\/uploads\/2025\/09\/download-3-300x215.jpg 300w, https:\/\/www.artemadeiras.com.br\/blog\/wp-content\/uploads\/2025\/09\/download-3-321x229.jpg 321w\" sizes=\"auto, (max-width: 600px) 100vw, 600px\" \/><\/figure>\n<\/div>\n\n\n<p>J\u00e1 para <strong>m\u00f3veis planejados ou pain\u00e9is decorativos<\/strong>, o MDF e o Eucatex se destacam pelo acabamento refinado e facilidade de personaliza\u00e7\u00e3o.<\/p>\n\n\n\n<p>Outro ponto importante \u00e9 o <strong>ambiente de instala\u00e7\u00e3o<\/strong>. Em locais \u00famidos, o ideal \u00e9 optar por chapas que resistam \u00e0 umidade, como o <strong>MDF Ultra<\/strong> ou compensados tratados.&nbsp;<\/p>\n\n\n\n<p>Se a estrutura for provis\u00f3ria, como em obras e canteiros, as <strong>formas de madeira<\/strong> s\u00e3o a melhor escolha.<\/p>\n\n\n\n<p>Al\u00e9m disso, \u00e9 essencial considerar o <strong>tipo de acabamento desejado<\/strong> \u2014 se a chapa ser\u00e1 pintada, laqueada ou deixada com apar\u00eancia natural \u2014 e o <strong>or\u00e7amento dispon\u00edvel<\/strong>, j\u00e1 que cada tipo oferece vantagens diferentes em custo-benef\u00edcio.<\/p>\n\n\n\n<ul class=\"wp-block-list\">\n<li><a href=\"https:\/\/www.artemadeiras.com.br\/blog\/compensados\/onde-comprar-chapa-de-madeira-compensada-em-sao-paulo\/\">Onde comprar chapa de madeira compensada em S\u00e3o Paulo<\/a><\/li>\n<\/ul>\n\n\n\n<h2 class=\"wp-block-heading\"><span class=\"ez-toc-section\" id=\"Por_que_comprar_chapas_de_madeira_na_Arte_Madeiras\"><\/span><strong>Por que comprar chapas de madeira na Arte Madeiras?<\/strong><span class=\"ez-toc-section-end\"><\/span><\/h2>\n\n\n\n<p>A <strong>Arte Madeiras<\/strong> \u00e9 refer\u00eancia na <strong>Zona Norte de S\u00e3o Paulo h\u00e1 mais de 28 anos<\/strong>. Atuando com <strong>compromisso e responsabilidade<\/strong>, oferece <strong>chapas de madeira de qualidade comprovada<\/strong>, com certifica\u00e7\u00f5es ambientais como <strong>IBAMA<\/strong> e participa\u00e7\u00e3o no programa <strong>QUALIMADEIRA<\/strong>.<\/p>\n\n\n\n<p>Voc\u00ea encontra na loja:<\/p>\n\n\n\n<ul class=\"wp-block-list\">\n<li><strong>Compensados resistentes<\/strong> para diferentes tipos de estrutura;<br><\/li>\n\n\n\n<li><strong>MDFs com \u00f3timo acabamento<\/strong> para m\u00f3veis e decora\u00e7\u00e3o;<br><\/li>\n\n\n\n<li><strong>Formas para concreto<\/strong> de alta durabilidade e reutiliza\u00e7\u00e3o;<br><\/li>\n\n\n\n<li><strong>Eucatex liso e perfurado<\/strong> para ambientes funcionais e elegantes.<br><\/li>\n<\/ul>\n\n\n\n<p>A equipe da Arte Madeiras \u00e9 formada por <strong>profissionais experientes<\/strong>, prontos para orientar e indicar o melhor produto conforme a necessidade da sua constru\u00e7\u00e3o ou reforma.<\/p>\n\n\n\n<p><strong>Conhe\u00e7a nossa loja,<a href=\"https:\/\/www.artemadeiras.com.br\/contato\" class=\"rank-math-link\"> entre em contato<\/a> e comprove a qualidade das chapas de madeira que oferecemos. Na Arte Madeiras, sua satisfa\u00e7\u00e3o \u00e9 nossa prioridade.<\/strong><\/p>\n","protected":false},"excerpt":{"rendered":"<p><span class=\"rt-reading-time\" style=\"display: block;\"><span class=\"rt-label rt-prefix\">Tempo de leitura<\/span> <span class=\"rt-time\">3<\/span> <span class=\"rt-label rt-postfix\">minutos<\/span><\/span> Descubra os principais tipos de chapas de madeira e como escolher a op\u00e7\u00e3o ideal para a sua obra ou reforma. Escolher a chapa de madeira certa pode influenciar diretamente no resultado final de um projeto. Seja para criar divis\u00f3rias, pain\u00e9is,&#8230;<\/p>\n","protected":false},"author":1,"featured_media":283,"comment_status":"open","ping_status":"open","sticky":false,"template":"","format":"standard","meta":{"footnotes":""},"categories":[894],"tags":[2172,2180,2151,2188,2190,2194,2187,2186,2196,2193,2195,2189,2145,2191,2185,2192,2162,2173,2148,2156,2182,2150,2183,2153,2184,2152,2179,2158,2159,2087,2161,2165,2149,2177,2163,2176,2171,2147,2174,2166,2155,2167,2157,2181,2164,2175,2170,2169,2160,2168,2178,2146,2154],"class_list":["post-282","post","type-post","status-publish","format-standard","has-post-thumbnail","hentry","category-chapas","tag-a-chapa-de-compensado-e-resistente","tag-arte-madeiras-vende-mdf","tag-chapa-eucatex-perfurada","tag-chapas-de-madeira-em-limao","tag-chapas-de-madeira-em-promocao","tag-chapas-de-madeira-em-santana","tag-chapas-de-madeira-em-sao-paulo","tag-chapas-de-madeira-em-sp","tag-chapas-de-madeira-na-agua-branca","tag-chapas-de-madeira-na-zona-norte","tag-chapas-de-madeira-ne-freguesia-do-o","tag-chapas-de-madeira-no-imirim","tag-chapas-de-madeira-para-construcao","tag-chapas-de-madeira-perto-de-mim","tag-chapas-de-madeira-preco","tag-chapas-de-madeira-proximo-a-mim","tag-chapas-resistentes-para-obra","tag-como-escolher-chapa-para-moveis-planejados","tag-compensado-madeira-usos","tag-divisoria-de-madeira","tag-empresa-de-chapas-de-madeira","tag-formas-para-concreto-madeira","tag-fornecedor-de-chapas-de-madeira","tag-fornecedor-de-madeira-construcao-civil","tag-loja-de-chapas-de-madeira","tag-loja-de-madeira-zona-norte","tag-madeira-de-reflorestamento-e-boa","tag-madeira-para-estandes","tag-madeira-para-fachadas","tag-madeiras-certificadas-sp","tag-madeiras-com-certificacao-ibama","tag-mdf-e-resistente-a-agua","tag-mdf-para-moveis-planejados","tag-o-que-considerar-ao-comprar-madeira-para-construcao","tag-o-que-e-chapa-de-madeira-compensado","tag-o-que-e-chapa-eucatex-perfurada","tag-onde-comprar-chapa-de-mdf-na-zona-norte","tag-onde-comprar-chapas-de-madeira-sp","tag-onde-encontrar-madeira-certificada","tag-onde-usar-chapa-de-eucatex","tag-painel-de-madeira-para-obra","tag-para-que-servem-as-formas-de-madeira","tag-piso-de-madeira-compensado","tag-quais-os-tipos-de-chapa-de-madeira-existentes","tag-qual-a-diferenca-entre-mdf-e-compensado","tag-qual-a-funcao-da-forma-de-madeira","tag-qual-a-madeira-mais-barata-para-obra","tag-qual-a-melhor-chapa-de-madeira-para-piso","tag-qual-chapa-usar-na-construcao","tag-qual-madeira-usar-para-painel-decorativo","tag-qual-o-tipo-de-madeira-mais-ecologico","tag-tipos-de-chapa-de-madeira","tag-uso-do-mdf-na-marcenaria"],"yoast_head":"<!-- This site is optimized with the Yoast SEO plugin v23.6 - https:\/\/yoast.com\/wordpress\/plugins\/seo\/ -->\n<title>Tipos de chapas de madeira: qual escolher para cada projeto? - Blog | Arte madeiras<\/title>\n<meta name=\"description\" content=\"Descubra os principais tipos de chapas de madeira e como escolher a op\u00e7\u00e3o ideal para a sua obra ou reforma.\" \/>\n<meta name=\"robots\" content=\"index, follow, max-snippet:-1, max-image-preview:large, max-video-preview:-1\" \/>\n<link rel=\"canonical\" href=\"https:\/\/www.artemadeiras.com.br\/blog\/chapas\/tipos-de-chapas-de-madeira-qual-escolher-para-cada-projeto\/\" \/>\n<meta property=\"og:locale\" content=\"pt_BR\" \/>\n<meta property=\"og:type\" content=\"article\" \/>\n<meta property=\"og:title\" content=\"Tipos de chapas de madeira: qual escolher para cada projeto? - Blog | Arte madeiras\" \/>\n<meta property=\"og:description\" content=\"Descubra os principais tipos de chapas de madeira e como escolher a op\u00e7\u00e3o ideal para a sua obra ou reforma.\" \/>\n<meta property=\"og:url\" content=\"https:\/\/www.artemadeiras.com.br\/blog\/chapas\/tipos-de-chapas-de-madeira-qual-escolher-para-cada-projeto\/\" \/>\n<meta property=\"og:site_name\" content=\"Blog | Arte madeiras\" \/>\n<meta property=\"article:published_time\" content=\"2025-09-11T20:06:02+00:00\" \/>\n<meta property=\"article:modified_time\" content=\"2025-09-11T20:08:51+00:00\" \/>\n<meta property=\"og:image\" content=\"https:\/\/www.artemadeiras.com.br\/blog\/wp-content\/uploads\/2025\/09\/chapa.png\" \/>\n\t<meta property=\"og:image:width\" content=\"713\" \/>\n\t<meta property=\"og:image:height\" content=\"480\" \/>\n\t<meta property=\"og:image:type\" content=\"image\/png\" \/>\n<meta name=\"author\" content=\"bloomin\" \/>\n<meta name=\"twitter:card\" content=\"summary_large_image\" \/>\n<meta name=\"twitter:label1\" content=\"Escrito por\" \/>\n\t<meta name=\"twitter:data1\" content=\"bloomin\" \/>\n\t<meta name=\"twitter:label2\" content=\"Est. tempo de leitura\" \/>\n\t<meta name=\"twitter:data2\" content=\"5 minutos\" \/>\n<script type=\"application\/ld+json\" class=\"yoast-schema-graph\">{\"@context\":\"https:\/\/schema.org\",\"@graph\":[{\"@type\":\"Article\",\"@id\":\"https:\/\/www.artemadeiras.com.br\/blog\/chapas\/tipos-de-chapas-de-madeira-qual-escolher-para-cada-projeto\/#article\",\"isPartOf\":{\"@id\":\"https:\/\/www.artemadeiras.com.br\/blog\/chapas\/tipos-de-chapas-de-madeira-qual-escolher-para-cada-projeto\/\"},\"author\":{\"name\":\"bloomin\",\"@id\":\"https:\/\/www.artemadeiras.com.br\/blog\/#\/schema\/person\/03c7826df62479a35ffcf10a5a652727\"},\"headline\":\"Tipos de chapas de madeira: qual escolher para cada projeto?\",\"datePublished\":\"2025-09-11T20:06:02+00:00\",\"dateModified\":\"2025-09-11T20:08:51+00:00\",\"mainEntityOfPage\":{\"@id\":\"https:\/\/www.artemadeiras.com.br\/blog\/chapas\/tipos-de-chapas-de-madeira-qual-escolher-para-cada-projeto\/\"},\"wordCount\":836,\"commentCount\":0,\"publisher\":{\"@id\":\"https:\/\/www.artemadeiras.com.br\/blog\/#organization\"},\"image\":{\"@id\":\"https:\/\/www.artemadeiras.com.br\/blog\/chapas\/tipos-de-chapas-de-madeira-qual-escolher-para-cada-projeto\/#primaryimage\"},\"thumbnailUrl\":\"https:\/\/www.artemadeiras.com.br\/blog\/wp-content\/uploads\/2025\/09\/chapa.png\",\"keywords\":[\"a chapa de compensado \u00e9 resistente?\",\"arte madeiras vende MDF?\",\"chapa Eucatex perfurada\",\"chapas de madeira em Lim\u00e3o\",\"chapas de madeira em promo\u00e7\u00e3o\",\"chapas de madeira em Santana\",\"chapas de madeira em s\u00e3o paulo\",\"chapas de madeira em sp\",\"chapas de madeira na \u00c1gua Branca\",\"chapas de madeira na zona norte\",\"chapas de madeira ne Freguesia do \u00d3\",\"chapas de madeira no Imirim\",\"chapas de madeira para constru\u00e7\u00e3o\",\"chapas de madeira perto de mim\",\"chapas de madeira pre\u00e7o\",\"chapas de madeira pr\u00f3ximo a mim\",\"chapas resistentes para obra\",\"como escolher chapa para m\u00f3veis planejados?\",\"compensado madeira usos\",\"divis\u00f3ria de madeira\",\"empresa de chapas de madeira\",\"formas para concreto madeira\",\"fornecedor de chapas de madeira\",\"fornecedor de madeira constru\u00e7\u00e3o civil\",\"loja de chapas de madeira\",\"loja de madeira zona norte\",\"madeira de reflorestamento \u00e9 boa?\",\"madeira para estandes\",\"madeira para fachadas\",\"madeiras certificadas SP\",\"madeiras com certifica\u00e7\u00e3o IBAMA\",\"MDF \u00e9 resistente \u00e0 \u00e1gua?\",\"MDF para m\u00f3veis planejados\",\"o que considerar ao comprar madeira para constru\u00e7\u00e3o?\",\"o que \u00e9 chapa de madeira compensado?\",\"o que \u00e9 chapa Eucatex perfurada?\",\"onde comprar chapa de MDF na zona norte?\",\"onde comprar chapas de madeira SP\",\"onde encontrar madeira certificada?\",\"onde usar chapa de Eucatex?\",\"painel de madeira para obra\",\"para que servem as formas de madeira?\",\"piso de madeira compensado\",\"quais os tipos de chapa de madeira existentes?\",\"qual a diferen\u00e7a entre MDF e compensado?\",\"qual a fun\u00e7\u00e3o da forma de madeira?\",\"qual a madeira mais barata para obra?\",\"qual a melhor chapa de madeira para piso?\",\"qual chapa usar na constru\u00e7\u00e3o\",\"qual madeira usar para painel decorativo?\",\"qual o tipo de madeira mais ecol\u00f3gico?\",\"tipos de chapa de madeira\",\"uso do MDF na marcenaria\"],\"articleSection\":[\"Chapas\"],\"inLanguage\":\"pt-BR\",\"potentialAction\":[{\"@type\":\"CommentAction\",\"name\":\"Comment\",\"target\":[\"https:\/\/www.artemadeiras.com.br\/blog\/chapas\/tipos-de-chapas-de-madeira-qual-escolher-para-cada-projeto\/#respond\"]}]},{\"@type\":\"WebPage\",\"@id\":\"https:\/\/www.artemadeiras.com.br\/blog\/chapas\/tipos-de-chapas-de-madeira-qual-escolher-para-cada-projeto\/\",\"url\":\"https:\/\/www.artemadeiras.com.br\/blog\/chapas\/tipos-de-chapas-de-madeira-qual-escolher-para-cada-projeto\/\",\"name\":\"Tipos de chapas de madeira: qual escolher para cada projeto? - Blog | Arte madeiras\",\"isPartOf\":{\"@id\":\"https:\/\/www.artemadeiras.com.br\/blog\/#website\"},\"primaryImageOfPage\":{\"@id\":\"https:\/\/www.artemadeiras.com.br\/blog\/chapas\/tipos-de-chapas-de-madeira-qual-escolher-para-cada-projeto\/#primaryimage\"},\"image\":{\"@id\":\"https:\/\/www.artemadeiras.com.br\/blog\/chapas\/tipos-de-chapas-de-madeira-qual-escolher-para-cada-projeto\/#primaryimage\"},\"thumbnailUrl\":\"https:\/\/www.artemadeiras.com.br\/blog\/wp-content\/uploads\/2025\/09\/chapa.png\",\"datePublished\":\"2025-09-11T20:06:02+00:00\",\"dateModified\":\"2025-09-11T20:08:51+00:00\",\"description\":\"Descubra os principais tipos de chapas de madeira e como escolher a op\u00e7\u00e3o ideal para a sua obra ou reforma.\",\"breadcrumb\":{\"@id\":\"https:\/\/www.artemadeiras.com.br\/blog\/chapas\/tipos-de-chapas-de-madeira-qual-escolher-para-cada-projeto\/#breadcrumb\"},\"inLanguage\":\"pt-BR\",\"potentialAction\":[{\"@type\":\"ReadAction\",\"target\":[\"https:\/\/www.artemadeiras.com.br\/blog\/chapas\/tipos-de-chapas-de-madeira-qual-escolher-para-cada-projeto\/\"]}]},{\"@type\":\"ImageObject\",\"inLanguage\":\"pt-BR\",\"@id\":\"https:\/\/www.artemadeiras.com.br\/blog\/chapas\/tipos-de-chapas-de-madeira-qual-escolher-para-cada-projeto\/#primaryimage\",\"url\":\"https:\/\/www.artemadeiras.com.br\/blog\/wp-content\/uploads\/2025\/09\/chapa.png\",\"contentUrl\":\"https:\/\/www.artemadeiras.com.br\/blog\/wp-content\/uploads\/2025\/09\/chapa.png\",\"width\":713,\"height\":480,\"caption\":\"Tipos de chapas de madeira: qual escolher para cada projeto?\"},{\"@type\":\"BreadcrumbList\",\"@id\":\"https:\/\/www.artemadeiras.com.br\/blog\/chapas\/tipos-de-chapas-de-madeira-qual-escolher-para-cada-projeto\/#breadcrumb\",\"itemListElement\":[{\"@type\":\"ListItem\",\"position\":1,\"name\":\"In\u00edcio\",\"item\":\"https:\/\/www.artemadeiras.com.br\/blog\/\"},{\"@type\":\"ListItem\",\"position\":2,\"name\":\"Tipos de chapas de madeira: qual escolher para cada projeto?\"}]},{\"@type\":\"WebSite\",\"@id\":\"https:\/\/www.artemadeiras.com.br\/blog\/#website\",\"url\":\"https:\/\/www.artemadeiras.com.br\/blog\/\",\"name\":\"Blog | Arte madeiras\",\"description\":\"Dicas e Novidades sobre Madeiras\",\"publisher\":{\"@id\":\"https:\/\/www.artemadeiras.com.br\/blog\/#organization\"},\"potentialAction\":[{\"@type\":\"SearchAction\",\"target\":{\"@type\":\"EntryPoint\",\"urlTemplate\":\"https:\/\/www.artemadeiras.com.br\/blog\/?s={search_term_string}\"},\"query-input\":{\"@type\":\"PropertyValueSpecification\",\"valueRequired\":true,\"valueName\":\"search_term_string\"}}],\"inLanguage\":\"pt-BR\"},{\"@type\":\"Organization\",\"@id\":\"https:\/\/www.artemadeiras.com.br\/blog\/#organization\",\"name\":\"Blog | Arte madeiras\",\"url\":\"https:\/\/www.artemadeiras.com.br\/blog\/\",\"logo\":{\"@type\":\"ImageObject\",\"inLanguage\":\"pt-BR\",\"@id\":\"https:\/\/www.artemadeiras.com.br\/blog\/#\/schema\/logo\/image\/\",\"url\":\"https:\/\/www.artemadeiras.com.br\/blog\/wp-content\/uploads\/2021\/01\/logo-arte-madeiras.png\",\"contentUrl\":\"https:\/\/www.artemadeiras.com.br\/blog\/wp-content\/uploads\/2021\/01\/logo-arte-madeiras.png\",\"width\":255,\"height\":110,\"caption\":\"Blog | Arte madeiras\"},\"image\":{\"@id\":\"https:\/\/www.artemadeiras.com.br\/blog\/#\/schema\/logo\/image\/\"}},{\"@type\":\"Person\",\"@id\":\"https:\/\/www.artemadeiras.com.br\/blog\/#\/schema\/person\/03c7826df62479a35ffcf10a5a652727\",\"name\":\"bloomin\",\"image\":{\"@type\":\"ImageObject\",\"inLanguage\":\"pt-BR\",\"@id\":\"https:\/\/www.artemadeiras.com.br\/blog\/#\/schema\/person\/image\/\",\"url\":\"https:\/\/secure.gravatar.com\/avatar\/161a7ea08f1b8bd365e1697a2453e6c719201075da8bdf298a1c2fc5455ba35d?s=96&d=mm&r=g\",\"contentUrl\":\"https:\/\/secure.gravatar.com\/avatar\/161a7ea08f1b8bd365e1697a2453e6c719201075da8bdf298a1c2fc5455ba35d?s=96&d=mm&r=g\",\"caption\":\"bloomin\"},\"sameAs\":[\"https:\/\/www.artemadeiras.com.br\/blog\"],\"url\":\"https:\/\/www.artemadeiras.com.br\/blog\/author\/bloomin\/\"}]}<\/script>\n<!-- \/ Yoast SEO plugin. -->","yoast_head_json":{"title":"Tipos de chapas de madeira: qual escolher para cada projeto? - Blog | Arte madeiras","description":"Descubra os principais tipos de chapas de madeira e como escolher a op\u00e7\u00e3o ideal para a sua obra ou reforma.","robots":{"index":"index","follow":"follow","max-snippet":"max-snippet:-1","max-image-preview":"max-image-preview:large","max-video-preview":"max-video-preview:-1"},"canonical":"https:\/\/www.artemadeiras.com.br\/blog\/chapas\/tipos-de-chapas-de-madeira-qual-escolher-para-cada-projeto\/","og_locale":"pt_BR","og_type":"article","og_title":"Tipos de chapas de madeira: qual escolher para cada projeto? - Blog | Arte madeiras","og_description":"Descubra os principais tipos de chapas de madeira e como escolher a op\u00e7\u00e3o ideal para a sua obra ou reforma.","og_url":"https:\/\/www.artemadeiras.com.br\/blog\/chapas\/tipos-de-chapas-de-madeira-qual-escolher-para-cada-projeto\/","og_site_name":"Blog | Arte madeiras","article_published_time":"2025-09-11T20:06:02+00:00","article_modified_time":"2025-09-11T20:08:51+00:00","og_image":[{"width":713,"height":480,"url":"https:\/\/www.artemadeiras.com.br\/blog\/wp-content\/uploads\/2025\/09\/chapa.png","type":"image\/png"}],"author":"bloomin","twitter_card":"summary_large_image","twitter_misc":{"Escrito por":"bloomin","Est. tempo de leitura":"5 minutos"},"schema":{"@context":"https:\/\/schema.org","@graph":[{"@type":"Article","@id":"https:\/\/www.artemadeiras.com.br\/blog\/chapas\/tipos-de-chapas-de-madeira-qual-escolher-para-cada-projeto\/#article","isPartOf":{"@id":"https:\/\/www.artemadeiras.com.br\/blog\/chapas\/tipos-de-chapas-de-madeira-qual-escolher-para-cada-projeto\/"},"author":{"name":"bloomin","@id":"https:\/\/www.artemadeiras.com.br\/blog\/#\/schema\/person\/03c7826df62479a35ffcf10a5a652727"},"headline":"Tipos de chapas de madeira: qual escolher para cada projeto?","datePublished":"2025-09-11T20:06:02+00:00","dateModified":"2025-09-11T20:08:51+00:00","mainEntityOfPage":{"@id":"https:\/\/www.artemadeiras.com.br\/blog\/chapas\/tipos-de-chapas-de-madeira-qual-escolher-para-cada-projeto\/"},"wordCount":836,"commentCount":0,"publisher":{"@id":"https:\/\/www.artemadeiras.com.br\/blog\/#organization"},"image":{"@id":"https:\/\/www.artemadeiras.com.br\/blog\/chapas\/tipos-de-chapas-de-madeira-qual-escolher-para-cada-projeto\/#primaryimage"},"thumbnailUrl":"https:\/\/www.artemadeiras.com.br\/blog\/wp-content\/uploads\/2025\/09\/chapa.png","keywords":["a chapa de compensado \u00e9 resistente?","arte madeiras vende MDF?","chapa Eucatex perfurada","chapas de madeira em Lim\u00e3o","chapas de madeira em promo\u00e7\u00e3o","chapas de madeira em Santana","chapas de madeira em s\u00e3o paulo","chapas de madeira em sp","chapas de madeira na \u00c1gua Branca","chapas de madeira na zona norte","chapas de madeira ne Freguesia do \u00d3","chapas de madeira no Imirim","chapas de madeira para constru\u00e7\u00e3o","chapas de madeira perto de mim","chapas de madeira pre\u00e7o","chapas de madeira pr\u00f3ximo a mim","chapas resistentes para obra","como escolher chapa para m\u00f3veis planejados?","compensado madeira usos","divis\u00f3ria de madeira","empresa de chapas de madeira","formas para concreto madeira","fornecedor de chapas de madeira","fornecedor de madeira constru\u00e7\u00e3o civil","loja de chapas de madeira","loja de madeira zona norte","madeira de reflorestamento \u00e9 boa?","madeira para estandes","madeira para fachadas","madeiras certificadas SP","madeiras com certifica\u00e7\u00e3o IBAMA","MDF \u00e9 resistente \u00e0 \u00e1gua?","MDF para m\u00f3veis planejados","o que considerar ao comprar madeira para constru\u00e7\u00e3o?","o que \u00e9 chapa de madeira compensado?","o que \u00e9 chapa Eucatex perfurada?","onde comprar chapa de MDF na zona norte?","onde comprar chapas de madeira SP","onde encontrar madeira certificada?","onde usar chapa de Eucatex?","painel de madeira para obra","para que servem as formas de madeira?","piso de madeira compensado","quais os tipos de chapa de madeira existentes?","qual a diferen\u00e7a entre MDF e compensado?","qual a fun\u00e7\u00e3o da forma de madeira?","qual a madeira mais barata para obra?","qual a melhor chapa de madeira para piso?","qual chapa usar na constru\u00e7\u00e3o","qual madeira usar para painel decorativo?","qual o tipo de madeira mais ecol\u00f3gico?","tipos de chapa de madeira","uso do MDF na marcenaria"],"articleSection":["Chapas"],"inLanguage":"pt-BR","potentialAction":[{"@type":"CommentAction","name":"Comment","target":["https:\/\/www.artemadeiras.com.br\/blog\/chapas\/tipos-de-chapas-de-madeira-qual-escolher-para-cada-projeto\/#respond"]}]},{"@type":"WebPage","@id":"https:\/\/www.artemadeiras.com.br\/blog\/chapas\/tipos-de-chapas-de-madeira-qual-escolher-para-cada-projeto\/","url":"https:\/\/www.artemadeiras.com.br\/blog\/chapas\/tipos-de-chapas-de-madeira-qual-escolher-para-cada-projeto\/","name":"Tipos de chapas de madeira: qual escolher para cada projeto? - Blog | Arte madeiras","isPartOf":{"@id":"https:\/\/www.artemadeiras.com.br\/blog\/#website"},"primaryImageOfPage":{"@id":"https:\/\/www.artemadeiras.com.br\/blog\/chapas\/tipos-de-chapas-de-madeira-qual-escolher-para-cada-projeto\/#primaryimage"},"image":{"@id":"https:\/\/www.artemadeiras.com.br\/blog\/chapas\/tipos-de-chapas-de-madeira-qual-escolher-para-cada-projeto\/#primaryimage"},"thumbnailUrl":"https:\/\/www.artemadeiras.com.br\/blog\/wp-content\/uploads\/2025\/09\/chapa.png","datePublished":"2025-09-11T20:06:02+00:00","dateModified":"2025-09-11T20:08:51+00:00","description":"Descubra os principais tipos de chapas de madeira e como escolher a op\u00e7\u00e3o ideal para a sua obra ou reforma.","breadcrumb":{"@id":"https:\/\/www.artemadeiras.com.br\/blog\/chapas\/tipos-de-chapas-de-madeira-qual-escolher-para-cada-projeto\/#breadcrumb"},"inLanguage":"pt-BR","potentialAction":[{"@type":"ReadAction","target":["https:\/\/www.artemadeiras.com.br\/blog\/chapas\/tipos-de-chapas-de-madeira-qual-escolher-para-cada-projeto\/"]}]},{"@type":"ImageObject","inLanguage":"pt-BR","@id":"https:\/\/www.artemadeiras.com.br\/blog\/chapas\/tipos-de-chapas-de-madeira-qual-escolher-para-cada-projeto\/#primaryimage","url":"https:\/\/www.artemadeiras.com.br\/blog\/wp-content\/uploads\/2025\/09\/chapa.png","contentUrl":"https:\/\/www.artemadeiras.com.br\/blog\/wp-content\/uploads\/2025\/09\/chapa.png","width":713,"height":480,"caption":"Tipos de chapas de madeira: qual escolher para cada projeto?"},{"@type":"BreadcrumbList","@id":"https:\/\/www.artemadeiras.com.br\/blog\/chapas\/tipos-de-chapas-de-madeira-qual-escolher-para-cada-projeto\/#breadcrumb","itemListElement":[{"@type":"ListItem","position":1,"name":"In\u00edcio","item":"https:\/\/www.artemadeiras.com.br\/blog\/"},{"@type":"ListItem","position":2,"name":"Tipos de chapas de madeira: qual escolher para cada projeto?"}]},{"@type":"WebSite","@id":"https:\/\/www.artemadeiras.com.br\/blog\/#website","url":"https:\/\/www.artemadeiras.com.br\/blog\/","name":"Blog | Arte madeiras","description":"Dicas e Novidades sobre Madeiras","publisher":{"@id":"https:\/\/www.artemadeiras.com.br\/blog\/#organization"},"potentialAction":[{"@type":"SearchAction","target":{"@type":"EntryPoint","urlTemplate":"https:\/\/www.artemadeiras.com.br\/blog\/?s={search_term_string}"},"query-input":{"@type":"PropertyValueSpecification","valueRequired":true,"valueName":"search_term_string"}}],"inLanguage":"pt-BR"},{"@type":"Organization","@id":"https:\/\/www.artemadeiras.com.br\/blog\/#organization","name":"Blog | Arte madeiras","url":"https:\/\/www.artemadeiras.com.br\/blog\/","logo":{"@type":"ImageObject","inLanguage":"pt-BR","@id":"https:\/\/www.artemadeiras.com.br\/blog\/#\/schema\/logo\/image\/","url":"https:\/\/www.artemadeiras.com.br\/blog\/wp-content\/uploads\/2021\/01\/logo-arte-madeiras.png","contentUrl":"https:\/\/www.artemadeiras.com.br\/blog\/wp-content\/uploads\/2021\/01\/logo-arte-madeiras.png","width":255,"height":110,"caption":"Blog | Arte madeiras"},"image":{"@id":"https:\/\/www.artemadeiras.com.br\/blog\/#\/schema\/logo\/image\/"}},{"@type":"Person","@id":"https:\/\/www.artemadeiras.com.br\/blog\/#\/schema\/person\/03c7826df62479a35ffcf10a5a652727","name":"bloomin","image":{"@type":"ImageObject","inLanguage":"pt-BR","@id":"https:\/\/www.artemadeiras.com.br\/blog\/#\/schema\/person\/image\/","url":"https:\/\/secure.gravatar.com\/avatar\/161a7ea08f1b8bd365e1697a2453e6c719201075da8bdf298a1c2fc5455ba35d?s=96&d=mm&r=g","contentUrl":"https:\/\/secure.gravatar.com\/avatar\/161a7ea08f1b8bd365e1697a2453e6c719201075da8bdf298a1c2fc5455ba35d?s=96&d=mm&r=g","caption":"bloomin"},"sameAs":["https:\/\/www.artemadeiras.com.br\/blog"],"url":"https:\/\/www.artemadeiras.com.br\/blog\/author\/bloomin\/"}]}},"_links":{"self":[{"href":"https:\/\/www.artemadeiras.com.br\/blog\/wp-json\/wp\/v2\/posts\/282","targetHints":{"allow":["GET"]}}],"collection":[{"href":"https:\/\/www.artemadeiras.com.br\/blog\/wp-json\/wp\/v2\/posts"}],"about":[{"href":"https:\/\/www.artemadeiras.com.br\/blog\/wp-json\/wp\/v2\/types\/post"}],"author":[{"embeddable":true,"href":"https:\/\/www.artemadeiras.com.br\/blog\/wp-json\/wp\/v2\/users\/1"}],"replies":[{"embeddable":true,"href":"https:\/\/www.artemadeiras.com.br\/blog\/wp-json\/wp\/v2\/comments?post=282"}],"version-history":[{"count":1,"href":"https:\/\/www.artemadeiras.com.br\/blog\/wp-json\/wp\/v2\/posts\/282\/revisions"}],"predecessor-version":[{"id":285,"href":"https:\/\/www.artemadeiras.com.br\/blog\/wp-json\/wp\/v2\/posts\/282\/revisions\/285"}],"wp:featuredmedia":[{"embeddable":true,"href":"https:\/\/www.artemadeiras.com.br\/blog\/wp-json\/wp\/v2\/media\/283"}],"wp:attachment":[{"href":"https:\/\/www.artemadeiras.com.br\/blog\/wp-json\/wp\/v2\/media?parent=282"}],"wp:term":[{"taxonomy":"category","embeddable":true,"href":"https:\/\/www.artemadeiras.com.br\/blog\/wp-json\/wp\/v2\/categories?post=282"},{"taxonomy":"post_tag","embeddable":true,"href":"https:\/\/www.artemadeiras.com.br\/blog\/wp-json\/wp\/v2\/tags?post=282"}],"curies":[{"name":"wp","href":"https:\/\/api.w.org\/{rel}","templated":true}]}}