{"id":273,"date":"2025-09-02T12:22:21","date_gmt":"2025-09-02T15:22:21","guid":{"rendered":"https:\/\/www.artemadeiras.com.br\/blog\/?p=273"},"modified":"2025-09-02T12:23:46","modified_gmt":"2025-09-02T15:23:46","slug":"procurando-portas-de-madeira-em-sao-paulo-conte-com-a-arte-madeiras","status":"publish","type":"post","link":"https:\/\/www.artemadeiras.com.br\/blog\/portas-de-madeira\/procurando-portas-de-madeira-em-sao-paulo-conte-com-a-arte-madeiras\/","title":{"rendered":"Procurando portas de madeira em S\u00e3o Paulo? Conte com a Arte Madeiras"},"content":{"rendered":"<span class=\"rt-reading-time\" style=\"display: block;\"><span class=\"rt-label rt-prefix\">Tempo de leitura<\/span> <span class=\"rt-time\">3<\/span> <span class=\"rt-label rt-postfix\">minutos<\/span><\/span>\n<p class=\"has-medium-font-size\"><strong><em>Se voc\u00ea busca portas de madeira em S\u00e3o Paulo, conhe\u00e7a a Arte Madeiras: qualidade e atendimento especializado para sua obra ou reforma.<\/em><\/strong><\/p>\n\n\n\n<p>A primeira impress\u00e3o da sua casa come\u00e7a pela porta. E se essa porta for de madeira, o impacto visual \u00e9 ainda mais marcante. Elegantes, aconchegantes e atemporais, <strong>as portas de madeira<\/strong> s\u00e3o escolhas certeiras para quem deseja valorizar a entrada de um im\u00f3vel, seja ele cl\u00e1ssico, moderno ou r\u00fastico.<\/p>\n\n\n\n<p>Em uma cidade como S\u00e3o Paulo, com uma variedade imensa de estilos arquitet\u00f4nicos, encontrar <strong>portas de madeira<\/strong> que combinem com o seu projeto pode parecer um desafio. Felizmente, existe uma empresa especializada que une qualidade, responsabilidade ambiental e atendimento humanizado: a <strong>Arte Madeiras<\/strong>.<\/p>\n\n\n\n<p>Com mais de 28 anos de experi\u00eancia no mercado, a Arte Madeiras se destaca como refer\u00eancia em <strong>portas de madeira em S\u00e3o Paulo<\/strong>, atendendo desde o consumidor final at\u00e9 grandes obras e projetos arquitet\u00f4nicos.<\/p>\n\n\n\n<div id=\"ez-toc-container\" class=\"ez-toc-v2_0_66_1 counter-hierarchy ez-toc-counter ez-toc-grey ez-toc-container-direction\">\n<div class=\"ez-toc-title-container\">\n<p class=\"ez-toc-title \" >T&oacute;picos do artigo<\/p>\n<span class=\"ez-toc-title-toggle\"><a href=\"#\" class=\"ez-toc-pull-right ez-toc-btn ez-toc-btn-xs ez-toc-btn-default ez-toc-toggle\" aria-label=\"Toggle Table of Content\"><span class=\"ez-toc-js-icon-con\"><span class=\"\"><span class=\"eztoc-hide\" style=\"display:none;\">Toggle<\/span><span class=\"ez-toc-icon-toggle-span\"><svg style=\"fill: #999;color:#999\" xmlns=\"http:\/\/www.w3.org\/2000\/svg\" class=\"list-377408\" width=\"20px\" height=\"20px\" viewBox=\"0 0 24 24\" fill=\"none\"><path d=\"M6 6H4v2h2V6zm14 0H8v2h12V6zM4 11h2v2H4v-2zm16 0H8v2h12v-2zM4 16h2v2H4v-2zm16 0H8v2h12v-2z\" fill=\"currentColor\"><\/path><\/svg><svg style=\"fill: #999;color:#999\" class=\"arrow-unsorted-368013\" xmlns=\"http:\/\/www.w3.org\/2000\/svg\" width=\"10px\" height=\"10px\" viewBox=\"0 0 24 24\" version=\"1.2\" baseProfile=\"tiny\"><path d=\"M18.2 9.3l-6.2-6.3-6.2 6.3c-.2.2-.3.4-.3.7s.1.5.3.7c.2.2.4.3.7.3h11c.3 0 .5-.1.7-.3.2-.2.3-.5.3-.7s-.1-.5-.3-.7zM5.8 14.7l6.2 6.3 6.2-6.3c.2-.2.3-.5.3-.7s-.1-.5-.3-.7c-.2-.2-.4-.3-.7-.3h-11c-.3 0-.5.1-.7.3-.2.2-.3.5-.3.7s.1.5.3.7z\"\/><\/svg><\/span><\/span><\/span><\/a><\/span><\/div>\n<nav><ul class='ez-toc-list ez-toc-list-level-1 ' ><li class='ez-toc-page-1 ez-toc-heading-level-2'><a class=\"ez-toc-link ez-toc-heading-1\" href=\"https:\/\/www.artemadeiras.com.br\/blog\/portas-de-madeira\/procurando-portas-de-madeira-em-sao-paulo-conte-com-a-arte-madeiras\/#Por_que_escolher_portas_de_madeira_para_sua_casa\" title=\"Por que escolher portas de madeira para sua casa\">Por que escolher portas de madeira para sua casa<\/a><\/li><li class='ez-toc-page-1 ez-toc-heading-level-2'><a class=\"ez-toc-link ez-toc-heading-2\" href=\"https:\/\/www.artemadeiras.com.br\/blog\/portas-de-madeira\/procurando-portas-de-madeira-em-sao-paulo-conte-com-a-arte-madeiras\/#Arte_Madeiras_Especializacao_em_portas_de_madeira_em_Sao_Paulo\" title=\"Arte Madeiras: Especializa\u00e7\u00e3o em portas de madeira em S\u00e3o Paulo\">Arte Madeiras: Especializa\u00e7\u00e3o em portas de madeira em S\u00e3o Paulo<\/a><\/li><li class='ez-toc-page-1 ez-toc-heading-level-2'><a class=\"ez-toc-link ez-toc-heading-3\" href=\"https:\/\/www.artemadeiras.com.br\/blog\/portas-de-madeira\/procurando-portas-de-madeira-em-sao-paulo-conte-com-a-arte-madeiras\/#Compromisso_com_o_meio_ambiente_e_a_legalidade\" title=\"Compromisso com o meio ambiente e a legalidade\">Compromisso com o meio ambiente e a legalidade<\/a><\/li><li class='ez-toc-page-1 ez-toc-heading-level-2'><a class=\"ez-toc-link ez-toc-heading-4\" href=\"https:\/\/www.artemadeiras.com.br\/blog\/portas-de-madeira\/procurando-portas-de-madeira-em-sao-paulo-conte-com-a-arte-madeiras\/#Personalizacao_sob_medida_para_o_seu_projeto\" title=\"Personaliza\u00e7\u00e3o sob medida para o seu projeto\">Personaliza\u00e7\u00e3o sob medida para o seu projeto<\/a><\/li><li class='ez-toc-page-1 ez-toc-heading-level-2'><a class=\"ez-toc-link ez-toc-heading-5\" href=\"https:\/\/www.artemadeiras.com.br\/blog\/portas-de-madeira\/procurando-portas-de-madeira-em-sao-paulo-conte-com-a-arte-madeiras\/#Instalacao_com_garantia_e_seguranca\" title=\"Instala\u00e7\u00e3o com garantia e seguran\u00e7a\">Instala\u00e7\u00e3o com garantia e seguran\u00e7a<\/a><\/li><li class='ez-toc-page-1 ez-toc-heading-level-2'><a class=\"ez-toc-link ez-toc-heading-6\" href=\"https:\/\/www.artemadeiras.com.br\/blog\/portas-de-madeira\/procurando-portas-de-madeira-em-sao-paulo-conte-com-a-arte-madeiras\/#Atendimento_completo_em_toda_Sao_Paulo\" title=\"Atendimento completo em toda S\u00e3o Paulo\">Atendimento completo em toda S\u00e3o Paulo<\/a><\/li><li class='ez-toc-page-1 ez-toc-heading-level-2'><a class=\"ez-toc-link ez-toc-heading-7\" href=\"https:\/\/www.artemadeiras.com.br\/blog\/portas-de-madeira\/procurando-portas-de-madeira-em-sao-paulo-conte-com-a-arte-madeiras\/#Portas_de_madeira_em_Sao_Paulo_A_escolha_certa_e_Arte_Madeiras\" title=\"Portas de madeira em S\u00e3o Paulo: A escolha certa \u00e9 Arte Madeiras\">Portas de madeira em S\u00e3o Paulo: A escolha certa \u00e9 Arte Madeiras<\/a><ul class='ez-toc-list-level-3' ><li class='ez-toc-heading-level-3'><a class=\"ez-toc-link ez-toc-heading-8\" href=\"https:\/\/www.artemadeiras.com.br\/blog\/portas-de-madeira\/procurando-portas-de-madeira-em-sao-paulo-conte-com-a-arte-madeiras\/#Mais_do_que_uma_porta_oferecemos_um_novo_olhar_para_sua_casa\" title=\"Mais do que uma porta, oferecemos um novo olhar para sua casa.\">Mais do que uma porta, oferecemos um novo olhar para sua casa.<\/a><\/li><\/ul><\/li><\/ul><\/nav><\/div>\n<h2 class=\"wp-block-heading\"><span class=\"ez-toc-section\" id=\"Por_que_escolher_portas_de_madeira_para_sua_casa\"><\/span><strong>Por que escolher portas de madeira para sua casa<\/strong><span class=\"ez-toc-section-end\"><\/span><\/h2>\n\n\n\n<p>As <strong>portas de madeira<\/strong> n\u00e3o s\u00e3o apenas bonitas. Elas oferecem uma s\u00e9rie de vantagens que fazem toda a diferen\u00e7a na sua obra:<\/p>\n\n\n\n<ul class=\"wp-block-list\">\n<li><strong>Isolamento t\u00e9rmico e ac\u00fastico:<\/strong> a madeira \u00e9 naturalmente um excelente isolante, ajudando a manter a temperatura interna e reduzindo ru\u00eddos externos;<br><br><\/li>\n\n\n\n<li><strong>Durabilidade:<\/strong> com a madeira certa e o tratamento adequado, uma porta pode durar d\u00e9cadas sem perder sua beleza;<br><br><\/li>\n\n\n\n<li><strong>Versatilidade:<\/strong> a madeira se adapta facilmente a diferentes estilos de decora\u00e7\u00e3o;<br><br><\/li>\n\n\n\n<li><strong>Sustentabilidade:<\/strong> desde que adquirida de fontes certificadas, \u00e9 uma op\u00e7\u00e3o ecologicamente correta.<\/li>\n<\/ul>\n\n\n\n<h2 class=\"wp-block-heading\"><span class=\"ez-toc-section\" id=\"Arte_Madeiras_Especializacao_em_portas_de_madeira_em_Sao_Paulo\"><\/span><strong>Arte Madeiras: Especializa\u00e7\u00e3o em portas de madeira em S\u00e3o Paulo<\/strong><span class=\"ez-toc-section-end\"><\/span><\/h2>\n\n\n\n<p>Ao escolher a <strong>Arte Madeiras<\/strong>, voc\u00ea n\u00e3o est\u00e1 apenas adquirindo uma porta. Voc\u00ea est\u00e1 investindo em um produto de qualidade, com garantia, feito com madeiras de proced\u00eancia e respeito ao meio ambiente. A empresa conta com uma equipe especializada que oferece consultoria desde a escolha do modelo at\u00e9 a instala\u00e7\u00e3o final.<\/p>\n\n\n\n<p>Entre os principais diferenciais est\u00e3o:<\/p>\n\n\n\n<ul class=\"wp-block-list\">\n<li><strong>Madeiras nobres certificadas<\/strong>, como Garoeira, Jequitib\u00e1, Curupix\u00e1, Ita\u00faba e Ip\u00ea Champagne;<br><br><\/li>\n\n\n\n<li><strong>Linha completa de portas lisas<\/strong>, ideais para verniz ou pintura personalizada;<br><br><\/li>\n\n\n\n<li><strong>Batentes e guarni\u00e7\u00f5es sob medida<\/strong>, com madeira Tauari seca em estufa;<br><br><\/li>\n\n\n\n<li><strong>Atendimento especializado<\/strong> para arquitetos, engenheiros, decoradores, construtoras e consumidores em geral;<br><br><\/li>\n\n\n\n<li><strong>Mais de duas d\u00e9cadas de experi\u00eancia<\/strong> no setor, com foco em qualidade e satisfa\u00e7\u00e3o do cliente.<\/li>\n<\/ul>\n\n\n\n<h2 class=\"wp-block-heading\"><span class=\"ez-toc-section\" id=\"Compromisso_com_o_meio_ambiente_e_a_legalidade\"><\/span><strong>Compromisso com o meio ambiente e a legalidade<\/strong><span class=\"ez-toc-section-end\"><\/span><\/h2>\n\n\n\n<p>Um ponto que merece destaque \u00e9 o compromisso da empresa com a sustentabilidade. A <strong>Arte Madeiras<\/strong> participa do Programa Qualimadeira e segue todas as diretrizes ambientais dos \u00f3rg\u00e3os reguladores, como IBAMA e Secretaria do Meio Ambiente.<\/p>\n\n\n\n<p>Isso garante que toda madeira utilizada tenha <strong>origem controlada e certificada<\/strong>, respeitando as leis brasileiras e ajudando a preservar nossas florestas. Ao comprar com a Arte Madeiras, voc\u00ea tem a seguran\u00e7a de estar fazendo uma escolha consciente.<\/p>\n\n\n\n<ul class=\"wp-block-list\">\n<li><a href=\"https:\/\/www.artemadeiras.com.br\/blog\/forros-de-madeira\/5-motivos-urgentes-para-investir-em-forros-de-madeira\/\">5 motivos urgentes para investir em forros de madeira<\/a><\/li>\n<\/ul>\n\n\n\n<h2 class=\"wp-block-heading\"><span class=\"ez-toc-section\" id=\"Personalizacao_sob_medida_para_o_seu_projeto\"><\/span><strong>Personaliza\u00e7\u00e3o sob medida para o seu projeto<\/strong><span class=\"ez-toc-section-end\"><\/span><\/h2>\n\n\n<div class=\"wp-block-image\">\n<figure class=\"alignright size-full is-resized\"><img loading=\"lazy\" decoding=\"async\" width=\"600\" height=\"600\" src=\"https:\/\/www.artemadeiras.com.br\/blog\/wp-content\/uploads\/2025\/09\/porta2.jpeg\" alt=\"Procurando portas de madeira em S\u00e3o Paulo? Conte com a Arte Madeiras\n\" class=\"wp-image-275\" style=\"width:247px;height:auto\" srcset=\"https:\/\/www.artemadeiras.com.br\/blog\/wp-content\/uploads\/2025\/09\/porta2.jpeg 600w, https:\/\/www.artemadeiras.com.br\/blog\/wp-content\/uploads\/2025\/09\/porta2-300x300.jpeg 300w, https:\/\/www.artemadeiras.com.br\/blog\/wp-content\/uploads\/2025\/09\/porta2-150x150.jpeg 150w\" sizes=\"auto, (max-width: 600px) 100vw, 600px\" \/><\/figure>\n<\/div>\n\n\n<p>Cada casa tem sua identidade, e uma porta sob medida pode real\u00e7ar ainda mais o estilo da sua resid\u00eancia. Pensando nisso, a <strong>Arte Madeiras<\/strong> oferece servi\u00e7os personalizados para quem deseja algo exclusivo.<\/p>\n\n\n\n<p>A empresa est\u00e1 preparada para desenvolver <strong>portas sob encomenda<\/strong> de acordo com as especifica\u00e7\u00f5es do cliente. Seja para um projeto residencial ou comercial, a equipe t\u00e9cnica garante acabamento de alta qualidade e encaixe perfeito.<\/p>\n\n\n\n<ul class=\"wp-block-list\">\n<li><a href=\"https:\/\/www.artemadeiras.com.br\/blog\/loja-de-produtos-de-madeira\/esta-a-procura-de-loja-de-produtos-de-madeira-conheca-a-arte-madeiras\/\">Est\u00e1 \u00e0 procura de loja de produtos de madeira? Conhe\u00e7a a Arte Madeiras!<\/a><\/li>\n<\/ul>\n\n\n\n<h2 class=\"wp-block-heading\"><span class=\"ez-toc-section\" id=\"Instalacao_com_garantia_e_seguranca\"><\/span><strong>Instala\u00e7\u00e3o com garantia e seguran\u00e7a<\/strong><span class=\"ez-toc-section-end\"><\/span><\/h2>\n\n\n\n<p>Comprar a porta ideal \u00e9 apenas uma parte do processo. A instala\u00e7\u00e3o correta \u00e9 essencial para que o produto desempenhe bem sua fun\u00e7\u00e3o e tenha maior durabilidade. Por isso, a <strong>Arte Madeiras<\/strong> tamb\u00e9m conta com uma equipe especializada em montagem e instala\u00e7\u00e3o de portas.<\/p>\n\n\n\n<p>Esse servi\u00e7o garante:<\/p>\n\n\n\n<ul class=\"wp-block-list\">\n<li><strong>Alinhamento correto<\/strong> da porta com o batente;<\/li>\n\n\n\n<li><strong>Vedamento eficiente<\/strong> contra ru\u00eddos e entrada de poeira;<\/li>\n\n\n\n<li><strong>Acabamento fino e detalhado<\/strong>, valorizando ainda mais o ambiente;<\/li>\n\n\n\n<li><strong>Garantia do servi\u00e7o realizado<\/strong>, com suporte ao cliente ap\u00f3s a instala\u00e7\u00e3o.<\/li>\n<\/ul>\n\n\n\n<h2 class=\"wp-block-heading\"><span class=\"ez-toc-section\" id=\"Atendimento_completo_em_toda_Sao_Paulo\"><\/span><strong>Atendimento completo em toda S\u00e3o Paulo<\/strong><span class=\"ez-toc-section-end\"><\/span><\/h2>\n\n\n\n<p>Localizada na zona norte da capital, a Arte Madeiras atende com agilidade clientes de toda a Grande S\u00e3o Paulo. Se voc\u00ea est\u00e1 em busca de <strong>portas de madeira em S\u00e3o Paulo<\/strong>, n\u00e3o importa o bairro: a empresa est\u00e1 pronta para atender sua demanda com qualidade e rapidez.<\/p>\n\n\n\n<p>O atendimento \u00e9 realizado via telefone, WhatsApp, e-mail ou presencialmente. Voc\u00ea pode fazer or\u00e7amentos, tirar d\u00favidas sobre modelos, medidas, tipos de madeira e prazos de entrega diretamente com os consultores da empresa.<\/p>\n\n\n\n<ul class=\"wp-block-list\">\n<li><a href=\"https:\/\/www.artemadeiras.com.br\/blog\/assoalhos\/comprar-assoalho-de-madeira\/\">Quer comprar assoalho de madeira com qualidade? Conte com a Arte Madeiras<\/a><\/li>\n<\/ul>\n\n\n\n<h2 class=\"wp-block-heading\"><span class=\"ez-toc-section\" id=\"Portas_de_madeira_em_Sao_Paulo_A_escolha_certa_e_Arte_Madeiras\"><\/span><strong>Portas de madeira em S\u00e3o Paulo: A escolha certa \u00e9 Arte Madeiras<\/strong><span class=\"ez-toc-section-end\"><\/span><\/h2>\n\n\n\n<p>Se voc\u00ea est\u00e1 construindo, reformando ou apenas quer renovar a entrada da sua casa, conte com a experi\u00eancia, a qualidade e o compromisso da Arte Madeiras.<\/p>\n\n\n\n<h3 class=\"wp-block-heading\"><span class=\"ez-toc-section\" id=\"Mais_do_que_uma_porta_oferecemos_um_novo_olhar_para_sua_casa\"><\/span><strong>Mais do que uma porta, oferecemos um novo olhar para sua casa.<\/strong><span class=\"ez-toc-section-end\"><\/span><\/h3>\n\n\n\n<p><strong><a href=\"https:\/\/www.artemadeiras.com.br\/contato\" class=\"rank-math-link\">Entre em contato com a Arte Madeiras<\/a>, solicite um or\u00e7amento personalizado e descubra como transformar sua casa com eleg\u00e2ncia, seguran\u00e7a e responsabilidade ambiental.<\/strong><\/p>\n","protected":false},"excerpt":{"rendered":"<p><span class=\"rt-reading-time\" style=\"display: block;\"><span class=\"rt-label rt-prefix\">Tempo de leitura<\/span> <span class=\"rt-time\">3<\/span> <span class=\"rt-label rt-postfix\">minutos<\/span><\/span> Se voc\u00ea busca portas de madeira em S\u00e3o Paulo, conhe\u00e7a a Arte Madeiras: qualidade e atendimento especializado para sua obra ou reforma. A primeira impress\u00e3o da sua casa come\u00e7a pela porta. E se essa porta for de madeira, o impacto&#8230;<\/p>\n","protected":false},"author":1,"featured_media":274,"comment_status":"open","ping_status":"open","sticky":false,"template":"","format":"standard","meta":{"footnotes":""},"categories":[2050],"tags":[2101,2065,2055,2076,2073,2081,2095,2064,2099,2085,2066,2056,2091,2057,2087,2072,2069,2053,2078,2080,2062,2092,2059,2060,2061,2058,2084,2079,2063,2071,2077,2067,2088,2097,2051,2093,2068,2054,2090,2083,2094,2089,2052,2086,2070,2075,2082,2074,2096,2100,2098],"class_list":["post-273","post","type-post","status-publish","format-standard","has-post-thumbnail","hentry","category-portas-de-madeira","tag-acabamento-de-portas-de-madeira","tag-arte-madeiras-sao-paulo","tag-batentes-de-madeira-sp","tag-como-escolher-porta-de-madeira","tag-como-instalar-porta-de-madeira","tag-como-pedir-orcamento-porta-sp","tag-compra-de-portas-direto-da-fabrica-sp","tag-empresa-de-portas-sp","tag-empresa-especializada-em-portas-sp","tag-fornecedor-de-madeira-zona-norte-sp","tag-fornecedores-de-madeira-sp","tag-guarnicoes-madeira-sp","tag-instalacao-profissional-de-portas-sp","tag-madeira-para-portas-sao-paulo","tag-madeiras-certificadas-sp","tag-o-que-e-uma-porta-sob-medida","tag-onde-comprar-portas-de-madeira-em-sao-paulo","tag-onde-comprar-portas-de-madeira-sp","tag-onde-encontrar-batente-de-madeira","tag-onde-fica-a-arte-madeiras","tag-porta-com-instalacao-sp","tag-porta-com-isolamento-acustico-sp","tag-porta-de-curupixa-sp","tag-porta-de-garoeira-sp","tag-porta-de-itauba-sp","tag-porta-de-jequitiba-sp","tag-porta-de-madeira-com-garantia","tag-porta-de-madeira-combina-com-qual-estilo","tag-porta-de-madeira-decorativa","tag-porta-de-madeira-dura-mais","tag-porta-de-madeira-e-sustentavel","tag-porta-de-madeira-ecologica","tag-porta-de-madeira-ecologica-sp","tag-porta-de-madeira-para-reforma","tag-porta-de-madeira-sob-medida","tag-porta-de-madeira-sustentavel-sp","tag-porta-resistente-madeira","tag-portas-de-madeira-certificadas","tag-portas-de-madeira-decorativas-sp","tag-portas-de-madeira-macica-sp","tag-portas-de-madeira-modernas-sp","tag-portas-de-madeira-para-interiores","tag-portas-lisas-madeira-sp","tag-portas-personalizadas-de-madeira","tag-quais-os-tipos-de-madeira-para-portas","tag-qual-melhor-madeira-para-porta","tag-quanto-custa-porta-de-madeira-sp","tag-quem-faz-porta-de-madeira-sob-encomenda-em-sp","tag-revenda-de-portas-de-madeira-sp","tag-solucoes-em-portas-de-madeira-sp","tag-tipos-de-madeira-para-portas-sp"],"yoast_head":"<!-- This site is optimized with the Yoast SEO plugin v23.6 - https:\/\/yoast.com\/wordpress\/plugins\/seo\/ -->\n<title>Procurando portas de madeira em S\u00e3o Paulo? Conte com a Arte Madeiras - Blog | Arte madeiras<\/title>\n<meta name=\"description\" content=\"Se voc\u00ea busca portas de madeira em S\u00e3o Paulo, conhe\u00e7a a Arte Madeiras: qualidade e atendimento especializado para sua obra ou reforma.\" \/>\n<meta name=\"robots\" content=\"index, follow, max-snippet:-1, max-image-preview:large, max-video-preview:-1\" \/>\n<link rel=\"canonical\" href=\"https:\/\/www.artemadeiras.com.br\/blog\/portas-de-madeira\/procurando-portas-de-madeira-em-sao-paulo-conte-com-a-arte-madeiras\/\" \/>\n<meta property=\"og:locale\" content=\"pt_BR\" \/>\n<meta property=\"og:type\" content=\"article\" \/>\n<meta property=\"og:title\" content=\"Procurando portas de madeira em S\u00e3o Paulo? Conte com a Arte Madeiras - Blog | Arte madeiras\" \/>\n<meta property=\"og:description\" content=\"Se voc\u00ea busca portas de madeira em S\u00e3o Paulo, conhe\u00e7a a Arte Madeiras: qualidade e atendimento especializado para sua obra ou reforma.\" \/>\n<meta property=\"og:url\" content=\"https:\/\/www.artemadeiras.com.br\/blog\/portas-de-madeira\/procurando-portas-de-madeira-em-sao-paulo-conte-com-a-arte-madeiras\/\" \/>\n<meta property=\"og:site_name\" content=\"Blog | Arte madeiras\" \/>\n<meta property=\"article:published_time\" content=\"2025-09-02T15:22:21+00:00\" \/>\n<meta property=\"article:modified_time\" content=\"2025-09-02T15:23:46+00:00\" \/>\n<meta property=\"og:image\" content=\"https:\/\/www.artemadeiras.com.br\/blog\/wp-content\/uploads\/2025\/09\/Captura-de-Tela-2025-09-02-as-12.13.55.png\" \/>\n\t<meta property=\"og:image:width\" content=\"693\" \/>\n\t<meta property=\"og:image:height\" content=\"334\" \/>\n\t<meta property=\"og:image:type\" content=\"image\/png\" \/>\n<meta name=\"author\" content=\"bloomin\" \/>\n<meta name=\"twitter:card\" content=\"summary_large_image\" \/>\n<meta name=\"twitter:label1\" content=\"Escrito por\" \/>\n\t<meta name=\"twitter:data1\" content=\"bloomin\" \/>\n\t<meta name=\"twitter:label2\" content=\"Est. tempo de leitura\" \/>\n\t<meta name=\"twitter:data2\" content=\"5 minutos\" \/>\n<script type=\"application\/ld+json\" class=\"yoast-schema-graph\">{\"@context\":\"https:\/\/schema.org\",\"@graph\":[{\"@type\":\"Article\",\"@id\":\"https:\/\/www.artemadeiras.com.br\/blog\/portas-de-madeira\/procurando-portas-de-madeira-em-sao-paulo-conte-com-a-arte-madeiras\/#article\",\"isPartOf\":{\"@id\":\"https:\/\/www.artemadeiras.com.br\/blog\/portas-de-madeira\/procurando-portas-de-madeira-em-sao-paulo-conte-com-a-arte-madeiras\/\"},\"author\":{\"name\":\"bloomin\",\"@id\":\"https:\/\/www.artemadeiras.com.br\/blog\/#\/schema\/person\/03c7826df62479a35ffcf10a5a652727\"},\"headline\":\"Procurando portas de madeira em S\u00e3o Paulo? Conte com a Arte Madeiras\",\"datePublished\":\"2025-09-02T15:22:21+00:00\",\"dateModified\":\"2025-09-02T15:23:46+00:00\",\"mainEntityOfPage\":{\"@id\":\"https:\/\/www.artemadeiras.com.br\/blog\/portas-de-madeira\/procurando-portas-de-madeira-em-sao-paulo-conte-com-a-arte-madeiras\/\"},\"wordCount\":868,\"commentCount\":0,\"publisher\":{\"@id\":\"https:\/\/www.artemadeiras.com.br\/blog\/#organization\"},\"image\":{\"@id\":\"https:\/\/www.artemadeiras.com.br\/blog\/portas-de-madeira\/procurando-portas-de-madeira-em-sao-paulo-conte-com-a-arte-madeiras\/#primaryimage\"},\"thumbnailUrl\":\"https:\/\/www.artemadeiras.com.br\/blog\/wp-content\/uploads\/2025\/09\/Captura-de-Tela-2025-09-02-as-12.13.55.png\",\"keywords\":[\"acabamento de portas de madeira\",\"Arte Madeiras S\u00e3o Paulo\",\"batentes de madeira SP\",\"como escolher porta de madeira?\",\"como instalar porta de madeira?\",\"como pedir or\u00e7amento porta SP?\",\"compra de portas direto da f\u00e1brica SP\",\"empresa de portas SP\",\"empresa especializada em portas SP\",\"fornecedor de madeira zona norte SP\",\"fornecedores de madeira SP\",\"guarni\u00e7\u00f5es madeira SP\",\"instala\u00e7\u00e3o profissional de portas SP\",\"madeira para portas S\u00e3o Paulo\",\"madeiras certificadas SP\",\"o que \u00e9 uma porta sob medida?\",\"onde comprar portas de madeira em S\u00e3o Paulo?\",\"onde comprar portas de madeira SP\",\"onde encontrar batente de madeira?\",\"onde fica a Arte Madeiras?\",\"porta com instala\u00e7\u00e3o SP\",\"porta com isolamento ac\u00fastico SP\",\"porta de curupix\u00e1 SP\",\"porta de garoeira SP\",\"porta de ita\u00faba SP\",\"porta de jequitib\u00e1 SP\",\"porta de madeira com garantia\",\"porta de madeira combina com qual estilo?\",\"porta de madeira decorativa\",\"porta de madeira dura mais?\",\"porta de madeira \u00e9 sustent\u00e1vel?\",\"porta de madeira ecologica\",\"porta de madeira ecol\u00f3gica SP\",\"porta de madeira para reforma\",\"porta de madeira sob medida\",\"porta de madeira sustent\u00e1vel SP\",\"porta resistente madeira\",\"portas de madeira certificadas\",\"portas de madeira decorativas SP\",\"portas de madeira maci\u00e7a SP\",\"portas de madeira modernas SP\",\"portas de madeira para interiores\",\"portas lisas madeira SP\",\"portas personalizadas de madeira\",\"quais os tipos de madeira para portas?\",\"qual melhor madeira para porta?\",\"quanto custa porta de madeira SP?\",\"quem faz porta de madeira sob encomenda em SP?\",\"revenda de portas de madeira SP\",\"solu\u00e7\u00f5es em portas de madeira SP\",\"tipos de madeira para portas SP\"],\"articleSection\":[\"Portas de madeira\"],\"inLanguage\":\"pt-BR\",\"potentialAction\":[{\"@type\":\"CommentAction\",\"name\":\"Comment\",\"target\":[\"https:\/\/www.artemadeiras.com.br\/blog\/portas-de-madeira\/procurando-portas-de-madeira-em-sao-paulo-conte-com-a-arte-madeiras\/#respond\"]}]},{\"@type\":\"WebPage\",\"@id\":\"https:\/\/www.artemadeiras.com.br\/blog\/portas-de-madeira\/procurando-portas-de-madeira-em-sao-paulo-conte-com-a-arte-madeiras\/\",\"url\":\"https:\/\/www.artemadeiras.com.br\/blog\/portas-de-madeira\/procurando-portas-de-madeira-em-sao-paulo-conte-com-a-arte-madeiras\/\",\"name\":\"Procurando portas de madeira em S\u00e3o Paulo? Conte com a Arte Madeiras - Blog | Arte madeiras\",\"isPartOf\":{\"@id\":\"https:\/\/www.artemadeiras.com.br\/blog\/#website\"},\"primaryImageOfPage\":{\"@id\":\"https:\/\/www.artemadeiras.com.br\/blog\/portas-de-madeira\/procurando-portas-de-madeira-em-sao-paulo-conte-com-a-arte-madeiras\/#primaryimage\"},\"image\":{\"@id\":\"https:\/\/www.artemadeiras.com.br\/blog\/portas-de-madeira\/procurando-portas-de-madeira-em-sao-paulo-conte-com-a-arte-madeiras\/#primaryimage\"},\"thumbnailUrl\":\"https:\/\/www.artemadeiras.com.br\/blog\/wp-content\/uploads\/2025\/09\/Captura-de-Tela-2025-09-02-as-12.13.55.png\",\"datePublished\":\"2025-09-02T15:22:21+00:00\",\"dateModified\":\"2025-09-02T15:23:46+00:00\",\"description\":\"Se voc\u00ea busca portas de madeira em S\u00e3o Paulo, conhe\u00e7a a Arte Madeiras: qualidade e atendimento especializado para sua obra ou reforma.\",\"breadcrumb\":{\"@id\":\"https:\/\/www.artemadeiras.com.br\/blog\/portas-de-madeira\/procurando-portas-de-madeira-em-sao-paulo-conte-com-a-arte-madeiras\/#breadcrumb\"},\"inLanguage\":\"pt-BR\",\"potentialAction\":[{\"@type\":\"ReadAction\",\"target\":[\"https:\/\/www.artemadeiras.com.br\/blog\/portas-de-madeira\/procurando-portas-de-madeira-em-sao-paulo-conte-com-a-arte-madeiras\/\"]}]},{\"@type\":\"ImageObject\",\"inLanguage\":\"pt-BR\",\"@id\":\"https:\/\/www.artemadeiras.com.br\/blog\/portas-de-madeira\/procurando-portas-de-madeira-em-sao-paulo-conte-com-a-arte-madeiras\/#primaryimage\",\"url\":\"https:\/\/www.artemadeiras.com.br\/blog\/wp-content\/uploads\/2025\/09\/Captura-de-Tela-2025-09-02-as-12.13.55.png\",\"contentUrl\":\"https:\/\/www.artemadeiras.com.br\/blog\/wp-content\/uploads\/2025\/09\/Captura-de-Tela-2025-09-02-as-12.13.55.png\",\"width\":693,\"height\":334,\"caption\":\"Procurando portas de madeira em S\u00e3o Paulo? Conte com a Arte Madeiras\"},{\"@type\":\"BreadcrumbList\",\"@id\":\"https:\/\/www.artemadeiras.com.br\/blog\/portas-de-madeira\/procurando-portas-de-madeira-em-sao-paulo-conte-com-a-arte-madeiras\/#breadcrumb\",\"itemListElement\":[{\"@type\":\"ListItem\",\"position\":1,\"name\":\"In\u00edcio\",\"item\":\"https:\/\/www.artemadeiras.com.br\/blog\/\"},{\"@type\":\"ListItem\",\"position\":2,\"name\":\"Procurando portas de madeira em S\u00e3o Paulo? Conte com a Arte Madeiras\"}]},{\"@type\":\"WebSite\",\"@id\":\"https:\/\/www.artemadeiras.com.br\/blog\/#website\",\"url\":\"https:\/\/www.artemadeiras.com.br\/blog\/\",\"name\":\"Blog | Arte madeiras\",\"description\":\"Dicas e Novidades sobre Madeiras\",\"publisher\":{\"@id\":\"https:\/\/www.artemadeiras.com.br\/blog\/#organization\"},\"potentialAction\":[{\"@type\":\"SearchAction\",\"target\":{\"@type\":\"EntryPoint\",\"urlTemplate\":\"https:\/\/www.artemadeiras.com.br\/blog\/?s={search_term_string}\"},\"query-input\":{\"@type\":\"PropertyValueSpecification\",\"valueRequired\":true,\"valueName\":\"search_term_string\"}}],\"inLanguage\":\"pt-BR\"},{\"@type\":\"Organization\",\"@id\":\"https:\/\/www.artemadeiras.com.br\/blog\/#organization\",\"name\":\"Blog | Arte madeiras\",\"url\":\"https:\/\/www.artemadeiras.com.br\/blog\/\",\"logo\":{\"@type\":\"ImageObject\",\"inLanguage\":\"pt-BR\",\"@id\":\"https:\/\/www.artemadeiras.com.br\/blog\/#\/schema\/logo\/image\/\",\"url\":\"https:\/\/www.artemadeiras.com.br\/blog\/wp-content\/uploads\/2021\/01\/logo-arte-madeiras.png\",\"contentUrl\":\"https:\/\/www.artemadeiras.com.br\/blog\/wp-content\/uploads\/2021\/01\/logo-arte-madeiras.png\",\"width\":255,\"height\":110,\"caption\":\"Blog | Arte madeiras\"},\"image\":{\"@id\":\"https:\/\/www.artemadeiras.com.br\/blog\/#\/schema\/logo\/image\/\"}},{\"@type\":\"Person\",\"@id\":\"https:\/\/www.artemadeiras.com.br\/blog\/#\/schema\/person\/03c7826df62479a35ffcf10a5a652727\",\"name\":\"bloomin\",\"image\":{\"@type\":\"ImageObject\",\"inLanguage\":\"pt-BR\",\"@id\":\"https:\/\/www.artemadeiras.com.br\/blog\/#\/schema\/person\/image\/\",\"url\":\"https:\/\/secure.gravatar.com\/avatar\/161a7ea08f1b8bd365e1697a2453e6c719201075da8bdf298a1c2fc5455ba35d?s=96&d=mm&r=g\",\"contentUrl\":\"https:\/\/secure.gravatar.com\/avatar\/161a7ea08f1b8bd365e1697a2453e6c719201075da8bdf298a1c2fc5455ba35d?s=96&d=mm&r=g\",\"caption\":\"bloomin\"},\"sameAs\":[\"https:\/\/www.artemadeiras.com.br\/blog\"],\"url\":\"https:\/\/www.artemadeiras.com.br\/blog\/author\/bloomin\/\"}]}<\/script>\n<!-- \/ Yoast SEO plugin. -->","yoast_head_json":{"title":"Procurando portas de madeira em S\u00e3o Paulo? Conte com a Arte Madeiras - Blog | Arte madeiras","description":"Se voc\u00ea busca portas de madeira em S\u00e3o Paulo, conhe\u00e7a a Arte Madeiras: qualidade e atendimento especializado para sua obra ou reforma.","robots":{"index":"index","follow":"follow","max-snippet":"max-snippet:-1","max-image-preview":"max-image-preview:large","max-video-preview":"max-video-preview:-1"},"canonical":"https:\/\/www.artemadeiras.com.br\/blog\/portas-de-madeira\/procurando-portas-de-madeira-em-sao-paulo-conte-com-a-arte-madeiras\/","og_locale":"pt_BR","og_type":"article","og_title":"Procurando portas de madeira em S\u00e3o Paulo? Conte com a Arte Madeiras - Blog | Arte madeiras","og_description":"Se voc\u00ea busca portas de madeira em S\u00e3o Paulo, conhe\u00e7a a Arte Madeiras: qualidade e atendimento especializado para sua obra ou reforma.","og_url":"https:\/\/www.artemadeiras.com.br\/blog\/portas-de-madeira\/procurando-portas-de-madeira-em-sao-paulo-conte-com-a-arte-madeiras\/","og_site_name":"Blog | Arte madeiras","article_published_time":"2025-09-02T15:22:21+00:00","article_modified_time":"2025-09-02T15:23:46+00:00","og_image":[{"width":693,"height":334,"url":"https:\/\/www.artemadeiras.com.br\/blog\/wp-content\/uploads\/2025\/09\/Captura-de-Tela-2025-09-02-as-12.13.55.png","type":"image\/png"}],"author":"bloomin","twitter_card":"summary_large_image","twitter_misc":{"Escrito por":"bloomin","Est. tempo de leitura":"5 minutos"},"schema":{"@context":"https:\/\/schema.org","@graph":[{"@type":"Article","@id":"https:\/\/www.artemadeiras.com.br\/blog\/portas-de-madeira\/procurando-portas-de-madeira-em-sao-paulo-conte-com-a-arte-madeiras\/#article","isPartOf":{"@id":"https:\/\/www.artemadeiras.com.br\/blog\/portas-de-madeira\/procurando-portas-de-madeira-em-sao-paulo-conte-com-a-arte-madeiras\/"},"author":{"name":"bloomin","@id":"https:\/\/www.artemadeiras.com.br\/blog\/#\/schema\/person\/03c7826df62479a35ffcf10a5a652727"},"headline":"Procurando portas de madeira em S\u00e3o Paulo? Conte com a Arte Madeiras","datePublished":"2025-09-02T15:22:21+00:00","dateModified":"2025-09-02T15:23:46+00:00","mainEntityOfPage":{"@id":"https:\/\/www.artemadeiras.com.br\/blog\/portas-de-madeira\/procurando-portas-de-madeira-em-sao-paulo-conte-com-a-arte-madeiras\/"},"wordCount":868,"commentCount":0,"publisher":{"@id":"https:\/\/www.artemadeiras.com.br\/blog\/#organization"},"image":{"@id":"https:\/\/www.artemadeiras.com.br\/blog\/portas-de-madeira\/procurando-portas-de-madeira-em-sao-paulo-conte-com-a-arte-madeiras\/#primaryimage"},"thumbnailUrl":"https:\/\/www.artemadeiras.com.br\/blog\/wp-content\/uploads\/2025\/09\/Captura-de-Tela-2025-09-02-as-12.13.55.png","keywords":["acabamento de portas de madeira","Arte Madeiras S\u00e3o Paulo","batentes de madeira SP","como escolher porta de madeira?","como instalar porta de madeira?","como pedir or\u00e7amento porta SP?","compra de portas direto da f\u00e1brica SP","empresa de portas SP","empresa especializada em portas SP","fornecedor de madeira zona norte SP","fornecedores de madeira SP","guarni\u00e7\u00f5es madeira SP","instala\u00e7\u00e3o profissional de portas SP","madeira para portas S\u00e3o Paulo","madeiras certificadas SP","o que \u00e9 uma porta sob medida?","onde comprar portas de madeira em S\u00e3o Paulo?","onde comprar portas de madeira SP","onde encontrar batente de madeira?","onde fica a Arte Madeiras?","porta com instala\u00e7\u00e3o SP","porta com isolamento ac\u00fastico SP","porta de curupix\u00e1 SP","porta de garoeira SP","porta de ita\u00faba SP","porta de jequitib\u00e1 SP","porta de madeira com garantia","porta de madeira combina com qual estilo?","porta de madeira decorativa","porta de madeira dura mais?","porta de madeira \u00e9 sustent\u00e1vel?","porta de madeira ecologica","porta de madeira ecol\u00f3gica SP","porta de madeira para reforma","porta de madeira sob medida","porta de madeira sustent\u00e1vel SP","porta resistente madeira","portas de madeira certificadas","portas de madeira decorativas SP","portas de madeira maci\u00e7a SP","portas de madeira modernas SP","portas de madeira para interiores","portas lisas madeira SP","portas personalizadas de madeira","quais os tipos de madeira para portas?","qual melhor madeira para porta?","quanto custa porta de madeira SP?","quem faz porta de madeira sob encomenda em SP?","revenda de portas de madeira SP","solu\u00e7\u00f5es em portas de madeira SP","tipos de madeira para portas SP"],"articleSection":["Portas de madeira"],"inLanguage":"pt-BR","potentialAction":[{"@type":"CommentAction","name":"Comment","target":["https:\/\/www.artemadeiras.com.br\/blog\/portas-de-madeira\/procurando-portas-de-madeira-em-sao-paulo-conte-com-a-arte-madeiras\/#respond"]}]},{"@type":"WebPage","@id":"https:\/\/www.artemadeiras.com.br\/blog\/portas-de-madeira\/procurando-portas-de-madeira-em-sao-paulo-conte-com-a-arte-madeiras\/","url":"https:\/\/www.artemadeiras.com.br\/blog\/portas-de-madeira\/procurando-portas-de-madeira-em-sao-paulo-conte-com-a-arte-madeiras\/","name":"Procurando portas de madeira em S\u00e3o Paulo? Conte com a Arte Madeiras - Blog | Arte madeiras","isPartOf":{"@id":"https:\/\/www.artemadeiras.com.br\/blog\/#website"},"primaryImageOfPage":{"@id":"https:\/\/www.artemadeiras.com.br\/blog\/portas-de-madeira\/procurando-portas-de-madeira-em-sao-paulo-conte-com-a-arte-madeiras\/#primaryimage"},"image":{"@id":"https:\/\/www.artemadeiras.com.br\/blog\/portas-de-madeira\/procurando-portas-de-madeira-em-sao-paulo-conte-com-a-arte-madeiras\/#primaryimage"},"thumbnailUrl":"https:\/\/www.artemadeiras.com.br\/blog\/wp-content\/uploads\/2025\/09\/Captura-de-Tela-2025-09-02-as-12.13.55.png","datePublished":"2025-09-02T15:22:21+00:00","dateModified":"2025-09-02T15:23:46+00:00","description":"Se voc\u00ea busca portas de madeira em S\u00e3o Paulo, conhe\u00e7a a Arte Madeiras: qualidade e atendimento especializado para sua obra ou reforma.","breadcrumb":{"@id":"https:\/\/www.artemadeiras.com.br\/blog\/portas-de-madeira\/procurando-portas-de-madeira-em-sao-paulo-conte-com-a-arte-madeiras\/#breadcrumb"},"inLanguage":"pt-BR","potentialAction":[{"@type":"ReadAction","target":["https:\/\/www.artemadeiras.com.br\/blog\/portas-de-madeira\/procurando-portas-de-madeira-em-sao-paulo-conte-com-a-arte-madeiras\/"]}]},{"@type":"ImageObject","inLanguage":"pt-BR","@id":"https:\/\/www.artemadeiras.com.br\/blog\/portas-de-madeira\/procurando-portas-de-madeira-em-sao-paulo-conte-com-a-arte-madeiras\/#primaryimage","url":"https:\/\/www.artemadeiras.com.br\/blog\/wp-content\/uploads\/2025\/09\/Captura-de-Tela-2025-09-02-as-12.13.55.png","contentUrl":"https:\/\/www.artemadeiras.com.br\/blog\/wp-content\/uploads\/2025\/09\/Captura-de-Tela-2025-09-02-as-12.13.55.png","width":693,"height":334,"caption":"Procurando portas de madeira em S\u00e3o Paulo? Conte com a Arte Madeiras"},{"@type":"BreadcrumbList","@id":"https:\/\/www.artemadeiras.com.br\/blog\/portas-de-madeira\/procurando-portas-de-madeira-em-sao-paulo-conte-com-a-arte-madeiras\/#breadcrumb","itemListElement":[{"@type":"ListItem","position":1,"name":"In\u00edcio","item":"https:\/\/www.artemadeiras.com.br\/blog\/"},{"@type":"ListItem","position":2,"name":"Procurando portas de madeira em S\u00e3o Paulo? Conte com a Arte Madeiras"}]},{"@type":"WebSite","@id":"https:\/\/www.artemadeiras.com.br\/blog\/#website","url":"https:\/\/www.artemadeiras.com.br\/blog\/","name":"Blog | Arte madeiras","description":"Dicas e Novidades sobre Madeiras","publisher":{"@id":"https:\/\/www.artemadeiras.com.br\/blog\/#organization"},"potentialAction":[{"@type":"SearchAction","target":{"@type":"EntryPoint","urlTemplate":"https:\/\/www.artemadeiras.com.br\/blog\/?s={search_term_string}"},"query-input":{"@type":"PropertyValueSpecification","valueRequired":true,"valueName":"search_term_string"}}],"inLanguage":"pt-BR"},{"@type":"Organization","@id":"https:\/\/www.artemadeiras.com.br\/blog\/#organization","name":"Blog | Arte madeiras","url":"https:\/\/www.artemadeiras.com.br\/blog\/","logo":{"@type":"ImageObject","inLanguage":"pt-BR","@id":"https:\/\/www.artemadeiras.com.br\/blog\/#\/schema\/logo\/image\/","url":"https:\/\/www.artemadeiras.com.br\/blog\/wp-content\/uploads\/2021\/01\/logo-arte-madeiras.png","contentUrl":"https:\/\/www.artemadeiras.com.br\/blog\/wp-content\/uploads\/2021\/01\/logo-arte-madeiras.png","width":255,"height":110,"caption":"Blog | Arte madeiras"},"image":{"@id":"https:\/\/www.artemadeiras.com.br\/blog\/#\/schema\/logo\/image\/"}},{"@type":"Person","@id":"https:\/\/www.artemadeiras.com.br\/blog\/#\/schema\/person\/03c7826df62479a35ffcf10a5a652727","name":"bloomin","image":{"@type":"ImageObject","inLanguage":"pt-BR","@id":"https:\/\/www.artemadeiras.com.br\/blog\/#\/schema\/person\/image\/","url":"https:\/\/secure.gravatar.com\/avatar\/161a7ea08f1b8bd365e1697a2453e6c719201075da8bdf298a1c2fc5455ba35d?s=96&d=mm&r=g","contentUrl":"https:\/\/secure.gravatar.com\/avatar\/161a7ea08f1b8bd365e1697a2453e6c719201075da8bdf298a1c2fc5455ba35d?s=96&d=mm&r=g","caption":"bloomin"},"sameAs":["https:\/\/www.artemadeiras.com.br\/blog"],"url":"https:\/\/www.artemadeiras.com.br\/blog\/author\/bloomin\/"}]}},"_links":{"self":[{"href":"https:\/\/www.artemadeiras.com.br\/blog\/wp-json\/wp\/v2\/posts\/273","targetHints":{"allow":["GET"]}}],"collection":[{"href":"https:\/\/www.artemadeiras.com.br\/blog\/wp-json\/wp\/v2\/posts"}],"about":[{"href":"https:\/\/www.artemadeiras.com.br\/blog\/wp-json\/wp\/v2\/types\/post"}],"author":[{"embeddable":true,"href":"https:\/\/www.artemadeiras.com.br\/blog\/wp-json\/wp\/v2\/users\/1"}],"replies":[{"embeddable":true,"href":"https:\/\/www.artemadeiras.com.br\/blog\/wp-json\/wp\/v2\/comments?post=273"}],"version-history":[{"count":1,"href":"https:\/\/www.artemadeiras.com.br\/blog\/wp-json\/wp\/v2\/posts\/273\/revisions"}],"predecessor-version":[{"id":276,"href":"https:\/\/www.artemadeiras.com.br\/blog\/wp-json\/wp\/v2\/posts\/273\/revisions\/276"}],"wp:featuredmedia":[{"embeddable":true,"href":"https:\/\/www.artemadeiras.com.br\/blog\/wp-json\/wp\/v2\/media\/274"}],"wp:attachment":[{"href":"https:\/\/www.artemadeiras.com.br\/blog\/wp-json\/wp\/v2\/media?parent=273"}],"wp:term":[{"taxonomy":"category","embeddable":true,"href":"https:\/\/www.artemadeiras.com.br\/blog\/wp-json\/wp\/v2\/categories?post=273"},{"taxonomy":"post_tag","embeddable":true,"href":"https:\/\/www.artemadeiras.com.br\/blog\/wp-json\/wp\/v2\/tags?post=273"}],"curies":[{"name":"wp","href":"https:\/\/api.w.org\/{rel}","templated":true}]}}