{"id":249,"date":"2025-08-07T13:37:18","date_gmt":"2025-08-07T16:37:18","guid":{"rendered":"https:\/\/www.artemadeiras.com.br\/blog\/?p=249"},"modified":"2025-08-07T13:38:34","modified_gmt":"2025-08-07T16:38:34","slug":"saiba-mais-sobre-os-tipos-de-forro-de-madeira-e-como-escolher-o-ideal","status":"publish","type":"post","link":"https:\/\/www.artemadeiras.com.br\/blog\/forros\/saiba-mais-sobre-os-tipos-de-forro-de-madeira-e-como-escolher-o-ideal\/","title":{"rendered":"Saiba mais sobre os tipos de forro de madeira e como escolher o ideal"},"content":{"rendered":"<span class=\"rt-reading-time\" style=\"display: block;\"><span class=\"rt-label rt-prefix\">Tempo de leitura<\/span> <span class=\"rt-time\">4<\/span> <span class=\"rt-label rt-postfix\">minutos<\/span><\/span>\n<p class=\"has-medium-font-size\"><strong><em>Descubra os principais tipos de forro de madeira e veja como escolher o ideal para seu projeto com conforto, estilo e efici\u00eancia.<\/em><\/strong><\/p>\n\n\n\n<p>O forro de madeira vai muito al\u00e9m de uma solu\u00e7\u00e3o est\u00e9tica. Ele transforma ambientes, cria conforto t\u00e9rmico e ac\u00fastico, e ainda imprime personalidade \u00e0 arquitetura. \u00c9 um dos acabamentos mais valorizados em projetos residenciais, comerciais e institucionais.<\/p>\n\n\n\n<p>Com tantas op\u00e7\u00f5es no mercado, escolher o tipo de forro ideal pode parecer complicado. Cada madeira possui caracter\u00edsticas espec\u00edficas, com varia\u00e7\u00f5es de cor, textura, resist\u00eancia e funcionalidade.<\/p>\n\n\n\n<p>Neste artigo, voc\u00ea vai entender os tipos de forro de madeira mais utilizados, seus diferenciais e como fazer a melhor escolha de acordo com o seu projeto.<\/p>\n\n\n\n<div id=\"ez-toc-container\" class=\"ez-toc-v2_0_66_1 counter-hierarchy ez-toc-counter ez-toc-grey ez-toc-container-direction\">\n<div class=\"ez-toc-title-container\">\n<p class=\"ez-toc-title \" >T&oacute;picos do artigo<\/p>\n<span class=\"ez-toc-title-toggle\"><a href=\"#\" class=\"ez-toc-pull-right ez-toc-btn ez-toc-btn-xs ez-toc-btn-default ez-toc-toggle\" aria-label=\"Toggle Table of Content\"><span class=\"ez-toc-js-icon-con\"><span class=\"\"><span class=\"eztoc-hide\" style=\"display:none;\">Toggle<\/span><span class=\"ez-toc-icon-toggle-span\"><svg style=\"fill: #999;color:#999\" xmlns=\"http:\/\/www.w3.org\/2000\/svg\" class=\"list-377408\" width=\"20px\" height=\"20px\" viewBox=\"0 0 24 24\" fill=\"none\"><path d=\"M6 6H4v2h2V6zm14 0H8v2h12V6zM4 11h2v2H4v-2zm16 0H8v2h12v-2zM4 16h2v2H4v-2zm16 0H8v2h12v-2z\" fill=\"currentColor\"><\/path><\/svg><svg style=\"fill: #999;color:#999\" class=\"arrow-unsorted-368013\" xmlns=\"http:\/\/www.w3.org\/2000\/svg\" width=\"10px\" height=\"10px\" viewBox=\"0 0 24 24\" version=\"1.2\" baseProfile=\"tiny\"><path d=\"M18.2 9.3l-6.2-6.3-6.2 6.3c-.2.2-.3.4-.3.7s.1.5.3.7c.2.2.4.3.7.3h11c.3 0 .5-.1.7-.3.2-.2.3-.5.3-.7s-.1-.5-.3-.7zM5.8 14.7l6.2 6.3 6.2-6.3c.2-.2.3-.5.3-.7s-.1-.5-.3-.7c-.2-.2-.4-.3-.7-.3h-11c-.3 0-.5.1-.7.3-.2.2-.3.5-.3.7s.1.5.3.7z\"\/><\/svg><\/span><\/span><\/span><\/a><\/span><\/div>\n<nav><ul class='ez-toc-list ez-toc-list-level-1 ' ><li class='ez-toc-page-1 ez-toc-heading-level-2'><a class=\"ez-toc-link ez-toc-heading-1\" href=\"https:\/\/www.artemadeiras.com.br\/blog\/forros\/saiba-mais-sobre-os-tipos-de-forro-de-madeira-e-como-escolher-o-ideal\/#O_que_e_o_forro_de_madeira_e_por_que_investir_nesse_tipo_de_revestimento\" title=\"O que \u00e9 o forro de madeira e por que investir nesse tipo de revestimento?\">O que \u00e9 o forro de madeira e por que investir nesse tipo de revestimento?<\/a><\/li><li class='ez-toc-page-1 ez-toc-heading-level-2'><a class=\"ez-toc-link ez-toc-heading-2\" href=\"https:\/\/www.artemadeiras.com.br\/blog\/forros\/saiba-mais-sobre-os-tipos-de-forro-de-madeira-e-como-escolher-o-ideal\/#Tipos_de_madeira_mais_comuns_para_forros\" title=\"Tipos de madeira mais comuns para forros\">Tipos de madeira mais comuns para forros<\/a><ul class='ez-toc-list-level-3' ><li class='ez-toc-heading-level-3'><a class=\"ez-toc-link ez-toc-heading-3\" href=\"https:\/\/www.artemadeiras.com.br\/blog\/forros\/saiba-mais-sobre-os-tipos-de-forro-de-madeira-e-como-escolher-o-ideal\/#Cedrinho_mesclado_e_cedrinho_legitimo\" title=\"Cedrinho mesclado e cedrinho leg\u00edtimo\">Cedrinho mesclado e cedrinho leg\u00edtimo<\/a><\/li><li class='ez-toc-page-1 ez-toc-heading-level-3'><a class=\"ez-toc-link ez-toc-heading-4\" href=\"https:\/\/www.artemadeiras.com.br\/blog\/forros\/saiba-mais-sobre-os-tipos-de-forro-de-madeira-e-como-escolher-o-ideal\/#Pinus_e_pinus_autoclavado\" title=\"Pinus e pinus autoclavado\">Pinus e pinus autoclavado<\/a><\/li><li class='ez-toc-page-1 ez-toc-heading-level-3'><a class=\"ez-toc-link ez-toc-heading-5\" href=\"https:\/\/www.artemadeiras.com.br\/blog\/forros\/saiba-mais-sobre-os-tipos-de-forro-de-madeira-e-como-escolher-o-ideal\/#Garapeira\" title=\"Garapeira\">Garapeira<\/a><\/li><li class='ez-toc-page-1 ez-toc-heading-level-3'><a class=\"ez-toc-link ez-toc-heading-6\" href=\"https:\/\/www.artemadeiras.com.br\/blog\/forros\/saiba-mais-sobre-os-tipos-de-forro-de-madeira-e-como-escolher-o-ideal\/#Cumaru\" title=\"Cumaru\">Cumaru<\/a><\/li><li class='ez-toc-page-1 ez-toc-heading-level-3'><a class=\"ez-toc-link ez-toc-heading-7\" href=\"https:\/\/www.artemadeiras.com.br\/blog\/forros\/saiba-mais-sobre-os-tipos-de-forro-de-madeira-e-como-escolher-o-ideal\/#Itauba\" title=\"Ita\u00faba\">Ita\u00faba<\/a><\/li><\/ul><\/li><li class='ez-toc-page-1 ez-toc-heading-level-2'><a class=\"ez-toc-link ez-toc-heading-8\" href=\"https:\/\/www.artemadeiras.com.br\/blog\/forros\/saiba-mais-sobre-os-tipos-de-forro-de-madeira-e-como-escolher-o-ideal\/#Como_escolher_o_forro_de_madeira_ideal_para_seu_projeto\" title=\"Como escolher o forro de madeira ideal para seu projeto\">Como escolher o forro de madeira ideal para seu projeto<\/a><\/li><li class='ez-toc-page-1 ez-toc-heading-level-2'><a class=\"ez-toc-link ez-toc-heading-9\" href=\"https:\/\/www.artemadeiras.com.br\/blog\/forros\/saiba-mais-sobre-os-tipos-de-forro-de-madeira-e-como-escolher-o-ideal\/#Cuidados_essenciais_com_o_forro_de_madeira\" title=\"Cuidados essenciais com o forro de madeira\">Cuidados essenciais com o forro de madeira<\/a><\/li><li class='ez-toc-page-1 ez-toc-heading-level-2'><a class=\"ez-toc-link ez-toc-heading-10\" href=\"https:\/\/www.artemadeiras.com.br\/blog\/forros\/saiba-mais-sobre-os-tipos-de-forro-de-madeira-e-como-escolher-o-ideal\/#Forro_de_madeira_da_Arte_Madeiras_tradicao_qualidade_e_sofisticacao\" title=\"Forro de madeira da Arte Madeiras: tradi\u00e7\u00e3o, qualidade e sofistica\u00e7\u00e3o\">Forro de madeira da Arte Madeiras: tradi\u00e7\u00e3o, qualidade e sofistica\u00e7\u00e3o<\/a><\/li><\/ul><\/nav><\/div>\n<h2 class=\"wp-block-heading\"><span class=\"ez-toc-section\" id=\"O_que_e_o_forro_de_madeira_e_por_que_investir_nesse_tipo_de_revestimento\"><\/span><strong>O que \u00e9 o forro de madeira e por que investir nesse tipo de revestimento?<\/strong><span class=\"ez-toc-section-end\"><\/span><\/h2>\n\n\n\n<p>O forro de madeira \u00e9 um revestimento utilizado no teto, instalado entre a estrutura do telhado e o ambiente interno.&nbsp;<\/p>\n\n\n\n<p>Sua fun\u00e7\u00e3o vai al\u00e9m do aspecto visual: <strong>ele proporciona conforto t\u00e9rmico e ac\u00fastico, <\/strong>ajudando a manter a temperatura agrad\u00e1vel e a reduzir ru\u00eddos.&nbsp;<\/p>\n\n\n\n<p>Al\u00e9m disso,<strong> valoriza a est\u00e9tica do espa\u00e7o<\/strong>, conferindo um ar mais aconchegante, natural e sofisticado.&nbsp;<\/p>\n\n\n\n<p>Investir nesse tipo de revestimento \u00e9 apostar em durabilidade, estilo e funcionalidade, j\u00e1 que a madeira traz beleza, resist\u00eancia e ainda contribui para uma atmosfera mais acolhedora nos ambientes.<\/p>\n\n\n\n<ul class=\"wp-block-list\">\n<li><a href=\"https:\/\/www.artemadeiras.com.br\/blog\/deck\/saiba-onde-comprar-deck-de-madeira-com-qualidade-conheca-a-arte-madeiras\/\">Saiba onde comprar deck de madeira com qualidade. Conhe\u00e7a a Arte Madeiras!<\/a><\/li>\n<\/ul>\n\n\n\n<h2 class=\"wp-block-heading\"><span class=\"ez-toc-section\" id=\"Tipos_de_madeira_mais_comuns_para_forros\"><\/span><strong>Tipos de madeira mais comuns para forros<\/strong><span class=\"ez-toc-section-end\"><\/span><\/h2>\n\n\n\n<p>Cada madeira tem caracter\u00edsticas distintas que impactam diretamente na est\u00e9tica e na durabilidade do forro. Abaixo, destacamos os principais tipos usados em projetos arquitet\u00f4nicos e de design de interiores.<\/p>\n\n\n\n<h3 class=\"wp-block-heading\"><span class=\"ez-toc-section\" id=\"Cedrinho_mesclado_e_cedrinho_legitimo\"><\/span><strong>Cedrinho mesclado e cedrinho leg\u00edtimo<\/strong><span class=\"ez-toc-section-end\"><\/span><\/h3>\n\n\n\n<p>O <strong>Cedrinho Mesclado<\/strong> \u00e9 conhecido por sua tonalidade variada, o que proporciona um acabamento r\u00fastico e elegante. J\u00e1 o <strong>Cedrinho Leg\u00edtimo<\/strong> (ou Cedrinho Cerne) tem colora\u00e7\u00e3o mais uniforme e um padr\u00e3o visual cl\u00e1ssico.<\/p>\n\n\n\n<p>Ambos s\u00e3o muito utilizados por:<\/p>\n\n\n\n<ul class=\"wp-block-list\">\n<li>Boa resist\u00eancia natural;<br><\/li>\n\n\n\n<li>Beleza das tonalidades;<br><\/li>\n\n\n\n<li>Facilidade de instala\u00e7\u00e3o;<br><\/li>\n\n\n\n<li>Custo-benef\u00edcio interessante.<br><\/li>\n<\/ul>\n\n\n\n<p>Esses tipos s\u00e3o ideais para projetos que buscam uma est\u00e9tica mais tradicional ou regional.<\/p>\n\n\n\n<h3 class=\"wp-block-heading\"><span class=\"ez-toc-section\" id=\"Pinus_e_pinus_autoclavado\"><\/span><strong>Pinus e pinus autoclavado<\/strong><span class=\"ez-toc-section-end\"><\/span><\/h3>\n\n\n\n<p>O <strong>Pinus<\/strong> \u00e9 uma op\u00e7\u00e3o acess\u00edvel, leve e de f\u00e1cil manuseio. J\u00e1 o <strong>Pinus Autoclavado<\/strong> passa por um tratamento que aumenta sua resist\u00eancia a fungos e cupins, sendo ideal para \u00e1reas \u00famidas ou externas.<\/p>\n\n\n\n<p>\u00c9 um dos forros mais vers\u00e1teis, pois permite:<\/p>\n\n\n\n<ul class=\"wp-block-list\">\n<li>Aplica\u00e7\u00e3o de vernizes ou tintas;<br><\/li>\n\n\n\n<li>Corte e montagem facilitada;<br><\/li>\n\n\n\n<li>Sustentabilidade, por vir de reflorestamento.<br><\/li>\n<\/ul>\n\n\n\n<p>Para projetos sustent\u00e1veis e econ\u00f4micos, o Pinus \u00e9 uma excelente escolha.<\/p>\n\n\n\n<h3 class=\"wp-block-heading\"><span class=\"ez-toc-section\" id=\"Garapeira\"><\/span><strong>Garapeira<\/strong><span class=\"ez-toc-section-end\"><\/span><\/h3>\n\n\n\n<p>A <strong>Garapeira<\/strong> \u00e9 uma madeira nobre de alta durabilidade, com cor clara e veios marcantes. Por isso, \u00e9 muito usada em projetos arquitet\u00f4nicos de alto padr\u00e3o.<\/p>\n\n\n\n<p>Entre seus diferenciais:<\/p>\n\n\n\n<ul class=\"wp-block-list\">\n<li>Alta resist\u00eancia a pragas e umidade;<br><\/li>\n\n\n\n<li>Est\u00e9tica sofisticada;<br><\/li>\n\n\n\n<li>Longevidade.<br><\/li>\n<\/ul>\n\n\n\n<p>\u00c9 perfeita para espa\u00e7os amplos e \u00e1reas sociais que pedem um acabamento imponente.<\/p>\n\n\n\n<h3 class=\"wp-block-heading\"><span class=\"ez-toc-section\" id=\"Cumaru\"><\/span><strong>Cumaru<\/strong><span class=\"ez-toc-section-end\"><\/span><\/h3>\n\n\n\n<p>Considerada uma das madeiras mais resistentes do Brasil, o <strong>Cumaru<\/strong> tem um visual marcante, com tonalidade castanha e veios bem definidos.<\/p>\n\n\n\n<p>Ideal para quem busca:<\/p>\n\n\n\n<ul class=\"wp-block-list\">\n<li>Alta densidade e durabilidade;<br><\/li>\n\n\n\n<li>Aplica\u00e7\u00f5es em ambientes externos;<br><\/li>\n\n\n\n<li>Um estilo mais robusto e luxuoso.<br><\/li>\n<\/ul>\n\n\n\n<p>O forro de Cumaru \u00e9 frequentemente usado em resid\u00eancias de alto padr\u00e3o, resorts e espa\u00e7os comerciais refinados.<\/p>\n\n\n\n<h3 class=\"wp-block-heading\"><span class=\"ez-toc-section\" id=\"Itauba\"><\/span><strong>Ita\u00faba<\/strong><span class=\"ez-toc-section-end\"><\/span><\/h3>\n\n\n\n<p>A <strong>Ita\u00faba<\/strong> tem como caracter\u00edstica a resist\u00eancia natural e uma colora\u00e7\u00e3o que varia entre o castanho amarelado e o castanho escuro. Seu uso garante:<\/p>\n\n\n\n<ul class=\"wp-block-list\">\n<li>Durabilidade elevada;<br><\/li>\n\n\n\n<li>Resist\u00eancia natural a pragas;<br><\/li>\n\n\n\n<li>Visual limpo e elegante.<br><\/li>\n<\/ul>\n\n\n\n<p>\u00c9 uma boa escolha para quem deseja unir resist\u00eancia com um visual moderno e neutro.<\/p>\n\n\n\n<ul class=\"wp-block-list\">\n<li><a href=\"https:\/\/www.artemadeiras.com.br\/blog\/pinus\/onde-comprar-pinus-autoclavado-conheca-a-arte-madeiras\/\">Onde comprar pinus autoclavado? Conhe\u00e7a a Arte Madeiras<\/a><\/li>\n<\/ul>\n\n\n\n<h2 class=\"wp-block-heading\"><span class=\"ez-toc-section\" id=\"Como_escolher_o_forro_de_madeira_ideal_para_seu_projeto\"><\/span><strong>Como escolher o forro de madeira ideal para seu projeto<\/strong><span class=\"ez-toc-section-end\"><\/span><\/h2>\n\n\n\n<p>A escolha do forro de madeira deve considerar mais do que apenas o visual. \u00c9 necess\u00e1rio avaliar aspectos t\u00e9cnicos, funcionais e est\u00e9ticos em conjunto.<\/p>\n\n\n\n<p><strong>1. Tipo de ambiente<\/strong><\/p>\n\n\n\n<ul class=\"wp-block-list\">\n<li><strong>Interno:<\/strong> quase todos os tipos de madeira podem ser utilizados, dependendo do estilo;<br><\/li>\n\n\n\n<li><strong>Externo ou \u00famido:<\/strong> opte por madeiras tratadas ou com alta resist\u00eancia natural, como Pinus Autoclavado, Ita\u00faba ou Cumaru.<br><\/li>\n<\/ul>\n\n\n\n<p><strong>2. Estilo do projeto<\/strong><\/p>\n\n\n\n<ul class=\"wp-block-list\">\n<li>Projetos r\u00fasticos pedem madeiras como Cedrinho ou Pinus;<br><\/li>\n\n\n\n<li>Projetos contempor\u00e2neos valorizam linhas limpas, o que combina com Garapeira ou Ita\u00faba;<br><\/li>\n\n\n\n<li>Ambientes sofisticados podem se beneficiar da impon\u00eancia do Cumaru.<br><\/li>\n<\/ul>\n\n\n\n<p><strong>3. Or\u00e7amento dispon\u00edvel<\/strong><\/p>\n\n\n\n<ul class=\"wp-block-list\">\n<li>Cedrinho e Pinus s\u00e3o op\u00e7\u00f5es mais econ\u00f4micas;<br><\/li>\n\n\n\n<li>Garapeira, Cumaru e Ita\u00faba est\u00e3o em uma faixa mais alta, mas com grande valor agregado.<br><\/li>\n<\/ul>\n\n\n\n<p><strong>4. Sustentabilidade<\/strong><\/p>\n\n\n\n<ul class=\"wp-block-list\">\n<li>Prefira fornecedores com madeira de reflorestamento e certifica\u00e7\u00e3o ambiental;<br><\/li>\n\n\n\n<li>O uso de madeira seca e lixada evita desperd\u00edcio e aumenta a durabilidade.<br><\/li>\n<\/ul>\n\n\n\n<p><strong>5. Acabamento<\/strong><\/p>\n\n\n\n<ul class=\"wp-block-list\">\n<li>Madeiras lixadas e secas s\u00e3o ideais para aplica\u00e7\u00e3o imediata e melhor acabamento visual;<br><\/li>\n\n\n\n<li>Lembre-se de considerar tamb\u00e9m a possibilidade de uso de lambris e \u00bd cana para um visual mais completo.<\/li>\n<\/ul>\n\n\n\n<h2 class=\"wp-block-heading\"><span class=\"ez-toc-section\" id=\"Cuidados_essenciais_com_o_forro_de_madeira\"><\/span><strong>Cuidados essenciais com o forro de madeira<\/strong><span class=\"ez-toc-section-end\"><\/span><\/h2>\n\n\n\n<p>Para manter o forro de madeira bonito e dur\u00e1vel, \u00e9 importante garantir <strong>boa ventila\u00e7\u00e3o no ambiente, fazer a limpeza com pano seco ou levemente umedecido e evitar o uso de produtos agressivos<\/strong>.&nbsp;<\/p>\n\n\n<div class=\"wp-block-image\">\n<figure class=\"alignright size-full is-resized\"><img loading=\"lazy\" decoding=\"async\" width=\"880\" height=\"660\" src=\"https:\/\/www.artemadeiras.com.br\/blog\/wp-content\/uploads\/2025\/08\/forro6.jpg\" alt=\"Saiba mais sobre os tipos de forro de madeira e como escolher o ideal\n\" class=\"wp-image-251\" style=\"width:263px;height:auto\" srcset=\"https:\/\/www.artemadeiras.com.br\/blog\/wp-content\/uploads\/2025\/08\/forro6.jpg 880w, https:\/\/www.artemadeiras.com.br\/blog\/wp-content\/uploads\/2025\/08\/forro6-300x225.jpg 300w, https:\/\/www.artemadeiras.com.br\/blog\/wp-content\/uploads\/2025\/08\/forro6-768x576.jpg 768w\" sizes=\"auto, (max-width: 880px) 100vw, 880px\" \/><\/figure>\n<\/div>\n\n\n<p>Tamb\u00e9m \u00e9 recomendado realizar inspe\u00e7\u00f5es peri\u00f3dicas para identificar sinais de umidade, mofo ou pragas, especialmente em \u00e1reas mais suscet\u00edveis.&nbsp;<\/p>\n\n\n\n<p>Se a madeira n\u00e3o for naturalmente resistente, o tratamento adequado ajuda a prolongar sua vida \u00fatil. Esses cuidados simples fazem toda a diferen\u00e7a na conserva\u00e7\u00e3o do material ao longo dos anos.<\/p>\n\n\n\n<ul class=\"wp-block-list\">\n<li><a href=\"https:\/\/www.artemadeiras.com.br\/blog\/pranchas-de-madeira\/como-a-prancha-de-madeira-para-telhado-contribui-para-a-estetica-de-construcoes-modernas-e-rusticas\/\">Como a prancha de madeira para telhado contribui para a est\u00e9tica de constru\u00e7\u00f5es modernas e r\u00fasticas<\/a><\/li>\n<\/ul>\n\n\n\n<h2 class=\"wp-block-heading\"><span class=\"ez-toc-section\" id=\"Forro_de_madeira_da_Arte_Madeiras_tradicao_qualidade_e_sofisticacao\"><\/span><strong>Forro de madeira da Arte Madeiras: tradi\u00e7\u00e3o, qualidade e sofistica\u00e7\u00e3o<\/strong><span class=\"ez-toc-section-end\"><\/span><\/h2>\n\n\n\n<p>Se voc\u00ea busca qualidade, variedade e atendimento especializado, a <strong>Arte Madeiras<\/strong> \u00e9 a escolha certa para o seu projeto.<\/p>\n\n\n\n<p>A empresa oferece uma <strong>linha completa de forros, lambris e \u00bd cana<\/strong>, com madeiras selecionadas como:<\/p>\n\n\n\n<ul class=\"wp-block-list\">\n<li><strong>Cedrinho Mescla;<\/strong><strong><br><\/strong><\/li>\n\n\n\n<li><strong>Cedrinho Leg\u00edtimo;<\/strong><strong><br><\/strong><\/li>\n\n\n\n<li><strong>Pinus e Pinus Autoclavado;<\/strong><strong><br><\/strong><\/li>\n\n\n\n<li><strong>Garapeira;<\/strong><strong><br><\/strong><\/li>\n\n\n\n<li><strong>Cumaru;<\/strong><strong><br><\/strong><\/li>\n\n\n\n<li><strong>Ita\u00faba;<\/strong><strong><br><\/strong><\/li>\n\n\n\n<li><strong>PVC (alternativa econ\u00f4mica e pr\u00e1tica).<\/strong><strong><br><\/strong><\/li>\n<\/ul>\n\n\n\n<p><strong>Diferenciais da Arte Madeiras:<\/strong><\/p>\n\n\n\n<ul class=\"wp-block-list\">\n<li>Todos os forros s\u00e3o <strong>secos e lixados<\/strong>, prontos para instala\u00e7\u00e3o;<br><\/li>\n\n\n\n<li>Atendimento personalizado para arquitetos, engenheiros e consumidores finais;<br><\/li>\n\n\n\n<li>Estoque diversificado e pronta entrega;<br><\/li>\n\n\n\n<li>Compromisso com sustentabilidade e qualidade de origem.<br><\/li>\n<\/ul>\n\n\n\n<p>Quer dar um toque de eleg\u00e2ncia e conforto ao seu ambiente? <strong><a href=\"https:\/\/www.artemadeiras.com.br\/contato\" class=\"rank-math-link\">Entre em contato com a Arte Madeiras e conhe\u00e7a de perto a linha completa de forros<\/a><\/strong>. Descubra como transformar seu espa\u00e7o com sofistica\u00e7\u00e3o e qualidade.<\/p>\n","protected":false},"excerpt":{"rendered":"<p><span class=\"rt-reading-time\" style=\"display: block;\"><span class=\"rt-label rt-prefix\">Tempo de leitura<\/span> <span class=\"rt-time\">4<\/span> <span class=\"rt-label rt-postfix\">minutos<\/span><\/span> Descubra os principais tipos de forro de madeira e veja como escolher o ideal para seu projeto com conforto, estilo e efici\u00eancia. O forro de madeira vai muito al\u00e9m de uma solu\u00e7\u00e3o est\u00e9tica. Ele transforma ambientes, cria conforto t\u00e9rmico e&#8230;<\/p>\n","protected":false},"author":1,"featured_media":250,"comment_status":"open","ping_status":"open","sticky":false,"template":"","format":"standard","meta":{"footnotes":""},"categories":[15],"tags":[1848,1836,1854,1862,1835,1852,1865,1859,1846,1864,1845,1837,1855,1856,1857,1841,1838,1840,1847,1842,1772,1839,1860,1844,1843,1849,1866,1814,1863,1851,867,1861,1853,1858,1850],"class_list":["post-249","post","type-post","status-publish","format-standard","has-post-thumbnail","hentry","category-forros","tag-ambiente-com-forro-de-madeira","tag-cedrinho-mesclado","tag-cedrinho-ou-pinus-qual-escolher","tag-como-combinar-iluminacao-com-forro","tag-como-escolher-forro-de-madeira","tag-como-escolher-forro-para-o-teto","tag-como-evitar-cupins-em-forro-de-madeira","tag-como-instalar-forro-de-madeira","tag-conforto-termico-com-madeira","tag-diferenca-entre-forro-e-lambril","tag-estilo-arquitetonico-com-madeira","tag-forro-cumaru","tag-forro-de-madeira-combina-com-qual-estilo","tag-forro-de-madeira-e-bom-para-isolamento-acustico","tag-forro-de-madeira-precisa-de-manutencao","tag-forro-de-madeira-seca-e-lixada","tag-forro-garapeira","tag-forro-para-areas-internas","tag-isolamento-acustico-forro","tag-lambris-de-madeira","tag-madeira-de-reflorestamento","tag-madeira-para-teto","tag-madeira-para-teto-interno-ou-externo","tag-madeira-tratada-para-forro","tag-meia-cana-de-madeira","tag-o-que-e-forro-de-madeira","tag-o-que-e-forro-seco-e-lixado","tag-o-que-e-pinus-autoclavado","tag-onde-usar-lambris","tag-para-que-serve-o-forro-de-madeira","tag-pinus-autoclavado","tag-quais-os-acabamentos-disponiveis-em-madeira","tag-qual-a-madeira-mais-resistente-para-forro","tag-qual-madeira-e-ideal-para-areas-umidas","tag-qual-o-melhor-tipo-de-forro-de-madeira"],"yoast_head":"<!-- This site is optimized with the Yoast SEO plugin v23.6 - https:\/\/yoast.com\/wordpress\/plugins\/seo\/ -->\n<title>Saiba mais sobre os tipos de forro de madeira e como escolher o ideal - Blog | Arte madeiras<\/title>\n<meta name=\"description\" content=\"Descubra os principais tipos de forro de madeira e veja como escolher o ideal para seu projeto com conforto, estilo e efici\u00eancia.\" \/>\n<meta name=\"robots\" content=\"index, follow, max-snippet:-1, max-image-preview:large, max-video-preview:-1\" \/>\n<link rel=\"canonical\" href=\"https:\/\/www.artemadeiras.com.br\/blog\/forros\/saiba-mais-sobre-os-tipos-de-forro-de-madeira-e-como-escolher-o-ideal\/\" \/>\n<meta property=\"og:locale\" content=\"pt_BR\" \/>\n<meta property=\"og:type\" content=\"article\" \/>\n<meta property=\"og:title\" content=\"Saiba mais sobre os tipos de forro de madeira e como escolher o ideal - Blog | Arte madeiras\" \/>\n<meta property=\"og:description\" content=\"Descubra os principais tipos de forro de madeira e veja como escolher o ideal para seu projeto com conforto, estilo e efici\u00eancia.\" \/>\n<meta property=\"og:url\" content=\"https:\/\/www.artemadeiras.com.br\/blog\/forros\/saiba-mais-sobre-os-tipos-de-forro-de-madeira-e-como-escolher-o-ideal\/\" \/>\n<meta property=\"og:site_name\" content=\"Blog | Arte madeiras\" \/>\n<meta property=\"article:published_time\" content=\"2025-08-07T16:37:18+00:00\" \/>\n<meta property=\"article:modified_time\" content=\"2025-08-07T16:38:34+00:00\" \/>\n<meta property=\"og:image\" content=\"https:\/\/www.artemadeiras.com.br\/blog\/wp-content\/uploads\/2025\/08\/forro9.jpg\" \/>\n\t<meta property=\"og:image:width\" content=\"382\" \/>\n\t<meta property=\"og:image:height\" content=\"345\" \/>\n\t<meta property=\"og:image:type\" content=\"image\/jpeg\" \/>\n<meta name=\"author\" content=\"bloomin\" \/>\n<meta name=\"twitter:card\" content=\"summary_large_image\" \/>\n<meta name=\"twitter:label1\" content=\"Escrito por\" \/>\n\t<meta name=\"twitter:data1\" content=\"bloomin\" \/>\n\t<meta name=\"twitter:label2\" content=\"Est. tempo de leitura\" \/>\n\t<meta name=\"twitter:data2\" content=\"6 minutos\" \/>\n<script type=\"application\/ld+json\" class=\"yoast-schema-graph\">{\"@context\":\"https:\/\/schema.org\",\"@graph\":[{\"@type\":\"Article\",\"@id\":\"https:\/\/www.artemadeiras.com.br\/blog\/forros\/saiba-mais-sobre-os-tipos-de-forro-de-madeira-e-como-escolher-o-ideal\/#article\",\"isPartOf\":{\"@id\":\"https:\/\/www.artemadeiras.com.br\/blog\/forros\/saiba-mais-sobre-os-tipos-de-forro-de-madeira-e-como-escolher-o-ideal\/\"},\"author\":{\"name\":\"bloomin\",\"@id\":\"https:\/\/www.artemadeiras.com.br\/blog\/#\/schema\/person\/03c7826df62479a35ffcf10a5a652727\"},\"headline\":\"Saiba mais sobre os tipos de forro de madeira e como escolher o ideal\",\"datePublished\":\"2025-08-07T16:37:18+00:00\",\"dateModified\":\"2025-08-07T16:38:34+00:00\",\"mainEntityOfPage\":{\"@id\":\"https:\/\/www.artemadeiras.com.br\/blog\/forros\/saiba-mais-sobre-os-tipos-de-forro-de-madeira-e-como-escolher-o-ideal\/\"},\"wordCount\":1090,\"commentCount\":0,\"publisher\":{\"@id\":\"https:\/\/www.artemadeiras.com.br\/blog\/#organization\"},\"image\":{\"@id\":\"https:\/\/www.artemadeiras.com.br\/blog\/forros\/saiba-mais-sobre-os-tipos-de-forro-de-madeira-e-como-escolher-o-ideal\/#primaryimage\"},\"thumbnailUrl\":\"https:\/\/www.artemadeiras.com.br\/blog\/wp-content\/uploads\/2025\/08\/forro9.jpg\",\"keywords\":[\"ambiente com forro de madeira\",\"cedrinho mesclado\",\"cedrinho ou pinus: qual escolher?\",\"como combinar ilumina\u00e7\u00e3o com forro?\",\"como escolher forro de madeira\",\"como escolher forro para o teto?\",\"como evitar cupins em forro de madeira?\",\"como instalar forro de madeira?\",\"conforto t\u00e9rmico com madeira\",\"diferen\u00e7a entre forro e lambril?\",\"estilo arquitet\u00f4nico com madeira\",\"forro cumaru\",\"forro de madeira combina com qual estilo?\",\"forro de madeira \u00e9 bom para isolamento ac\u00fastico?\",\"forro de madeira precisa de manuten\u00e7\u00e3o?\",\"forro de madeira seca e lixada\",\"forro garapeira\",\"forro para \u00e1reas internas\",\"isolamento ac\u00fastico forro\",\"lambris de madeira\",\"madeira de reflorestamento\",\"madeira para teto\",\"madeira para teto interno ou externo?\",\"madeira tratada para forro\",\"meia cana de madeira\",\"o que \u00e9 forro de madeira?\",\"o que \u00e9 forro seco e lixado?\",\"o que \u00e9 pinus autoclavado?\",\"onde usar lambris?\",\"para que serve o forro de madeira?\",\"pinus autoclavado\",\"quais os acabamentos dispon\u00edveis em madeira?\",\"qual a madeira mais resistente para forro?\",\"qual madeira \u00e9 ideal para \u00e1reas \u00famidas?\",\"qual o melhor tipo de forro de madeira?\"],\"articleSection\":[\"Forros\"],\"inLanguage\":\"pt-BR\",\"potentialAction\":[{\"@type\":\"CommentAction\",\"name\":\"Comment\",\"target\":[\"https:\/\/www.artemadeiras.com.br\/blog\/forros\/saiba-mais-sobre-os-tipos-de-forro-de-madeira-e-como-escolher-o-ideal\/#respond\"]}]},{\"@type\":\"WebPage\",\"@id\":\"https:\/\/www.artemadeiras.com.br\/blog\/forros\/saiba-mais-sobre-os-tipos-de-forro-de-madeira-e-como-escolher-o-ideal\/\",\"url\":\"https:\/\/www.artemadeiras.com.br\/blog\/forros\/saiba-mais-sobre-os-tipos-de-forro-de-madeira-e-como-escolher-o-ideal\/\",\"name\":\"Saiba mais sobre os tipos de forro de madeira e como escolher o ideal - Blog | Arte madeiras\",\"isPartOf\":{\"@id\":\"https:\/\/www.artemadeiras.com.br\/blog\/#website\"},\"primaryImageOfPage\":{\"@id\":\"https:\/\/www.artemadeiras.com.br\/blog\/forros\/saiba-mais-sobre-os-tipos-de-forro-de-madeira-e-como-escolher-o-ideal\/#primaryimage\"},\"image\":{\"@id\":\"https:\/\/www.artemadeiras.com.br\/blog\/forros\/saiba-mais-sobre-os-tipos-de-forro-de-madeira-e-como-escolher-o-ideal\/#primaryimage\"},\"thumbnailUrl\":\"https:\/\/www.artemadeiras.com.br\/blog\/wp-content\/uploads\/2025\/08\/forro9.jpg\",\"datePublished\":\"2025-08-07T16:37:18+00:00\",\"dateModified\":\"2025-08-07T16:38:34+00:00\",\"description\":\"Descubra os principais tipos de forro de madeira e veja como escolher o ideal para seu projeto com conforto, estilo e efici\u00eancia.\",\"breadcrumb\":{\"@id\":\"https:\/\/www.artemadeiras.com.br\/blog\/forros\/saiba-mais-sobre-os-tipos-de-forro-de-madeira-e-como-escolher-o-ideal\/#breadcrumb\"},\"inLanguage\":\"pt-BR\",\"potentialAction\":[{\"@type\":\"ReadAction\",\"target\":[\"https:\/\/www.artemadeiras.com.br\/blog\/forros\/saiba-mais-sobre-os-tipos-de-forro-de-madeira-e-como-escolher-o-ideal\/\"]}]},{\"@type\":\"ImageObject\",\"inLanguage\":\"pt-BR\",\"@id\":\"https:\/\/www.artemadeiras.com.br\/blog\/forros\/saiba-mais-sobre-os-tipos-de-forro-de-madeira-e-como-escolher-o-ideal\/#primaryimage\",\"url\":\"https:\/\/www.artemadeiras.com.br\/blog\/wp-content\/uploads\/2025\/08\/forro9.jpg\",\"contentUrl\":\"https:\/\/www.artemadeiras.com.br\/blog\/wp-content\/uploads\/2025\/08\/forro9.jpg\",\"width\":382,\"height\":345,\"caption\":\"Saiba mais sobre os tipos de forro de madeira e como escolher o ideal\"},{\"@type\":\"BreadcrumbList\",\"@id\":\"https:\/\/www.artemadeiras.com.br\/blog\/forros\/saiba-mais-sobre-os-tipos-de-forro-de-madeira-e-como-escolher-o-ideal\/#breadcrumb\",\"itemListElement\":[{\"@type\":\"ListItem\",\"position\":1,\"name\":\"In\u00edcio\",\"item\":\"https:\/\/www.artemadeiras.com.br\/blog\/\"},{\"@type\":\"ListItem\",\"position\":2,\"name\":\"Saiba mais sobre os tipos de forro de madeira e como escolher o ideal\"}]},{\"@type\":\"WebSite\",\"@id\":\"https:\/\/www.artemadeiras.com.br\/blog\/#website\",\"url\":\"https:\/\/www.artemadeiras.com.br\/blog\/\",\"name\":\"Blog | Arte madeiras\",\"description\":\"Dicas e Novidades sobre Madeiras\",\"publisher\":{\"@id\":\"https:\/\/www.artemadeiras.com.br\/blog\/#organization\"},\"potentialAction\":[{\"@type\":\"SearchAction\",\"target\":{\"@type\":\"EntryPoint\",\"urlTemplate\":\"https:\/\/www.artemadeiras.com.br\/blog\/?s={search_term_string}\"},\"query-input\":{\"@type\":\"PropertyValueSpecification\",\"valueRequired\":true,\"valueName\":\"search_term_string\"}}],\"inLanguage\":\"pt-BR\"},{\"@type\":\"Organization\",\"@id\":\"https:\/\/www.artemadeiras.com.br\/blog\/#organization\",\"name\":\"Blog | Arte madeiras\",\"url\":\"https:\/\/www.artemadeiras.com.br\/blog\/\",\"logo\":{\"@type\":\"ImageObject\",\"inLanguage\":\"pt-BR\",\"@id\":\"https:\/\/www.artemadeiras.com.br\/blog\/#\/schema\/logo\/image\/\",\"url\":\"https:\/\/www.artemadeiras.com.br\/blog\/wp-content\/uploads\/2021\/01\/logo-arte-madeiras.png\",\"contentUrl\":\"https:\/\/www.artemadeiras.com.br\/blog\/wp-content\/uploads\/2021\/01\/logo-arte-madeiras.png\",\"width\":255,\"height\":110,\"caption\":\"Blog | Arte madeiras\"},\"image\":{\"@id\":\"https:\/\/www.artemadeiras.com.br\/blog\/#\/schema\/logo\/image\/\"}},{\"@type\":\"Person\",\"@id\":\"https:\/\/www.artemadeiras.com.br\/blog\/#\/schema\/person\/03c7826df62479a35ffcf10a5a652727\",\"name\":\"bloomin\",\"image\":{\"@type\":\"ImageObject\",\"inLanguage\":\"pt-BR\",\"@id\":\"https:\/\/www.artemadeiras.com.br\/blog\/#\/schema\/person\/image\/\",\"url\":\"https:\/\/secure.gravatar.com\/avatar\/161a7ea08f1b8bd365e1697a2453e6c719201075da8bdf298a1c2fc5455ba35d?s=96&d=mm&r=g\",\"contentUrl\":\"https:\/\/secure.gravatar.com\/avatar\/161a7ea08f1b8bd365e1697a2453e6c719201075da8bdf298a1c2fc5455ba35d?s=96&d=mm&r=g\",\"caption\":\"bloomin\"},\"sameAs\":[\"https:\/\/www.artemadeiras.com.br\/blog\"],\"url\":\"https:\/\/www.artemadeiras.com.br\/blog\/author\/bloomin\/\"}]}<\/script>\n<!-- \/ Yoast SEO plugin. -->","yoast_head_json":{"title":"Saiba mais sobre os tipos de forro de madeira e como escolher o ideal - Blog | Arte madeiras","description":"Descubra os principais tipos de forro de madeira e veja como escolher o ideal para seu projeto com conforto, estilo e efici\u00eancia.","robots":{"index":"index","follow":"follow","max-snippet":"max-snippet:-1","max-image-preview":"max-image-preview:large","max-video-preview":"max-video-preview:-1"},"canonical":"https:\/\/www.artemadeiras.com.br\/blog\/forros\/saiba-mais-sobre-os-tipos-de-forro-de-madeira-e-como-escolher-o-ideal\/","og_locale":"pt_BR","og_type":"article","og_title":"Saiba mais sobre os tipos de forro de madeira e como escolher o ideal - Blog | Arte madeiras","og_description":"Descubra os principais tipos de forro de madeira e veja como escolher o ideal para seu projeto com conforto, estilo e efici\u00eancia.","og_url":"https:\/\/www.artemadeiras.com.br\/blog\/forros\/saiba-mais-sobre-os-tipos-de-forro-de-madeira-e-como-escolher-o-ideal\/","og_site_name":"Blog | Arte madeiras","article_published_time":"2025-08-07T16:37:18+00:00","article_modified_time":"2025-08-07T16:38:34+00:00","og_image":[{"width":382,"height":345,"url":"https:\/\/www.artemadeiras.com.br\/blog\/wp-content\/uploads\/2025\/08\/forro9.jpg","type":"image\/jpeg"}],"author":"bloomin","twitter_card":"summary_large_image","twitter_misc":{"Escrito por":"bloomin","Est. tempo de leitura":"6 minutos"},"schema":{"@context":"https:\/\/schema.org","@graph":[{"@type":"Article","@id":"https:\/\/www.artemadeiras.com.br\/blog\/forros\/saiba-mais-sobre-os-tipos-de-forro-de-madeira-e-como-escolher-o-ideal\/#article","isPartOf":{"@id":"https:\/\/www.artemadeiras.com.br\/blog\/forros\/saiba-mais-sobre-os-tipos-de-forro-de-madeira-e-como-escolher-o-ideal\/"},"author":{"name":"bloomin","@id":"https:\/\/www.artemadeiras.com.br\/blog\/#\/schema\/person\/03c7826df62479a35ffcf10a5a652727"},"headline":"Saiba mais sobre os tipos de forro de madeira e como escolher o ideal","datePublished":"2025-08-07T16:37:18+00:00","dateModified":"2025-08-07T16:38:34+00:00","mainEntityOfPage":{"@id":"https:\/\/www.artemadeiras.com.br\/blog\/forros\/saiba-mais-sobre-os-tipos-de-forro-de-madeira-e-como-escolher-o-ideal\/"},"wordCount":1090,"commentCount":0,"publisher":{"@id":"https:\/\/www.artemadeiras.com.br\/blog\/#organization"},"image":{"@id":"https:\/\/www.artemadeiras.com.br\/blog\/forros\/saiba-mais-sobre-os-tipos-de-forro-de-madeira-e-como-escolher-o-ideal\/#primaryimage"},"thumbnailUrl":"https:\/\/www.artemadeiras.com.br\/blog\/wp-content\/uploads\/2025\/08\/forro9.jpg","keywords":["ambiente com forro de madeira","cedrinho mesclado","cedrinho ou pinus: qual escolher?","como combinar ilumina\u00e7\u00e3o com forro?","como escolher forro de madeira","como escolher forro para o teto?","como evitar cupins em forro de madeira?","como instalar forro de madeira?","conforto t\u00e9rmico com madeira","diferen\u00e7a entre forro e lambril?","estilo arquitet\u00f4nico com madeira","forro cumaru","forro de madeira combina com qual estilo?","forro de madeira \u00e9 bom para isolamento ac\u00fastico?","forro de madeira precisa de manuten\u00e7\u00e3o?","forro de madeira seca e lixada","forro garapeira","forro para \u00e1reas internas","isolamento ac\u00fastico forro","lambris de madeira","madeira de reflorestamento","madeira para teto","madeira para teto interno ou externo?","madeira tratada para forro","meia cana de madeira","o que \u00e9 forro de madeira?","o que \u00e9 forro seco e lixado?","o que \u00e9 pinus autoclavado?","onde usar lambris?","para que serve o forro de madeira?","pinus autoclavado","quais os acabamentos dispon\u00edveis em madeira?","qual a madeira mais resistente para forro?","qual madeira \u00e9 ideal para \u00e1reas \u00famidas?","qual o melhor tipo de forro de madeira?"],"articleSection":["Forros"],"inLanguage":"pt-BR","potentialAction":[{"@type":"CommentAction","name":"Comment","target":["https:\/\/www.artemadeiras.com.br\/blog\/forros\/saiba-mais-sobre-os-tipos-de-forro-de-madeira-e-como-escolher-o-ideal\/#respond"]}]},{"@type":"WebPage","@id":"https:\/\/www.artemadeiras.com.br\/blog\/forros\/saiba-mais-sobre-os-tipos-de-forro-de-madeira-e-como-escolher-o-ideal\/","url":"https:\/\/www.artemadeiras.com.br\/blog\/forros\/saiba-mais-sobre-os-tipos-de-forro-de-madeira-e-como-escolher-o-ideal\/","name":"Saiba mais sobre os tipos de forro de madeira e como escolher o ideal - Blog | Arte madeiras","isPartOf":{"@id":"https:\/\/www.artemadeiras.com.br\/blog\/#website"},"primaryImageOfPage":{"@id":"https:\/\/www.artemadeiras.com.br\/blog\/forros\/saiba-mais-sobre-os-tipos-de-forro-de-madeira-e-como-escolher-o-ideal\/#primaryimage"},"image":{"@id":"https:\/\/www.artemadeiras.com.br\/blog\/forros\/saiba-mais-sobre-os-tipos-de-forro-de-madeira-e-como-escolher-o-ideal\/#primaryimage"},"thumbnailUrl":"https:\/\/www.artemadeiras.com.br\/blog\/wp-content\/uploads\/2025\/08\/forro9.jpg","datePublished":"2025-08-07T16:37:18+00:00","dateModified":"2025-08-07T16:38:34+00:00","description":"Descubra os principais tipos de forro de madeira e veja como escolher o ideal para seu projeto com conforto, estilo e efici\u00eancia.","breadcrumb":{"@id":"https:\/\/www.artemadeiras.com.br\/blog\/forros\/saiba-mais-sobre-os-tipos-de-forro-de-madeira-e-como-escolher-o-ideal\/#breadcrumb"},"inLanguage":"pt-BR","potentialAction":[{"@type":"ReadAction","target":["https:\/\/www.artemadeiras.com.br\/blog\/forros\/saiba-mais-sobre-os-tipos-de-forro-de-madeira-e-como-escolher-o-ideal\/"]}]},{"@type":"ImageObject","inLanguage":"pt-BR","@id":"https:\/\/www.artemadeiras.com.br\/blog\/forros\/saiba-mais-sobre-os-tipos-de-forro-de-madeira-e-como-escolher-o-ideal\/#primaryimage","url":"https:\/\/www.artemadeiras.com.br\/blog\/wp-content\/uploads\/2025\/08\/forro9.jpg","contentUrl":"https:\/\/www.artemadeiras.com.br\/blog\/wp-content\/uploads\/2025\/08\/forro9.jpg","width":382,"height":345,"caption":"Saiba mais sobre os tipos de forro de madeira e como escolher o ideal"},{"@type":"BreadcrumbList","@id":"https:\/\/www.artemadeiras.com.br\/blog\/forros\/saiba-mais-sobre-os-tipos-de-forro-de-madeira-e-como-escolher-o-ideal\/#breadcrumb","itemListElement":[{"@type":"ListItem","position":1,"name":"In\u00edcio","item":"https:\/\/www.artemadeiras.com.br\/blog\/"},{"@type":"ListItem","position":2,"name":"Saiba mais sobre os tipos de forro de madeira e como escolher o ideal"}]},{"@type":"WebSite","@id":"https:\/\/www.artemadeiras.com.br\/blog\/#website","url":"https:\/\/www.artemadeiras.com.br\/blog\/","name":"Blog | Arte madeiras","description":"Dicas e Novidades sobre Madeiras","publisher":{"@id":"https:\/\/www.artemadeiras.com.br\/blog\/#organization"},"potentialAction":[{"@type":"SearchAction","target":{"@type":"EntryPoint","urlTemplate":"https:\/\/www.artemadeiras.com.br\/blog\/?s={search_term_string}"},"query-input":{"@type":"PropertyValueSpecification","valueRequired":true,"valueName":"search_term_string"}}],"inLanguage":"pt-BR"},{"@type":"Organization","@id":"https:\/\/www.artemadeiras.com.br\/blog\/#organization","name":"Blog | Arte madeiras","url":"https:\/\/www.artemadeiras.com.br\/blog\/","logo":{"@type":"ImageObject","inLanguage":"pt-BR","@id":"https:\/\/www.artemadeiras.com.br\/blog\/#\/schema\/logo\/image\/","url":"https:\/\/www.artemadeiras.com.br\/blog\/wp-content\/uploads\/2021\/01\/logo-arte-madeiras.png","contentUrl":"https:\/\/www.artemadeiras.com.br\/blog\/wp-content\/uploads\/2021\/01\/logo-arte-madeiras.png","width":255,"height":110,"caption":"Blog | Arte madeiras"},"image":{"@id":"https:\/\/www.artemadeiras.com.br\/blog\/#\/schema\/logo\/image\/"}},{"@type":"Person","@id":"https:\/\/www.artemadeiras.com.br\/blog\/#\/schema\/person\/03c7826df62479a35ffcf10a5a652727","name":"bloomin","image":{"@type":"ImageObject","inLanguage":"pt-BR","@id":"https:\/\/www.artemadeiras.com.br\/blog\/#\/schema\/person\/image\/","url":"https:\/\/secure.gravatar.com\/avatar\/161a7ea08f1b8bd365e1697a2453e6c719201075da8bdf298a1c2fc5455ba35d?s=96&d=mm&r=g","contentUrl":"https:\/\/secure.gravatar.com\/avatar\/161a7ea08f1b8bd365e1697a2453e6c719201075da8bdf298a1c2fc5455ba35d?s=96&d=mm&r=g","caption":"bloomin"},"sameAs":["https:\/\/www.artemadeiras.com.br\/blog"],"url":"https:\/\/www.artemadeiras.com.br\/blog\/author\/bloomin\/"}]}},"_links":{"self":[{"href":"https:\/\/www.artemadeiras.com.br\/blog\/wp-json\/wp\/v2\/posts\/249","targetHints":{"allow":["GET"]}}],"collection":[{"href":"https:\/\/www.artemadeiras.com.br\/blog\/wp-json\/wp\/v2\/posts"}],"about":[{"href":"https:\/\/www.artemadeiras.com.br\/blog\/wp-json\/wp\/v2\/types\/post"}],"author":[{"embeddable":true,"href":"https:\/\/www.artemadeiras.com.br\/blog\/wp-json\/wp\/v2\/users\/1"}],"replies":[{"embeddable":true,"href":"https:\/\/www.artemadeiras.com.br\/blog\/wp-json\/wp\/v2\/comments?post=249"}],"version-history":[{"count":1,"href":"https:\/\/www.artemadeiras.com.br\/blog\/wp-json\/wp\/v2\/posts\/249\/revisions"}],"predecessor-version":[{"id":252,"href":"https:\/\/www.artemadeiras.com.br\/blog\/wp-json\/wp\/v2\/posts\/249\/revisions\/252"}],"wp:featuredmedia":[{"embeddable":true,"href":"https:\/\/www.artemadeiras.com.br\/blog\/wp-json\/wp\/v2\/media\/250"}],"wp:attachment":[{"href":"https:\/\/www.artemadeiras.com.br\/blog\/wp-json\/wp\/v2\/media?parent=249"}],"wp:term":[{"taxonomy":"category","embeddable":true,"href":"https:\/\/www.artemadeiras.com.br\/blog\/wp-json\/wp\/v2\/categories?post=249"},{"taxonomy":"post_tag","embeddable":true,"href":"https:\/\/www.artemadeiras.com.br\/blog\/wp-json\/wp\/v2\/tags?post=249"}],"curies":[{"name":"wp","href":"https:\/\/api.w.org\/{rel}","templated":true}]}}