{"id":225,"date":"2025-07-07T14:25:39","date_gmt":"2025-07-07T17:25:39","guid":{"rendered":"https:\/\/www.artemadeiras.com.br\/blog\/?p=225"},"modified":"2025-07-07T14:27:30","modified_gmt":"2025-07-07T17:27:30","slug":"onde-comprar-chapa-de-madeira-compensada-em-sao-paulo","status":"publish","type":"post","link":"https:\/\/www.artemadeiras.com.br\/blog\/compensados\/onde-comprar-chapa-de-madeira-compensada-em-sao-paulo\/","title":{"rendered":"Onde comprar chapa de madeira compensada em S\u00e3o Paulo"},"content":{"rendered":"<span class=\"rt-reading-time\" style=\"display: block;\"><span class=\"rt-label rt-prefix\">Tempo de leitura<\/span> <span class=\"rt-time\">3<\/span> <span class=\"rt-label rt-postfix\">minutos<\/span><\/span>\n<p><strong><em>Descubra onde comprar chapa de madeira compensada em S\u00e3o Paulo com qualidade, certifica\u00e7\u00e3o ambiental e variedade para constru\u00e7\u00e3o, mobili\u00e1rio e reforma.<\/em><\/strong><\/p>\n\n\n\n<p>As <strong>chapas de madeiras compensadas<\/strong> s\u00e3o materiais vers\u00e1teis e resistentes, amplamente utilizados em constru\u00e7\u00f5es civis, fabrica\u00e7\u00e3o de m\u00f3veis e embalagens industriais.&nbsp;<\/p>\n\n\n\n<p>Com sua estrutura \u00fanica \u2014 l\u00e2minas coladas com fibras cruzadas \u2014 o compensado oferece estabilidade mec\u00e2nica e baixa distor\u00e7\u00e3o, sendo ideal tanto para formas de concreto quanto para revestimentos.<\/p>\n\n\n\n<p>Se voc\u00ea est\u00e1 procurando <strong>onde comprar chapas de compensado de madeira<\/strong> em S\u00e3o Paulo, especialmente nas regi\u00f5es da Zona Norte, este artigo vai ajudar.&nbsp;<\/p>\n\n\n\n<p>Vamos explorar o que observar ao escolher um fornecedor confi\u00e1vel, a certifica\u00e7\u00e3o ambiental e um exemplo de empresa que oferece qualidade e variedade no mercado.<\/p>\n\n\n\n<ul class=\"wp-block-list\">\n<li><a href=\"https:\/\/www.artemadeiras.com.br\/blog\/pinus\/pinus-para-concreto-aparente-garanta-seguranca-na-sua-construcao\/\" class=\"rank-math-link\">Pinus para concreto aparente: garanta seguran\u00e7a na sua constru\u00e7\u00e3o<\/a><\/li>\n<\/ul>\n\n\n\n<div id=\"ez-toc-container\" class=\"ez-toc-v2_0_66_1 counter-hierarchy ez-toc-counter ez-toc-grey ez-toc-container-direction\">\n<div class=\"ez-toc-title-container\">\n<p class=\"ez-toc-title \" >T&oacute;picos do artigo<\/p>\n<span class=\"ez-toc-title-toggle\"><a href=\"#\" class=\"ez-toc-pull-right ez-toc-btn ez-toc-btn-xs ez-toc-btn-default ez-toc-toggle\" aria-label=\"Toggle Table of Content\"><span class=\"ez-toc-js-icon-con\"><span class=\"\"><span class=\"eztoc-hide\" style=\"display:none;\">Toggle<\/span><span class=\"ez-toc-icon-toggle-span\"><svg style=\"fill: #999;color:#999\" xmlns=\"http:\/\/www.w3.org\/2000\/svg\" class=\"list-377408\" width=\"20px\" height=\"20px\" viewBox=\"0 0 24 24\" fill=\"none\"><path d=\"M6 6H4v2h2V6zm14 0H8v2h12V6zM4 11h2v2H4v-2zm16 0H8v2h12v-2zM4 16h2v2H4v-2zm16 0H8v2h12v-2z\" fill=\"currentColor\"><\/path><\/svg><svg style=\"fill: #999;color:#999\" class=\"arrow-unsorted-368013\" xmlns=\"http:\/\/www.w3.org\/2000\/svg\" width=\"10px\" height=\"10px\" viewBox=\"0 0 24 24\" version=\"1.2\" baseProfile=\"tiny\"><path d=\"M18.2 9.3l-6.2-6.3-6.2 6.3c-.2.2-.3.4-.3.7s.1.5.3.7c.2.2.4.3.7.3h11c.3 0 .5-.1.7-.3.2-.2.3-.5.3-.7s-.1-.5-.3-.7zM5.8 14.7l6.2 6.3 6.2-6.3c.2-.2.3-.5.3-.7s-.1-.5-.3-.7c-.2-.2-.4-.3-.7-.3h-11c-.3 0-.5.1-.7.3-.2.2-.3.5-.3.7s.1.5.3.7z\"\/><\/svg><\/span><\/span><\/span><\/a><\/span><\/div>\n<nav><ul class='ez-toc-list ez-toc-list-level-1 ' ><li class='ez-toc-page-1 ez-toc-heading-level-2'><a class=\"ez-toc-link ez-toc-heading-1\" href=\"https:\/\/www.artemadeiras.com.br\/blog\/compensados\/onde-comprar-chapa-de-madeira-compensada-em-sao-paulo\/#A_importancia_da_chapa_de_madeira_compensada\" title=\"A import\u00e2ncia da chapa de madeira compensada\">A import\u00e2ncia da chapa de madeira compensada<\/a><\/li><li class='ez-toc-page-1 ez-toc-heading-level-2'><a class=\"ez-toc-link ez-toc-heading-2\" href=\"https:\/\/www.artemadeiras.com.br\/blog\/compensados\/onde-comprar-chapa-de-madeira-compensada-em-sao-paulo\/#Tipos_de_chapas_compensadas_e_suas_aplicacoes\" title=\"Tipos de chapas compensadas e suas aplica\u00e7\u00f5es\">Tipos de chapas compensadas e suas aplica\u00e7\u00f5es<\/a><\/li><li class='ez-toc-page-1 ez-toc-heading-level-2'><a class=\"ez-toc-link ez-toc-heading-3\" href=\"https:\/\/www.artemadeiras.com.br\/blog\/compensados\/onde-comprar-chapa-de-madeira-compensada-em-sao-paulo\/#Onde_comprar_chapas_de_compensado_de_madeira_em_Sao_Paulo\" title=\"Onde comprar chapas de compensado de madeira em S\u00e3o Paulo?\">Onde comprar chapas de compensado de madeira em S\u00e3o Paulo?<\/a><\/li><\/ul><\/nav><\/div>\n<h2 class=\"wp-block-heading\"><span class=\"ez-toc-section\" id=\"A_importancia_da_chapa_de_madeira_compensada\"><\/span><strong>A import\u00e2ncia da chapa de madeira compensada<\/strong><span class=\"ez-toc-section-end\"><\/span><\/h2>\n\n\n\n<p>O compensado \u00e9 formado por l\u00e2minas de madeira coladas entre si, de modo que as fibras de uma l\u00e2mina fiquem perpendiculares \u00e0s fibras das l\u00e2minas adjacentes.&nbsp;<\/p>\n\n\n\n<p>Essa configura\u00e7\u00e3o melhora a estabilidade do painel e aumenta sua resist\u00eancia mec\u00e2nica. Em muitos casos, esse painel pode ter seu miolo composto por sarrafos de madeira colados lado a lado \u2014 o chamado painel sarrafeado \u2014 bastante usado na fabrica\u00e7\u00e3o de m\u00f3veis.<\/p>\n\n\n\n<p>Com um desempenho confi\u00e1vel, o compensado \u00e9 empregado em diversas aplica\u00e7\u00f5es, como na confec\u00e7\u00e3o de formas para concreto, na produ\u00e7\u00e3o de embalagens industriais e no setor moveleiro.&nbsp;<\/p>\n\n\n\n<p>Sua versatilidade se deve justamente \u00e0 possibilidade de escolher o tipo ideal para cada finalidade, como o <strong>compensado naval<\/strong>, resistente \u00e0 umidade, e o <strong>compensado MDF<\/strong>, indicado para acabamentos internos.<\/p>\n\n\n\n<figure class=\"wp-block-image size-full is-resized\"><img loading=\"lazy\" decoding=\"async\" width=\"667\" height=\"500\" src=\"https:\/\/www.artemadeiras.com.br\/blog\/wp-content\/uploads\/2025\/07\/compensada3.jpg\" alt=\"Onde comprar chapa de madeira compensada em S\u00e3o Paulo\" class=\"wp-image-227\" style=\"width:454px;height:auto\" srcset=\"https:\/\/www.artemadeiras.com.br\/blog\/wp-content\/uploads\/2025\/07\/compensada3.jpg 667w, https:\/\/www.artemadeiras.com.br\/blog\/wp-content\/uploads\/2025\/07\/compensada3-300x225.jpg 300w\" sizes=\"auto, (max-width: 667px) 100vw, 667px\" \/><\/figure>\n\n\n\n<h2 class=\"wp-block-heading\"><span class=\"ez-toc-section\" id=\"Tipos_de_chapas_compensadas_e_suas_aplicacoes\"><\/span><strong>Tipos de chapas compensadas e suas aplica\u00e7\u00f5es<\/strong><span class=\"ez-toc-section-end\"><\/span><\/h2>\n\n\n\n<ol class=\"wp-block-list\">\n<li><strong>Compensado naval<\/strong>: produzido com colas e tratamentos resistentes ao tempo e umidade, usado em \u00e1reas externas, estruturas expostas, barcos e mobili\u00e1rio externo.<br><\/li>\n\n\n\n<li><strong>Compensado MDF<\/strong>: mais homog\u00eaneo e suave, ideal para m\u00f3veis planejados, pinturas e revestimentos internos.<br><\/li>\n\n\n\n<li><strong>Compensado sarrafeado<\/strong>: combinando l\u00e2minas externas com miolo de sarrafos, oferece economia de material com boa resist\u00eancia \u2014 excelente para mobili\u00e1rio de grande porte.<br><\/li>\n<\/ol>\n\n\n\n<p>Saber a diferen\u00e7a entre esses tipos ajudar\u00e1 a escolher a <strong>chapa de madeira compensada<\/strong> ideal para seu projeto.<\/p>\n\n\n\n<ul class=\"wp-block-list\">\n<li><a href=\"https:\/\/www.artemadeiras.com.br\/blog\/placa-de-mdf\/conheca-os-diferentes-tipos-de-chapas-de-mdf-e-seus-beneficios\/\" class=\"rank-math-link\">Conhe\u00e7a os diferentes tipos de chapas de MDF e seus benef\u00edcios<\/a><\/li>\n<\/ul>\n\n\n\n<h2 class=\"wp-block-heading\"><span class=\"ez-toc-section\" id=\"Onde_comprar_chapas_de_compensado_de_madeira_em_Sao_Paulo\"><\/span><strong>Onde comprar chapas de compensado de madeira em S\u00e3o Paulo?<\/strong><span class=\"ez-toc-section-end\"><\/span><\/h2>\n\n\n\n<p>Se voc\u00ea est\u00e1 buscando um local confi\u00e1vel para adquirir <strong>chapas de madeiras compensadas<\/strong> na capital paulista, a <strong>Arte Madeiras<\/strong> \u00e9 uma refer\u00eancia no setor.<\/p>\n\n\n\n<p>&nbsp;Com mais de 28 anos de atua\u00e7\u00e3o, a empresa est\u00e1 localizada na Zona Norte de S\u00e3o Paulo e se especializou no atendimento a profissionais da constru\u00e7\u00e3o civil, marceneiros, engenheiros, arquitetos, decoradores e consumidores em geral.<\/p>\n\n\n\n<p>A Arte Madeiras \u00e9 conhecida n\u00e3o apenas pela variedade de produtos, mas tamb\u00e9m pelo compromisso com a sustentabilidade.&nbsp;<\/p>\n\n\n\n<p>Todas as madeiras comercializadas possuem certifica\u00e7\u00e3o de origem, com controle dos \u00f3rg\u00e3os competentes, como IBAMA e Secretaria do Meio Ambiente.&nbsp;<\/p>\n\n\n\n<p>Al\u00e9m disso, a empresa participa do programa QUALIMADEIRA, refor\u00e7ando o compromisso com a comercializa\u00e7\u00e3o respons\u00e1vel de produtos madeireiros.<\/p>\n\n\n\n<p>As <strong>chapas de madeiras compensadas<\/strong> s\u00e3o uma excelente solu\u00e7\u00e3o para quem busca resist\u00eancia, versatilidade e bom acabamento em projetos diversos.&nbsp;<\/p>\n\n\n\n<p>Seja para constru\u00e7\u00e3o civil, fabrica\u00e7\u00e3o de m\u00f3veis ou aplica\u00e7\u00f5es industriais, esse material se destaca por sua durabilidade e facilidade de uso.<\/p>\n\n\n\n<p><strong><em>Se voc\u00ea precisa de chapas de compensado MDF, naval ou sarrafeado com garantia de proced\u00eancia e suporte t\u00e9cnico, entre em contato com a Arte Madeiras e confira as melhores op\u00e7\u00f5es para sua obra, projeto ou reforma.<\/em><\/strong><\/p>\n\n\n\n<ul class=\"wp-block-list\">\n<li><a href=\"https:\/\/www.artemadeiras.com.br\/blog\/chapas-plastificadas\/conheca-as-chapas-plastificadas-a-solucao-feita-para-voce\/\" class=\"rank-math-link\">Conhe\u00e7a as chapas plastificadas, a solu\u00e7\u00e3o feita para voc\u00ea<br><\/a><\/li>\n<\/ul>\n","protected":false},"excerpt":{"rendered":"<p><span class=\"rt-reading-time\" style=\"display: block;\"><span class=\"rt-label rt-prefix\">Tempo de leitura<\/span> <span class=\"rt-time\">3<\/span> <span class=\"rt-label rt-postfix\">minutos<\/span><\/span> Descubra onde comprar chapa de madeira compensada em S\u00e3o Paulo com qualidade, certifica\u00e7\u00e3o ambiental e variedade para constru\u00e7\u00e3o, mobili\u00e1rio e reforma. As chapas de madeiras compensadas s\u00e3o materiais vers\u00e1teis e resistentes, amplamente utilizados em constru\u00e7\u00f5es civis, fabrica\u00e7\u00e3o de m\u00f3veis e&#8230;<\/p>\n","protected":false},"author":1,"featured_media":226,"comment_status":"open","ping_status":"open","sticky":false,"template":"","format":"standard","meta":{"footnotes":""},"categories":[524],"tags":[1498,1335,1485,1483,1481,1476,1480,1474,1472,1470,1471,1479,1477,1473,1475,1469,1478,1482,1496,1488,1500,1489,1494,575,1492,1491,905,1490,1497,1460,1466,1465,1461,1493,1462,1464,1463,1487,1468,1284,1499,1495,1484,1459,1486,1467,817],"class_list":["post-225","post","type-post","status-publish","format-standard","has-post-thumbnail","hentry","category-compensados","tag-arte-madeiras-chapas-de-madeira","tag-chapa-de-madeira-compensada","tag-chapa-mdf-para-moveis-planejados","tag-chapas-de-compensado-mdf","tag-chapas-de-compensado-naval","tag-chapas-de-madeira-compensada-direto-da-fabrica","tag-chapas-de-madeira-compensada-em-guarulhos","tag-chapas-de-madeira-compensada-em-promocao","tag-chapas-de-madeira-compensada-em-sao-paulo","tag-chapas-de-madeira-compensada-em-sp","tag-chapas-de-madeira-compensada-na-zona-leste","tag-chapas-de-madeira-compensada-na-zona-norte","tag-chapas-de-madeira-compensada-na-zona-sul","tag-chapas-de-madeira-compensada-no-tatuape","tag-chapas-de-madeira-compensada-perto-de-mim","tag-chapas-de-madeira-compensada-preco","tag-chapas-de-madeira-compensada-proximo-a-mim","tag-chapas-de-madeiras-compensadas","tag-compensado-com-bom-acabamento","tag-compensado-com-certificacao-ambiental","tag-compensado-com-origem-controlad","tag-compensado-com-selo-qualimadeira","tag-compensado-ecologico-em-sao-paulo","tag-compensado-naval-em-sao-paulo","tag-compensado-para-embalagens-industriais","tag-compensado-para-formas-de-concreto","tag-compensado-para-marcenaria","tag-compensado-resistente-para-construcao","tag-compra-de-chapa-compensada-sp","tag-comprar-chapas-de-madeira-compensada","tag-distribuidor-de-chapas-de-madeira-compensada","tag-distribuidora-de-chapas-de-madeira-compensada","tag-empresa-de-chapas-de-madeira-compensada","tag-espessuras-de-chapas-de-compensado","tag-fabrica-de-chapas-de-madeira-compensada","tag-fabricante-de-chapas-de-madeira-compensada","tag-fornecedor-de-chapas-de-madeira-compensada","tag-fornecedor-de-madeira-compensada-em-sp","tag-loja-de-chapas-de-madeira-compensada","tag-loja-de-compensado-zona-norte","tag-madeira-legalizada-ibama","tag-melhor-compensado-para-moveis","tag-onde-comprar-chapas-de-compensado-de-madeira","tag-onde-encontrar-chapas-de-madeira-compensada","tag-painel-sarrafeado-madeira","tag-revendedor-de-chapas-de-madeira-compensada","tag-tipos-de-compensado-de-madeira"],"yoast_head":"<!-- This site is optimized with the Yoast SEO plugin v23.6 - https:\/\/yoast.com\/wordpress\/plugins\/seo\/ -->\n<title>Onde comprar chapa de madeira compensada em S\u00e3o Paulo - Blog | Arte madeiras<\/title>\n<meta name=\"description\" content=\"Descubra onde comprar chapa de madeira compensada em S\u00e3o Paulo com qualidade, certifica\u00e7\u00e3o ambiental e variedade para constru\u00e7\u00e3o, mobili\u00e1rio e reforma.\" \/>\n<meta name=\"robots\" content=\"index, follow, max-snippet:-1, max-image-preview:large, max-video-preview:-1\" \/>\n<link rel=\"canonical\" href=\"https:\/\/www.artemadeiras.com.br\/blog\/compensados\/onde-comprar-chapa-de-madeira-compensada-em-sao-paulo\/\" \/>\n<meta property=\"og:locale\" content=\"pt_BR\" \/>\n<meta property=\"og:type\" content=\"article\" \/>\n<meta property=\"og:title\" content=\"Onde comprar chapa de madeira compensada em S\u00e3o Paulo - Blog | Arte madeiras\" \/>\n<meta property=\"og:description\" content=\"Descubra onde comprar chapa de madeira compensada em S\u00e3o Paulo com qualidade, certifica\u00e7\u00e3o ambiental e variedade para constru\u00e7\u00e3o, mobili\u00e1rio e reforma.\" \/>\n<meta property=\"og:url\" content=\"https:\/\/www.artemadeiras.com.br\/blog\/compensados\/onde-comprar-chapa-de-madeira-compensada-em-sao-paulo\/\" \/>\n<meta property=\"og:site_name\" content=\"Blog | Arte madeiras\" \/>\n<meta property=\"article:published_time\" content=\"2025-07-07T17:25:39+00:00\" \/>\n<meta property=\"article:modified_time\" content=\"2025-07-07T17:27:30+00:00\" \/>\n<meta property=\"og:image\" content=\"https:\/\/www.artemadeiras.com.br\/blog\/wp-content\/uploads\/2025\/07\/compensada1-1.jpg\" \/>\n\t<meta property=\"og:image:width\" content=\"800\" \/>\n\t<meta property=\"og:image:height\" content=\"600\" \/>\n\t<meta property=\"og:image:type\" content=\"image\/jpeg\" \/>\n<meta name=\"author\" content=\"bloomin\" \/>\n<meta name=\"twitter:card\" content=\"summary_large_image\" \/>\n<meta name=\"twitter:label1\" content=\"Escrito por\" \/>\n\t<meta name=\"twitter:data1\" content=\"bloomin\" \/>\n\t<meta name=\"twitter:label2\" content=\"Est. tempo de leitura\" \/>\n\t<meta name=\"twitter:data2\" content=\"4 minutos\" \/>\n<script type=\"application\/ld+json\" class=\"yoast-schema-graph\">{\"@context\":\"https:\/\/schema.org\",\"@graph\":[{\"@type\":\"Article\",\"@id\":\"https:\/\/www.artemadeiras.com.br\/blog\/compensados\/onde-comprar-chapa-de-madeira-compensada-em-sao-paulo\/#article\",\"isPartOf\":{\"@id\":\"https:\/\/www.artemadeiras.com.br\/blog\/compensados\/onde-comprar-chapa-de-madeira-compensada-em-sao-paulo\/\"},\"author\":{\"name\":\"bloomin\",\"@id\":\"https:\/\/www.artemadeiras.com.br\/blog\/#\/schema\/person\/03c7826df62479a35ffcf10a5a652727\"},\"headline\":\"Onde comprar chapa de madeira compensada em S\u00e3o Paulo\",\"datePublished\":\"2025-07-07T17:25:39+00:00\",\"dateModified\":\"2025-07-07T17:27:30+00:00\",\"mainEntityOfPage\":{\"@id\":\"https:\/\/www.artemadeiras.com.br\/blog\/compensados\/onde-comprar-chapa-de-madeira-compensada-em-sao-paulo\/\"},\"wordCount\":640,\"commentCount\":0,\"publisher\":{\"@id\":\"https:\/\/www.artemadeiras.com.br\/blog\/#organization\"},\"image\":{\"@id\":\"https:\/\/www.artemadeiras.com.br\/blog\/compensados\/onde-comprar-chapa-de-madeira-compensada-em-sao-paulo\/#primaryimage\"},\"thumbnailUrl\":\"https:\/\/www.artemadeiras.com.br\/blog\/wp-content\/uploads\/2025\/07\/compensada1-1.jpg\",\"keywords\":[\"Arte Madeiras chapas de madeira\",\"chapa de madeira compensada\",\"chapa MDF para m\u00f3veis planejados\",\"chapas de compensado MDF\",\"chapas de compensado naval\",\"chapas de madeira compensada direto da fabrica\",\"chapas de madeira compensada em Guarulhos\",\"chapas de madeira compensada em promo\u00e7\u00e3o\",\"chapas de madeira compensada em s\u00e3o paulo\",\"chapas de madeira compensada em sp\",\"chapas de madeira compensada na zona leste\",\"chapas de madeira compensada na zona norte\",\"chapas de madeira compensada na zona sul\",\"chapas de madeira compensada no Tatuap\u00e9\",\"chapas de madeira compensada perto de mim\",\"chapas de madeira compensada pre\u00e7o\",\"chapas de madeira compensada pr\u00f3ximo a mim\",\"chapas de madeiras compensadas\",\"compensado com bom acabamento\",\"compensado com certifica\u00e7\u00e3o ambiental\",\"compensado com origem controlad\",\"compensado com selo QUALIMADEIRA\",\"compensado ecol\u00f3gico em S\u00e3o Paulo\",\"Compensado naval em s\u00e3o paulo\",\"compensado para embalagens industriais\",\"compensado para formas de concreto\",\"Compensado para marcenaria\",\"compensado resistente para constru\u00e7\u00e3o\",\"compra de chapa compensada SP\",\"comprar chapas de madeira compensada\",\"distribuidor de chapas de madeira compensada\",\"distribuidora de chapas de madeira compensada\",\"empresa de chapas de madeira compensada\",\"espessuras de chapas de compensado\",\"f\u00e1brica de chapas de madeira compensada\",\"fabricante de chapas de madeira compensada\",\"fornecedor de chapas de madeira compensada\",\"fornecedor de madeira compensada em SP\",\"loja de chapas de madeira compensada\",\"loja de compensado zona norte\",\"madeira legalizada IBAMA\",\"melhor compensado para m\u00f3veis\",\"onde comprar chapas de compensado de madeira\",\"onde encontrar chapas de madeira compensada\",\"painel sarrafeado madeira\",\"revendedor de chapas de madeira compensada\",\"Tipos de compensado de madeira\"],\"articleSection\":[\"Compensados\"],\"inLanguage\":\"pt-BR\",\"potentialAction\":[{\"@type\":\"CommentAction\",\"name\":\"Comment\",\"target\":[\"https:\/\/www.artemadeiras.com.br\/blog\/compensados\/onde-comprar-chapa-de-madeira-compensada-em-sao-paulo\/#respond\"]}]},{\"@type\":\"WebPage\",\"@id\":\"https:\/\/www.artemadeiras.com.br\/blog\/compensados\/onde-comprar-chapa-de-madeira-compensada-em-sao-paulo\/\",\"url\":\"https:\/\/www.artemadeiras.com.br\/blog\/compensados\/onde-comprar-chapa-de-madeira-compensada-em-sao-paulo\/\",\"name\":\"Onde comprar chapa de madeira compensada em S\u00e3o Paulo - Blog | Arte madeiras\",\"isPartOf\":{\"@id\":\"https:\/\/www.artemadeiras.com.br\/blog\/#website\"},\"primaryImageOfPage\":{\"@id\":\"https:\/\/www.artemadeiras.com.br\/blog\/compensados\/onde-comprar-chapa-de-madeira-compensada-em-sao-paulo\/#primaryimage\"},\"image\":{\"@id\":\"https:\/\/www.artemadeiras.com.br\/blog\/compensados\/onde-comprar-chapa-de-madeira-compensada-em-sao-paulo\/#primaryimage\"},\"thumbnailUrl\":\"https:\/\/www.artemadeiras.com.br\/blog\/wp-content\/uploads\/2025\/07\/compensada1-1.jpg\",\"datePublished\":\"2025-07-07T17:25:39+00:00\",\"dateModified\":\"2025-07-07T17:27:30+00:00\",\"description\":\"Descubra onde comprar chapa de madeira compensada em S\u00e3o Paulo com qualidade, certifica\u00e7\u00e3o ambiental e variedade para constru\u00e7\u00e3o, mobili\u00e1rio e reforma.\",\"breadcrumb\":{\"@id\":\"https:\/\/www.artemadeiras.com.br\/blog\/compensados\/onde-comprar-chapa-de-madeira-compensada-em-sao-paulo\/#breadcrumb\"},\"inLanguage\":\"pt-BR\",\"potentialAction\":[{\"@type\":\"ReadAction\",\"target\":[\"https:\/\/www.artemadeiras.com.br\/blog\/compensados\/onde-comprar-chapa-de-madeira-compensada-em-sao-paulo\/\"]}]},{\"@type\":\"ImageObject\",\"inLanguage\":\"pt-BR\",\"@id\":\"https:\/\/www.artemadeiras.com.br\/blog\/compensados\/onde-comprar-chapa-de-madeira-compensada-em-sao-paulo\/#primaryimage\",\"url\":\"https:\/\/www.artemadeiras.com.br\/blog\/wp-content\/uploads\/2025\/07\/compensada1-1.jpg\",\"contentUrl\":\"https:\/\/www.artemadeiras.com.br\/blog\/wp-content\/uploads\/2025\/07\/compensada1-1.jpg\",\"width\":800,\"height\":600,\"caption\":\"Onde comprar chapa de madeira compensada em S\u00e3o Paulo\"},{\"@type\":\"BreadcrumbList\",\"@id\":\"https:\/\/www.artemadeiras.com.br\/blog\/compensados\/onde-comprar-chapa-de-madeira-compensada-em-sao-paulo\/#breadcrumb\",\"itemListElement\":[{\"@type\":\"ListItem\",\"position\":1,\"name\":\"In\u00edcio\",\"item\":\"https:\/\/www.artemadeiras.com.br\/blog\/\"},{\"@type\":\"ListItem\",\"position\":2,\"name\":\"Onde comprar chapa de madeira compensada em S\u00e3o Paulo\"}]},{\"@type\":\"WebSite\",\"@id\":\"https:\/\/www.artemadeiras.com.br\/blog\/#website\",\"url\":\"https:\/\/www.artemadeiras.com.br\/blog\/\",\"name\":\"Blog | Arte madeiras\",\"description\":\"Dicas e Novidades sobre Madeiras\",\"publisher\":{\"@id\":\"https:\/\/www.artemadeiras.com.br\/blog\/#organization\"},\"potentialAction\":[{\"@type\":\"SearchAction\",\"target\":{\"@type\":\"EntryPoint\",\"urlTemplate\":\"https:\/\/www.artemadeiras.com.br\/blog\/?s={search_term_string}\"},\"query-input\":{\"@type\":\"PropertyValueSpecification\",\"valueRequired\":true,\"valueName\":\"search_term_string\"}}],\"inLanguage\":\"pt-BR\"},{\"@type\":\"Organization\",\"@id\":\"https:\/\/www.artemadeiras.com.br\/blog\/#organization\",\"name\":\"Blog | Arte madeiras\",\"url\":\"https:\/\/www.artemadeiras.com.br\/blog\/\",\"logo\":{\"@type\":\"ImageObject\",\"inLanguage\":\"pt-BR\",\"@id\":\"https:\/\/www.artemadeiras.com.br\/blog\/#\/schema\/logo\/image\/\",\"url\":\"https:\/\/www.artemadeiras.com.br\/blog\/wp-content\/uploads\/2021\/01\/logo-arte-madeiras.png\",\"contentUrl\":\"https:\/\/www.artemadeiras.com.br\/blog\/wp-content\/uploads\/2021\/01\/logo-arte-madeiras.png\",\"width\":255,\"height\":110,\"caption\":\"Blog | Arte madeiras\"},\"image\":{\"@id\":\"https:\/\/www.artemadeiras.com.br\/blog\/#\/schema\/logo\/image\/\"}},{\"@type\":\"Person\",\"@id\":\"https:\/\/www.artemadeiras.com.br\/blog\/#\/schema\/person\/03c7826df62479a35ffcf10a5a652727\",\"name\":\"bloomin\",\"image\":{\"@type\":\"ImageObject\",\"inLanguage\":\"pt-BR\",\"@id\":\"https:\/\/www.artemadeiras.com.br\/blog\/#\/schema\/person\/image\/\",\"url\":\"https:\/\/secure.gravatar.com\/avatar\/161a7ea08f1b8bd365e1697a2453e6c719201075da8bdf298a1c2fc5455ba35d?s=96&d=mm&r=g\",\"contentUrl\":\"https:\/\/secure.gravatar.com\/avatar\/161a7ea08f1b8bd365e1697a2453e6c719201075da8bdf298a1c2fc5455ba35d?s=96&d=mm&r=g\",\"caption\":\"bloomin\"},\"sameAs\":[\"https:\/\/www.artemadeiras.com.br\/blog\"],\"url\":\"https:\/\/www.artemadeiras.com.br\/blog\/author\/bloomin\/\"}]}<\/script>\n<!-- \/ Yoast SEO plugin. -->","yoast_head_json":{"title":"Onde comprar chapa de madeira compensada em S\u00e3o Paulo - Blog | Arte madeiras","description":"Descubra onde comprar chapa de madeira compensada em S\u00e3o Paulo com qualidade, certifica\u00e7\u00e3o ambiental e variedade para constru\u00e7\u00e3o, mobili\u00e1rio e reforma.","robots":{"index":"index","follow":"follow","max-snippet":"max-snippet:-1","max-image-preview":"max-image-preview:large","max-video-preview":"max-video-preview:-1"},"canonical":"https:\/\/www.artemadeiras.com.br\/blog\/compensados\/onde-comprar-chapa-de-madeira-compensada-em-sao-paulo\/","og_locale":"pt_BR","og_type":"article","og_title":"Onde comprar chapa de madeira compensada em S\u00e3o Paulo - Blog | Arte madeiras","og_description":"Descubra onde comprar chapa de madeira compensada em S\u00e3o Paulo com qualidade, certifica\u00e7\u00e3o ambiental e variedade para constru\u00e7\u00e3o, mobili\u00e1rio e reforma.","og_url":"https:\/\/www.artemadeiras.com.br\/blog\/compensados\/onde-comprar-chapa-de-madeira-compensada-em-sao-paulo\/","og_site_name":"Blog | Arte madeiras","article_published_time":"2025-07-07T17:25:39+00:00","article_modified_time":"2025-07-07T17:27:30+00:00","og_image":[{"width":800,"height":600,"url":"https:\/\/www.artemadeiras.com.br\/blog\/wp-content\/uploads\/2025\/07\/compensada1-1.jpg","type":"image\/jpeg"}],"author":"bloomin","twitter_card":"summary_large_image","twitter_misc":{"Escrito por":"bloomin","Est. tempo de leitura":"4 minutos"},"schema":{"@context":"https:\/\/schema.org","@graph":[{"@type":"Article","@id":"https:\/\/www.artemadeiras.com.br\/blog\/compensados\/onde-comprar-chapa-de-madeira-compensada-em-sao-paulo\/#article","isPartOf":{"@id":"https:\/\/www.artemadeiras.com.br\/blog\/compensados\/onde-comprar-chapa-de-madeira-compensada-em-sao-paulo\/"},"author":{"name":"bloomin","@id":"https:\/\/www.artemadeiras.com.br\/blog\/#\/schema\/person\/03c7826df62479a35ffcf10a5a652727"},"headline":"Onde comprar chapa de madeira compensada em S\u00e3o Paulo","datePublished":"2025-07-07T17:25:39+00:00","dateModified":"2025-07-07T17:27:30+00:00","mainEntityOfPage":{"@id":"https:\/\/www.artemadeiras.com.br\/blog\/compensados\/onde-comprar-chapa-de-madeira-compensada-em-sao-paulo\/"},"wordCount":640,"commentCount":0,"publisher":{"@id":"https:\/\/www.artemadeiras.com.br\/blog\/#organization"},"image":{"@id":"https:\/\/www.artemadeiras.com.br\/blog\/compensados\/onde-comprar-chapa-de-madeira-compensada-em-sao-paulo\/#primaryimage"},"thumbnailUrl":"https:\/\/www.artemadeiras.com.br\/blog\/wp-content\/uploads\/2025\/07\/compensada1-1.jpg","keywords":["Arte Madeiras chapas de madeira","chapa de madeira compensada","chapa MDF para m\u00f3veis planejados","chapas de compensado MDF","chapas de compensado naval","chapas de madeira compensada direto da fabrica","chapas de madeira compensada em Guarulhos","chapas de madeira compensada em promo\u00e7\u00e3o","chapas de madeira compensada em s\u00e3o paulo","chapas de madeira compensada em sp","chapas de madeira compensada na zona leste","chapas de madeira compensada na zona norte","chapas de madeira compensada na zona sul","chapas de madeira compensada no Tatuap\u00e9","chapas de madeira compensada perto de mim","chapas de madeira compensada pre\u00e7o","chapas de madeira compensada pr\u00f3ximo a mim","chapas de madeiras compensadas","compensado com bom acabamento","compensado com certifica\u00e7\u00e3o ambiental","compensado com origem controlad","compensado com selo QUALIMADEIRA","compensado ecol\u00f3gico em S\u00e3o Paulo","Compensado naval em s\u00e3o paulo","compensado para embalagens industriais","compensado para formas de concreto","Compensado para marcenaria","compensado resistente para constru\u00e7\u00e3o","compra de chapa compensada SP","comprar chapas de madeira compensada","distribuidor de chapas de madeira compensada","distribuidora de chapas de madeira compensada","empresa de chapas de madeira compensada","espessuras de chapas de compensado","f\u00e1brica de chapas de madeira compensada","fabricante de chapas de madeira compensada","fornecedor de chapas de madeira compensada","fornecedor de madeira compensada em SP","loja de chapas de madeira compensada","loja de compensado zona norte","madeira legalizada IBAMA","melhor compensado para m\u00f3veis","onde comprar chapas de compensado de madeira","onde encontrar chapas de madeira compensada","painel sarrafeado madeira","revendedor de chapas de madeira compensada","Tipos de compensado de madeira"],"articleSection":["Compensados"],"inLanguage":"pt-BR","potentialAction":[{"@type":"CommentAction","name":"Comment","target":["https:\/\/www.artemadeiras.com.br\/blog\/compensados\/onde-comprar-chapa-de-madeira-compensada-em-sao-paulo\/#respond"]}]},{"@type":"WebPage","@id":"https:\/\/www.artemadeiras.com.br\/blog\/compensados\/onde-comprar-chapa-de-madeira-compensada-em-sao-paulo\/","url":"https:\/\/www.artemadeiras.com.br\/blog\/compensados\/onde-comprar-chapa-de-madeira-compensada-em-sao-paulo\/","name":"Onde comprar chapa de madeira compensada em S\u00e3o Paulo - Blog | Arte madeiras","isPartOf":{"@id":"https:\/\/www.artemadeiras.com.br\/blog\/#website"},"primaryImageOfPage":{"@id":"https:\/\/www.artemadeiras.com.br\/blog\/compensados\/onde-comprar-chapa-de-madeira-compensada-em-sao-paulo\/#primaryimage"},"image":{"@id":"https:\/\/www.artemadeiras.com.br\/blog\/compensados\/onde-comprar-chapa-de-madeira-compensada-em-sao-paulo\/#primaryimage"},"thumbnailUrl":"https:\/\/www.artemadeiras.com.br\/blog\/wp-content\/uploads\/2025\/07\/compensada1-1.jpg","datePublished":"2025-07-07T17:25:39+00:00","dateModified":"2025-07-07T17:27:30+00:00","description":"Descubra onde comprar chapa de madeira compensada em S\u00e3o Paulo com qualidade, certifica\u00e7\u00e3o ambiental e variedade para constru\u00e7\u00e3o, mobili\u00e1rio e reforma.","breadcrumb":{"@id":"https:\/\/www.artemadeiras.com.br\/blog\/compensados\/onde-comprar-chapa-de-madeira-compensada-em-sao-paulo\/#breadcrumb"},"inLanguage":"pt-BR","potentialAction":[{"@type":"ReadAction","target":["https:\/\/www.artemadeiras.com.br\/blog\/compensados\/onde-comprar-chapa-de-madeira-compensada-em-sao-paulo\/"]}]},{"@type":"ImageObject","inLanguage":"pt-BR","@id":"https:\/\/www.artemadeiras.com.br\/blog\/compensados\/onde-comprar-chapa-de-madeira-compensada-em-sao-paulo\/#primaryimage","url":"https:\/\/www.artemadeiras.com.br\/blog\/wp-content\/uploads\/2025\/07\/compensada1-1.jpg","contentUrl":"https:\/\/www.artemadeiras.com.br\/blog\/wp-content\/uploads\/2025\/07\/compensada1-1.jpg","width":800,"height":600,"caption":"Onde comprar chapa de madeira compensada em S\u00e3o Paulo"},{"@type":"BreadcrumbList","@id":"https:\/\/www.artemadeiras.com.br\/blog\/compensados\/onde-comprar-chapa-de-madeira-compensada-em-sao-paulo\/#breadcrumb","itemListElement":[{"@type":"ListItem","position":1,"name":"In\u00edcio","item":"https:\/\/www.artemadeiras.com.br\/blog\/"},{"@type":"ListItem","position":2,"name":"Onde comprar chapa de madeira compensada em S\u00e3o Paulo"}]},{"@type":"WebSite","@id":"https:\/\/www.artemadeiras.com.br\/blog\/#website","url":"https:\/\/www.artemadeiras.com.br\/blog\/","name":"Blog | Arte madeiras","description":"Dicas e Novidades sobre Madeiras","publisher":{"@id":"https:\/\/www.artemadeiras.com.br\/blog\/#organization"},"potentialAction":[{"@type":"SearchAction","target":{"@type":"EntryPoint","urlTemplate":"https:\/\/www.artemadeiras.com.br\/blog\/?s={search_term_string}"},"query-input":{"@type":"PropertyValueSpecification","valueRequired":true,"valueName":"search_term_string"}}],"inLanguage":"pt-BR"},{"@type":"Organization","@id":"https:\/\/www.artemadeiras.com.br\/blog\/#organization","name":"Blog | Arte madeiras","url":"https:\/\/www.artemadeiras.com.br\/blog\/","logo":{"@type":"ImageObject","inLanguage":"pt-BR","@id":"https:\/\/www.artemadeiras.com.br\/blog\/#\/schema\/logo\/image\/","url":"https:\/\/www.artemadeiras.com.br\/blog\/wp-content\/uploads\/2021\/01\/logo-arte-madeiras.png","contentUrl":"https:\/\/www.artemadeiras.com.br\/blog\/wp-content\/uploads\/2021\/01\/logo-arte-madeiras.png","width":255,"height":110,"caption":"Blog | Arte madeiras"},"image":{"@id":"https:\/\/www.artemadeiras.com.br\/blog\/#\/schema\/logo\/image\/"}},{"@type":"Person","@id":"https:\/\/www.artemadeiras.com.br\/blog\/#\/schema\/person\/03c7826df62479a35ffcf10a5a652727","name":"bloomin","image":{"@type":"ImageObject","inLanguage":"pt-BR","@id":"https:\/\/www.artemadeiras.com.br\/blog\/#\/schema\/person\/image\/","url":"https:\/\/secure.gravatar.com\/avatar\/161a7ea08f1b8bd365e1697a2453e6c719201075da8bdf298a1c2fc5455ba35d?s=96&d=mm&r=g","contentUrl":"https:\/\/secure.gravatar.com\/avatar\/161a7ea08f1b8bd365e1697a2453e6c719201075da8bdf298a1c2fc5455ba35d?s=96&d=mm&r=g","caption":"bloomin"},"sameAs":["https:\/\/www.artemadeiras.com.br\/blog"],"url":"https:\/\/www.artemadeiras.com.br\/blog\/author\/bloomin\/"}]}},"_links":{"self":[{"href":"https:\/\/www.artemadeiras.com.br\/blog\/wp-json\/wp\/v2\/posts\/225","targetHints":{"allow":["GET"]}}],"collection":[{"href":"https:\/\/www.artemadeiras.com.br\/blog\/wp-json\/wp\/v2\/posts"}],"about":[{"href":"https:\/\/www.artemadeiras.com.br\/blog\/wp-json\/wp\/v2\/types\/post"}],"author":[{"embeddable":true,"href":"https:\/\/www.artemadeiras.com.br\/blog\/wp-json\/wp\/v2\/users\/1"}],"replies":[{"embeddable":true,"href":"https:\/\/www.artemadeiras.com.br\/blog\/wp-json\/wp\/v2\/comments?post=225"}],"version-history":[{"count":1,"href":"https:\/\/www.artemadeiras.com.br\/blog\/wp-json\/wp\/v2\/posts\/225\/revisions"}],"predecessor-version":[{"id":228,"href":"https:\/\/www.artemadeiras.com.br\/blog\/wp-json\/wp\/v2\/posts\/225\/revisions\/228"}],"wp:featuredmedia":[{"embeddable":true,"href":"https:\/\/www.artemadeiras.com.br\/blog\/wp-json\/wp\/v2\/media\/226"}],"wp:attachment":[{"href":"https:\/\/www.artemadeiras.com.br\/blog\/wp-json\/wp\/v2\/media?parent=225"}],"wp:term":[{"taxonomy":"category","embeddable":true,"href":"https:\/\/www.artemadeiras.com.br\/blog\/wp-json\/wp\/v2\/categories?post=225"},{"taxonomy":"post_tag","embeddable":true,"href":"https:\/\/www.artemadeiras.com.br\/blog\/wp-json\/wp\/v2\/tags?post=225"}],"curies":[{"name":"wp","href":"https:\/\/api.w.org\/{rel}","templated":true}]}}