{"id":198,"date":"2026-03-30T08:13:14","date_gmt":"2026-03-30T11:13:14","guid":{"rendered":"https:\/\/www.artemadeiras.com.br\/blog\/?p=198"},"modified":"2026-03-30T08:13:15","modified_gmt":"2026-03-30T11:13:15","slug":"madeireira-na-zona-norte-com-variedade-va-de-arte-madeiras","status":"publish","type":"post","link":"https:\/\/www.artemadeiras.com.br\/blog\/madeireira\/madeireira-na-zona-norte-com-variedade-va-de-arte-madeiras\/","title":{"rendered":"Madeireira na Zona Norte com variedade? V\u00e1 de Arte Madeiras"},"content":{"rendered":"<span class=\"rt-reading-time\" style=\"display: block;\"><span class=\"rt-label rt-prefix\">Tempo de leitura<\/span> <span class=\"rt-time\">3<\/span> <span class=\"rt-label rt-postfix\">minutos<\/span><\/span>\n<p class=\"has-medium-font-size\"><strong><em>Madeireira com grande variedade, qualidade certificada e atendimento t\u00e9cnico na zona norte? Conhe\u00e7a a tradi\u00e7\u00e3o da Arte Madeiras.<\/em><\/strong><\/p>\n\n\n\n<p>Encontrar uma madeireira que ofere\u00e7a variedade, confian\u00e7a e bom atendimento pode ser um desafio para quem trabalha com marcenaria. Seja para grandes obras ou projetos sob medida, o fornecedor certo impacta diretamente na qualidade e nos prazos de entrega.<\/p>\n\n\n\n<p>A <em>Arte Madeiras<\/em>, localizada na zona norte de S\u00e3o Paulo, se destaca nesse cen\u00e1rio por aliar experi\u00eancia, compromisso ambiental e um portf\u00f3lio completo. Profissionais da constru\u00e7\u00e3o civil e marceneiros sabem que, para garantir excel\u00eancia no resultado final, \u00e9 preciso escolher uma empresa que entenda do assunto. E \u00e9 justamente a\u00ed que a <em>Arte Madeiras<\/em> se diferencia.<\/p>\n\n\n\n<ul class=\"wp-block-list\">\n<li><a href=\"https:\/\/www.artemadeiras.com.br\/blog\/madeiras\/batente-e-guarnicao-de-porta-conheca-mais-sobre\/\" target=\"_blank\" aria-label=\" (opens in a new tab)\" rel=\"noreferrer noopener\" class=\"rank-math-link\"><strong>Batente e guarni\u00e7\u00e3o de porta: conhe\u00e7a mais sobre<\/strong><\/a><\/li>\n<\/ul>\n\n\n\n<div id=\"ez-toc-container\" class=\"ez-toc-v2_0_66_1 counter-hierarchy ez-toc-counter ez-toc-grey ez-toc-container-direction\">\n<div class=\"ez-toc-title-container\">\n<p class=\"ez-toc-title \" >T&oacute;picos do artigo<\/p>\n<span class=\"ez-toc-title-toggle\"><a href=\"#\" class=\"ez-toc-pull-right ez-toc-btn ez-toc-btn-xs ez-toc-btn-default ez-toc-toggle\" aria-label=\"Toggle Table of Content\"><span class=\"ez-toc-js-icon-con\"><span class=\"\"><span class=\"eztoc-hide\" style=\"display:none;\">Toggle<\/span><span class=\"ez-toc-icon-toggle-span\"><svg style=\"fill: #999;color:#999\" xmlns=\"http:\/\/www.w3.org\/2000\/svg\" class=\"list-377408\" width=\"20px\" height=\"20px\" viewBox=\"0 0 24 24\" fill=\"none\"><path d=\"M6 6H4v2h2V6zm14 0H8v2h12V6zM4 11h2v2H4v-2zm16 0H8v2h12v-2zM4 16h2v2H4v-2zm16 0H8v2h12v-2z\" fill=\"currentColor\"><\/path><\/svg><svg style=\"fill: #999;color:#999\" class=\"arrow-unsorted-368013\" xmlns=\"http:\/\/www.w3.org\/2000\/svg\" width=\"10px\" height=\"10px\" viewBox=\"0 0 24 24\" version=\"1.2\" baseProfile=\"tiny\"><path d=\"M18.2 9.3l-6.2-6.3-6.2 6.3c-.2.2-.3.4-.3.7s.1.5.3.7c.2.2.4.3.7.3h11c.3 0 .5-.1.7-.3.2-.2.3-.5.3-.7s-.1-.5-.3-.7zM5.8 14.7l6.2 6.3 6.2-6.3c.2-.2.3-.5.3-.7s-.1-.5-.3-.7c-.2-.2-.4-.3-.7-.3h-11c-.3 0-.5.1-.7.3-.2.2-.3.5-.3.7s.1.5.3.7z\"\/><\/svg><\/span><\/span><\/span><\/a><\/span><\/div>\n<nav><ul class='ez-toc-list ez-toc-list-level-1 ' ><ul class='ez-toc-list-level-2' ><li class='ez-toc-heading-level-2'><a class=\"ez-toc-link ez-toc-heading-1\" href=\"https:\/\/www.artemadeiras.com.br\/blog\/madeireira\/madeireira-na-zona-norte-com-variedade-va-de-arte-madeiras\/#Compromisso_com_a_sustentabilidade_e_a_certificacao\" title=\"Compromisso com a sustentabilidade e a certifica\u00e7\u00e3o\">Compromisso com a sustentabilidade e a certifica\u00e7\u00e3o<\/a><\/li><li class='ez-toc-page-1 ez-toc-heading-level-2'><a class=\"ez-toc-link ez-toc-heading-2\" href=\"https:\/\/www.artemadeiras.com.br\/blog\/madeireira\/madeireira-na-zona-norte-com-variedade-va-de-arte-madeiras\/#Tradicao_e_credibilidade_no_mercado_da_construcao_civil\" title=\"Tradi\u00e7\u00e3o e credibilidade no mercado da constru\u00e7\u00e3o civil\">Tradi\u00e7\u00e3o e credibilidade no mercado da constru\u00e7\u00e3o civil<\/a><\/li><li class='ez-toc-page-1 ez-toc-heading-level-2'><a class=\"ez-toc-link ez-toc-heading-3\" href=\"https:\/\/www.artemadeiras.com.br\/blog\/madeireira\/madeireira-na-zona-norte-com-variedade-va-de-arte-madeiras\/#Atendimento_tecnico_e_personalizado_para_obras_e_reformas\" title=\"Atendimento t\u00e9cnico e personalizado para obras e reformas\">Atendimento t\u00e9cnico e personalizado para obras e reformas<\/a><\/li><\/ul><\/li><li class='ez-toc-page-1 ez-toc-heading-level-1'><a class=\"ez-toc-link ez-toc-heading-4\" href=\"https:\/\/www.artemadeiras.com.br\/blog\/madeireira\/madeireira-na-zona-norte-com-variedade-va-de-arte-madeiras\/#A_escolha_ideal_para_quem_busca_qualidade_e_variedade_em_madeira\" title=\"A escolha ideal para quem busca qualidade e variedade em madeira\">A escolha ideal para quem busca qualidade e variedade em madeira<\/a><ul class='ez-toc-list-level-2' ><li class='ez-toc-heading-level-2'><a class=\"ez-toc-link ez-toc-heading-5\" href=\"https:\/\/www.artemadeiras.com.br\/blog\/madeireira\/madeireira-na-zona-norte-com-variedade-va-de-arte-madeiras\/#Quando_a_escolha_certa_faz_toda_a_diferenca_no_seu_projeto\" title=\"Quando a escolha certa faz toda a diferen\u00e7a no seu projeto\">Quando a escolha certa faz toda a diferen\u00e7a no seu projeto<\/a><\/li><\/ul><\/li><\/ul><\/nav><\/div>\n<h2 class=\"wp-block-heading\"><span class=\"ez-toc-section\" id=\"Compromisso_com_a_sustentabilidade_e_a_certificacao\"><\/span>Compromisso com a sustentabilidade e a certifica\u00e7\u00e3o<span class=\"ez-toc-section-end\"><\/span><\/h2>\n\n\n\n<p>No setor da marcenaria e da constru\u00e7\u00e3o civil, a proced\u00eancia da madeira \u00e9 um crit\u00e9rio cada vez mais valorizado. A <em>Arte Madeiras<\/em> entende essa demanda e trabalha com responsabilidade ambiental, oferecendo produtos com certifica\u00e7\u00e3o de origem controlada.<\/p>\n\n\n\n<p><strong>A empresa atua em conformidade com os \u00f3rg\u00e3os reguladores como IBAMA e Secretaria do Meio Ambiente, garantindo que a madeira utilizada seja extra\u00edda de forma legal e sustent\u00e1vel<\/strong>. Al\u00e9m disso, \u00e9 participante ativa do <strong>Programa QUALIMADEIRA<\/strong>, que certifica a qualidade de produtos madeireiros em todo o Brasil.<\/p>\n\n\n\n<p>Esse cuidado com a origem da mat\u00e9ria-prima n\u00e3o \u00e9 apenas uma exig\u00eancia legal, mas um compromisso \u00e9tico com o futuro do planeta. Ao optar por madeiras certificadas, os clientes da <em>Arte Madeiras<\/em> n\u00e3o apenas garantem a qualidade dos produtos, como tamb\u00e9m contribuem para pr\u00e1ticas mais conscientes e duradouras.<\/p>\n\n\n\n<ul class=\"wp-block-list\">\n<li><a href=\"https:\/\/www.artemadeiras.com.br\/blog\/chapas\/comprar-chapa-de-eucatex-vale-a-pena-conheca-os-beneficios\/\" target=\"_blank\" aria-label=\" (opens in a new tab)\" rel=\"noreferrer noopener\" class=\"rank-math-link\"><strong>Comprar chapa de eucatex vale a pena? Conhe\u00e7a os benef\u00edcios<\/strong><\/a><\/li>\n<\/ul>\n\n\n\n<h2 class=\"wp-block-heading\"><span class=\"ez-toc-section\" id=\"Tradicao_e_credibilidade_no_mercado_da_construcao_civil\"><\/span>Tradi\u00e7\u00e3o e credibilidade no mercado da constru\u00e7\u00e3o civil<span class=\"ez-toc-section-end\"><\/span><\/h2>\n\n\n\n<p>A <em>Arte Madeiras<\/em> n\u00e3o nasceu ontem. <strong>S\u00e3o mais de 28 anos de hist\u00f3ria construindo uma reputa\u00e7\u00e3o s\u00f3lida entre profissionais da constru\u00e7\u00e3o, marceneiros e clientes finais<\/strong>. Com essa bagagem, a empresa entende profundamente as necessidades do mercado e sabe como atend\u00ea-las com efici\u00eancia.<\/p>\n\n\n\n<p>Estar h\u00e1 tanto tempo em um setor t\u00e3o competitivo \u00e9 um indicativo de credibilidade e compet\u00eancia. <strong>Ao longo dos anos, a madeireira soube se adaptar \u00e0s mudan\u00e7as, investir em tecnologia e, principalmente, manter o foco no atendimento de qualidade<\/strong>.<\/p>\n\n\n\n<p><strong>Clientes que procuram seguran\u00e7a, compromisso com prazos e const\u00e2ncia na entrega encontram na <\/strong><strong><em>Arte Madeiras<\/em><\/strong><strong> uma parceira confi\u00e1vel<\/strong>. E esse hist\u00f3rico positivo n\u00e3o \u00e9 s\u00f3 um n\u00famero, \u00e9 o reflexo de uma empresa que prioriza relacionamentos duradouros.<\/p>\n\n\n\n<ul class=\"wp-block-list\">\n<li><a href=\"https:\/\/www.artemadeiras.com.br\/blog\/madeiras\/coluna-de-madeira-para-telhado-como-escolher-a-melhor-opcao-para-sua-obra\/\" target=\"_blank\" aria-label=\" (opens in a new tab)\" rel=\"noreferrer noopener\" class=\"rank-math-link\"><strong>Coluna de madeira para telhado: como escolher a melhor op\u00e7\u00e3o para sua obra<\/strong><\/a><\/li>\n<\/ul>\n\n\n\n<h2 class=\"wp-block-heading\"><span class=\"ez-toc-section\" id=\"Atendimento_tecnico_e_personalizado_para_obras_e_reformas\"><\/span>Atendimento t\u00e9cnico e personalizado para obras e reformas<span class=\"ez-toc-section-end\"><\/span><\/h2>\n\n\n\n<p>Cada projeto tem suas particularidades. Por isso, contar com um atendimento especializado pode fazer toda a diferen\u00e7a na escolha da madeira ideal para cada finalidade. <strong>A equipe da <\/strong><strong><em>Arte Madeiras<\/em><\/strong><strong> \u00e9 formada por profissionais experientes, preparados para orientar desde o marceneiro aut\u00f4nomo at\u00e9 empresas de grande porte<\/strong>.<\/p>\n\n\n\n<p>O atendimento vai muito al\u00e9m da venda. \u00c9 consultivo. Os colaboradores conhecem bem os materiais dispon\u00edveis e s\u00e3o capacitados para indicar as melhores solu\u00e7\u00f5es conforme o tipo de obra, acabamento desejado ou estrutura necess\u00e1ria.<\/p>\n\n\n\n<p>Essa proximidade com o cliente e aten\u00e7\u00e3o aos detalhes garantem que os produtos adquiridos se encaixem perfeitamente no projeto, evitando retrabalhos e desperd\u00edcios. <strong>\u00c9 o tipo de suporte que s\u00f3 quem entende do mercado e vive o dia a dia da marcenaria sabe oferecer<\/strong>.<\/p>\n\n\n\n<ul class=\"wp-block-list\">\n<li><a href=\"https:\/\/www.artemadeiras.com.br\/blog\/madeira-garapeira\/madeira-de-garapeira-durabilidade-e-resistencia-para-a-construcao-de-estruturas-externas\/\" target=\"_blank\" aria-label=\" (opens in a new tab)\" rel=\"noreferrer noopener\" class=\"rank-math-link\"><strong>Madeira de garapeira: durabilidade e resist\u00eancia para a constru\u00e7\u00e3o de estruturas externas<\/strong><\/a><\/li>\n<\/ul>\n\n\n\n<h1 class=\"wp-block-heading\"><span class=\"ez-toc-section\" id=\"A_escolha_ideal_para_quem_busca_qualidade_e_variedade_em_madeira\"><\/span>A escolha ideal para quem busca qualidade e variedade em madeira<span class=\"ez-toc-section-end\"><\/span><\/h1>\n\n\n\n<p>Com sede no bairro do Lim\u00e3o, a <strong><em><a href=\"https:\/\/www.artemadeiras.com.br\/\" target=\"_blank\" aria-label=\"Arte Madeiras (opens in a new tab)\" rel=\"noreferrer noopener\" class=\"rank-math-link\">Arte Madeiras<\/a><\/em><\/strong> se consolidou como uma das principais fornecedoras de madeira da zona norte de S\u00e3o Paulo. Seu portf\u00f3lio atende desde a ind\u00fastria moveleira at\u00e9 obras de engenharia e projetos arquitet\u00f4nicos de alta complexidade.<\/p>\n\n\n\n<p>O diferencial come\u00e7a pela ampla variedade de produtos, passando por madeiras brutas, tratadas, acabamentos diversos e pe\u00e7as sob medida. Tudo isso com a garantia de proced\u00eancia e durabilidade. Seja para estrutura, revestimento ou decora\u00e7\u00e3o, existe uma solu\u00e7\u00e3o dispon\u00edvel.<\/p>\n\n\n\n<p>Al\u00e9m disso, toda a opera\u00e7\u00e3o \u00e9 sustentada por um compromisso com o meio ambiente e um time pronto para oferecer suporte t\u00e9cnico em todas as fases do projeto. N\u00e3o importa se voc\u00ea \u00e9 um profissional aut\u00f4nomo, arquiteto ou engenheiro: a <em>Arte Madeiras<\/em> est\u00e1 pronta para te atender com excel\u00eancia.<\/p>\n\n\n\n<p>Se voc\u00ea busca uma madeireira no Lim\u00e3o, com produtos de confian\u00e7a e atendimento qualificado, essa \u00e9 a escolha certa.<\/p>\n\n\n\n<ul class=\"wp-block-list\">\n<li><a href=\"https:\/\/www.artemadeiras.com.br\/blog\/guarnicoes\/acabamentos-de-impacto-como-as-guarnicoes-de-madeira-mudam-o-visual-de-uma-obra\/\" target=\"_blank\" aria-label=\" (opens in a new tab)\" rel=\"noreferrer noopener\" class=\"rank-math-link\"><strong>Acabamentos de impacto: como as guarni\u00e7\u00f5es de madeira mudam o visual de uma obra<\/strong><\/a><\/li>\n<\/ul>\n\n\n\n<h2 class=\"wp-block-heading\"><span class=\"ez-toc-section\" id=\"Quando_a_escolha_certa_faz_toda_a_diferenca_no_seu_projeto\"><\/span>Quando a escolha certa faz toda a diferen\u00e7a no seu projeto<span class=\"ez-toc-section-end\"><\/span><\/h2>\n\n\n\n<p>Qualidade, variedade e experi\u00eancia s\u00e3o tr\u00eas pilares essenciais para qualquer fornecedor de madeira. E quando esses fatores se unem com compromisso ambiental, atendimento consultivo e tradi\u00e7\u00e3o de mercado, temos uma f\u00f3rmula de sucesso.<\/p>\n\n\n\n<p>A <em>Arte Madeiras<\/em> oferece tudo isso. Atuando no Lim\u00e3o, ela se tornou refer\u00eancia para profissionais que buscam n\u00e3o apenas bons produtos, mas tamb\u00e9m um parceiro estrat\u00e9gico para suas obras e reformas. N\u00e3o arrisque seu projeto com op\u00e7\u00f5es duvidosas.<\/p>\n\n\n\n<p><strong><a href=\"https:\/\/www.artemadeiras.com.br\/contato\" target=\"_blank\" aria-label=\"Entre em contato (opens in a new tab)\" rel=\"noreferrer noopener\" class=\"rank-math-link\">Entre em contato<\/a> com a <em>Arte Madeiras<\/em> e descubra por que tantos clientes confiam na marca h\u00e1 quase tr\u00eas d\u00e9cadas<\/strong>.<\/p>\n","protected":false},"excerpt":{"rendered":"<p><span class=\"rt-reading-time\" style=\"display: block;\"><span class=\"rt-label rt-prefix\">Tempo de leitura<\/span> <span class=\"rt-time\">3<\/span> <span class=\"rt-label rt-postfix\">minutos<\/span><\/span> Madeireira com grande variedade, qualidade certificada e atendimento t\u00e9cnico na zona norte? Conhe\u00e7a a tradi\u00e7\u00e3o da Arte Madeiras. Encontrar uma madeireira que ofere\u00e7a variedade, confian\u00e7a e bom atendimento pode ser um desafio para quem trabalha com marcenaria. Seja para grandes&#8230;<\/p>\n","protected":false},"author":1,"featured_media":199,"comment_status":"open","ping_status":"open","sticky":false,"template":"","format":"standard","meta":{"footnotes":""},"categories":[1170],"tags":[1216,1214,1203,1217,1183,1204,1077,1181,1207,1197,1215,1176,1074,1212,1188,1196,1200,1186,1187,1195,1194,1211,1191,1174,1199,1190,1180,1198,1185,1192,1206,1202,1175,1177,1171,1189,1210,1201,1172,1173,1208,1209,1213,1178,85,1205,1179,1184,1182,1193],"class_list":["post-198","post","type-post","status-publish","format-standard","has-post-thumbnail","hentry","category-madeireira","tag-arte-madeiras-no-limao","tag-arte-madeiras-sp","tag-compra-de-madeira-sp","tag-comprar-madeira-zona-norte","tag-construcao-civil","tag-fornecedor-de-madeira-ecologica","tag-fornecedor-de-madeira-sp","tag-fornecedor-madeira-limao","tag-fornecedor-madeiras-limao","tag-loja-de-madeira-sp","tag-loja-de-madeiras-zona-norte","tag-madeira-bruta","tag-madeira-certificada","tag-madeira-certificada-zona-norte","tag-madeira-com-certificado-ibama","tag-madeira-com-garantia","tag-madeira-com-procedencia","tag-madeira-de-qualidade","tag-madeira-ecologica","tag-madeira-ecologica-sp","tag-madeira-legalizada","tag-madeira-nobre-sp","tag-madeira-para-arquitetos","tag-madeira-para-construcao","tag-madeira-para-decoracao","tag-madeira-para-engenheiros","tag-madeira-para-marcenaria","tag-madeira-para-moveis","tag-madeira-para-obras","tag-madeira-para-reformas","tag-madeira-premium-sp","tag-madeira-sustentavel-zona-norte","tag-madeira-tratada","tag-madeiras-sustentaveis","tag-madeireira","tag-madeireira-com-atendimento-tecnico","tag-madeireira-com-variedade","tag-madeireira-especializada","tag-madeireira-na-zona-norte","tag-madeireira-no-limao","tag-madeireira-para-obras","tag-madeireira-para-reformas","tag-madeireira-recomendada","tag-madeireira-sao-paulo","tag-madeireira-zona-norte","tag-madeireira-zona-norte-de-sp","tag-madeireira-zona-norte-sp","tag-marceneiro-zona-norte","tag-qualidade-em-madeira-sp","tag-variedade-em-madeira-sp"],"yoast_head":"<!-- This site is optimized with the Yoast SEO plugin v23.6 - https:\/\/yoast.com\/wordpress\/plugins\/seo\/ -->\n<title>Madeireira na Zona Norte com variedade? V\u00e1 de Arte Madeiras - Blog | Arte madeiras<\/title>\n<meta name=\"description\" content=\"Madeireira na Zona Norte com ampla variedade de produtos, madeira de qualidade e suporte t\u00e9cnico especializado. Conhe\u00e7a a Arte Madeiras.\" \/>\n<meta name=\"robots\" content=\"index, follow, max-snippet:-1, max-image-preview:large, max-video-preview:-1\" \/>\n<link rel=\"canonical\" href=\"https:\/\/www.artemadeiras.com.br\/blog\/madeireira\/madeireira-na-zona-norte-com-variedade-va-de-arte-madeiras\/\" \/>\n<meta property=\"og:locale\" content=\"pt_BR\" \/>\n<meta property=\"og:type\" content=\"article\" \/>\n<meta property=\"og:title\" content=\"Madeireira na Zona Norte com variedade? V\u00e1 de Arte Madeiras - Blog | Arte madeiras\" \/>\n<meta property=\"og:description\" content=\"Madeireira na Zona Norte com ampla variedade de produtos, madeira de qualidade e suporte t\u00e9cnico especializado. Conhe\u00e7a a Arte Madeiras.\" \/>\n<meta property=\"og:url\" content=\"https:\/\/www.artemadeiras.com.br\/blog\/madeireira\/madeireira-na-zona-norte-com-variedade-va-de-arte-madeiras\/\" \/>\n<meta property=\"og:site_name\" content=\"Blog | Arte madeiras\" \/>\n<meta property=\"article:published_time\" content=\"2026-03-30T11:13:14+00:00\" \/>\n<meta property=\"article:modified_time\" content=\"2026-03-30T11:13:15+00:00\" \/>\n<meta property=\"og:image\" content=\"https:\/\/www.artemadeiras.com.br\/blog\/wp-content\/uploads\/2025\/06\/2149451066.jpg\" \/>\n\t<meta property=\"og:image:width\" content=\"1000\" \/>\n\t<meta property=\"og:image:height\" content=\"667\" \/>\n\t<meta property=\"og:image:type\" content=\"image\/jpeg\" \/>\n<meta name=\"author\" content=\"bloomin\" \/>\n<meta name=\"twitter:card\" content=\"summary_large_image\" \/>\n<meta name=\"twitter:label1\" content=\"Escrito por\" \/>\n\t<meta name=\"twitter:data1\" content=\"bloomin\" \/>\n\t<meta name=\"twitter:label2\" content=\"Est. tempo de leitura\" \/>\n\t<meta name=\"twitter:data2\" content=\"5 minutos\" \/>\n<script type=\"application\/ld+json\" class=\"yoast-schema-graph\">{\"@context\":\"https:\/\/schema.org\",\"@graph\":[{\"@type\":\"Article\",\"@id\":\"https:\/\/www.artemadeiras.com.br\/blog\/madeireira\/madeireira-na-zona-norte-com-variedade-va-de-arte-madeiras\/#article\",\"isPartOf\":{\"@id\":\"https:\/\/www.artemadeiras.com.br\/blog\/madeireira\/madeireira-na-zona-norte-com-variedade-va-de-arte-madeiras\/\"},\"author\":{\"name\":\"bloomin\",\"@id\":\"https:\/\/www.artemadeiras.com.br\/blog\/#\/schema\/person\/03c7826df62479a35ffcf10a5a652727\"},\"headline\":\"Madeireira na Zona Norte com variedade? V\u00e1 de Arte Madeiras\",\"datePublished\":\"2026-03-30T11:13:14+00:00\",\"dateModified\":\"2026-03-30T11:13:15+00:00\",\"mainEntityOfPage\":{\"@id\":\"https:\/\/www.artemadeiras.com.br\/blog\/madeireira\/madeireira-na-zona-norte-com-variedade-va-de-arte-madeiras\/\"},\"wordCount\":920,\"commentCount\":0,\"publisher\":{\"@id\":\"https:\/\/www.artemadeiras.com.br\/blog\/#organization\"},\"image\":{\"@id\":\"https:\/\/www.artemadeiras.com.br\/blog\/madeireira\/madeireira-na-zona-norte-com-variedade-va-de-arte-madeiras\/#primaryimage\"},\"thumbnailUrl\":\"https:\/\/www.artemadeiras.com.br\/blog\/wp-content\/uploads\/2025\/06\/2149451066.jpg\",\"keywords\":[\"arte madeiras no lim\u00e3o\",\"arte madeiras SP\",\"compra de madeira SP\",\"comprar madeira zona norte\",\"constru\u00e7\u00e3o civil\",\"fornecedor de madeira ecol\u00f3gica\",\"fornecedor de madeira SP\",\"fornecedor madeira Lim\u00e3o\",\"fornecedor madeiras Lim\u00e3o\",\"loja de madeira SP\",\"loja de madeiras zona norte\",\"madeira bruta\",\"madeira certificada\",\"madeira certificada zona norte\",\"madeira com certificado IBAMA\",\"madeira com garantia\",\"madeira com proced\u00eancia\",\"madeira de qualidade\",\"madeira ecol\u00f3gica\",\"madeira ecol\u00f3gica SP\",\"madeira legalizada\",\"madeira nobre SP\",\"madeira para arquitetos\",\"madeira para constru\u00e7\u00e3o\",\"madeira para decora\u00e7\u00e3o\",\"madeira para engenheiros\",\"madeira para marcenaria\",\"madeira para m\u00f3veis\",\"madeira para obras\",\"madeira para reformas\",\"madeira premium SP\",\"madeira sustent\u00e1vel zona norte\",\"madeira tratada\",\"madeiras sustent\u00e1veis\",\"madeireira\",\"madeireira com atendimento t\u00e9cnico\",\"madeireira com variedade\",\"madeireira especializada\",\"madeireira na zona norte\",\"madeireira no Lim\u00e3o\",\"madeireira para obras\",\"madeireira para reformas\",\"madeireira recomendada\",\"madeireira S\u00e3o Paulo\",\"Madeireira zona norte\",\"madeireira zona norte de SP\",\"madeireira zona norte SP\",\"marceneiro zona norte\",\"qualidade em madeira SP\",\"variedade em madeira SP\"],\"articleSection\":[\"Madeireira\"],\"inLanguage\":\"pt-BR\",\"potentialAction\":[{\"@type\":\"CommentAction\",\"name\":\"Comment\",\"target\":[\"https:\/\/www.artemadeiras.com.br\/blog\/madeireira\/madeireira-na-zona-norte-com-variedade-va-de-arte-madeiras\/#respond\"]}]},{\"@type\":\"WebPage\",\"@id\":\"https:\/\/www.artemadeiras.com.br\/blog\/madeireira\/madeireira-na-zona-norte-com-variedade-va-de-arte-madeiras\/\",\"url\":\"https:\/\/www.artemadeiras.com.br\/blog\/madeireira\/madeireira-na-zona-norte-com-variedade-va-de-arte-madeiras\/\",\"name\":\"Madeireira na Zona Norte com variedade? V\u00e1 de Arte Madeiras - Blog | Arte madeiras\",\"isPartOf\":{\"@id\":\"https:\/\/www.artemadeiras.com.br\/blog\/#website\"},\"primaryImageOfPage\":{\"@id\":\"https:\/\/www.artemadeiras.com.br\/blog\/madeireira\/madeireira-na-zona-norte-com-variedade-va-de-arte-madeiras\/#primaryimage\"},\"image\":{\"@id\":\"https:\/\/www.artemadeiras.com.br\/blog\/madeireira\/madeireira-na-zona-norte-com-variedade-va-de-arte-madeiras\/#primaryimage\"},\"thumbnailUrl\":\"https:\/\/www.artemadeiras.com.br\/blog\/wp-content\/uploads\/2025\/06\/2149451066.jpg\",\"datePublished\":\"2026-03-30T11:13:14+00:00\",\"dateModified\":\"2026-03-30T11:13:15+00:00\",\"description\":\"Madeireira na Zona Norte com ampla variedade de produtos, madeira de qualidade e suporte t\u00e9cnico especializado. Conhe\u00e7a a Arte Madeiras.\",\"breadcrumb\":{\"@id\":\"https:\/\/www.artemadeiras.com.br\/blog\/madeireira\/madeireira-na-zona-norte-com-variedade-va-de-arte-madeiras\/#breadcrumb\"},\"inLanguage\":\"pt-BR\",\"potentialAction\":[{\"@type\":\"ReadAction\",\"target\":[\"https:\/\/www.artemadeiras.com.br\/blog\/madeireira\/madeireira-na-zona-norte-com-variedade-va-de-arte-madeiras\/\"]}]},{\"@type\":\"ImageObject\",\"inLanguage\":\"pt-BR\",\"@id\":\"https:\/\/www.artemadeiras.com.br\/blog\/madeireira\/madeireira-na-zona-norte-com-variedade-va-de-arte-madeiras\/#primaryimage\",\"url\":\"https:\/\/www.artemadeiras.com.br\/blog\/wp-content\/uploads\/2025\/06\/2149451066.jpg\",\"contentUrl\":\"https:\/\/www.artemadeiras.com.br\/blog\/wp-content\/uploads\/2025\/06\/2149451066.jpg\",\"width\":1000,\"height\":667,\"caption\":\"Madeireira na zona norte com variedade? V\u00e1 de Arte Madeiras\"},{\"@type\":\"BreadcrumbList\",\"@id\":\"https:\/\/www.artemadeiras.com.br\/blog\/madeireira\/madeireira-na-zona-norte-com-variedade-va-de-arte-madeiras\/#breadcrumb\",\"itemListElement\":[{\"@type\":\"ListItem\",\"position\":1,\"name\":\"In\u00edcio\",\"item\":\"https:\/\/www.artemadeiras.com.br\/blog\/\"},{\"@type\":\"ListItem\",\"position\":2,\"name\":\"Madeireira na Zona Norte com variedade? V\u00e1 de Arte Madeiras\"}]},{\"@type\":\"WebSite\",\"@id\":\"https:\/\/www.artemadeiras.com.br\/blog\/#website\",\"url\":\"https:\/\/www.artemadeiras.com.br\/blog\/\",\"name\":\"Blog | Arte madeiras\",\"description\":\"Dicas e Novidades sobre Madeiras\",\"publisher\":{\"@id\":\"https:\/\/www.artemadeiras.com.br\/blog\/#organization\"},\"potentialAction\":[{\"@type\":\"SearchAction\",\"target\":{\"@type\":\"EntryPoint\",\"urlTemplate\":\"https:\/\/www.artemadeiras.com.br\/blog\/?s={search_term_string}\"},\"query-input\":{\"@type\":\"PropertyValueSpecification\",\"valueRequired\":true,\"valueName\":\"search_term_string\"}}],\"inLanguage\":\"pt-BR\"},{\"@type\":\"Organization\",\"@id\":\"https:\/\/www.artemadeiras.com.br\/blog\/#organization\",\"name\":\"Blog | Arte madeiras\",\"url\":\"https:\/\/www.artemadeiras.com.br\/blog\/\",\"logo\":{\"@type\":\"ImageObject\",\"inLanguage\":\"pt-BR\",\"@id\":\"https:\/\/www.artemadeiras.com.br\/blog\/#\/schema\/logo\/image\/\",\"url\":\"https:\/\/www.artemadeiras.com.br\/blog\/wp-content\/uploads\/2021\/01\/logo-arte-madeiras.png\",\"contentUrl\":\"https:\/\/www.artemadeiras.com.br\/blog\/wp-content\/uploads\/2021\/01\/logo-arte-madeiras.png\",\"width\":255,\"height\":110,\"caption\":\"Blog | Arte madeiras\"},\"image\":{\"@id\":\"https:\/\/www.artemadeiras.com.br\/blog\/#\/schema\/logo\/image\/\"}},{\"@type\":\"Person\",\"@id\":\"https:\/\/www.artemadeiras.com.br\/blog\/#\/schema\/person\/03c7826df62479a35ffcf10a5a652727\",\"name\":\"bloomin\",\"image\":{\"@type\":\"ImageObject\",\"inLanguage\":\"pt-BR\",\"@id\":\"https:\/\/www.artemadeiras.com.br\/blog\/#\/schema\/person\/image\/\",\"url\":\"https:\/\/secure.gravatar.com\/avatar\/161a7ea08f1b8bd365e1697a2453e6c719201075da8bdf298a1c2fc5455ba35d?s=96&d=mm&r=g\",\"contentUrl\":\"https:\/\/secure.gravatar.com\/avatar\/161a7ea08f1b8bd365e1697a2453e6c719201075da8bdf298a1c2fc5455ba35d?s=96&d=mm&r=g\",\"caption\":\"bloomin\"},\"sameAs\":[\"https:\/\/www.artemadeiras.com.br\/blog\"],\"url\":\"https:\/\/www.artemadeiras.com.br\/blog\/author\/bloomin\/\"}]}<\/script>\n<!-- \/ Yoast SEO plugin. -->","yoast_head_json":{"title":"Madeireira na Zona Norte com variedade? V\u00e1 de Arte Madeiras - Blog | Arte madeiras","description":"Madeireira na Zona Norte com ampla variedade de produtos, madeira de qualidade e suporte t\u00e9cnico especializado. Conhe\u00e7a a Arte Madeiras.","robots":{"index":"index","follow":"follow","max-snippet":"max-snippet:-1","max-image-preview":"max-image-preview:large","max-video-preview":"max-video-preview:-1"},"canonical":"https:\/\/www.artemadeiras.com.br\/blog\/madeireira\/madeireira-na-zona-norte-com-variedade-va-de-arte-madeiras\/","og_locale":"pt_BR","og_type":"article","og_title":"Madeireira na Zona Norte com variedade? V\u00e1 de Arte Madeiras - Blog | Arte madeiras","og_description":"Madeireira na Zona Norte com ampla variedade de produtos, madeira de qualidade e suporte t\u00e9cnico especializado. Conhe\u00e7a a Arte Madeiras.","og_url":"https:\/\/www.artemadeiras.com.br\/blog\/madeireira\/madeireira-na-zona-norte-com-variedade-va-de-arte-madeiras\/","og_site_name":"Blog | Arte madeiras","article_published_time":"2026-03-30T11:13:14+00:00","article_modified_time":"2026-03-30T11:13:15+00:00","og_image":[{"width":1000,"height":667,"url":"https:\/\/www.artemadeiras.com.br\/blog\/wp-content\/uploads\/2025\/06\/2149451066.jpg","type":"image\/jpeg"}],"author":"bloomin","twitter_card":"summary_large_image","twitter_misc":{"Escrito por":"bloomin","Est. tempo de leitura":"5 minutos"},"schema":{"@context":"https:\/\/schema.org","@graph":[{"@type":"Article","@id":"https:\/\/www.artemadeiras.com.br\/blog\/madeireira\/madeireira-na-zona-norte-com-variedade-va-de-arte-madeiras\/#article","isPartOf":{"@id":"https:\/\/www.artemadeiras.com.br\/blog\/madeireira\/madeireira-na-zona-norte-com-variedade-va-de-arte-madeiras\/"},"author":{"name":"bloomin","@id":"https:\/\/www.artemadeiras.com.br\/blog\/#\/schema\/person\/03c7826df62479a35ffcf10a5a652727"},"headline":"Madeireira na Zona Norte com variedade? V\u00e1 de Arte Madeiras","datePublished":"2026-03-30T11:13:14+00:00","dateModified":"2026-03-30T11:13:15+00:00","mainEntityOfPage":{"@id":"https:\/\/www.artemadeiras.com.br\/blog\/madeireira\/madeireira-na-zona-norte-com-variedade-va-de-arte-madeiras\/"},"wordCount":920,"commentCount":0,"publisher":{"@id":"https:\/\/www.artemadeiras.com.br\/blog\/#organization"},"image":{"@id":"https:\/\/www.artemadeiras.com.br\/blog\/madeireira\/madeireira-na-zona-norte-com-variedade-va-de-arte-madeiras\/#primaryimage"},"thumbnailUrl":"https:\/\/www.artemadeiras.com.br\/blog\/wp-content\/uploads\/2025\/06\/2149451066.jpg","keywords":["arte madeiras no lim\u00e3o","arte madeiras SP","compra de madeira SP","comprar madeira zona norte","constru\u00e7\u00e3o civil","fornecedor de madeira ecol\u00f3gica","fornecedor de madeira SP","fornecedor madeira Lim\u00e3o","fornecedor madeiras Lim\u00e3o","loja de madeira SP","loja de madeiras zona norte","madeira bruta","madeira certificada","madeira certificada zona norte","madeira com certificado IBAMA","madeira com garantia","madeira com proced\u00eancia","madeira de qualidade","madeira ecol\u00f3gica","madeira ecol\u00f3gica SP","madeira legalizada","madeira nobre SP","madeira para arquitetos","madeira para constru\u00e7\u00e3o","madeira para decora\u00e7\u00e3o","madeira para engenheiros","madeira para marcenaria","madeira para m\u00f3veis","madeira para obras","madeira para reformas","madeira premium SP","madeira sustent\u00e1vel zona norte","madeira tratada","madeiras sustent\u00e1veis","madeireira","madeireira com atendimento t\u00e9cnico","madeireira com variedade","madeireira especializada","madeireira na zona norte","madeireira no Lim\u00e3o","madeireira para obras","madeireira para reformas","madeireira recomendada","madeireira S\u00e3o Paulo","Madeireira zona norte","madeireira zona norte de SP","madeireira zona norte SP","marceneiro zona norte","qualidade em madeira SP","variedade em madeira SP"],"articleSection":["Madeireira"],"inLanguage":"pt-BR","potentialAction":[{"@type":"CommentAction","name":"Comment","target":["https:\/\/www.artemadeiras.com.br\/blog\/madeireira\/madeireira-na-zona-norte-com-variedade-va-de-arte-madeiras\/#respond"]}]},{"@type":"WebPage","@id":"https:\/\/www.artemadeiras.com.br\/blog\/madeireira\/madeireira-na-zona-norte-com-variedade-va-de-arte-madeiras\/","url":"https:\/\/www.artemadeiras.com.br\/blog\/madeireira\/madeireira-na-zona-norte-com-variedade-va-de-arte-madeiras\/","name":"Madeireira na Zona Norte com variedade? V\u00e1 de Arte Madeiras - Blog | Arte madeiras","isPartOf":{"@id":"https:\/\/www.artemadeiras.com.br\/blog\/#website"},"primaryImageOfPage":{"@id":"https:\/\/www.artemadeiras.com.br\/blog\/madeireira\/madeireira-na-zona-norte-com-variedade-va-de-arte-madeiras\/#primaryimage"},"image":{"@id":"https:\/\/www.artemadeiras.com.br\/blog\/madeireira\/madeireira-na-zona-norte-com-variedade-va-de-arte-madeiras\/#primaryimage"},"thumbnailUrl":"https:\/\/www.artemadeiras.com.br\/blog\/wp-content\/uploads\/2025\/06\/2149451066.jpg","datePublished":"2026-03-30T11:13:14+00:00","dateModified":"2026-03-30T11:13:15+00:00","description":"Madeireira na Zona Norte com ampla variedade de produtos, madeira de qualidade e suporte t\u00e9cnico especializado. Conhe\u00e7a a Arte Madeiras.","breadcrumb":{"@id":"https:\/\/www.artemadeiras.com.br\/blog\/madeireira\/madeireira-na-zona-norte-com-variedade-va-de-arte-madeiras\/#breadcrumb"},"inLanguage":"pt-BR","potentialAction":[{"@type":"ReadAction","target":["https:\/\/www.artemadeiras.com.br\/blog\/madeireira\/madeireira-na-zona-norte-com-variedade-va-de-arte-madeiras\/"]}]},{"@type":"ImageObject","inLanguage":"pt-BR","@id":"https:\/\/www.artemadeiras.com.br\/blog\/madeireira\/madeireira-na-zona-norte-com-variedade-va-de-arte-madeiras\/#primaryimage","url":"https:\/\/www.artemadeiras.com.br\/blog\/wp-content\/uploads\/2025\/06\/2149451066.jpg","contentUrl":"https:\/\/www.artemadeiras.com.br\/blog\/wp-content\/uploads\/2025\/06\/2149451066.jpg","width":1000,"height":667,"caption":"Madeireira na zona norte com variedade? V\u00e1 de Arte Madeiras"},{"@type":"BreadcrumbList","@id":"https:\/\/www.artemadeiras.com.br\/blog\/madeireira\/madeireira-na-zona-norte-com-variedade-va-de-arte-madeiras\/#breadcrumb","itemListElement":[{"@type":"ListItem","position":1,"name":"In\u00edcio","item":"https:\/\/www.artemadeiras.com.br\/blog\/"},{"@type":"ListItem","position":2,"name":"Madeireira na Zona Norte com variedade? V\u00e1 de Arte Madeiras"}]},{"@type":"WebSite","@id":"https:\/\/www.artemadeiras.com.br\/blog\/#website","url":"https:\/\/www.artemadeiras.com.br\/blog\/","name":"Blog | Arte madeiras","description":"Dicas e Novidades sobre Madeiras","publisher":{"@id":"https:\/\/www.artemadeiras.com.br\/blog\/#organization"},"potentialAction":[{"@type":"SearchAction","target":{"@type":"EntryPoint","urlTemplate":"https:\/\/www.artemadeiras.com.br\/blog\/?s={search_term_string}"},"query-input":{"@type":"PropertyValueSpecification","valueRequired":true,"valueName":"search_term_string"}}],"inLanguage":"pt-BR"},{"@type":"Organization","@id":"https:\/\/www.artemadeiras.com.br\/blog\/#organization","name":"Blog | Arte madeiras","url":"https:\/\/www.artemadeiras.com.br\/blog\/","logo":{"@type":"ImageObject","inLanguage":"pt-BR","@id":"https:\/\/www.artemadeiras.com.br\/blog\/#\/schema\/logo\/image\/","url":"https:\/\/www.artemadeiras.com.br\/blog\/wp-content\/uploads\/2021\/01\/logo-arte-madeiras.png","contentUrl":"https:\/\/www.artemadeiras.com.br\/blog\/wp-content\/uploads\/2021\/01\/logo-arte-madeiras.png","width":255,"height":110,"caption":"Blog | Arte madeiras"},"image":{"@id":"https:\/\/www.artemadeiras.com.br\/blog\/#\/schema\/logo\/image\/"}},{"@type":"Person","@id":"https:\/\/www.artemadeiras.com.br\/blog\/#\/schema\/person\/03c7826df62479a35ffcf10a5a652727","name":"bloomin","image":{"@type":"ImageObject","inLanguage":"pt-BR","@id":"https:\/\/www.artemadeiras.com.br\/blog\/#\/schema\/person\/image\/","url":"https:\/\/secure.gravatar.com\/avatar\/161a7ea08f1b8bd365e1697a2453e6c719201075da8bdf298a1c2fc5455ba35d?s=96&d=mm&r=g","contentUrl":"https:\/\/secure.gravatar.com\/avatar\/161a7ea08f1b8bd365e1697a2453e6c719201075da8bdf298a1c2fc5455ba35d?s=96&d=mm&r=g","caption":"bloomin"},"sameAs":["https:\/\/www.artemadeiras.com.br\/blog"],"url":"https:\/\/www.artemadeiras.com.br\/blog\/author\/bloomin\/"}]}},"_links":{"self":[{"href":"https:\/\/www.artemadeiras.com.br\/blog\/wp-json\/wp\/v2\/posts\/198","targetHints":{"allow":["GET"]}}],"collection":[{"href":"https:\/\/www.artemadeiras.com.br\/blog\/wp-json\/wp\/v2\/posts"}],"about":[{"href":"https:\/\/www.artemadeiras.com.br\/blog\/wp-json\/wp\/v2\/types\/post"}],"author":[{"embeddable":true,"href":"https:\/\/www.artemadeiras.com.br\/blog\/wp-json\/wp\/v2\/users\/1"}],"replies":[{"embeddable":true,"href":"https:\/\/www.artemadeiras.com.br\/blog\/wp-json\/wp\/v2\/comments?post=198"}],"version-history":[{"count":2,"href":"https:\/\/www.artemadeiras.com.br\/blog\/wp-json\/wp\/v2\/posts\/198\/revisions"}],"predecessor-version":[{"id":385,"href":"https:\/\/www.artemadeiras.com.br\/blog\/wp-json\/wp\/v2\/posts\/198\/revisions\/385"}],"wp:featuredmedia":[{"embeddable":true,"href":"https:\/\/www.artemadeiras.com.br\/blog\/wp-json\/wp\/v2\/media\/199"}],"wp:attachment":[{"href":"https:\/\/www.artemadeiras.com.br\/blog\/wp-json\/wp\/v2\/media?parent=198"}],"wp:term":[{"taxonomy":"category","embeddable":true,"href":"https:\/\/www.artemadeiras.com.br\/blog\/wp-json\/wp\/v2\/categories?post=198"},{"taxonomy":"post_tag","embeddable":true,"href":"https:\/\/www.artemadeiras.com.br\/blog\/wp-json\/wp\/v2\/tags?post=198"}],"curies":[{"name":"wp","href":"https:\/\/api.w.org\/{rel}","templated":true}]}}