{"id":194,"date":"2026-02-11T10:06:45","date_gmt":"2026-02-11T13:06:45","guid":{"rendered":"https:\/\/www.artemadeiras.com.br\/blog\/?p=194"},"modified":"2026-02-11T10:06:46","modified_gmt":"2026-02-11T13:06:46","slug":"prancha-aparelhada-resistencia-e-durabilidade-para-diversas-aplicacoes","status":"publish","type":"post","link":"https:\/\/www.artemadeiras.com.br\/blog\/prancha-aparelhada\/prancha-aparelhada-resistencia-e-durabilidade-para-diversas-aplicacoes\/","title":{"rendered":"Prancha aparelhada: resist\u00eancia e durabilidade para diversas aplica\u00e7\u00f5es"},"content":{"rendered":"<span class=\"rt-reading-time\" style=\"display: block;\"><span class=\"rt-label rt-prefix\">Tempo de leitura<\/span> <span class=\"rt-time\">4<\/span> <span class=\"rt-label rt-postfix\">minutos<\/span><\/span>\n<p class=\"has-medium-font-size\"><strong><em>Entenda por que a prancha aparelhada \u00e9 a escolha ideal para quem busca acabamento superior, durabilidade e facilidade de manuten\u00e7\u00e3o.<\/em><\/strong><\/p>\n\n\n\n<p>A beleza est\u00e1 nos detalhes. Quando falamos de constru\u00e7\u00f5es ou reformas com foco em acabamento, a escolha dos materiais faz toda a diferen\u00e7a. E um dos elementos que entrega um visual limpo e sofisticado, sem abrir m\u00e3o da robustez, \u00e9 a prancha aparelhada.<\/p>\n\n\n\n<p>Ela vai al\u00e9m do aspecto est\u00e9tico: trata-se de uma pe\u00e7a de madeira que passou por um processo de alisamento e remo\u00e7\u00e3o de imperfei\u00e7\u00f5es. Isso garante n\u00e3o s\u00f3 melhor apar\u00eancia, como tamb\u00e9m mais resist\u00eancia e facilidade em tratamentos posteriores, como enverniza\u00e7\u00e3o.<\/p>\n\n\n\n<p>Se voc\u00ea est\u00e1 planejando cobrir uma varanda, construir um quiosque ou finalizar uma garagem sem forro, a prancha aparelhada \u00e9 o material que une qualidade, durabilidade e beleza vis\u00edvel.<\/p>\n\n\n\n<div id=\"ez-toc-container\" class=\"ez-toc-v2_0_66_1 counter-hierarchy ez-toc-counter ez-toc-grey ez-toc-container-direction\">\n<div class=\"ez-toc-title-container\">\n<p class=\"ez-toc-title \" >T&oacute;picos do artigo<\/p>\n<span class=\"ez-toc-title-toggle\"><a href=\"#\" class=\"ez-toc-pull-right ez-toc-btn ez-toc-btn-xs ez-toc-btn-default ez-toc-toggle\" aria-label=\"Toggle Table of Content\"><span class=\"ez-toc-js-icon-con\"><span class=\"\"><span class=\"eztoc-hide\" style=\"display:none;\">Toggle<\/span><span class=\"ez-toc-icon-toggle-span\"><svg style=\"fill: #999;color:#999\" xmlns=\"http:\/\/www.w3.org\/2000\/svg\" class=\"list-377408\" width=\"20px\" height=\"20px\" viewBox=\"0 0 24 24\" fill=\"none\"><path d=\"M6 6H4v2h2V6zm14 0H8v2h12V6zM4 11h2v2H4v-2zm16 0H8v2h12v-2zM4 16h2v2H4v-2zm16 0H8v2h12v-2z\" fill=\"currentColor\"><\/path><\/svg><svg style=\"fill: #999;color:#999\" class=\"arrow-unsorted-368013\" xmlns=\"http:\/\/www.w3.org\/2000\/svg\" width=\"10px\" height=\"10px\" viewBox=\"0 0 24 24\" version=\"1.2\" baseProfile=\"tiny\"><path d=\"M18.2 9.3l-6.2-6.3-6.2 6.3c-.2.2-.3.4-.3.7s.1.5.3.7c.2.2.4.3.7.3h11c.3 0 .5-.1.7-.3.2-.2.3-.5.3-.7s-.1-.5-.3-.7zM5.8 14.7l6.2 6.3 6.2-6.3c.2-.2.3-.5.3-.7s-.1-.5-.3-.7c-.2-.2-.4-.3-.7-.3h-11c-.3 0-.5.1-.7.3-.2.2-.3.5-.3.7s.1.5.3.7z\"\/><\/svg><\/span><\/span><\/span><\/a><\/span><\/div>\n<nav><ul class='ez-toc-list ez-toc-list-level-1 ' ><li class='ez-toc-page-1 ez-toc-heading-level-2'><a class=\"ez-toc-link ez-toc-heading-1\" href=\"https:\/\/www.artemadeiras.com.br\/blog\/prancha-aparelhada\/prancha-aparelhada-resistencia-e-durabilidade-para-diversas-aplicacoes\/#O_que_e_a_prancha_aparelhada_e_por_que_ela_e_diferente\" title=\"O que \u00e9 a prancha aparelhada e por que ela \u00e9 diferente?\">O que \u00e9 a prancha aparelhada e por que ela \u00e9 diferente?<\/a><\/li><li class='ez-toc-page-1 ez-toc-heading-level-2'><a class=\"ez-toc-link ez-toc-heading-2\" href=\"https:\/\/www.artemadeiras.com.br\/blog\/prancha-aparelhada\/prancha-aparelhada-resistencia-e-durabilidade-para-diversas-aplicacoes\/#Aplicacoes_praticas_onde_e_por_que_usar_a_prancha_aparelhada\" title=\"Aplica\u00e7\u00f5es pr\u00e1ticas: onde e por que usar a prancha aparelhada?\">Aplica\u00e7\u00f5es pr\u00e1ticas: onde e por que usar a prancha aparelhada?<\/a><\/li><li class='ez-toc-page-1 ez-toc-heading-level-2'><a class=\"ez-toc-link ez-toc-heading-3\" href=\"https:\/\/www.artemadeiras.com.br\/blog\/prancha-aparelhada\/prancha-aparelhada-resistencia-e-durabilidade-para-diversas-aplicacoes\/#Prancha_aparelhada_e_mais_cara_A_resposta_vai_alem_do_preco\" title=\"Prancha aparelhada \u00e9 mais cara? A resposta vai al\u00e9m do pre\u00e7o\">Prancha aparelhada \u00e9 mais cara? A resposta vai al\u00e9m do pre\u00e7o<\/a><\/li><li class='ez-toc-page-1 ez-toc-heading-level-2'><a class=\"ez-toc-link ez-toc-heading-4\" href=\"https:\/\/www.artemadeiras.com.br\/blog\/prancha-aparelhada\/prancha-aparelhada-resistencia-e-durabilidade-para-diversas-aplicacoes\/#Resistencia_durabilidade_e_estetica_os_diferenciais_tecnicos_da_prancha_aparelhada\" title=\"Resist\u00eancia, durabilidade e est\u00e9tica: os diferenciais t\u00e9cnicos da prancha aparelhada\">Resist\u00eancia, durabilidade e est\u00e9tica: os diferenciais t\u00e9cnicos da prancha aparelhada<\/a><\/li><li class='ez-toc-page-1 ez-toc-heading-level-2'><a class=\"ez-toc-link ez-toc-heading-5\" href=\"https:\/\/www.artemadeiras.com.br\/blog\/prancha-aparelhada\/prancha-aparelhada-resistencia-e-durabilidade-para-diversas-aplicacoes\/#Como_escolher_uma_boa_prancha_aparelhada\" title=\"Como escolher uma boa prancha aparelhada?\">Como escolher uma boa prancha aparelhada?<\/a><\/li><li class='ez-toc-page-1 ez-toc-heading-level-2'><a class=\"ez-toc-link ez-toc-heading-6\" href=\"https:\/\/www.artemadeiras.com.br\/blog\/prancha-aparelhada\/prancha-aparelhada-resistencia-e-durabilidade-para-diversas-aplicacoes\/#Arte_Madeiras_referencia_em_prancha_aparelhada_com_qualidade_certificada\" title=\"Arte Madeiras: refer\u00eancia em prancha aparelhada com qualidade certificada\">Arte Madeiras: refer\u00eancia em prancha aparelhada com qualidade certificada<\/a><\/li><\/ul><\/nav><\/div>\n<h2 class=\"wp-block-heading\"><span class=\"ez-toc-section\" id=\"O_que_e_a_prancha_aparelhada_e_por_que_ela_e_diferente\"><\/span><strong>O que \u00e9 a prancha aparelhada e por que ela \u00e9 diferente?<\/strong><span class=\"ez-toc-section-end\"><\/span><\/h2>\n\n\n\n<p>A prancha aparelhada \u00e9 uma pe\u00e7a de madeira que passa por um<strong> processo de alisamento<\/strong>, no qual s\u00e3o retiradas as imperfei\u00e7\u00f5es naturais da superf\u00edcie.<strong> Isso a torna mais lisa, uniforme e pronta para receber acabamentos como verniz ou pintura<\/strong>.&nbsp;<\/p>\n\n\n\n<p>Diferente da madeira bruta, <strong>ela tem um visual mais sofisticado e preciso<\/strong>, ideal para aplica\u00e7\u00f5es onde ficar\u00e1 vis\u00edvel, como em varandas, garagens sem forro ou coberturas externas.&nbsp;<\/p>\n\n\n\n<p>Sua principal diferen\u00e7a est\u00e1 no <strong>acabamento<\/strong>: ao sair da madeireira, j\u00e1 est\u00e1 praticamente pronta para uso, o que reduz retrabalho na obra e entrega um resultado final mais elegante e dur\u00e1vel.<\/p>\n\n\n\n<ul class=\"wp-block-list\">\n<li><a href=\"https:\/\/www.artemadeiras.com.br\/blog\/guarnicoes\/acabamentos-de-impacto-como-as-guarnicoes-de-madeira-mudam-o-visual-de-uma-obra\/\">Acabamentos de impacto: como as guarni\u00e7\u00f5es de madeira mudam o visual de uma obra<\/a><\/li>\n<\/ul>\n\n\n\n<h2 class=\"wp-block-heading\"><span class=\"ez-toc-section\" id=\"Aplicacoes_praticas_onde_e_por_que_usar_a_prancha_aparelhada\"><\/span><strong>Aplica\u00e7\u00f5es pr\u00e1ticas: onde e por que usar a prancha aparelhada?<\/strong><span class=\"ez-toc-section-end\"><\/span><\/h2>\n\n\n\n<p>A versatilidade da prancha aparelhada \u00e9 um dos seus maiores trunfos. Em diferentes ambientes e finalidades, ela entrega est\u00e9tica e funcionalidade. Veja onde ela \u00e9 mais usada:<\/p>\n\n\n\n<ul class=\"wp-block-list\">\n<li><strong>Telhados aparentes de varanda<\/strong>: trazem sofistica\u00e7\u00e3o visual ao ambiente externo;<br><br><\/li>\n\n\n\n<li><strong>Garagens e \u00e1reas sem forro<\/strong>: protegem com resist\u00eancia e estilo;<br><br><\/li>\n\n\n\n<li><strong>Coberturas de \u00e1reas gourmet ou de servi\u00e7o<\/strong>: garantem um toque de acabamento diferenciado;<br><br><\/li>\n\n\n\n<li><strong>Quiosques e pergolados<\/strong>: valorizam espa\u00e7os de lazer com um ar acolhedor;<br><br><\/li>\n\n\n\n<li><strong>Ambientes internos r\u00fasticos ou modernos<\/strong>: quando envernizada, pode compor at\u00e9 mesmo salas com design contempor\u00e2neo.<br><\/li>\n<\/ul>\n\n\n\n<p>Al\u00e9m disso, o fato de estar j\u00e1 preparada reduz o retrabalho na obra. Isso significa <strong>mais agilidade na instala\u00e7\u00e3o e menos desperd\u00edcio de material<\/strong>, j\u00e1 que o controle dimensional tamb\u00e9m facilita os cortes e encaixes.<\/p>\n\n\n\n<ul class=\"wp-block-list\">\n<li><a href=\"https:\/\/www.artemadeiras.com.br\/blog\/pontaletes\/pontalete-de-madeira-a-peca-resistente-e-versatil-que-sua-construcao-precisa\/\">Pontalete de madeira: a pe\u00e7a resistente e vers\u00e1til que sua constru\u00e7\u00e3o precisa<\/a><\/li>\n<\/ul>\n\n\n\n<h2 class=\"wp-block-heading\"><span class=\"ez-toc-section\" id=\"Prancha_aparelhada_e_mais_cara_A_resposta_vai_alem_do_preco\"><\/span><strong>Prancha aparelhada \u00e9 mais cara? A resposta vai al\u00e9m do pre\u00e7o<\/strong><span class=\"ez-toc-section-end\"><\/span><\/h2>\n\n\n\n<p>Sim, a prancha aparelhada geralmente apresenta um valor mais alto na hora da compra, especialmente quando comparada \u00e0 madeira bruta. No entanto, <strong>esse custo inicial n\u00e3o conta toda a hist\u00f3ria<\/strong>.&nbsp;<\/p>\n\n\n<div class=\"wp-block-image\">\n<figure class=\"alignright size-full is-resized\"><img loading=\"lazy\" decoding=\"async\" width=\"627\" height=\"337\" src=\"https:\/\/www.artemadeiras.com.br\/blog\/wp-content\/uploads\/2025\/06\/prancha.png\" alt=\"Viga de madeira para telhado: como escolher o modelo ideal?\" class=\"wp-image-196\" style=\"width:313px;height:auto\" srcset=\"https:\/\/www.artemadeiras.com.br\/blog\/wp-content\/uploads\/2025\/06\/prancha.png 627w, https:\/\/www.artemadeiras.com.br\/blog\/wp-content\/uploads\/2025\/06\/prancha-300x161.png 300w\" sizes=\"auto, (max-width: 627px) 100vw, 627px\" \/><\/figure>\n<\/div>\n\n\n<p>Por ser uma madeira que j\u00e1 passou pelo processo de alisamento e nivelamento, <strong>ela chega \u00e0 obra pronta para uso<\/strong>, eliminando etapas de preparo que exigiriam tempo, m\u00e3o de obra especializada e materiais adicionais. Isso representa uma economia consider\u00e1vel no andamento do projeto.<\/p>\n\n\n\n<p>Al\u00e9m disso, a prancha aparelhada possui <strong>maior durabilidade, melhor resist\u00eancia ao tempo e ao uso cont\u00ednuo<\/strong>, al\u00e9m de oferecer um acabamento muito mais refinado, ideal para ambientes em que a madeira ficar\u00e1 \u00e0 vista.&nbsp;<\/p>\n\n\n\n<p>Outro ponto importante \u00e9 que ela<strong> facilita tratamentos posteriores<\/strong>, como enverniza\u00e7\u00e3o ou aplica\u00e7\u00e3o de stains, o que ajuda a prolongar ainda mais sua vida \u00fatil.<\/p>\n\n\n\n<ul class=\"wp-block-list\">\n<li><a href=\"https:\/\/www.artemadeiras.com.br\/blog\/placa-de-mdf\/placa-de-mdf-crua-garanta-acabamentos-sofisticados-com-precisao-e-resistencia\/\">Placa de MDF crua: garanta acabamentos sofisticados com precis\u00e3o e resist\u00eancia<\/a><\/li>\n<\/ul>\n\n\n\n<h2 class=\"wp-block-heading\"><span class=\"ez-toc-section\" id=\"Resistencia_durabilidade_e_estetica_os_diferenciais_tecnicos_da_prancha_aparelhada\"><\/span><strong>Resist\u00eancia, durabilidade e est\u00e9tica: os diferenciais t\u00e9cnicos da prancha aparelhada<\/strong><span class=\"ez-toc-section-end\"><\/span><\/h2>\n\n\n\n<p>A prancha aparelhada une <strong>resist\u00eancia mec\u00e2nica e acabamento de alto padr\u00e3o<\/strong>. Al\u00e9m disso, por ter superf\u00edcies regulares, ela aceita muito bem tratamentos adicionais que aumentam sua durabilidade.<\/p>\n\n\n\n<p>Entre os principais diferenciais t\u00e9cnicos, destacam-se:<\/p>\n\n\n\n<ul class=\"wp-block-list\">\n<li><strong>Facilidade para envernizar ou pintar<\/strong>: o que permite personaliza\u00e7\u00e3o est\u00e9tica.<br><\/li>\n\n\n\n<li><strong>Menor absor\u00e7\u00e3o de umidade em rela\u00e7\u00e3o \u00e0 madeira bruta<\/strong>, quando tratada corretamente.<br><\/li>\n\n\n\n<li><strong>Superf\u00edcie uniforme e livre de farpas<\/strong>, ideal para ambientes frequentados por crian\u00e7as ou pets.<br><\/li>\n\n\n\n<li><strong>Alta resist\u00eancia a pragas e deteriora\u00e7\u00e3o<\/strong>, quando adquirida de fornecedor certificado.<br><\/li>\n<\/ul>\n\n\n\n<p>Isso sem contar que o uso da prancha aparelhada contribui para obras mais limpas e r\u00e1pidas, j\u00e1 que chega praticamente pronta para aplica\u00e7\u00e3o.<\/p>\n\n\n\n<ul class=\"wp-block-list\">\n<li><a href=\"https:\/\/www.artemadeiras.com.br\/blog\/assoalhos\/assoalho-de-madeira-ipe-a-solucao-ideal-para-garantir-versatilidade-e-durabilidade-ao-seu-ambiente\/\">Assoalho de madeira ip\u00ea: a solu\u00e7\u00e3o ideal para garantir versatilidade e durabilidade ao seu ambiente<\/a><\/li>\n<\/ul>\n\n\n\n<h2 class=\"wp-block-heading\"><span class=\"ez-toc-section\" id=\"Como_escolher_uma_boa_prancha_aparelhada\"><\/span><strong>Como escolher uma boa prancha aparelhada?<\/strong><span class=\"ez-toc-section-end\"><\/span><\/h2>\n\n\n\n<p>Para escolher uma boa prancha aparelhada, \u00e9 fundamental observar o <strong>acabamento<\/strong> da madeira, que deve ser liso, uniforme e livre de imperfei\u00e7\u00f5es vis\u00edveis.&nbsp;<\/p>\n\n\n\n<p>A <strong>regularidade das medidas<\/strong> tamb\u00e9m \u00e9 importante, pois facilita os encaixes e evita desperd\u00edcio durante a instala\u00e7\u00e3o.&nbsp;<\/p>\n\n\n\n<p>Al\u00e9m disso, a<strong> proced\u00eancia da madeira<\/strong> faz toda a diferen\u00e7a: opte por fornecedores que ofere\u00e7am produtos certificados, com origem controlada e respeitem as normas ambientais.&nbsp;<\/p>\n\n\n\n<p>Uma <strong>madeireira de confian\u00e7a<\/strong>, com experi\u00eancia no mercado, garante mais seguran\u00e7a na compra e entrega um material que realmente valoriza o seu projeto, tanto em est\u00e9tica quanto em durabilidade.<\/p>\n\n\n\n<ul class=\"wp-block-list\">\n<li><a href=\"https:\/\/www.artemadeiras.com.br\/blog\/viga-de-madeira\/viga-de-madeira-para-telhado-como-escolher-o-modelo-ideal\/\">Viga de madeira para telhado: como escolher o modelo ideal?<\/a><\/li>\n<\/ul>\n\n\n\n<h2 class=\"wp-block-heading\"><span class=\"ez-toc-section\" id=\"Arte_Madeiras_referencia_em_prancha_aparelhada_com_qualidade_certificada\"><\/span><strong>Arte Madeiras: refer\u00eancia em prancha aparelhada com qualidade certificada<\/strong><span class=\"ez-toc-section-end\"><\/span><\/h2>\n\n\n\n<p>Se voc\u00ea est\u00e1 buscando <strong>prancha aparelhada com resist\u00eancia, beleza e sustentabilidade<\/strong>, a <strong>Arte Madeiras<\/strong> \u00e9 sua escolha ideal. Com mais de 28 anos de experi\u00eancia na zona norte de S\u00e3o Paulo, a empresa se consolidou como refer\u00eancia no setor.<\/p>\n\n\n\n<p><strong>Por que escolher a Arte Madeiras?<\/strong><\/p>\n\n\n\n<ul class=\"wp-block-list\">\n<li><strong>Madeiras certificadas pelo IBAMA e Secretaria do Meio Ambiente<\/strong>.<br><\/li>\n\n\n\n<li>Participa\u00e7\u00e3o ativa no <strong>Programa Qualimadeira<\/strong>, que garante a conformidade dos produtos com padr\u00f5es de excel\u00eancia;<br><\/li>\n\n\n\n<li><strong>Especializa\u00e7\u00e3o em atender obras vis\u00edveis<\/strong>, como varandas, telhados e coberturas, com pranchas que valorizam o projeto;<br><\/li>\n\n\n\n<li><strong>Equipe experiente e pronta para ajudar<\/strong> arquitetos, engenheiros, revendedores e consumidores finais;<br><\/li>\n\n\n\n<li>Entrega com <strong>log\u00edstica otimizada e cuidado no transporte<\/strong>, preservando a integridade da madeira.<br><\/li>\n<\/ul>\n\n\n\n<p><strong>Quer transformar o visual da sua obra com eleg\u00e2ncia e durabilidade?<\/strong>&nbsp;<\/p>\n\n\n\n<p><strong><a href=\"https:\/\/www.artemadeiras.com.br\/contato\" class=\"rank-math-link\">Entre em contato<\/a> com a equipe da Arte Madeiras e solicite seu or\u00e7amento sem compromisso. Aproveite a seguran\u00e7a de comprar com quem \u00e9 especialista em madeira de qualidade.<\/strong><\/p>\n","protected":false},"excerpt":{"rendered":"<p><span class=\"rt-reading-time\" style=\"display: block;\"><span class=\"rt-label rt-prefix\">Tempo de leitura<\/span> <span class=\"rt-time\">4<\/span> <span class=\"rt-label rt-postfix\">minutos<\/span><\/span> Entenda por que a prancha aparelhada \u00e9 a escolha ideal para quem busca acabamento superior, durabilidade e facilidade de manuten\u00e7\u00e3o. A beleza est\u00e1 nos detalhes. Quando falamos de constru\u00e7\u00f5es ou reformas com foco em acabamento, a escolha dos materiais faz&#8230;<\/p>\n","protected":false},"author":1,"featured_media":195,"comment_status":"open","ping_status":"open","sticky":false,"template":"","format":"standard","meta":{"footnotes":""},"categories":[1135],"tags":[1153,1144,1157,1145,1149,1155,1150,1156,1158,1137,1143,1147,1154,1152,1151,1142,1136,1164,1161,1160,1146,1168,1163,1169,1167,1162,1165,1159,1166,1148,1141,1140,1139,1138],"class_list":["post-194","post","type-post","status-publish","format-standard","has-post-thumbnail","hentry","category-prancha-aparelhada","tag-arte-madeiras-prancha-aparelhada","tag-beneficios-da-prancha-aparelhada","tag-distribuidor-de-prancha-aparelhada","tag-durabilidade-da-prancha-de-madeira","tag-economia-com-prancha-aparelhada","tag-empresa-de-prancha-aparelhada","tag-fornecedor-de-madeira-aparelhada-sp","tag-fornecedor-de-prancha-aparelhada","tag-loja-de-prancha-aparelhada","tag-madeira-aparelhada","tag-madeira-aparelhada-resistente","tag-madeira-de-acabamento-visivel","tag-madeiras-com-origem-controlada","tag-madeireira-com-certificacao-ibama","tag-onde-comprar-prancha-aparelhada","tag-prancha-alisada-para-construcao","tag-prancha-aparelhada","tag-prancha-aparelhada-em-promocao","tag-prancha-aparelhada-em-sao-paulo","tag-prancha-aparelhada-em-sp","tag-prancha-aparelhada-envernizada","tag-prancha-aparelhada-na-agua-rasa","tag-prancha-aparelhada-na-barra-funda","tag-prancha-aparelhada-na-vila-guilherme","tag-prancha-aparelhada-na-zona-norte","tag-prancha-aparelhada-no-bom-retiro","tag-prancha-aparelhada-perto-de-mim","tag-prancha-aparelhada-preco","tag-prancha-aparelhada-proximo-a-mim","tag-prancha-de-madeira-premium","tag-prancha-para-area-gourmet","tag-prancha-para-quiosque","tag-prancha-para-varanda-sem-forro","tag-uso-de-prancha-aparelhada-em-telhado"],"yoast_head":"<!-- This site is optimized with the Yoast SEO plugin v23.6 - https:\/\/yoast.com\/wordpress\/plugins\/seo\/ -->\n<title>Prancha aparelhada: resist\u00eancia e durabilidade para diversas aplica\u00e7\u00f5es - Blog | Arte madeiras<\/title>\n<meta name=\"description\" content=\"Entenda por que a prancha aparelhada \u00e9 a escolha ideal para quem busca acabamento superior, durabilidade e facilidade de manuten\u00e7\u00e3o.\" \/>\n<meta name=\"robots\" content=\"index, follow, max-snippet:-1, max-image-preview:large, max-video-preview:-1\" \/>\n<link rel=\"canonical\" href=\"https:\/\/www.artemadeiras.com.br\/blog\/prancha-aparelhada\/prancha-aparelhada-resistencia-e-durabilidade-para-diversas-aplicacoes\/\" \/>\n<meta property=\"og:locale\" content=\"pt_BR\" \/>\n<meta property=\"og:type\" content=\"article\" \/>\n<meta property=\"og:title\" content=\"Prancha aparelhada: resist\u00eancia e durabilidade para diversas aplica\u00e7\u00f5es - Blog | Arte madeiras\" \/>\n<meta property=\"og:description\" content=\"Entenda por que a prancha aparelhada \u00e9 a escolha ideal para quem busca acabamento superior, durabilidade e facilidade de manuten\u00e7\u00e3o.\" \/>\n<meta property=\"og:url\" content=\"https:\/\/www.artemadeiras.com.br\/blog\/prancha-aparelhada\/prancha-aparelhada-resistencia-e-durabilidade-para-diversas-aplicacoes\/\" \/>\n<meta property=\"og:site_name\" content=\"Blog | Arte madeiras\" \/>\n<meta property=\"article:published_time\" content=\"2026-02-11T13:06:45+00:00\" \/>\n<meta property=\"article:modified_time\" content=\"2026-02-11T13:06:46+00:00\" \/>\n<meta property=\"og:image\" content=\"https:\/\/www.artemadeiras.com.br\/blog\/wp-content\/uploads\/2025\/06\/download-4.jpg\" \/>\n\t<meta property=\"og:image:width\" content=\"300\" \/>\n\t<meta property=\"og:image:height\" content=\"150\" \/>\n\t<meta property=\"og:image:type\" content=\"image\/jpeg\" \/>\n<meta name=\"author\" content=\"bloomin\" \/>\n<meta name=\"twitter:card\" content=\"summary_large_image\" \/>\n<meta name=\"twitter:label1\" content=\"Escrito por\" \/>\n\t<meta name=\"twitter:data1\" content=\"bloomin\" \/>\n\t<meta name=\"twitter:label2\" content=\"Est. tempo de leitura\" \/>\n\t<meta name=\"twitter:data2\" content=\"6 minutos\" \/>\n<script type=\"application\/ld+json\" class=\"yoast-schema-graph\">{\"@context\":\"https:\/\/schema.org\",\"@graph\":[{\"@type\":\"Article\",\"@id\":\"https:\/\/www.artemadeiras.com.br\/blog\/prancha-aparelhada\/prancha-aparelhada-resistencia-e-durabilidade-para-diversas-aplicacoes\/#article\",\"isPartOf\":{\"@id\":\"https:\/\/www.artemadeiras.com.br\/blog\/prancha-aparelhada\/prancha-aparelhada-resistencia-e-durabilidade-para-diversas-aplicacoes\/\"},\"author\":{\"name\":\"bloomin\",\"@id\":\"https:\/\/www.artemadeiras.com.br\/blog\/#\/schema\/person\/03c7826df62479a35ffcf10a5a652727\"},\"headline\":\"Prancha aparelhada: resist\u00eancia e durabilidade para diversas aplica\u00e7\u00f5es\",\"datePublished\":\"2026-02-11T13:06:45+00:00\",\"dateModified\":\"2026-02-11T13:06:46+00:00\",\"mainEntityOfPage\":{\"@id\":\"https:\/\/www.artemadeiras.com.br\/blog\/prancha-aparelhada\/prancha-aparelhada-resistencia-e-durabilidade-para-diversas-aplicacoes\/\"},\"wordCount\":1048,\"commentCount\":0,\"publisher\":{\"@id\":\"https:\/\/www.artemadeiras.com.br\/blog\/#organization\"},\"image\":{\"@id\":\"https:\/\/www.artemadeiras.com.br\/blog\/prancha-aparelhada\/prancha-aparelhada-resistencia-e-durabilidade-para-diversas-aplicacoes\/#primaryimage\"},\"thumbnailUrl\":\"https:\/\/www.artemadeiras.com.br\/blog\/wp-content\/uploads\/2025\/06\/download-4.jpg\",\"keywords\":[\"Arte Madeiras prancha aparelhada\",\"benef\u00edcios da prancha aparelhada\",\"distribuidor de prancha aparelhada\",\"durabilidade da prancha de madeira\",\"economia com prancha aparelhada\",\"empresa de prancha aparelhada\",\"fornecedor de madeira aparelhada SP\",\"fornecedor de prancha aparelhada\",\"loja de prancha aparelhada\",\"madeira aparelhada\",\"madeira aparelhada resistente\",\"madeira de acabamento vis\u00edvel\",\"madeiras com origem controlada\",\"madeireira com certifica\u00e7\u00e3o IBAMA\",\"onde comprar prancha aparelhada\",\"prancha alisada para constru\u00e7\u00e3o\",\"prancha aparelhada\",\"prancha aparelhada em promo\u00e7\u00e3o\",\"prancha aparelhada em s\u00e3o paulo\",\"prancha aparelhada em sp\",\"prancha aparelhada envernizada\",\"prancha aparelhada na \u00c1gua Rasa\",\"prancha aparelhada na Barra Funda\",\"prancha aparelhada na Vila Guilherme\",\"prancha aparelhada na zona norte\",\"prancha aparelhada no Bom Retiro\",\"prancha aparelhada perto de mim\",\"prancha aparelhada pre\u00e7o\",\"prancha aparelhada pr\u00f3ximo a mim\",\"prancha de madeira premium\",\"prancha para \u00e1rea gourmet\",\"prancha para quiosque\",\"prancha para varanda sem forro\",\"uso de prancha aparelhada em telhado\"],\"articleSection\":[\"Prancha aparelhada\"],\"inLanguage\":\"pt-BR\",\"potentialAction\":[{\"@type\":\"CommentAction\",\"name\":\"Comment\",\"target\":[\"https:\/\/www.artemadeiras.com.br\/blog\/prancha-aparelhada\/prancha-aparelhada-resistencia-e-durabilidade-para-diversas-aplicacoes\/#respond\"]}]},{\"@type\":\"WebPage\",\"@id\":\"https:\/\/www.artemadeiras.com.br\/blog\/prancha-aparelhada\/prancha-aparelhada-resistencia-e-durabilidade-para-diversas-aplicacoes\/\",\"url\":\"https:\/\/www.artemadeiras.com.br\/blog\/prancha-aparelhada\/prancha-aparelhada-resistencia-e-durabilidade-para-diversas-aplicacoes\/\",\"name\":\"Prancha aparelhada: resist\u00eancia e durabilidade para diversas aplica\u00e7\u00f5es - Blog | Arte madeiras\",\"isPartOf\":{\"@id\":\"https:\/\/www.artemadeiras.com.br\/blog\/#website\"},\"primaryImageOfPage\":{\"@id\":\"https:\/\/www.artemadeiras.com.br\/blog\/prancha-aparelhada\/prancha-aparelhada-resistencia-e-durabilidade-para-diversas-aplicacoes\/#primaryimage\"},\"image\":{\"@id\":\"https:\/\/www.artemadeiras.com.br\/blog\/prancha-aparelhada\/prancha-aparelhada-resistencia-e-durabilidade-para-diversas-aplicacoes\/#primaryimage\"},\"thumbnailUrl\":\"https:\/\/www.artemadeiras.com.br\/blog\/wp-content\/uploads\/2025\/06\/download-4.jpg\",\"datePublished\":\"2026-02-11T13:06:45+00:00\",\"dateModified\":\"2026-02-11T13:06:46+00:00\",\"description\":\"Entenda por que a prancha aparelhada \u00e9 a escolha ideal para quem busca acabamento superior, durabilidade e facilidade de manuten\u00e7\u00e3o.\",\"breadcrumb\":{\"@id\":\"https:\/\/www.artemadeiras.com.br\/blog\/prancha-aparelhada\/prancha-aparelhada-resistencia-e-durabilidade-para-diversas-aplicacoes\/#breadcrumb\"},\"inLanguage\":\"pt-BR\",\"potentialAction\":[{\"@type\":\"ReadAction\",\"target\":[\"https:\/\/www.artemadeiras.com.br\/blog\/prancha-aparelhada\/prancha-aparelhada-resistencia-e-durabilidade-para-diversas-aplicacoes\/\"]}]},{\"@type\":\"ImageObject\",\"inLanguage\":\"pt-BR\",\"@id\":\"https:\/\/www.artemadeiras.com.br\/blog\/prancha-aparelhada\/prancha-aparelhada-resistencia-e-durabilidade-para-diversas-aplicacoes\/#primaryimage\",\"url\":\"https:\/\/www.artemadeiras.com.br\/blog\/wp-content\/uploads\/2025\/06\/download-4.jpg\",\"contentUrl\":\"https:\/\/www.artemadeiras.com.br\/blog\/wp-content\/uploads\/2025\/06\/download-4.jpg\",\"width\":300,\"height\":150,\"caption\":\"Prancha aparelhada: resist\u00eancia e durabilidade para diversas aplica\u00e7\u00f5es\"},{\"@type\":\"BreadcrumbList\",\"@id\":\"https:\/\/www.artemadeiras.com.br\/blog\/prancha-aparelhada\/prancha-aparelhada-resistencia-e-durabilidade-para-diversas-aplicacoes\/#breadcrumb\",\"itemListElement\":[{\"@type\":\"ListItem\",\"position\":1,\"name\":\"In\u00edcio\",\"item\":\"https:\/\/www.artemadeiras.com.br\/blog\/\"},{\"@type\":\"ListItem\",\"position\":2,\"name\":\"Prancha aparelhada: resist\u00eancia e durabilidade para diversas aplica\u00e7\u00f5es\"}]},{\"@type\":\"WebSite\",\"@id\":\"https:\/\/www.artemadeiras.com.br\/blog\/#website\",\"url\":\"https:\/\/www.artemadeiras.com.br\/blog\/\",\"name\":\"Blog | Arte madeiras\",\"description\":\"Dicas e Novidades sobre Madeiras\",\"publisher\":{\"@id\":\"https:\/\/www.artemadeiras.com.br\/blog\/#organization\"},\"potentialAction\":[{\"@type\":\"SearchAction\",\"target\":{\"@type\":\"EntryPoint\",\"urlTemplate\":\"https:\/\/www.artemadeiras.com.br\/blog\/?s={search_term_string}\"},\"query-input\":{\"@type\":\"PropertyValueSpecification\",\"valueRequired\":true,\"valueName\":\"search_term_string\"}}],\"inLanguage\":\"pt-BR\"},{\"@type\":\"Organization\",\"@id\":\"https:\/\/www.artemadeiras.com.br\/blog\/#organization\",\"name\":\"Blog | Arte madeiras\",\"url\":\"https:\/\/www.artemadeiras.com.br\/blog\/\",\"logo\":{\"@type\":\"ImageObject\",\"inLanguage\":\"pt-BR\",\"@id\":\"https:\/\/www.artemadeiras.com.br\/blog\/#\/schema\/logo\/image\/\",\"url\":\"https:\/\/www.artemadeiras.com.br\/blog\/wp-content\/uploads\/2021\/01\/logo-arte-madeiras.png\",\"contentUrl\":\"https:\/\/www.artemadeiras.com.br\/blog\/wp-content\/uploads\/2021\/01\/logo-arte-madeiras.png\",\"width\":255,\"height\":110,\"caption\":\"Blog | Arte madeiras\"},\"image\":{\"@id\":\"https:\/\/www.artemadeiras.com.br\/blog\/#\/schema\/logo\/image\/\"}},{\"@type\":\"Person\",\"@id\":\"https:\/\/www.artemadeiras.com.br\/blog\/#\/schema\/person\/03c7826df62479a35ffcf10a5a652727\",\"name\":\"bloomin\",\"image\":{\"@type\":\"ImageObject\",\"inLanguage\":\"pt-BR\",\"@id\":\"https:\/\/www.artemadeiras.com.br\/blog\/#\/schema\/person\/image\/\",\"url\":\"https:\/\/secure.gravatar.com\/avatar\/161a7ea08f1b8bd365e1697a2453e6c719201075da8bdf298a1c2fc5455ba35d?s=96&d=mm&r=g\",\"contentUrl\":\"https:\/\/secure.gravatar.com\/avatar\/161a7ea08f1b8bd365e1697a2453e6c719201075da8bdf298a1c2fc5455ba35d?s=96&d=mm&r=g\",\"caption\":\"bloomin\"},\"sameAs\":[\"https:\/\/www.artemadeiras.com.br\/blog\"],\"url\":\"https:\/\/www.artemadeiras.com.br\/blog\/author\/bloomin\/\"}]}<\/script>\n<!-- \/ Yoast SEO plugin. -->","yoast_head_json":{"title":"Prancha aparelhada: resist\u00eancia e durabilidade para diversas aplica\u00e7\u00f5es - Blog | Arte madeiras","description":"Entenda por que a prancha aparelhada \u00e9 a escolha ideal para quem busca acabamento superior, durabilidade e facilidade de manuten\u00e7\u00e3o.","robots":{"index":"index","follow":"follow","max-snippet":"max-snippet:-1","max-image-preview":"max-image-preview:large","max-video-preview":"max-video-preview:-1"},"canonical":"https:\/\/www.artemadeiras.com.br\/blog\/prancha-aparelhada\/prancha-aparelhada-resistencia-e-durabilidade-para-diversas-aplicacoes\/","og_locale":"pt_BR","og_type":"article","og_title":"Prancha aparelhada: resist\u00eancia e durabilidade para diversas aplica\u00e7\u00f5es - Blog | Arte madeiras","og_description":"Entenda por que a prancha aparelhada \u00e9 a escolha ideal para quem busca acabamento superior, durabilidade e facilidade de manuten\u00e7\u00e3o.","og_url":"https:\/\/www.artemadeiras.com.br\/blog\/prancha-aparelhada\/prancha-aparelhada-resistencia-e-durabilidade-para-diversas-aplicacoes\/","og_site_name":"Blog | Arte madeiras","article_published_time":"2026-02-11T13:06:45+00:00","article_modified_time":"2026-02-11T13:06:46+00:00","og_image":[{"width":300,"height":150,"url":"https:\/\/www.artemadeiras.com.br\/blog\/wp-content\/uploads\/2025\/06\/download-4.jpg","type":"image\/jpeg"}],"author":"bloomin","twitter_card":"summary_large_image","twitter_misc":{"Escrito por":"bloomin","Est. tempo de leitura":"6 minutos"},"schema":{"@context":"https:\/\/schema.org","@graph":[{"@type":"Article","@id":"https:\/\/www.artemadeiras.com.br\/blog\/prancha-aparelhada\/prancha-aparelhada-resistencia-e-durabilidade-para-diversas-aplicacoes\/#article","isPartOf":{"@id":"https:\/\/www.artemadeiras.com.br\/blog\/prancha-aparelhada\/prancha-aparelhada-resistencia-e-durabilidade-para-diversas-aplicacoes\/"},"author":{"name":"bloomin","@id":"https:\/\/www.artemadeiras.com.br\/blog\/#\/schema\/person\/03c7826df62479a35ffcf10a5a652727"},"headline":"Prancha aparelhada: resist\u00eancia e durabilidade para diversas aplica\u00e7\u00f5es","datePublished":"2026-02-11T13:06:45+00:00","dateModified":"2026-02-11T13:06:46+00:00","mainEntityOfPage":{"@id":"https:\/\/www.artemadeiras.com.br\/blog\/prancha-aparelhada\/prancha-aparelhada-resistencia-e-durabilidade-para-diversas-aplicacoes\/"},"wordCount":1048,"commentCount":0,"publisher":{"@id":"https:\/\/www.artemadeiras.com.br\/blog\/#organization"},"image":{"@id":"https:\/\/www.artemadeiras.com.br\/blog\/prancha-aparelhada\/prancha-aparelhada-resistencia-e-durabilidade-para-diversas-aplicacoes\/#primaryimage"},"thumbnailUrl":"https:\/\/www.artemadeiras.com.br\/blog\/wp-content\/uploads\/2025\/06\/download-4.jpg","keywords":["Arte Madeiras prancha aparelhada","benef\u00edcios da prancha aparelhada","distribuidor de prancha aparelhada","durabilidade da prancha de madeira","economia com prancha aparelhada","empresa de prancha aparelhada","fornecedor de madeira aparelhada SP","fornecedor de prancha aparelhada","loja de prancha aparelhada","madeira aparelhada","madeira aparelhada resistente","madeira de acabamento vis\u00edvel","madeiras com origem controlada","madeireira com certifica\u00e7\u00e3o IBAMA","onde comprar prancha aparelhada","prancha alisada para constru\u00e7\u00e3o","prancha aparelhada","prancha aparelhada em promo\u00e7\u00e3o","prancha aparelhada em s\u00e3o paulo","prancha aparelhada em sp","prancha aparelhada envernizada","prancha aparelhada na \u00c1gua Rasa","prancha aparelhada na Barra Funda","prancha aparelhada na Vila Guilherme","prancha aparelhada na zona norte","prancha aparelhada no Bom Retiro","prancha aparelhada perto de mim","prancha aparelhada pre\u00e7o","prancha aparelhada pr\u00f3ximo a mim","prancha de madeira premium","prancha para \u00e1rea gourmet","prancha para quiosque","prancha para varanda sem forro","uso de prancha aparelhada em telhado"],"articleSection":["Prancha aparelhada"],"inLanguage":"pt-BR","potentialAction":[{"@type":"CommentAction","name":"Comment","target":["https:\/\/www.artemadeiras.com.br\/blog\/prancha-aparelhada\/prancha-aparelhada-resistencia-e-durabilidade-para-diversas-aplicacoes\/#respond"]}]},{"@type":"WebPage","@id":"https:\/\/www.artemadeiras.com.br\/blog\/prancha-aparelhada\/prancha-aparelhada-resistencia-e-durabilidade-para-diversas-aplicacoes\/","url":"https:\/\/www.artemadeiras.com.br\/blog\/prancha-aparelhada\/prancha-aparelhada-resistencia-e-durabilidade-para-diversas-aplicacoes\/","name":"Prancha aparelhada: resist\u00eancia e durabilidade para diversas aplica\u00e7\u00f5es - Blog | Arte madeiras","isPartOf":{"@id":"https:\/\/www.artemadeiras.com.br\/blog\/#website"},"primaryImageOfPage":{"@id":"https:\/\/www.artemadeiras.com.br\/blog\/prancha-aparelhada\/prancha-aparelhada-resistencia-e-durabilidade-para-diversas-aplicacoes\/#primaryimage"},"image":{"@id":"https:\/\/www.artemadeiras.com.br\/blog\/prancha-aparelhada\/prancha-aparelhada-resistencia-e-durabilidade-para-diversas-aplicacoes\/#primaryimage"},"thumbnailUrl":"https:\/\/www.artemadeiras.com.br\/blog\/wp-content\/uploads\/2025\/06\/download-4.jpg","datePublished":"2026-02-11T13:06:45+00:00","dateModified":"2026-02-11T13:06:46+00:00","description":"Entenda por que a prancha aparelhada \u00e9 a escolha ideal para quem busca acabamento superior, durabilidade e facilidade de manuten\u00e7\u00e3o.","breadcrumb":{"@id":"https:\/\/www.artemadeiras.com.br\/blog\/prancha-aparelhada\/prancha-aparelhada-resistencia-e-durabilidade-para-diversas-aplicacoes\/#breadcrumb"},"inLanguage":"pt-BR","potentialAction":[{"@type":"ReadAction","target":["https:\/\/www.artemadeiras.com.br\/blog\/prancha-aparelhada\/prancha-aparelhada-resistencia-e-durabilidade-para-diversas-aplicacoes\/"]}]},{"@type":"ImageObject","inLanguage":"pt-BR","@id":"https:\/\/www.artemadeiras.com.br\/blog\/prancha-aparelhada\/prancha-aparelhada-resistencia-e-durabilidade-para-diversas-aplicacoes\/#primaryimage","url":"https:\/\/www.artemadeiras.com.br\/blog\/wp-content\/uploads\/2025\/06\/download-4.jpg","contentUrl":"https:\/\/www.artemadeiras.com.br\/blog\/wp-content\/uploads\/2025\/06\/download-4.jpg","width":300,"height":150,"caption":"Prancha aparelhada: resist\u00eancia e durabilidade para diversas aplica\u00e7\u00f5es"},{"@type":"BreadcrumbList","@id":"https:\/\/www.artemadeiras.com.br\/blog\/prancha-aparelhada\/prancha-aparelhada-resistencia-e-durabilidade-para-diversas-aplicacoes\/#breadcrumb","itemListElement":[{"@type":"ListItem","position":1,"name":"In\u00edcio","item":"https:\/\/www.artemadeiras.com.br\/blog\/"},{"@type":"ListItem","position":2,"name":"Prancha aparelhada: resist\u00eancia e durabilidade para diversas aplica\u00e7\u00f5es"}]},{"@type":"WebSite","@id":"https:\/\/www.artemadeiras.com.br\/blog\/#website","url":"https:\/\/www.artemadeiras.com.br\/blog\/","name":"Blog | Arte madeiras","description":"Dicas e Novidades sobre Madeiras","publisher":{"@id":"https:\/\/www.artemadeiras.com.br\/blog\/#organization"},"potentialAction":[{"@type":"SearchAction","target":{"@type":"EntryPoint","urlTemplate":"https:\/\/www.artemadeiras.com.br\/blog\/?s={search_term_string}"},"query-input":{"@type":"PropertyValueSpecification","valueRequired":true,"valueName":"search_term_string"}}],"inLanguage":"pt-BR"},{"@type":"Organization","@id":"https:\/\/www.artemadeiras.com.br\/blog\/#organization","name":"Blog | Arte madeiras","url":"https:\/\/www.artemadeiras.com.br\/blog\/","logo":{"@type":"ImageObject","inLanguage":"pt-BR","@id":"https:\/\/www.artemadeiras.com.br\/blog\/#\/schema\/logo\/image\/","url":"https:\/\/www.artemadeiras.com.br\/blog\/wp-content\/uploads\/2021\/01\/logo-arte-madeiras.png","contentUrl":"https:\/\/www.artemadeiras.com.br\/blog\/wp-content\/uploads\/2021\/01\/logo-arte-madeiras.png","width":255,"height":110,"caption":"Blog | Arte madeiras"},"image":{"@id":"https:\/\/www.artemadeiras.com.br\/blog\/#\/schema\/logo\/image\/"}},{"@type":"Person","@id":"https:\/\/www.artemadeiras.com.br\/blog\/#\/schema\/person\/03c7826df62479a35ffcf10a5a652727","name":"bloomin","image":{"@type":"ImageObject","inLanguage":"pt-BR","@id":"https:\/\/www.artemadeiras.com.br\/blog\/#\/schema\/person\/image\/","url":"https:\/\/secure.gravatar.com\/avatar\/161a7ea08f1b8bd365e1697a2453e6c719201075da8bdf298a1c2fc5455ba35d?s=96&d=mm&r=g","contentUrl":"https:\/\/secure.gravatar.com\/avatar\/161a7ea08f1b8bd365e1697a2453e6c719201075da8bdf298a1c2fc5455ba35d?s=96&d=mm&r=g","caption":"bloomin"},"sameAs":["https:\/\/www.artemadeiras.com.br\/blog"],"url":"https:\/\/www.artemadeiras.com.br\/blog\/author\/bloomin\/"}]}},"_links":{"self":[{"href":"https:\/\/www.artemadeiras.com.br\/blog\/wp-json\/wp\/v2\/posts\/194","targetHints":{"allow":["GET"]}}],"collection":[{"href":"https:\/\/www.artemadeiras.com.br\/blog\/wp-json\/wp\/v2\/posts"}],"about":[{"href":"https:\/\/www.artemadeiras.com.br\/blog\/wp-json\/wp\/v2\/types\/post"}],"author":[{"embeddable":true,"href":"https:\/\/www.artemadeiras.com.br\/blog\/wp-json\/wp\/v2\/users\/1"}],"replies":[{"embeddable":true,"href":"https:\/\/www.artemadeiras.com.br\/blog\/wp-json\/wp\/v2\/comments?post=194"}],"version-history":[{"count":1,"href":"https:\/\/www.artemadeiras.com.br\/blog\/wp-json\/wp\/v2\/posts\/194\/revisions"}],"predecessor-version":[{"id":197,"href":"https:\/\/www.artemadeiras.com.br\/blog\/wp-json\/wp\/v2\/posts\/194\/revisions\/197"}],"wp:featuredmedia":[{"embeddable":true,"href":"https:\/\/www.artemadeiras.com.br\/blog\/wp-json\/wp\/v2\/media\/195"}],"wp:attachment":[{"href":"https:\/\/www.artemadeiras.com.br\/blog\/wp-json\/wp\/v2\/media?parent=194"}],"wp:term":[{"taxonomy":"category","embeddable":true,"href":"https:\/\/www.artemadeiras.com.br\/blog\/wp-json\/wp\/v2\/categories?post=194"},{"taxonomy":"post_tag","embeddable":true,"href":"https:\/\/www.artemadeiras.com.br\/blog\/wp-json\/wp\/v2\/tags?post=194"}],"curies":[{"name":"wp","href":"https:\/\/api.w.org\/{rel}","templated":true}]}}