{"id":189,"date":"2026-03-02T17:45:46","date_gmt":"2026-03-02T20:45:46","guid":{"rendered":"https:\/\/www.artemadeiras.com.br\/blog\/?p=189"},"modified":"2026-03-02T17:45:47","modified_gmt":"2026-03-02T20:45:47","slug":"acabamentos-de-impacto-como-as-guarnicoes-de-madeira-mudam-o-visual-de-uma-obra","status":"publish","type":"post","link":"https:\/\/www.artemadeiras.com.br\/blog\/guarnicoes\/acabamentos-de-impacto-como-as-guarnicoes-de-madeira-mudam-o-visual-de-uma-obra\/","title":{"rendered":"Acabamentos de impacto: como as guarni\u00e7\u00f5es de madeira mudam o visual de uma obra"},"content":{"rendered":"<span class=\"rt-reading-time\" style=\"display: block;\"><span class=\"rt-label rt-prefix\">Tempo de leitura<\/span> <span class=\"rt-time\">4<\/span> <span class=\"rt-label rt-postfix\">minutos<\/span><\/span>\n<p class=\"has-medium-font-size\"><strong><em>Descubra como as guarni\u00e7\u00f5es de madeira transformam o acabamento de obras e ambientes, oferecendo sofistica\u00e7\u00e3o, funcionalidade e valor est\u00e9tico.<\/em><\/strong><\/p>\n\n\n\n<p>Voc\u00ea j\u00e1 entrou em um ambiente rec\u00e9m-reformado e teve a sensa\u00e7\u00e3o de que \u201cfaltava algo\u201d? Muitas vezes, esse \u201calgo\u201d est\u00e1 nos detalhes. E, quando falamos em acabamento, as guarni\u00e7\u00f5es de madeira cumprem um papel essencial: unir beleza e funcionalidade em um s\u00f3 elemento.<\/p>\n\n\n\n<p>Ainda pouco valorizadas por quem est\u00e1 iniciando na constru\u00e7\u00e3o ou reforma, essas pe\u00e7as t\u00eam o poder de transformar totalmente a percep\u00e7\u00e3o visual de portas, batentes e at\u00e9 paredes. Se voc\u00ea busca um resultado de alto padr\u00e3o, entender o valor das guarni\u00e7\u00f5es \u00e9 indispens\u00e1vel.<\/p>\n\n\n\n<p>Neste artigo, vamos mostrar por que as guarni\u00e7\u00f5es de madeira s\u00e3o mais do que um simples detalhe e como elas podem impactar o visual da sua obra de forma definitiva. E, claro, apresentamos tamb\u00e9m uma refer\u00eancia no setor: a Arte Madeiras.<\/p>\n\n\n\n<div id=\"ez-toc-container\" class=\"ez-toc-v2_0_66_1 counter-hierarchy ez-toc-counter ez-toc-grey ez-toc-container-direction\">\n<div class=\"ez-toc-title-container\">\n<p class=\"ez-toc-title \" >T&oacute;picos do artigo<\/p>\n<span class=\"ez-toc-title-toggle\"><a href=\"#\" class=\"ez-toc-pull-right ez-toc-btn ez-toc-btn-xs ez-toc-btn-default ez-toc-toggle\" aria-label=\"Toggle Table of Content\"><span class=\"ez-toc-js-icon-con\"><span class=\"\"><span class=\"eztoc-hide\" style=\"display:none;\">Toggle<\/span><span class=\"ez-toc-icon-toggle-span\"><svg style=\"fill: #999;color:#999\" xmlns=\"http:\/\/www.w3.org\/2000\/svg\" class=\"list-377408\" width=\"20px\" height=\"20px\" viewBox=\"0 0 24 24\" fill=\"none\"><path d=\"M6 6H4v2h2V6zm14 0H8v2h12V6zM4 11h2v2H4v-2zm16 0H8v2h12v-2zM4 16h2v2H4v-2zm16 0H8v2h12v-2z\" fill=\"currentColor\"><\/path><\/svg><svg style=\"fill: #999;color:#999\" class=\"arrow-unsorted-368013\" xmlns=\"http:\/\/www.w3.org\/2000\/svg\" width=\"10px\" height=\"10px\" viewBox=\"0 0 24 24\" version=\"1.2\" baseProfile=\"tiny\"><path d=\"M18.2 9.3l-6.2-6.3-6.2 6.3c-.2.2-.3.4-.3.7s.1.5.3.7c.2.2.4.3.7.3h11c.3 0 .5-.1.7-.3.2-.2.3-.5.3-.7s-.1-.5-.3-.7zM5.8 14.7l6.2 6.3 6.2-6.3c.2-.2.3-.5.3-.7s-.1-.5-.3-.7c-.2-.2-.4-.3-.7-.3h-11c-.3 0-.5.1-.7.3-.2.2-.3.5-.3.7s.1.5.3.7z\"\/><\/svg><\/span><\/span><\/span><\/a><\/span><\/div>\n<nav><ul class='ez-toc-list ez-toc-list-level-1 ' ><li class='ez-toc-page-1 ez-toc-heading-level-2'><a class=\"ez-toc-link ez-toc-heading-1\" href=\"https:\/\/www.artemadeiras.com.br\/blog\/guarnicoes\/acabamentos-de-impacto-como-as-guarnicoes-de-madeira-mudam-o-visual-de-uma-obra\/#O_que_sao_guarnicoes_de_madeira_e_qual_sua_funcao\" title=\"O que s\u00e3o guarni\u00e7\u00f5es de madeira e qual sua fun\u00e7\u00e3o\">O que s\u00e3o guarni\u00e7\u00f5es de madeira e qual sua fun\u00e7\u00e3o<\/a><\/li><li class='ez-toc-page-1 ez-toc-heading-level-2'><a class=\"ez-toc-link ez-toc-heading-2\" href=\"https:\/\/www.artemadeiras.com.br\/blog\/guarnicoes\/acabamentos-de-impacto-como-as-guarnicoes-de-madeira-mudam-o-visual-de-uma-obra\/#A_importancia_dos_acabamentos_no_design_de_interiores\" title=\"A import\u00e2ncia dos acabamentos no design de interiores\">A import\u00e2ncia dos acabamentos no design de interiores<\/a><\/li><li class='ez-toc-page-1 ez-toc-heading-level-2'><a class=\"ez-toc-link ez-toc-heading-3\" href=\"https:\/\/www.artemadeiras.com.br\/blog\/guarnicoes\/acabamentos-de-impacto-como-as-guarnicoes-de-madeira-mudam-o-visual-de-uma-obra\/#Tipos_de_madeira_e_larguras_mais_utilizadas_em_guarnicoes\" title=\"Tipos de madeira e larguras mais utilizadas em guarni\u00e7\u00f5es\">Tipos de madeira e larguras mais utilizadas em guarni\u00e7\u00f5es<\/a><\/li><li class='ez-toc-page-1 ez-toc-heading-level-2'><a class=\"ez-toc-link ez-toc-heading-4\" href=\"https:\/\/www.artemadeiras.com.br\/blog\/guarnicoes\/acabamentos-de-impacto-como-as-guarnicoes-de-madeira-mudam-o-visual-de-uma-obra\/#Como_as_guarnicoes_de_madeira_valorizam_um_imovel\" title=\"Como as guarni\u00e7\u00f5es de madeira valorizam um im\u00f3vel\">Como as guarni\u00e7\u00f5es de madeira valorizam um im\u00f3vel<\/a><\/li><li class='ez-toc-page-1 ez-toc-heading-level-2'><a class=\"ez-toc-link ez-toc-heading-5\" href=\"https:\/\/www.artemadeiras.com.br\/blog\/guarnicoes\/acabamentos-de-impacto-como-as-guarnicoes-de-madeira-mudam-o-visual-de-uma-obra\/#Aplicacoes_criativas_de_guarnicoes_em_projetos\" title=\"Aplica\u00e7\u00f5es criativas de guarni\u00e7\u00f5es em projetos\">Aplica\u00e7\u00f5es criativas de guarni\u00e7\u00f5es em projetos<\/a><\/li><li class='ez-toc-page-1 ez-toc-heading-level-2'><a class=\"ez-toc-link ez-toc-heading-6\" href=\"https:\/\/www.artemadeiras.com.br\/blog\/guarnicoes\/acabamentos-de-impacto-como-as-guarnicoes-de-madeira-mudam-o-visual-de-uma-obra\/#Guarnicoes_de_madeira_da_Arte_Madeiras_excelencia_em_cada_detalhe\" title=\"Guarni\u00e7\u00f5es de madeira da Arte Madeiras: excel\u00eancia em cada detalhe\">Guarni\u00e7\u00f5es de madeira da Arte Madeiras: excel\u00eancia em cada detalhe<\/a><\/li><\/ul><\/nav><\/div>\n<h2 class=\"wp-block-heading\"><span class=\"ez-toc-section\" id=\"O_que_sao_guarnicoes_de_madeira_e_qual_sua_funcao\"><\/span><strong>O que s\u00e3o guarni\u00e7\u00f5es de madeira e qual sua fun\u00e7\u00e3o<\/strong><span class=\"ez-toc-section-end\"><\/span><\/h2>\n\n\n\n<p>As guarni\u00e7\u00f5es de madeira s\u00e3o pe\u00e7as utilizadas para dar acabamento entre o batente da porta e a parede, cobrindo eventuais imperfei\u00e7\u00f5es e proporcionando uma transi\u00e7\u00e3o visual mais agrad\u00e1vel.<\/p>\n\n\n\n<p>Mas sua fun\u00e7\u00e3o vai al\u00e9m da est\u00e9tica. <strong>Elas ajudam a proteger os cantos da alvenaria contra impactos e desgastes<\/strong>, aumentando a durabilidade da estrutura. Tamb\u00e9m s\u00e3o fundamentais para um encaixe mais limpo e alinhado entre os elementos da obra.<\/p>\n\n\n\n<p>Quando mal executadas ou ausentes, criam uma sensa\u00e7\u00e3o de desleixo, mesmo em ambientes com materiais nobres. Por outro lado, <strong>boas guarni\u00e7\u00f5es s\u00e3o um sinal claro de cuidado, capricho e qualidade na finaliza\u00e7\u00e3o da obra<\/strong>.<\/p>\n\n\n\n<ul class=\"wp-block-list\">\n<li><a href=\"https:\/\/www.artemadeiras.com.br\/blog\/pontaletes\/pontalete-de-madeira-a-peca-resistente-e-versatil-que-sua-construcao-precisa\/\">Pontalete de madeira: a pe\u00e7a resistente e vers\u00e1til que sua constru\u00e7\u00e3o precisa<\/a><\/li>\n<\/ul>\n\n\n\n<h2 class=\"wp-block-heading\"><span class=\"ez-toc-section\" id=\"A_importancia_dos_acabamentos_no_design_de_interiores\"><\/span><strong>A import\u00e2ncia dos acabamentos no design de interiores<\/strong><span class=\"ez-toc-section-end\"><\/span><\/h2>\n\n\n\n<p>Design de interiores vai muito al\u00e9m da escolha dos m\u00f3veis ou da cor da parede. O acabamento \u00e9 o que molda a experi\u00eancia est\u00e9tica de um ambiente. E nesse contexto, a guarni\u00e7\u00e3o \u00e9 um dos itens mais eficientes para valorizar a decora\u00e7\u00e3o.<\/p>\n\n\n\n<p><strong>Um acabamento bem-feito \u00e9 o que transforma um ambiente comum em um espa\u00e7o sofisticado.<\/strong> As guarni\u00e7\u00f5es atuam como molduras que destacam portas, janelas e at\u00e9 mesmo m\u00f3veis planejados, criando harmonia visual.<\/p>\n\n\n\n<p>Outro ponto importante \u00e9 a versatilidade. As guarni\u00e7\u00f5es de madeira podem ser usadas em diferentes estilos de decora\u00e7\u00e3o \u2014 do cl\u00e1ssico ao contempor\u00e2neo. Basta escolher o modelo e a largura ideal para que elas cumpram sua fun\u00e7\u00e3o est\u00e9tica com maestria.<\/p>\n\n\n\n<ul class=\"wp-block-list\">\n<li><a href=\"https:\/\/www.artemadeiras.com.br\/blog\/placa-de-mdf\/placa-de-mdf-crua-garanta-acabamentos-sofisticados-com-precisao-e-resistencia\/\">Placa de MDF crua: garanta acabamentos sofisticados com precis\u00e3o e resist\u00eancia<\/a><\/li>\n<\/ul>\n\n\n\n<h2 class=\"wp-block-heading\"><span class=\"ez-toc-section\" id=\"Tipos_de_madeira_e_larguras_mais_utilizadas_em_guarnicoes\"><\/span><strong>Tipos de madeira e larguras mais utilizadas em guarni\u00e7\u00f5es<\/strong><span class=\"ez-toc-section-end\"><\/span><\/h2>\n\n\n\n<p>A escolha da madeira impacta diretamente na est\u00e9tica e na durabilidade da guarni\u00e7\u00e3o. Entre as op\u00e7\u00f5es dispon\u00edveis no mercado, a <strong>madeira Tauari<\/strong> \u00e9 uma das mais valorizadas por seu excelente custo-benef\u00edcio, resist\u00eancia e beleza natural.<\/p>\n\n\n\n<p>Outro fator determinante \u00e9 a largura da guarni\u00e7\u00e3o. Os tamanhos mais comuns s\u00e3o:<\/p>\n\n\n\n<ul class=\"wp-block-list\">\n<li><strong>5 cm<\/strong>: ideal para projetos mais minimalistas ou ambientes compactos;<br><\/li>\n\n\n\n<li><strong>6 cm<\/strong>: equil\u00edbrio entre discri\u00e7\u00e3o e destaque, bastante vers\u00e1til;<br><\/li>\n\n\n\n<li><strong>7 cm<\/strong>: presen\u00e7a marcante, \u00f3timo para espa\u00e7os amplos e projetos mais ousados.<br><\/li>\n<\/ul>\n\n\n\n<p><strong>Combinar o tipo de madeira com a largura adequada \u00e9 um diferencial visual e t\u00e9cnico.<\/strong> Al\u00e9m disso, quando a madeira \u00e9 seca em estufa, como no caso da Arte Madeiras, a pe\u00e7a ganha estabilidade dimensional e maior resist\u00eancia ao empenamento.<\/p>\n\n\n\n<ul class=\"wp-block-list\">\n<li><a href=\"https:\/\/www.artemadeiras.com.br\/blog\/assoalhos\/assoalho-de-madeira-ipe-a-solucao-ideal-para-garantir-versatilidade-e-durabilidade-ao-seu-ambiente\/\">Assoalho de madeira ip\u00ea: a solu\u00e7\u00e3o ideal para garantir versatilidade e durabilidade ao seu ambiente<\/a><\/li>\n<\/ul>\n\n\n\n<h2 class=\"wp-block-heading\"><span class=\"ez-toc-section\" id=\"Como_as_guarnicoes_de_madeira_valorizam_um_imovel\"><\/span><strong>Como as guarni\u00e7\u00f5es de madeira valorizam um im\u00f3vel<\/strong><span class=\"ez-toc-section-end\"><\/span><\/h2>\n\n\n<div class=\"wp-block-image\">\n<figure class=\"alignright size-full is-resized\"><img loading=\"lazy\" decoding=\"async\" width=\"450\" height=\"800\" src=\"https:\/\/www.artemadeiras.com.br\/blog\/wp-content\/uploads\/2025\/05\/guarnicao3.jpg\" alt=\"\" class=\"wp-image-191\" style=\"width:169px;height:auto\" srcset=\"https:\/\/www.artemadeiras.com.br\/blog\/wp-content\/uploads\/2025\/05\/guarnicao3.jpg 450w, https:\/\/www.artemadeiras.com.br\/blog\/wp-content\/uploads\/2025\/05\/guarnicao3-169x300.jpg 169w\" sizes=\"auto, (max-width: 450px) 100vw, 450px\" \/><\/figure>\n<\/div>\n\n\n<p>Mais do que um detalhe est\u00e9tico, guarni\u00e7\u00f5es bem escolhidas <strong>aumentam a percep\u00e7\u00e3o de valor do im\u00f3vel<\/strong>. Im\u00f3veis com acabamentos de qualidade s\u00e3o naturalmente mais atrativos, tanto para venda quanto para loca\u00e7\u00e3o.<\/p>\n\n\n\n<p>Al\u00e9m disso, <strong>a madeira \u00e9 um material que remete \u00e0 sofistica\u00e7\u00e3o, ao conforto e \u00e0 atemporalidade<\/strong>. Isso significa que, mesmo em projetos modernos, as guarni\u00e7\u00f5es de madeira trazem uma conex\u00e3o com a natureza e com elementos cl\u00e1ssicos da arquitetura.<\/p>\n\n\n\n<p>Vale destacar que o uso correto dessas pe\u00e7as tamb\u00e9m <strong>contribui para uma valoriza\u00e7\u00e3o t\u00e9cnica<\/strong>, pois mostra que o projeto foi executado com aten\u00e7\u00e3o aos m\u00ednimos detalhes, algo que arquitetos, engenheiros e at\u00e9 o comprador final percebem com facilidade.<\/p>\n\n\n\n<ul class=\"wp-block-list\">\n<li><a href=\"https:\/\/www.artemadeiras.com.br\/blog\/viga-de-madeira\/viga-de-madeira-para-telhado-como-escolher-o-modelo-ideal\/\">Viga de madeira para telhado: como escolher o modelo ideal?<\/a><\/li>\n<\/ul>\n\n\n\n<h2 class=\"wp-block-heading\"><span class=\"ez-toc-section\" id=\"Aplicacoes_criativas_de_guarnicoes_em_projetos\"><\/span><strong>Aplica\u00e7\u00f5es criativas de guarni\u00e7\u00f5es em projetos<\/strong><span class=\"ez-toc-section-end\"><\/span><\/h2>\n\n\n\n<p>As guarni\u00e7\u00f5es de madeira n\u00e3o precisam se restringir ao papel tradicional. Profissionais da \u00e1rea de arquitetura e interiores t\u00eam explorado novas possibilidades, como:<\/p>\n\n\n\n<ul class=\"wp-block-list\">\n<li><strong>Cria\u00e7\u00e3o de pain\u00e9is decorativos<\/strong>: utilizando guarni\u00e7\u00f5es para formar molduras na parede;<br><br><\/li>\n\n\n\n<li><strong>Delimita\u00e7\u00e3o de ambientes<\/strong>: em espa\u00e7os integrados, as guarni\u00e7\u00f5es ajudam a marcar visualmente as divis\u00f5es sem precisar de paredes;<br><br><\/li>\n\n\n\n<li><strong>Acento visual em cores contrastantes<\/strong>: o uso de guarni\u00e7\u00f5es em tons diferentes do batente ou da parede cria um efeito moderno e elegante.<br><\/li>\n<\/ul>\n\n\n\n<p>Essas solu\u00e7\u00f5es demonstram o potencial criativo das guarni\u00e7\u00f5es e <strong>refor\u00e7am sua relev\u00e2ncia como pe\u00e7a-chave no design de interiores<\/strong>. N\u00e3o se trata apenas de esconder imperfei\u00e7\u00f5es, mas de elevar o projeto como um todo.<\/p>\n\n\n\n<ul class=\"wp-block-list\">\n<li><a href=\"https:\/\/www.artemadeiras.com.br\/blog\/forros\/forro-de-madeira-para-teto-tendencia-estilo-e-funcionalidade-para-o-seu-projeto\/\">Forro de madeira para teto: tend\u00eancia, estilo e funcionalidade para o seu projeto<\/a><\/li>\n<\/ul>\n\n\n\n<h2 class=\"wp-block-heading\"><span class=\"ez-toc-section\" id=\"Guarnicoes_de_madeira_da_Arte_Madeiras_excelencia_em_cada_detalhe\"><\/span><strong>Guarni\u00e7\u00f5es de madeira da Arte Madeiras: excel\u00eancia em cada detalhe<\/strong><span class=\"ez-toc-section-end\"><\/span><\/h2>\n\n\n\n<p>Se voc\u00ea est\u00e1 em busca de qualidade, variedade e proced\u00eancia garantida, vale conhecer as <strong>guarni\u00e7\u00f5es de madeira da Arte Madeiras<\/strong>. A empresa, com mais de 28 anos de atua\u00e7\u00e3o na Zona Norte de S\u00e3o Paulo, \u00e9 refer\u00eancia no setor da constru\u00e7\u00e3o civil e mobili\u00e1rio.<\/p>\n\n\n\n<p>Na Arte Madeiras, voc\u00ea encontra guarni\u00e7\u00f5es em <strong>Tauari Seco em Estufa<\/strong>, com medidas de <strong>5cm, 6cm e 7cm<\/strong>, ideais para diversos tipos de projetos \u2014 do residencial ao corporativo.&nbsp;<\/p>\n\n\n\n<p>A madeira \u00e9 de <strong>origem controlada<\/strong>, com certifica\u00e7\u00f5es reconhecidas pelos \u00f3rg\u00e3os ambientais como o <strong>IBAMA<\/strong> e a <strong>Secretaria do Meio Ambiente<\/strong>, al\u00e9m de participa\u00e7\u00e3o no programa <strong>QUALIMADEIRA<\/strong>.<\/p>\n\n\n\n<p>Outro destaque \u00e9 o atendimento. <strong>A equipe da Arte Madeiras \u00e9 composta por profissionais experientes<\/strong>, prontos para atender demandas espec\u00edficas de arquitetos, engenheiros, decoradores e consumidores finais.<\/p>\n\n\n\n<p><strong>Valorize sua obra com o toque sofisticado das guarni\u00e7\u00f5es de madeira. <a href=\"https:\/\/www.artemadeiras.com.br\/contato\" class=\"rank-math-link\">Entre em contato<\/a> com a Arte Madeiras e transforme cada detalhe em excel\u00eancia.<\/strong><\/p>\n","protected":false},"excerpt":{"rendered":"<p><span class=\"rt-reading-time\" style=\"display: block;\"><span class=\"rt-label rt-prefix\">Tempo de leitura<\/span> <span class=\"rt-time\">4<\/span> <span class=\"rt-label rt-postfix\">minutos<\/span><\/span> Descubra como as guarni\u00e7\u00f5es de madeira transformam o acabamento de obras e ambientes, oferecendo sofistica\u00e7\u00e3o, funcionalidade e valor est\u00e9tico. Voc\u00ea j\u00e1 entrou em um ambiente rec\u00e9m-reformado e teve a sensa\u00e7\u00e3o de que \u201cfaltava algo\u201d? Muitas vezes, esse \u201calgo\u201d est\u00e1 nos&#8230;<\/p>\n","protected":false},"author":1,"featured_media":190,"comment_status":"open","ping_status":"open","sticky":false,"template":"","format":"standard","meta":{"footnotes":""},"categories":[1101],"tags":[1103,1107,1117,1118,1119,932,1115,1122,1120,1121,1111,1112,1113,1104,1102,1129,1126,1125,1132,1133,1128,1127,1134,1130,1124,1131,1105,1110,1116,1106,1123,1114,1108,1109],"class_list":["post-189","post","type-post","status-publish","format-standard","has-post-thumbnail","hentry","category-guarnicoes","tag-acabamento-de-obra","tag-acabamento-de-portas","tag-acabamento-sofisticado","tag-arte-madeiras-zona-norte","tag-certificacao-de-madeira","tag-decoracao-com-madeira","tag-detalhes-de-acabamento","tag-distribuidor-de-guarnicoes-de-madeira","tag-empresa-de-guarnicoes-de-madeira","tag-fornecedor-de-guarnicoes-de-madeira","tag-guarnicao-5cm","tag-guarnicao-6cm","tag-guarnicao-7cm","tag-guarnicao-tauari","tag-guarnicoes-de-madeira","tag-guarnicoes-de-madeira-em-promocao","tag-guarnicoes-de-madeira-em-sao-paulo","tag-guarnicoes-de-madeira-em-sp","tag-guarnicoes-de-madeira-na-agua-branca","tag-guarnicoes-de-madeira-na-barra-funda","tag-guarnicoes-de-madeira-na-vila-guilherme","tag-guarnicoes-de-madeira-na-zona-norte","tag-guarnicoes-de-madeira-no-bom-retiro","tag-guarnicoes-de-madeira-perto-de-mim","tag-guarnicoes-de-madeira-preco","tag-guarnicoes-de-madeira-proximo-a-mim","tag-guarnicoes-decorativas","tag-guarnicoes-modernas","tag-guarnicoes-para-reforma","tag-larguras-de-guarnicoes","tag-loja-de-guarnicoes-de-madeira","tag-madeira-seca-em-estufa","tag-molduras-de-madeira","tag-projeto-com-guarnicoes"],"yoast_head":"<!-- This site is optimized with the Yoast SEO plugin v23.6 - https:\/\/yoast.com\/wordpress\/plugins\/seo\/ -->\n<title>Acabamentos de impacto: como as guarni\u00e7\u00f5es de madeira mudam o visual de uma obra - Blog | Arte madeiras<\/title>\n<meta name=\"description\" content=\"Descubra como as guarni\u00e7\u00f5es de madeira transformam o acabamento de obras e ambientes, oferecendo sofistica\u00e7\u00e3o e funcionalidade.\" \/>\n<meta name=\"robots\" content=\"index, follow, max-snippet:-1, max-image-preview:large, max-video-preview:-1\" \/>\n<link rel=\"canonical\" href=\"https:\/\/www.artemadeiras.com.br\/blog\/guarnicoes\/acabamentos-de-impacto-como-as-guarnicoes-de-madeira-mudam-o-visual-de-uma-obra\/\" \/>\n<meta property=\"og:locale\" content=\"pt_BR\" \/>\n<meta property=\"og:type\" content=\"article\" \/>\n<meta property=\"og:title\" content=\"Acabamentos de impacto: como as guarni\u00e7\u00f5es de madeira mudam o visual de uma obra - Blog | Arte madeiras\" \/>\n<meta property=\"og:description\" content=\"Descubra como as guarni\u00e7\u00f5es de madeira transformam o acabamento de obras e ambientes, oferecendo sofistica\u00e7\u00e3o e funcionalidade.\" \/>\n<meta property=\"og:url\" content=\"https:\/\/www.artemadeiras.com.br\/blog\/guarnicoes\/acabamentos-de-impacto-como-as-guarnicoes-de-madeira-mudam-o-visual-de-uma-obra\/\" \/>\n<meta property=\"og:site_name\" content=\"Blog | Arte madeiras\" \/>\n<meta property=\"article:published_time\" content=\"2026-03-02T20:45:46+00:00\" \/>\n<meta property=\"article:modified_time\" content=\"2026-03-02T20:45:47+00:00\" \/>\n<meta property=\"og:image\" content=\"https:\/\/www.artemadeiras.com.br\/blog\/wp-content\/uploads\/2025\/05\/guarnicao6.jpg\" \/>\n\t<meta property=\"og:image:width\" content=\"800\" \/>\n\t<meta property=\"og:image:height\" content=\"600\" \/>\n\t<meta property=\"og:image:type\" content=\"image\/jpeg\" \/>\n<meta name=\"author\" content=\"bloomin\" \/>\n<meta name=\"twitter:card\" content=\"summary_large_image\" \/>\n<meta name=\"twitter:label1\" content=\"Escrito por\" \/>\n\t<meta name=\"twitter:data1\" content=\"bloomin\" \/>\n\t<meta name=\"twitter:label2\" content=\"Est. tempo de leitura\" \/>\n\t<meta name=\"twitter:data2\" content=\"6 minutos\" \/>\n<script type=\"application\/ld+json\" class=\"yoast-schema-graph\">{\"@context\":\"https:\/\/schema.org\",\"@graph\":[{\"@type\":\"Article\",\"@id\":\"https:\/\/www.artemadeiras.com.br\/blog\/guarnicoes\/acabamentos-de-impacto-como-as-guarnicoes-de-madeira-mudam-o-visual-de-uma-obra\/#article\",\"isPartOf\":{\"@id\":\"https:\/\/www.artemadeiras.com.br\/blog\/guarnicoes\/acabamentos-de-impacto-como-as-guarnicoes-de-madeira-mudam-o-visual-de-uma-obra\/\"},\"author\":{\"name\":\"bloomin\",\"@id\":\"https:\/\/www.artemadeiras.com.br\/blog\/#\/schema\/person\/03c7826df62479a35ffcf10a5a652727\"},\"headline\":\"Acabamentos de impacto: como as guarni\u00e7\u00f5es de madeira mudam o visual de uma obra\",\"datePublished\":\"2026-03-02T20:45:46+00:00\",\"dateModified\":\"2026-03-02T20:45:47+00:00\",\"mainEntityOfPage\":{\"@id\":\"https:\/\/www.artemadeiras.com.br\/blog\/guarnicoes\/acabamentos-de-impacto-como-as-guarnicoes-de-madeira-mudam-o-visual-de-uma-obra\/\"},\"wordCount\":1085,\"commentCount\":0,\"publisher\":{\"@id\":\"https:\/\/www.artemadeiras.com.br\/blog\/#organization\"},\"image\":{\"@id\":\"https:\/\/www.artemadeiras.com.br\/blog\/guarnicoes\/acabamentos-de-impacto-como-as-guarnicoes-de-madeira-mudam-o-visual-de-uma-obra\/#primaryimage\"},\"thumbnailUrl\":\"https:\/\/www.artemadeiras.com.br\/blog\/wp-content\/uploads\/2025\/05\/guarnicao6.jpg\",\"keywords\":[\"acabamento de obra\",\"acabamento de portas\",\"acabamento sofisticado\",\"arte madeiras zona norte\",\"certifica\u00e7\u00e3o de madeira\",\"decora\u00e7\u00e3o com madeira\",\"detalhes de acabamento\",\"distribuidor de guarni\u00e7\u00f5es de madeira\",\"empresa de guarni\u00e7\u00f5es de madeira\",\"fornecedor de guarni\u00e7\u00f5es de madeira\",\"guarni\u00e7\u00e3o 5cm\",\"guarni\u00e7\u00e3o 6cm\",\"guarni\u00e7\u00e3o 7cm\",\"guarni\u00e7\u00e3o tauari\",\"guarni\u00e7\u00f5es de madeira\",\"guarni\u00e7\u00f5es de madeira em promo\u00e7\u00e3o\",\"guarni\u00e7\u00f5es de madeira em s\u00e3o paulo\",\"guarni\u00e7\u00f5es de madeira em sp\",\"guarni\u00e7\u00f5es de madeira na \u00c1gua Branca\",\"guarni\u00e7\u00f5es de madeira na Barra Funda\",\"guarni\u00e7\u00f5es de madeira na Vila Guilherme\",\"guarni\u00e7\u00f5es de madeira na zona norte\",\"guarni\u00e7\u00f5es de madeira no Bom Retiro\",\"guarni\u00e7\u00f5es de madeira perto de mim\",\"guarni\u00e7\u00f5es de madeira pre\u00e7o\",\"guarni\u00e7\u00f5es de madeira pr\u00f3ximo a mim\",\"guarni\u00e7\u00f5es decorativas\",\"guarni\u00e7\u00f5es modernas\",\"guarni\u00e7\u00f5es para reforma\",\"larguras de guarni\u00e7\u00f5es\",\"loja de guarni\u00e7\u00f5es de madeira\",\"madeira seca em estufa\",\"molduras de madeira\",\"projeto com guarni\u00e7\u00f5es\"],\"articleSection\":[\"Guarni\u00e7\u00f5es\"],\"inLanguage\":\"pt-BR\",\"potentialAction\":[{\"@type\":\"CommentAction\",\"name\":\"Comment\",\"target\":[\"https:\/\/www.artemadeiras.com.br\/blog\/guarnicoes\/acabamentos-de-impacto-como-as-guarnicoes-de-madeira-mudam-o-visual-de-uma-obra\/#respond\"]}]},{\"@type\":\"WebPage\",\"@id\":\"https:\/\/www.artemadeiras.com.br\/blog\/guarnicoes\/acabamentos-de-impacto-como-as-guarnicoes-de-madeira-mudam-o-visual-de-uma-obra\/\",\"url\":\"https:\/\/www.artemadeiras.com.br\/blog\/guarnicoes\/acabamentos-de-impacto-como-as-guarnicoes-de-madeira-mudam-o-visual-de-uma-obra\/\",\"name\":\"Acabamentos de impacto: como as guarni\u00e7\u00f5es de madeira mudam o visual de uma obra - Blog | Arte madeiras\",\"isPartOf\":{\"@id\":\"https:\/\/www.artemadeiras.com.br\/blog\/#website\"},\"primaryImageOfPage\":{\"@id\":\"https:\/\/www.artemadeiras.com.br\/blog\/guarnicoes\/acabamentos-de-impacto-como-as-guarnicoes-de-madeira-mudam-o-visual-de-uma-obra\/#primaryimage\"},\"image\":{\"@id\":\"https:\/\/www.artemadeiras.com.br\/blog\/guarnicoes\/acabamentos-de-impacto-como-as-guarnicoes-de-madeira-mudam-o-visual-de-uma-obra\/#primaryimage\"},\"thumbnailUrl\":\"https:\/\/www.artemadeiras.com.br\/blog\/wp-content\/uploads\/2025\/05\/guarnicao6.jpg\",\"datePublished\":\"2026-03-02T20:45:46+00:00\",\"dateModified\":\"2026-03-02T20:45:47+00:00\",\"description\":\"Descubra como as guarni\u00e7\u00f5es de madeira transformam o acabamento de obras e ambientes, oferecendo sofistica\u00e7\u00e3o e funcionalidade.\",\"breadcrumb\":{\"@id\":\"https:\/\/www.artemadeiras.com.br\/blog\/guarnicoes\/acabamentos-de-impacto-como-as-guarnicoes-de-madeira-mudam-o-visual-de-uma-obra\/#breadcrumb\"},\"inLanguage\":\"pt-BR\",\"potentialAction\":[{\"@type\":\"ReadAction\",\"target\":[\"https:\/\/www.artemadeiras.com.br\/blog\/guarnicoes\/acabamentos-de-impacto-como-as-guarnicoes-de-madeira-mudam-o-visual-de-uma-obra\/\"]}]},{\"@type\":\"ImageObject\",\"inLanguage\":\"pt-BR\",\"@id\":\"https:\/\/www.artemadeiras.com.br\/blog\/guarnicoes\/acabamentos-de-impacto-como-as-guarnicoes-de-madeira-mudam-o-visual-de-uma-obra\/#primaryimage\",\"url\":\"https:\/\/www.artemadeiras.com.br\/blog\/wp-content\/uploads\/2025\/05\/guarnicao6.jpg\",\"contentUrl\":\"https:\/\/www.artemadeiras.com.br\/blog\/wp-content\/uploads\/2025\/05\/guarnicao6.jpg\",\"width\":800,\"height\":600,\"caption\":\"Acabamentos de impacto: como as guarni\u00e7\u00f5es de madeira mudam o visual de uma obra\"},{\"@type\":\"BreadcrumbList\",\"@id\":\"https:\/\/www.artemadeiras.com.br\/blog\/guarnicoes\/acabamentos-de-impacto-como-as-guarnicoes-de-madeira-mudam-o-visual-de-uma-obra\/#breadcrumb\",\"itemListElement\":[{\"@type\":\"ListItem\",\"position\":1,\"name\":\"In\u00edcio\",\"item\":\"https:\/\/www.artemadeiras.com.br\/blog\/\"},{\"@type\":\"ListItem\",\"position\":2,\"name\":\"Acabamentos de impacto: como as guarni\u00e7\u00f5es de madeira mudam o visual de uma obra\"}]},{\"@type\":\"WebSite\",\"@id\":\"https:\/\/www.artemadeiras.com.br\/blog\/#website\",\"url\":\"https:\/\/www.artemadeiras.com.br\/blog\/\",\"name\":\"Blog | Arte madeiras\",\"description\":\"Dicas e Novidades sobre Madeiras\",\"publisher\":{\"@id\":\"https:\/\/www.artemadeiras.com.br\/blog\/#organization\"},\"potentialAction\":[{\"@type\":\"SearchAction\",\"target\":{\"@type\":\"EntryPoint\",\"urlTemplate\":\"https:\/\/www.artemadeiras.com.br\/blog\/?s={search_term_string}\"},\"query-input\":{\"@type\":\"PropertyValueSpecification\",\"valueRequired\":true,\"valueName\":\"search_term_string\"}}],\"inLanguage\":\"pt-BR\"},{\"@type\":\"Organization\",\"@id\":\"https:\/\/www.artemadeiras.com.br\/blog\/#organization\",\"name\":\"Blog | Arte madeiras\",\"url\":\"https:\/\/www.artemadeiras.com.br\/blog\/\",\"logo\":{\"@type\":\"ImageObject\",\"inLanguage\":\"pt-BR\",\"@id\":\"https:\/\/www.artemadeiras.com.br\/blog\/#\/schema\/logo\/image\/\",\"url\":\"https:\/\/www.artemadeiras.com.br\/blog\/wp-content\/uploads\/2021\/01\/logo-arte-madeiras.png\",\"contentUrl\":\"https:\/\/www.artemadeiras.com.br\/blog\/wp-content\/uploads\/2021\/01\/logo-arte-madeiras.png\",\"width\":255,\"height\":110,\"caption\":\"Blog | Arte madeiras\"},\"image\":{\"@id\":\"https:\/\/www.artemadeiras.com.br\/blog\/#\/schema\/logo\/image\/\"}},{\"@type\":\"Person\",\"@id\":\"https:\/\/www.artemadeiras.com.br\/blog\/#\/schema\/person\/03c7826df62479a35ffcf10a5a652727\",\"name\":\"bloomin\",\"image\":{\"@type\":\"ImageObject\",\"inLanguage\":\"pt-BR\",\"@id\":\"https:\/\/www.artemadeiras.com.br\/blog\/#\/schema\/person\/image\/\",\"url\":\"https:\/\/secure.gravatar.com\/avatar\/161a7ea08f1b8bd365e1697a2453e6c719201075da8bdf298a1c2fc5455ba35d?s=96&d=mm&r=g\",\"contentUrl\":\"https:\/\/secure.gravatar.com\/avatar\/161a7ea08f1b8bd365e1697a2453e6c719201075da8bdf298a1c2fc5455ba35d?s=96&d=mm&r=g\",\"caption\":\"bloomin\"},\"sameAs\":[\"https:\/\/www.artemadeiras.com.br\/blog\"],\"url\":\"https:\/\/www.artemadeiras.com.br\/blog\/author\/bloomin\/\"}]}<\/script>\n<!-- \/ Yoast SEO plugin. -->","yoast_head_json":{"title":"Acabamentos de impacto: como as guarni\u00e7\u00f5es de madeira mudam o visual de uma obra - Blog | Arte madeiras","description":"Descubra como as guarni\u00e7\u00f5es de madeira transformam o acabamento de obras e ambientes, oferecendo sofistica\u00e7\u00e3o e funcionalidade.","robots":{"index":"index","follow":"follow","max-snippet":"max-snippet:-1","max-image-preview":"max-image-preview:large","max-video-preview":"max-video-preview:-1"},"canonical":"https:\/\/www.artemadeiras.com.br\/blog\/guarnicoes\/acabamentos-de-impacto-como-as-guarnicoes-de-madeira-mudam-o-visual-de-uma-obra\/","og_locale":"pt_BR","og_type":"article","og_title":"Acabamentos de impacto: como as guarni\u00e7\u00f5es de madeira mudam o visual de uma obra - Blog | Arte madeiras","og_description":"Descubra como as guarni\u00e7\u00f5es de madeira transformam o acabamento de obras e ambientes, oferecendo sofistica\u00e7\u00e3o e funcionalidade.","og_url":"https:\/\/www.artemadeiras.com.br\/blog\/guarnicoes\/acabamentos-de-impacto-como-as-guarnicoes-de-madeira-mudam-o-visual-de-uma-obra\/","og_site_name":"Blog | Arte madeiras","article_published_time":"2026-03-02T20:45:46+00:00","article_modified_time":"2026-03-02T20:45:47+00:00","og_image":[{"width":800,"height":600,"url":"https:\/\/www.artemadeiras.com.br\/blog\/wp-content\/uploads\/2025\/05\/guarnicao6.jpg","type":"image\/jpeg"}],"author":"bloomin","twitter_card":"summary_large_image","twitter_misc":{"Escrito por":"bloomin","Est. tempo de leitura":"6 minutos"},"schema":{"@context":"https:\/\/schema.org","@graph":[{"@type":"Article","@id":"https:\/\/www.artemadeiras.com.br\/blog\/guarnicoes\/acabamentos-de-impacto-como-as-guarnicoes-de-madeira-mudam-o-visual-de-uma-obra\/#article","isPartOf":{"@id":"https:\/\/www.artemadeiras.com.br\/blog\/guarnicoes\/acabamentos-de-impacto-como-as-guarnicoes-de-madeira-mudam-o-visual-de-uma-obra\/"},"author":{"name":"bloomin","@id":"https:\/\/www.artemadeiras.com.br\/blog\/#\/schema\/person\/03c7826df62479a35ffcf10a5a652727"},"headline":"Acabamentos de impacto: como as guarni\u00e7\u00f5es de madeira mudam o visual de uma obra","datePublished":"2026-03-02T20:45:46+00:00","dateModified":"2026-03-02T20:45:47+00:00","mainEntityOfPage":{"@id":"https:\/\/www.artemadeiras.com.br\/blog\/guarnicoes\/acabamentos-de-impacto-como-as-guarnicoes-de-madeira-mudam-o-visual-de-uma-obra\/"},"wordCount":1085,"commentCount":0,"publisher":{"@id":"https:\/\/www.artemadeiras.com.br\/blog\/#organization"},"image":{"@id":"https:\/\/www.artemadeiras.com.br\/blog\/guarnicoes\/acabamentos-de-impacto-como-as-guarnicoes-de-madeira-mudam-o-visual-de-uma-obra\/#primaryimage"},"thumbnailUrl":"https:\/\/www.artemadeiras.com.br\/blog\/wp-content\/uploads\/2025\/05\/guarnicao6.jpg","keywords":["acabamento de obra","acabamento de portas","acabamento sofisticado","arte madeiras zona norte","certifica\u00e7\u00e3o de madeira","decora\u00e7\u00e3o com madeira","detalhes de acabamento","distribuidor de guarni\u00e7\u00f5es de madeira","empresa de guarni\u00e7\u00f5es de madeira","fornecedor de guarni\u00e7\u00f5es de madeira","guarni\u00e7\u00e3o 5cm","guarni\u00e7\u00e3o 6cm","guarni\u00e7\u00e3o 7cm","guarni\u00e7\u00e3o tauari","guarni\u00e7\u00f5es de madeira","guarni\u00e7\u00f5es de madeira em promo\u00e7\u00e3o","guarni\u00e7\u00f5es de madeira em s\u00e3o paulo","guarni\u00e7\u00f5es de madeira em sp","guarni\u00e7\u00f5es de madeira na \u00c1gua Branca","guarni\u00e7\u00f5es de madeira na Barra Funda","guarni\u00e7\u00f5es de madeira na Vila Guilherme","guarni\u00e7\u00f5es de madeira na zona norte","guarni\u00e7\u00f5es de madeira no Bom Retiro","guarni\u00e7\u00f5es de madeira perto de mim","guarni\u00e7\u00f5es de madeira pre\u00e7o","guarni\u00e7\u00f5es de madeira pr\u00f3ximo a mim","guarni\u00e7\u00f5es decorativas","guarni\u00e7\u00f5es modernas","guarni\u00e7\u00f5es para reforma","larguras de guarni\u00e7\u00f5es","loja de guarni\u00e7\u00f5es de madeira","madeira seca em estufa","molduras de madeira","projeto com guarni\u00e7\u00f5es"],"articleSection":["Guarni\u00e7\u00f5es"],"inLanguage":"pt-BR","potentialAction":[{"@type":"CommentAction","name":"Comment","target":["https:\/\/www.artemadeiras.com.br\/blog\/guarnicoes\/acabamentos-de-impacto-como-as-guarnicoes-de-madeira-mudam-o-visual-de-uma-obra\/#respond"]}]},{"@type":"WebPage","@id":"https:\/\/www.artemadeiras.com.br\/blog\/guarnicoes\/acabamentos-de-impacto-como-as-guarnicoes-de-madeira-mudam-o-visual-de-uma-obra\/","url":"https:\/\/www.artemadeiras.com.br\/blog\/guarnicoes\/acabamentos-de-impacto-como-as-guarnicoes-de-madeira-mudam-o-visual-de-uma-obra\/","name":"Acabamentos de impacto: como as guarni\u00e7\u00f5es de madeira mudam o visual de uma obra - Blog | Arte madeiras","isPartOf":{"@id":"https:\/\/www.artemadeiras.com.br\/blog\/#website"},"primaryImageOfPage":{"@id":"https:\/\/www.artemadeiras.com.br\/blog\/guarnicoes\/acabamentos-de-impacto-como-as-guarnicoes-de-madeira-mudam-o-visual-de-uma-obra\/#primaryimage"},"image":{"@id":"https:\/\/www.artemadeiras.com.br\/blog\/guarnicoes\/acabamentos-de-impacto-como-as-guarnicoes-de-madeira-mudam-o-visual-de-uma-obra\/#primaryimage"},"thumbnailUrl":"https:\/\/www.artemadeiras.com.br\/blog\/wp-content\/uploads\/2025\/05\/guarnicao6.jpg","datePublished":"2026-03-02T20:45:46+00:00","dateModified":"2026-03-02T20:45:47+00:00","description":"Descubra como as guarni\u00e7\u00f5es de madeira transformam o acabamento de obras e ambientes, oferecendo sofistica\u00e7\u00e3o e funcionalidade.","breadcrumb":{"@id":"https:\/\/www.artemadeiras.com.br\/blog\/guarnicoes\/acabamentos-de-impacto-como-as-guarnicoes-de-madeira-mudam-o-visual-de-uma-obra\/#breadcrumb"},"inLanguage":"pt-BR","potentialAction":[{"@type":"ReadAction","target":["https:\/\/www.artemadeiras.com.br\/blog\/guarnicoes\/acabamentos-de-impacto-como-as-guarnicoes-de-madeira-mudam-o-visual-de-uma-obra\/"]}]},{"@type":"ImageObject","inLanguage":"pt-BR","@id":"https:\/\/www.artemadeiras.com.br\/blog\/guarnicoes\/acabamentos-de-impacto-como-as-guarnicoes-de-madeira-mudam-o-visual-de-uma-obra\/#primaryimage","url":"https:\/\/www.artemadeiras.com.br\/blog\/wp-content\/uploads\/2025\/05\/guarnicao6.jpg","contentUrl":"https:\/\/www.artemadeiras.com.br\/blog\/wp-content\/uploads\/2025\/05\/guarnicao6.jpg","width":800,"height":600,"caption":"Acabamentos de impacto: como as guarni\u00e7\u00f5es de madeira mudam o visual de uma obra"},{"@type":"BreadcrumbList","@id":"https:\/\/www.artemadeiras.com.br\/blog\/guarnicoes\/acabamentos-de-impacto-como-as-guarnicoes-de-madeira-mudam-o-visual-de-uma-obra\/#breadcrumb","itemListElement":[{"@type":"ListItem","position":1,"name":"In\u00edcio","item":"https:\/\/www.artemadeiras.com.br\/blog\/"},{"@type":"ListItem","position":2,"name":"Acabamentos de impacto: como as guarni\u00e7\u00f5es de madeira mudam o visual de uma obra"}]},{"@type":"WebSite","@id":"https:\/\/www.artemadeiras.com.br\/blog\/#website","url":"https:\/\/www.artemadeiras.com.br\/blog\/","name":"Blog | Arte madeiras","description":"Dicas e Novidades sobre Madeiras","publisher":{"@id":"https:\/\/www.artemadeiras.com.br\/blog\/#organization"},"potentialAction":[{"@type":"SearchAction","target":{"@type":"EntryPoint","urlTemplate":"https:\/\/www.artemadeiras.com.br\/blog\/?s={search_term_string}"},"query-input":{"@type":"PropertyValueSpecification","valueRequired":true,"valueName":"search_term_string"}}],"inLanguage":"pt-BR"},{"@type":"Organization","@id":"https:\/\/www.artemadeiras.com.br\/blog\/#organization","name":"Blog | Arte madeiras","url":"https:\/\/www.artemadeiras.com.br\/blog\/","logo":{"@type":"ImageObject","inLanguage":"pt-BR","@id":"https:\/\/www.artemadeiras.com.br\/blog\/#\/schema\/logo\/image\/","url":"https:\/\/www.artemadeiras.com.br\/blog\/wp-content\/uploads\/2021\/01\/logo-arte-madeiras.png","contentUrl":"https:\/\/www.artemadeiras.com.br\/blog\/wp-content\/uploads\/2021\/01\/logo-arte-madeiras.png","width":255,"height":110,"caption":"Blog | Arte madeiras"},"image":{"@id":"https:\/\/www.artemadeiras.com.br\/blog\/#\/schema\/logo\/image\/"}},{"@type":"Person","@id":"https:\/\/www.artemadeiras.com.br\/blog\/#\/schema\/person\/03c7826df62479a35ffcf10a5a652727","name":"bloomin","image":{"@type":"ImageObject","inLanguage":"pt-BR","@id":"https:\/\/www.artemadeiras.com.br\/blog\/#\/schema\/person\/image\/","url":"https:\/\/secure.gravatar.com\/avatar\/161a7ea08f1b8bd365e1697a2453e6c719201075da8bdf298a1c2fc5455ba35d?s=96&d=mm&r=g","contentUrl":"https:\/\/secure.gravatar.com\/avatar\/161a7ea08f1b8bd365e1697a2453e6c719201075da8bdf298a1c2fc5455ba35d?s=96&d=mm&r=g","caption":"bloomin"},"sameAs":["https:\/\/www.artemadeiras.com.br\/blog"],"url":"https:\/\/www.artemadeiras.com.br\/blog\/author\/bloomin\/"}]}},"_links":{"self":[{"href":"https:\/\/www.artemadeiras.com.br\/blog\/wp-json\/wp\/v2\/posts\/189","targetHints":{"allow":["GET"]}}],"collection":[{"href":"https:\/\/www.artemadeiras.com.br\/blog\/wp-json\/wp\/v2\/posts"}],"about":[{"href":"https:\/\/www.artemadeiras.com.br\/blog\/wp-json\/wp\/v2\/types\/post"}],"author":[{"embeddable":true,"href":"https:\/\/www.artemadeiras.com.br\/blog\/wp-json\/wp\/v2\/users\/1"}],"replies":[{"embeddable":true,"href":"https:\/\/www.artemadeiras.com.br\/blog\/wp-json\/wp\/v2\/comments?post=189"}],"version-history":[{"count":1,"href":"https:\/\/www.artemadeiras.com.br\/blog\/wp-json\/wp\/v2\/posts\/189\/revisions"}],"predecessor-version":[{"id":192,"href":"https:\/\/www.artemadeiras.com.br\/blog\/wp-json\/wp\/v2\/posts\/189\/revisions\/192"}],"wp:featuredmedia":[{"embeddable":true,"href":"https:\/\/www.artemadeiras.com.br\/blog\/wp-json\/wp\/v2\/media\/190"}],"wp:attachment":[{"href":"https:\/\/www.artemadeiras.com.br\/blog\/wp-json\/wp\/v2\/media?parent=189"}],"wp:term":[{"taxonomy":"category","embeddable":true,"href":"https:\/\/www.artemadeiras.com.br\/blog\/wp-json\/wp\/v2\/categories?post=189"},{"taxonomy":"post_tag","embeddable":true,"href":"https:\/\/www.artemadeiras.com.br\/blog\/wp-json\/wp\/v2\/tags?post=189"}],"curies":[{"name":"wp","href":"https:\/\/api.w.org\/{rel}","templated":true}]}}