{"id":18,"date":"2024-03-27T16:48:11","date_gmt":"2024-03-27T19:48:11","guid":{"rendered":"https:\/\/www.artemadeiras.com.br\/blog\/?p=18"},"modified":"2024-03-27T18:11:53","modified_gmt":"2024-03-27T21:11:53","slug":"deck-de-madeira-conheca-mais-sobre","status":"publish","type":"post","link":"https:\/\/www.artemadeiras.com.br\/blog\/deck\/deck-de-madeira-conheca-mais-sobre\/","title":{"rendered":"Deck de madeira na zona norte: conhe\u00e7a mais sobre"},"content":{"rendered":"<span class=\"rt-reading-time\" style=\"display: block;\"><span class=\"rt-label rt-prefix\">Tempo de leitura<\/span> <span class=\"rt-time\">3<\/span> <span class=\"rt-label rt-postfix\">minutos<\/span><\/span>\n<p>O deck de madeira na zona norte tem uma presen\u00e7a muito marcante em decora\u00e7\u00f5es de ambientes externos, auxiliando na circula\u00e7\u00e3o de espa\u00e7os. Atualmente, sua aplica\u00e7\u00e3o vai al\u00e9m de revestimentos para pisos, sendo vastamente empregado como forra\u00e7\u00e3o de muros para fazer jardins horizontais ou ainda para servir de decora\u00e7\u00e3o em pain\u00e9is de televis\u00e3o.<\/p>\n\n\n\n<p>Esse material \u00e9 capaz de trazer ao ambiente um visual muito aconchegante e sofisticado, dando um ar de rusticidade. Por\u00e9m, para que se tenha um deck de madeira, \u00e9 importante primeiro verificar as condi\u00e7\u00f5es do ambiente e a intensidade de seu uso. Nesse post, iremos tratar das vantagens e desvantagens de aplic\u00e1-lo em sua resid\u00eancia.<\/p>\n\n\n\n<div id=\"ez-toc-container\" class=\"ez-toc-v2_0_66_1 counter-hierarchy ez-toc-counter ez-toc-grey ez-toc-container-direction\">\n<div class=\"ez-toc-title-container\">\n<p class=\"ez-toc-title \" >T&oacute;picos do artigo<\/p>\n<span class=\"ez-toc-title-toggle\"><a href=\"#\" class=\"ez-toc-pull-right ez-toc-btn ez-toc-btn-xs ez-toc-btn-default ez-toc-toggle\" aria-label=\"Toggle Table of Content\"><span class=\"ez-toc-js-icon-con\"><span class=\"\"><span class=\"eztoc-hide\" style=\"display:none;\">Toggle<\/span><span class=\"ez-toc-icon-toggle-span\"><svg style=\"fill: #999;color:#999\" xmlns=\"http:\/\/www.w3.org\/2000\/svg\" class=\"list-377408\" width=\"20px\" height=\"20px\" viewBox=\"0 0 24 24\" fill=\"none\"><path d=\"M6 6H4v2h2V6zm14 0H8v2h12V6zM4 11h2v2H4v-2zm16 0H8v2h12v-2zM4 16h2v2H4v-2zm16 0H8v2h12v-2z\" fill=\"currentColor\"><\/path><\/svg><svg style=\"fill: #999;color:#999\" class=\"arrow-unsorted-368013\" xmlns=\"http:\/\/www.w3.org\/2000\/svg\" width=\"10px\" height=\"10px\" viewBox=\"0 0 24 24\" version=\"1.2\" baseProfile=\"tiny\"><path d=\"M18.2 9.3l-6.2-6.3-6.2 6.3c-.2.2-.3.4-.3.7s.1.5.3.7c.2.2.4.3.7.3h11c.3 0 .5-.1.7-.3.2-.2.3-.5.3-.7s-.1-.5-.3-.7zM5.8 14.7l6.2 6.3 6.2-6.3c.2-.2.3-.5.3-.7s-.1-.5-.3-.7c-.2-.2-.4-.3-.7-.3h-11c-.3 0-.5.1-.7.3-.2.2-.3.5-.3.7s.1.5.3.7z\"\/><\/svg><\/span><\/span><\/span><\/a><\/span><\/div>\n<nav><ul class='ez-toc-list ez-toc-list-level-1 ' ><li class='ez-toc-page-1 ez-toc-heading-level-2'><a class=\"ez-toc-link ez-toc-heading-1\" href=\"https:\/\/www.artemadeiras.com.br\/blog\/deck\/deck-de-madeira-conheca-mais-sobre\/#Onde_posso_utilizar_um_deck_de_madeira_na_zona_norte\" title=\"Onde posso utilizar um deck de madeira na zona norte?\">Onde posso utilizar um deck de madeira na zona norte?<\/a><\/li><li class='ez-toc-page-1 ez-toc-heading-level-2'><a class=\"ez-toc-link ez-toc-heading-2\" href=\"https:\/\/www.artemadeiras.com.br\/blog\/deck\/deck-de-madeira-conheca-mais-sobre\/#Por_que_instalar_um_deck_de_madeira_na_zona_norte\" title=\"Por que instalar um deck de madeira na zona norte?\">Por que instalar um deck de madeira na zona norte?<\/a><ul class='ez-toc-list-level-3' ><li class='ez-toc-heading-level-3'><a class=\"ez-toc-link ez-toc-heading-3\" href=\"https:\/\/www.artemadeiras.com.br\/blog\/deck\/deck-de-madeira-conheca-mais-sobre\/#Vantagens\" title=\"Vantagens\">Vantagens<\/a><\/li><\/ul><\/li><\/ul><\/nav><\/div>\n<h2 class=\"wp-block-heading\"><span class=\"ez-toc-section\" id=\"Onde_posso_utilizar_um_deck_de_madeira_na_zona_norte\"><\/span>Onde posso utilizar um deck de madeira na zona norte?<span class=\"ez-toc-section-end\"><\/span><\/h2>\n\n\n<div class=\"wp-block-image\">\n<figure class=\"aligncenter size-large\"><img loading=\"lazy\" decoding=\"async\" width=\"627\" height=\"461\" src=\"https:\/\/www.artemadeiras.com.br\/blog\/wp-content\/uploads\/2021\/01\/image.png\" alt=\"\" class=\"wp-image-19\" srcset=\"https:\/\/www.artemadeiras.com.br\/blog\/wp-content\/uploads\/2021\/01\/image.png 627w, https:\/\/www.artemadeiras.com.br\/blog\/wp-content\/uploads\/2021\/01\/image-300x221.png 300w\" sizes=\"auto, (max-width: 627px) 100vw, 627px\" \/><\/figure>\n<\/div>\n\n\n<p>Geralmente, o deck de madeira \u00e9 utilizado em regi\u00f5es externas. Pode estar presente ao redor de piscinas, forrando pisos de varandas, sacadas, terra\u00e7os e qualquer outro lugar que esteja exposto ao tempo, devido \u00e0s suas caracter\u00edsticas antiderrapantes e antit\u00e9rmicas. Mas, tudo ir\u00e1 depender do projeto arquitet\u00f4nico e paisag\u00edstico, al\u00e9m da fun\u00e7\u00e3o desejada pelo cliente.<\/p>\n\n\n\n<p>Al\u00e9m dos modelos convencionais, h\u00e1 tamb\u00e9m a op\u00e7\u00e3o de colocar o deck de madeira modular. Ele \u00e9 composto por pe\u00e7as menores, que fazem o encaixe umas nas outras por meio de um sistema de fixa\u00e7\u00e3o que n\u00e3o necessita de m\u00e3o de obra especializada, sendo financeiramente mais vantajoso. Est\u00e1 dispon\u00edvel em v\u00e1rias tonalidades e pode ser disposto de forma criativa, criando desenhos \u00fanicos.&nbsp;<\/p>\n\n\n\n<h2 class=\"wp-block-heading\"><span class=\"ez-toc-section\" id=\"Por_que_instalar_um_deck_de_madeira_na_zona_norte\"><\/span>Por que instalar um deck de madeira na zona norte?<span class=\"ez-toc-section-end\"><\/span><\/h2>\n\n\n\n<p>Antes de escolher pelo deck de madeira de sua prefer\u00eancia, aconselhamos que voc\u00ea fa\u00e7a um estudo de instala\u00e7\u00e3o, levantando os custos e a manuten\u00e7\u00e3o peri\u00f3dica que ser\u00e1 necess\u00e1ria para manter sua vida \u00fatil. Tamb\u00e9m \u00e9 preciso pensar no ambiente em que ele ser\u00e1 aplicado, qual ser\u00e1 a frequ\u00eancia que ser\u00e1 exposto ao sol e \u00e0 chuva, entre outros fatores.<\/p>\n\n\n\n<p>Para auxili\u00e1-lo nessa decis\u00e3o e esclarecer algumas d\u00favidas que possam surgir, a Arte Madeiras separou uma lista com as vantagens e desvantagens de adquirir um deck de madeira na zona norte para incrementar a decora\u00e7\u00e3o externa de sua casa ou apartamento. Confira a seguir:<\/p>\n\n\n\n<h3 class=\"wp-block-heading\"><span class=\"ez-toc-section\" id=\"Vantagens\"><\/span>Vantagens<span class=\"ez-toc-section-end\"><\/span><\/h3>\n\n\n\n<p>O deck de madeira na zona norte proporciona uma r\u00e1pida montagem, n\u00e3o necessitando dedicar muitos dias para a sua instala\u00e7\u00e3o e poupando m\u00e3o de obra. Na grande maioria das vezes, ele j\u00e1 est\u00e1 praticamente pronto para uso. Com a medida correta, n\u00e3o \u00e9 preciso fazer ajustes ou recortes que sejam significativos. Como um diferencial, a madeira pode gerar uma certa identidade no projeto de decora\u00e7\u00e3o.&nbsp;<\/p>\n\n\n\n<p>A sensa\u00e7\u00e3o t\u00e9rmica de pisar na madeira tamb\u00e9m \u00e9 muito mais agrad\u00e1vel quando comparada a outros tipos de materiais, como o porcelanato, principalmente ao redor da piscina. Seu custo \u00e9 bem acess\u00edvel em rela\u00e7\u00e3o ao piso ciment\u00edcio antit\u00e9rmico, que conta com exatamente a mesma sensa\u00e7\u00e3o. Tamb\u00e9m \u00e9 muito mais f\u00e1cil de limpar, recebendo pintura apenas a cada dois anos.<\/p>\n\n\n<div class=\"wp-block-image\">\n<figure class=\"aligncenter size-full\"><a href=\"https:\/\/www.artemadeiras.com.br\/contato\" target=\"_blank\" rel=\"noreferrer noopener\"><img loading=\"lazy\" decoding=\"async\" width=\"255\" height=\"110\" src=\"https:\/\/www.artemadeiras.com.br\/blog\/wp-content\/uploads\/2021\/01\/logo-arte-madeiras.png\" alt=\"deck de madeira na zona norte\" class=\"wp-image-11\"\/><\/a><\/figure>\n<\/div>\n\n\n<p>Para receber mais dicas e novidades sobre decora\u00e7\u00f5es externas e op\u00e7\u00f5es de pisos, continue acompanhando as postagens de nosso <a href=\"https:\/\/www.artemadeiras.com.br\/blo\" data-type=\"URL\" data-id=\"https:\/\/www.artemadeiras.com.br\/blo\" target=\"_blank\" rel=\"noreferrer noopener\">blog<\/a>!<\/p>\n","protected":false},"excerpt":{"rendered":"<p><span class=\"rt-reading-time\" style=\"display: block;\"><span class=\"rt-label rt-prefix\">Tempo de leitura<\/span> <span class=\"rt-time\">3<\/span> <span class=\"rt-label rt-postfix\">minutos<\/span><\/span> O deck de madeira na zona norte tem uma presen\u00e7a muito marcante em decora\u00e7\u00f5es de ambientes externos, auxiliando na circula\u00e7\u00e3o de espa\u00e7os. Atualmente, sua aplica\u00e7\u00e3o vai al\u00e9m de revestimentos para pisos, sendo vastamente empregado como forra\u00e7\u00e3o de muros para fazer&#8230;<\/p>\n","protected":false},"author":1,"featured_media":20,"comment_status":"open","ping_status":"open","sticky":false,"template":"","format":"standard","meta":{"footnotes":""},"categories":[3],"tags":[10,123,124,125,121,6,4,130,168,140,128,159,164,150,154,122,144,153,148,137,135,162,119,156,157,138,158,134,132,118,169,136,142,126,163,11,13,12,5,151,143,155,127,165,147,129,166,120,111,113,107,114,110,105,112,106,116,117,115,109,141,160,145,152,161,149,133,9,108,8,146,167,131,139,7],"class_list":["post-18","post","type-post","status-publish","format-standard","has-post-thumbnail","hentry","category-deck","tag-comprar-deck","tag-comprar-deck-de-madeira","tag-comprar-deck-em-madeira","tag-comprar-deck-feito-de-madeira","tag-comprar-deck-feito-em-madeira","tag-comprar-decks-de-madeiras","tag-deck-de-madeira","tag-deck-de-madeira-casa-verde","tag-deck-de-madeira-direto-da-fabrica","tag-deck-de-madeira-em-promocao","tag-deck-de-madeira-em-sao-paulo","tag-deck-de-madeira-em-sp","tag-deck-de-madeira-na-zona-norte","tag-deck-de-madeira-preco","tag-deck-em-madeira-casa-verde","tag-deck-em-madeira-direto-da-fabrica","tag-deck-em-madeira-em-promocao","tag-deck-em-madeira-em-sao-paulo","tag-deck-em-madeira-em-sp","tag-deck-em-madeira-na-zona-norte","tag-deck-em-madeira-preco","tag-deck-feito-de-madeira-casa-verde","tag-deck-feito-de-madeira-direto-da-fabrica","tag-deck-feito-de-madeira-em-promocao","tag-deck-feito-de-madeira-em-sao-paulo","tag-deck-feito-de-madeira-em-sp","tag-deck-feito-de-madeira-na-zona-norte","tag-deck-feito-de-madeira-preco","tag-deck-feito-em-madeira-casa-verde","tag-deck-feito-em-madeira-direto-da-fabrica","tag-deck-feito-em-madeira-em-promocao","tag-deck-feito-em-madeira-em-sao-paulo","tag-deck-feito-em-madeira-em-sp","tag-deck-feito-em-madeira-na-zona-norte","tag-deck-feito-em-madeira-preco","tag-deck-para-piscina","tag-deck-para-quintak","tag-deck-para-varanda","tag-decks-de-madeira","tag-distribuidor-de-deck-de-madeira","tag-distribuidor-de-deck-em-madeira","tag-distribuidor-de-deck-feito-de-madeira","tag-distribuidor-de-deck-feito-em-madeira","tag-distribuidora-de-deck-de-madeira","tag-distribuidora-de-deck-em-madeira","tag-distribuidora-de-deck-feito-de-madeira","tag-distribuidora-de-deck-feito-em-madeira","tag-empresa-de-deck-de-madeira","tag-empresa-de-deck-em-madeira","tag-empresa-de-deck-feito-de-madeira","tag-empresa-de-deck-feito-em-madeira","tag-fabrica-de-deck-de-madeira","tag-fabrica-de-deck-em-madeira","tag-fabrica-de-deck-feito-de-madeira","tag-fabrica-de-deck-feito-em-madeira","tag-fabricante-de-deck-de-madeira","tag-fabricante-de-deck-em-madeira","tag-fabricante-de-deck-feito-de-madeira","tag-fabricante-de-deck-feito-em-madeira","tag-fornecedor-de-deck-de-madeira","tag-fornecedor-de-deck-em-madeira","tag-fornecedor-de-deck-feito-de-madeira","tag-fornecedor-de-deck-feito-em-madeira","tag-loja-de-deck-de-madeira","tag-loja-de-deck-em-madeira","tag-loja-de-deck-feito-de-madeira","tag-loja-de-deck-feito-em-madeira","tag-onde-comprar-decks-de-madeira","tag-onde-encontrar-deck-feito-em-madeira","tag-onde-usar-deck-de-madeira","tag-revendedor-de-deck-de-madeira","tag-revendedor-de-deck-em-madeira","tag-revendedor-de-deck-feito-de-madeira","tag-revendedor-de-deck-feito-em-madeira","tag-tipos-de-decks-de-madeira"],"yoast_head":"<!-- This site is optimized with the Yoast SEO plugin v23.6 - https:\/\/yoast.com\/wordpress\/plugins\/seo\/ -->\n<title>Deck de madeira na zona norte: conhe\u00e7a mais sobre - Blog | Arte madeiras<\/title>\n<meta name=\"robots\" content=\"index, follow, max-snippet:-1, max-image-preview:large, max-video-preview:-1\" \/>\n<link rel=\"canonical\" href=\"https:\/\/www.artemadeiras.com.br\/blog\/deck\/deck-de-madeira-conheca-mais-sobre\/\" \/>\n<meta property=\"og:locale\" content=\"pt_BR\" \/>\n<meta property=\"og:type\" content=\"article\" \/>\n<meta property=\"og:title\" content=\"Deck de madeira na zona norte: conhe\u00e7a mais sobre - Blog | Arte madeiras\" \/>\n<meta property=\"og:description\" content=\"Tempo de leitura 3 minutos O deck de madeira na zona norte tem uma presen\u00e7a muito marcante em decora\u00e7\u00f5es de ambientes externos, auxiliando na circula\u00e7\u00e3o de espa\u00e7os. Atualmente, sua aplica\u00e7\u00e3o vai al\u00e9m de revestimentos para pisos, sendo vastamente empregado como forra\u00e7\u00e3o de muros para fazer...\" \/>\n<meta property=\"og:url\" content=\"https:\/\/www.artemadeiras.com.br\/blog\/deck\/deck-de-madeira-conheca-mais-sobre\/\" \/>\n<meta property=\"og:site_name\" content=\"Blog | Arte madeiras\" \/>\n<meta property=\"article:published_time\" content=\"2024-03-27T19:48:11+00:00\" \/>\n<meta property=\"article:modified_time\" content=\"2024-03-27T21:11:53+00:00\" \/>\n<meta property=\"og:image\" content=\"https:\/\/www.artemadeiras.com.br\/blog\/wp-content\/uploads\/2021\/01\/banner-arte-madeiras.png\" \/>\n\t<meta property=\"og:image:width\" content=\"594\" \/>\n\t<meta property=\"og:image:height\" content=\"445\" \/>\n\t<meta property=\"og:image:type\" content=\"image\/png\" \/>\n<meta name=\"author\" content=\"bloomin\" \/>\n<meta name=\"twitter:card\" content=\"summary_large_image\" \/>\n<meta name=\"twitter:label1\" content=\"Escrito por\" \/>\n\t<meta name=\"twitter:data1\" content=\"bloomin\" \/>\n\t<meta name=\"twitter:label2\" content=\"Est. tempo de leitura\" \/>\n\t<meta name=\"twitter:data2\" content=\"3 minutos\" \/>\n<script type=\"application\/ld+json\" class=\"yoast-schema-graph\">{\"@context\":\"https:\/\/schema.org\",\"@graph\":[{\"@type\":\"Article\",\"@id\":\"https:\/\/www.artemadeiras.com.br\/blog\/deck\/deck-de-madeira-conheca-mais-sobre\/#article\",\"isPartOf\":{\"@id\":\"https:\/\/www.artemadeiras.com.br\/blog\/deck\/deck-de-madeira-conheca-mais-sobre\/\"},\"author\":{\"name\":\"bloomin\",\"@id\":\"https:\/\/www.artemadeiras.com.br\/blog\/#\/schema\/person\/03c7826df62479a35ffcf10a5a652727\"},\"headline\":\"Deck de madeira na zona norte: conhe\u00e7a mais sobre\",\"datePublished\":\"2024-03-27T19:48:11+00:00\",\"dateModified\":\"2024-03-27T21:11:53+00:00\",\"mainEntityOfPage\":{\"@id\":\"https:\/\/www.artemadeiras.com.br\/blog\/deck\/deck-de-madeira-conheca-mais-sobre\/\"},\"wordCount\":555,\"commentCount\":0,\"publisher\":{\"@id\":\"https:\/\/www.artemadeiras.com.br\/blog\/#organization\"},\"image\":{\"@id\":\"https:\/\/www.artemadeiras.com.br\/blog\/deck\/deck-de-madeira-conheca-mais-sobre\/#primaryimage\"},\"thumbnailUrl\":\"https:\/\/www.artemadeiras.com.br\/blog\/wp-content\/uploads\/2021\/01\/banner-arte-madeiras.png\",\"keywords\":[\"comprar deck\",\"comprar deck de madeira\",\"comprar deck em madeira\",\"comprar deck feito de madeira\",\"comprar deck feito em madeira\",\"comprar decks de madeiras\",\"Deck de madeira\",\"deck de madeira Casa Verde\",\"deck de madeira direto da fabrica\",\"deck de madeira em promo\u00e7\u00e3o\",\"deck de madeira em s\u00e3o paulo\",\"deck de madeira em sp\",\"deck de madeira na zona norte\",\"deck de madeira pre\u00e7o\",\"deck em madeira Casa Verde\",\"deck em madeira direto da fabrica\",\"deck em madeira em promo\u00e7\u00e3o\",\"deck em madeira em s\u00e3o paulo\",\"deck em madeira em sp\",\"deck em madeira na zona norte\",\"deck em madeira pre\u00e7o\",\"deck feito de madeira Casa Verde\",\"deck feito de madeira direto da fabrica\",\"deck feito de madeira em promo\u00e7\u00e3o\",\"deck feito de madeira em s\u00e3o paulo\",\"deck feito de madeira em sp\",\"deck feito de madeira na zona norte\",\"deck feito de madeira pre\u00e7o\",\"deck feito em madeira Casa Verde\",\"deck feito em madeira direto da fabrica\",\"deck feito em madeira em promo\u00e7\u00e3o\",\"deck feito em madeira em s\u00e3o paulo\",\"deck feito em madeira em sp\",\"deck feito em madeira na zona norte\",\"deck feito em madeira pre\u00e7o\",\"deck para piscina\",\"deck para quintak\",\"deck para varanda\",\"decks de madeira\",\"distribuidor de deck de madeira\",\"distribuidor de deck em madeira\",\"distribuidor de deck feito de madeira\",\"distribuidor de deck feito em madeira\",\"distribuidora de deck de madeira\",\"distribuidora de deck em madeira\",\"distribuidora de deck feito de madeira\",\"distribuidora de deck feito em madeira\",\"empresa de deck de madeira\",\"empresa de deck em madeira\",\"empresa de deck feito de madeira\",\"empresa de deck feito em madeira\",\"f\u00e1brica de deck de madeira\",\"f\u00e1brica de deck em madeira\",\"f\u00e1brica de deck feito de madeira\",\"f\u00e1brica de deck feito em madeira\",\"fabricante de deck de madeira\",\"fabricante de deck em madeira\",\"fabricante de deck feito de madeira\",\"fabricante de deck feito em madeira\",\"fornecedor de deck de madeira\",\"fornecedor de deck em madeira\",\"fornecedor de deck feito de madeira\",\"fornecedor de deck feito em madeira\",\"loja de deck de madeira\",\"loja de deck em madeira\",\"loja de deck feito de madeira\",\"loja de deck feito em madeira\",\"onde comprar decks de madeira\",\"onde encontrar deck feito em madeira\",\"onde usar deck de madeira\",\"revendedor de deck de madeira\",\"revendedor de deck em madeira\",\"revendedor de deck feito de madeira\",\"revendedor de deck feito em madeira\",\"tipos de decks de madeira\"],\"articleSection\":[\"Deck\"],\"inLanguage\":\"pt-BR\",\"potentialAction\":[{\"@type\":\"CommentAction\",\"name\":\"Comment\",\"target\":[\"https:\/\/www.artemadeiras.com.br\/blog\/deck\/deck-de-madeira-conheca-mais-sobre\/#respond\"]}]},{\"@type\":\"WebPage\",\"@id\":\"https:\/\/www.artemadeiras.com.br\/blog\/deck\/deck-de-madeira-conheca-mais-sobre\/\",\"url\":\"https:\/\/www.artemadeiras.com.br\/blog\/deck\/deck-de-madeira-conheca-mais-sobre\/\",\"name\":\"Deck de madeira na zona norte: conhe\u00e7a mais sobre - Blog | Arte madeiras\",\"isPartOf\":{\"@id\":\"https:\/\/www.artemadeiras.com.br\/blog\/#website\"},\"primaryImageOfPage\":{\"@id\":\"https:\/\/www.artemadeiras.com.br\/blog\/deck\/deck-de-madeira-conheca-mais-sobre\/#primaryimage\"},\"image\":{\"@id\":\"https:\/\/www.artemadeiras.com.br\/blog\/deck\/deck-de-madeira-conheca-mais-sobre\/#primaryimage\"},\"thumbnailUrl\":\"https:\/\/www.artemadeiras.com.br\/blog\/wp-content\/uploads\/2021\/01\/banner-arte-madeiras.png\",\"datePublished\":\"2024-03-27T19:48:11+00:00\",\"dateModified\":\"2024-03-27T21:11:53+00:00\",\"breadcrumb\":{\"@id\":\"https:\/\/www.artemadeiras.com.br\/blog\/deck\/deck-de-madeira-conheca-mais-sobre\/#breadcrumb\"},\"inLanguage\":\"pt-BR\",\"potentialAction\":[{\"@type\":\"ReadAction\",\"target\":[\"https:\/\/www.artemadeiras.com.br\/blog\/deck\/deck-de-madeira-conheca-mais-sobre\/\"]}]},{\"@type\":\"ImageObject\",\"inLanguage\":\"pt-BR\",\"@id\":\"https:\/\/www.artemadeiras.com.br\/blog\/deck\/deck-de-madeira-conheca-mais-sobre\/#primaryimage\",\"url\":\"https:\/\/www.artemadeiras.com.br\/blog\/wp-content\/uploads\/2021\/01\/banner-arte-madeiras.png\",\"contentUrl\":\"https:\/\/www.artemadeiras.com.br\/blog\/wp-content\/uploads\/2021\/01\/banner-arte-madeiras.png\",\"width\":594,\"height\":445,\"caption\":\"deck de madeira\"},{\"@type\":\"BreadcrumbList\",\"@id\":\"https:\/\/www.artemadeiras.com.br\/blog\/deck\/deck-de-madeira-conheca-mais-sobre\/#breadcrumb\",\"itemListElement\":[{\"@type\":\"ListItem\",\"position\":1,\"name\":\"In\u00edcio\",\"item\":\"https:\/\/www.artemadeiras.com.br\/blog\/\"},{\"@type\":\"ListItem\",\"position\":2,\"name\":\"Deck de madeira na zona norte: conhe\u00e7a mais sobre\"}]},{\"@type\":\"WebSite\",\"@id\":\"https:\/\/www.artemadeiras.com.br\/blog\/#website\",\"url\":\"https:\/\/www.artemadeiras.com.br\/blog\/\",\"name\":\"Blog | Arte madeiras\",\"description\":\"Dicas e Novidades sobre Madeiras\",\"publisher\":{\"@id\":\"https:\/\/www.artemadeiras.com.br\/blog\/#organization\"},\"potentialAction\":[{\"@type\":\"SearchAction\",\"target\":{\"@type\":\"EntryPoint\",\"urlTemplate\":\"https:\/\/www.artemadeiras.com.br\/blog\/?s={search_term_string}\"},\"query-input\":{\"@type\":\"PropertyValueSpecification\",\"valueRequired\":true,\"valueName\":\"search_term_string\"}}],\"inLanguage\":\"pt-BR\"},{\"@type\":\"Organization\",\"@id\":\"https:\/\/www.artemadeiras.com.br\/blog\/#organization\",\"name\":\"Blog | Arte madeiras\",\"url\":\"https:\/\/www.artemadeiras.com.br\/blog\/\",\"logo\":{\"@type\":\"ImageObject\",\"inLanguage\":\"pt-BR\",\"@id\":\"https:\/\/www.artemadeiras.com.br\/blog\/#\/schema\/logo\/image\/\",\"url\":\"https:\/\/www.artemadeiras.com.br\/blog\/wp-content\/uploads\/2021\/01\/logo-arte-madeiras.png\",\"contentUrl\":\"https:\/\/www.artemadeiras.com.br\/blog\/wp-content\/uploads\/2021\/01\/logo-arte-madeiras.png\",\"width\":255,\"height\":110,\"caption\":\"Blog | Arte madeiras\"},\"image\":{\"@id\":\"https:\/\/www.artemadeiras.com.br\/blog\/#\/schema\/logo\/image\/\"}},{\"@type\":\"Person\",\"@id\":\"https:\/\/www.artemadeiras.com.br\/blog\/#\/schema\/person\/03c7826df62479a35ffcf10a5a652727\",\"name\":\"bloomin\",\"image\":{\"@type\":\"ImageObject\",\"inLanguage\":\"pt-BR\",\"@id\":\"https:\/\/www.artemadeiras.com.br\/blog\/#\/schema\/person\/image\/\",\"url\":\"https:\/\/secure.gravatar.com\/avatar\/161a7ea08f1b8bd365e1697a2453e6c719201075da8bdf298a1c2fc5455ba35d?s=96&d=mm&r=g\",\"contentUrl\":\"https:\/\/secure.gravatar.com\/avatar\/161a7ea08f1b8bd365e1697a2453e6c719201075da8bdf298a1c2fc5455ba35d?s=96&d=mm&r=g\",\"caption\":\"bloomin\"},\"sameAs\":[\"https:\/\/www.artemadeiras.com.br\/blog\"],\"url\":\"https:\/\/www.artemadeiras.com.br\/blog\/author\/bloomin\/\"}]}<\/script>\n<!-- \/ Yoast SEO plugin. -->","yoast_head_json":{"title":"Deck de madeira na zona norte: conhe\u00e7a mais sobre - Blog | Arte madeiras","robots":{"index":"index","follow":"follow","max-snippet":"max-snippet:-1","max-image-preview":"max-image-preview:large","max-video-preview":"max-video-preview:-1"},"canonical":"https:\/\/www.artemadeiras.com.br\/blog\/deck\/deck-de-madeira-conheca-mais-sobre\/","og_locale":"pt_BR","og_type":"article","og_title":"Deck de madeira na zona norte: conhe\u00e7a mais sobre - Blog | Arte madeiras","og_description":"Tempo de leitura 3 minutos O deck de madeira na zona norte tem uma presen\u00e7a muito marcante em decora\u00e7\u00f5es de ambientes externos, auxiliando na circula\u00e7\u00e3o de espa\u00e7os. Atualmente, sua aplica\u00e7\u00e3o vai al\u00e9m de revestimentos para pisos, sendo vastamente empregado como forra\u00e7\u00e3o de muros para fazer...","og_url":"https:\/\/www.artemadeiras.com.br\/blog\/deck\/deck-de-madeira-conheca-mais-sobre\/","og_site_name":"Blog | Arte madeiras","article_published_time":"2024-03-27T19:48:11+00:00","article_modified_time":"2024-03-27T21:11:53+00:00","og_image":[{"width":594,"height":445,"url":"https:\/\/www.artemadeiras.com.br\/blog\/wp-content\/uploads\/2021\/01\/banner-arte-madeiras.png","type":"image\/png"}],"author":"bloomin","twitter_card":"summary_large_image","twitter_misc":{"Escrito por":"bloomin","Est. tempo de leitura":"3 minutos"},"schema":{"@context":"https:\/\/schema.org","@graph":[{"@type":"Article","@id":"https:\/\/www.artemadeiras.com.br\/blog\/deck\/deck-de-madeira-conheca-mais-sobre\/#article","isPartOf":{"@id":"https:\/\/www.artemadeiras.com.br\/blog\/deck\/deck-de-madeira-conheca-mais-sobre\/"},"author":{"name":"bloomin","@id":"https:\/\/www.artemadeiras.com.br\/blog\/#\/schema\/person\/03c7826df62479a35ffcf10a5a652727"},"headline":"Deck de madeira na zona norte: conhe\u00e7a mais sobre","datePublished":"2024-03-27T19:48:11+00:00","dateModified":"2024-03-27T21:11:53+00:00","mainEntityOfPage":{"@id":"https:\/\/www.artemadeiras.com.br\/blog\/deck\/deck-de-madeira-conheca-mais-sobre\/"},"wordCount":555,"commentCount":0,"publisher":{"@id":"https:\/\/www.artemadeiras.com.br\/blog\/#organization"},"image":{"@id":"https:\/\/www.artemadeiras.com.br\/blog\/deck\/deck-de-madeira-conheca-mais-sobre\/#primaryimage"},"thumbnailUrl":"https:\/\/www.artemadeiras.com.br\/blog\/wp-content\/uploads\/2021\/01\/banner-arte-madeiras.png","keywords":["comprar deck","comprar deck de madeira","comprar deck em madeira","comprar deck feito de madeira","comprar deck feito em madeira","comprar decks de madeiras","Deck de madeira","deck de madeira Casa Verde","deck de madeira direto da fabrica","deck de madeira em promo\u00e7\u00e3o","deck de madeira em s\u00e3o paulo","deck de madeira em sp","deck de madeira na zona norte","deck de madeira pre\u00e7o","deck em madeira Casa Verde","deck em madeira direto da fabrica","deck em madeira em promo\u00e7\u00e3o","deck em madeira em s\u00e3o paulo","deck em madeira em sp","deck em madeira na zona norte","deck em madeira pre\u00e7o","deck feito de madeira Casa Verde","deck feito de madeira direto da fabrica","deck feito de madeira em promo\u00e7\u00e3o","deck feito de madeira em s\u00e3o paulo","deck feito de madeira em sp","deck feito de madeira na zona norte","deck feito de madeira pre\u00e7o","deck feito em madeira Casa Verde","deck feito em madeira direto da fabrica","deck feito em madeira em promo\u00e7\u00e3o","deck feito em madeira em s\u00e3o paulo","deck feito em madeira em sp","deck feito em madeira na zona norte","deck feito em madeira pre\u00e7o","deck para piscina","deck para quintak","deck para varanda","decks de madeira","distribuidor de deck de madeira","distribuidor de deck em madeira","distribuidor de deck feito de madeira","distribuidor de deck feito em madeira","distribuidora de deck de madeira","distribuidora de deck em madeira","distribuidora de deck feito de madeira","distribuidora de deck feito em madeira","empresa de deck de madeira","empresa de deck em madeira","empresa de deck feito de madeira","empresa de deck feito em madeira","f\u00e1brica de deck de madeira","f\u00e1brica de deck em madeira","f\u00e1brica de deck feito de madeira","f\u00e1brica de deck feito em madeira","fabricante de deck de madeira","fabricante de deck em madeira","fabricante de deck feito de madeira","fabricante de deck feito em madeira","fornecedor de deck de madeira","fornecedor de deck em madeira","fornecedor de deck feito de madeira","fornecedor de deck feito em madeira","loja de deck de madeira","loja de deck em madeira","loja de deck feito de madeira","loja de deck feito em madeira","onde comprar decks de madeira","onde encontrar deck feito em madeira","onde usar deck de madeira","revendedor de deck de madeira","revendedor de deck em madeira","revendedor de deck feito de madeira","revendedor de deck feito em madeira","tipos de decks de madeira"],"articleSection":["Deck"],"inLanguage":"pt-BR","potentialAction":[{"@type":"CommentAction","name":"Comment","target":["https:\/\/www.artemadeiras.com.br\/blog\/deck\/deck-de-madeira-conheca-mais-sobre\/#respond"]}]},{"@type":"WebPage","@id":"https:\/\/www.artemadeiras.com.br\/blog\/deck\/deck-de-madeira-conheca-mais-sobre\/","url":"https:\/\/www.artemadeiras.com.br\/blog\/deck\/deck-de-madeira-conheca-mais-sobre\/","name":"Deck de madeira na zona norte: conhe\u00e7a mais sobre - Blog | Arte madeiras","isPartOf":{"@id":"https:\/\/www.artemadeiras.com.br\/blog\/#website"},"primaryImageOfPage":{"@id":"https:\/\/www.artemadeiras.com.br\/blog\/deck\/deck-de-madeira-conheca-mais-sobre\/#primaryimage"},"image":{"@id":"https:\/\/www.artemadeiras.com.br\/blog\/deck\/deck-de-madeira-conheca-mais-sobre\/#primaryimage"},"thumbnailUrl":"https:\/\/www.artemadeiras.com.br\/blog\/wp-content\/uploads\/2021\/01\/banner-arte-madeiras.png","datePublished":"2024-03-27T19:48:11+00:00","dateModified":"2024-03-27T21:11:53+00:00","breadcrumb":{"@id":"https:\/\/www.artemadeiras.com.br\/blog\/deck\/deck-de-madeira-conheca-mais-sobre\/#breadcrumb"},"inLanguage":"pt-BR","potentialAction":[{"@type":"ReadAction","target":["https:\/\/www.artemadeiras.com.br\/blog\/deck\/deck-de-madeira-conheca-mais-sobre\/"]}]},{"@type":"ImageObject","inLanguage":"pt-BR","@id":"https:\/\/www.artemadeiras.com.br\/blog\/deck\/deck-de-madeira-conheca-mais-sobre\/#primaryimage","url":"https:\/\/www.artemadeiras.com.br\/blog\/wp-content\/uploads\/2021\/01\/banner-arte-madeiras.png","contentUrl":"https:\/\/www.artemadeiras.com.br\/blog\/wp-content\/uploads\/2021\/01\/banner-arte-madeiras.png","width":594,"height":445,"caption":"deck de madeira"},{"@type":"BreadcrumbList","@id":"https:\/\/www.artemadeiras.com.br\/blog\/deck\/deck-de-madeira-conheca-mais-sobre\/#breadcrumb","itemListElement":[{"@type":"ListItem","position":1,"name":"In\u00edcio","item":"https:\/\/www.artemadeiras.com.br\/blog\/"},{"@type":"ListItem","position":2,"name":"Deck de madeira na zona norte: conhe\u00e7a mais sobre"}]},{"@type":"WebSite","@id":"https:\/\/www.artemadeiras.com.br\/blog\/#website","url":"https:\/\/www.artemadeiras.com.br\/blog\/","name":"Blog | Arte madeiras","description":"Dicas e Novidades sobre Madeiras","publisher":{"@id":"https:\/\/www.artemadeiras.com.br\/blog\/#organization"},"potentialAction":[{"@type":"SearchAction","target":{"@type":"EntryPoint","urlTemplate":"https:\/\/www.artemadeiras.com.br\/blog\/?s={search_term_string}"},"query-input":{"@type":"PropertyValueSpecification","valueRequired":true,"valueName":"search_term_string"}}],"inLanguage":"pt-BR"},{"@type":"Organization","@id":"https:\/\/www.artemadeiras.com.br\/blog\/#organization","name":"Blog | Arte madeiras","url":"https:\/\/www.artemadeiras.com.br\/blog\/","logo":{"@type":"ImageObject","inLanguage":"pt-BR","@id":"https:\/\/www.artemadeiras.com.br\/blog\/#\/schema\/logo\/image\/","url":"https:\/\/www.artemadeiras.com.br\/blog\/wp-content\/uploads\/2021\/01\/logo-arte-madeiras.png","contentUrl":"https:\/\/www.artemadeiras.com.br\/blog\/wp-content\/uploads\/2021\/01\/logo-arte-madeiras.png","width":255,"height":110,"caption":"Blog | Arte madeiras"},"image":{"@id":"https:\/\/www.artemadeiras.com.br\/blog\/#\/schema\/logo\/image\/"}},{"@type":"Person","@id":"https:\/\/www.artemadeiras.com.br\/blog\/#\/schema\/person\/03c7826df62479a35ffcf10a5a652727","name":"bloomin","image":{"@type":"ImageObject","inLanguage":"pt-BR","@id":"https:\/\/www.artemadeiras.com.br\/blog\/#\/schema\/person\/image\/","url":"https:\/\/secure.gravatar.com\/avatar\/161a7ea08f1b8bd365e1697a2453e6c719201075da8bdf298a1c2fc5455ba35d?s=96&d=mm&r=g","contentUrl":"https:\/\/secure.gravatar.com\/avatar\/161a7ea08f1b8bd365e1697a2453e6c719201075da8bdf298a1c2fc5455ba35d?s=96&d=mm&r=g","caption":"bloomin"},"sameAs":["https:\/\/www.artemadeiras.com.br\/blog"],"url":"https:\/\/www.artemadeiras.com.br\/blog\/author\/bloomin\/"}]}},"_links":{"self":[{"href":"https:\/\/www.artemadeiras.com.br\/blog\/wp-json\/wp\/v2\/posts\/18","targetHints":{"allow":["GET"]}}],"collection":[{"href":"https:\/\/www.artemadeiras.com.br\/blog\/wp-json\/wp\/v2\/posts"}],"about":[{"href":"https:\/\/www.artemadeiras.com.br\/blog\/wp-json\/wp\/v2\/types\/post"}],"author":[{"embeddable":true,"href":"https:\/\/www.artemadeiras.com.br\/blog\/wp-json\/wp\/v2\/users\/1"}],"replies":[{"embeddable":true,"href":"https:\/\/www.artemadeiras.com.br\/blog\/wp-json\/wp\/v2\/comments?post=18"}],"version-history":[{"count":3,"href":"https:\/\/www.artemadeiras.com.br\/blog\/wp-json\/wp\/v2\/posts\/18\/revisions"}],"predecessor-version":[{"id":85,"href":"https:\/\/www.artemadeiras.com.br\/blog\/wp-json\/wp\/v2\/posts\/18\/revisions\/85"}],"wp:featuredmedia":[{"embeddable":true,"href":"https:\/\/www.artemadeiras.com.br\/blog\/wp-json\/wp\/v2\/media\/20"}],"wp:attachment":[{"href":"https:\/\/www.artemadeiras.com.br\/blog\/wp-json\/wp\/v2\/media?parent=18"}],"wp:term":[{"taxonomy":"category","embeddable":true,"href":"https:\/\/www.artemadeiras.com.br\/blog\/wp-json\/wp\/v2\/categories?post=18"},{"taxonomy":"post_tag","embeddable":true,"href":"https:\/\/www.artemadeiras.com.br\/blog\/wp-json\/wp\/v2\/tags?post=18"}],"curies":[{"name":"wp","href":"https:\/\/api.w.org\/{rel}","templated":true}]}}