{"id":170,"date":"2026-01-14T07:54:14","date_gmt":"2026-01-14T10:54:14","guid":{"rendered":"https:\/\/www.artemadeiras.com.br\/blog\/?p=170"},"modified":"2026-01-14T07:54:16","modified_gmt":"2026-01-14T10:54:16","slug":"viga-de-madeira-para-telhado-como-escolher-o-modelo-ideal","status":"publish","type":"post","link":"https:\/\/www.artemadeiras.com.br\/blog\/viga-de-madeira\/viga-de-madeira-para-telhado-como-escolher-o-modelo-ideal\/","title":{"rendered":"Viga de madeira para telhado: como escolher o modelo ideal?"},"content":{"rendered":"<span class=\"rt-reading-time\" style=\"display: block;\"><span class=\"rt-label rt-prefix\">Tempo de leitura<\/span> <span class=\"rt-time\">3<\/span> <span class=\"rt-label rt-postfix\">minutos<\/span><\/span>\n<p class=\"has-medium-font-size\"><strong><em>Descubra tudo sobre vigas de madeira para telhado: o que s\u00e3o, seus benef\u00edcios, aplica\u00e7\u00f5es e como escolher o modelo ideal para o seu projeto.<\/em><\/strong><\/p>\n\n\n\n<p>As vigas de madeira s\u00e3o elementos estruturais essenciais em telhados de todos os tipos, desde os mais r\u00fasticos at\u00e9 os mais modernos.&nbsp;<\/p>\n\n\n\n<p>Elas s\u00e3o respons\u00e1veis por sustentar o peso das telhas e distribuir as cargas para as paredes, garantindo a estabilidade e seguran\u00e7a da constru\u00e7\u00e3o.<\/p>\n\n\n\n<p>Este artigo tem como objetivo fornecer um guia completo sobre vigas de madeira para telhado, abordando desde o que s\u00e3o e seus benef\u00edcios, at\u00e9 como escolher o modelo ideal para o seu projeto.&nbsp;<\/p>\n\n\n\n<p>Al\u00e9m disso, apresentaremos a linha de vigas de madeira para telhado da Arte Madeiras, com um convite para voc\u00ea conhecer nossos produtos e solicitar um or\u00e7amento sem compromisso.<\/p>\n\n\n\n<div id=\"ez-toc-container\" class=\"ez-toc-v2_0_66_1 counter-hierarchy ez-toc-counter ez-toc-grey ez-toc-container-direction\">\n<div class=\"ez-toc-title-container\">\n<p class=\"ez-toc-title \" >T&oacute;picos do artigo<\/p>\n<span class=\"ez-toc-title-toggle\"><a href=\"#\" class=\"ez-toc-pull-right ez-toc-btn ez-toc-btn-xs ez-toc-btn-default ez-toc-toggle\" aria-label=\"Toggle Table of Content\"><span class=\"ez-toc-js-icon-con\"><span class=\"\"><span class=\"eztoc-hide\" style=\"display:none;\">Toggle<\/span><span class=\"ez-toc-icon-toggle-span\"><svg style=\"fill: #999;color:#999\" xmlns=\"http:\/\/www.w3.org\/2000\/svg\" class=\"list-377408\" width=\"20px\" height=\"20px\" viewBox=\"0 0 24 24\" fill=\"none\"><path d=\"M6 6H4v2h2V6zm14 0H8v2h12V6zM4 11h2v2H4v-2zm16 0H8v2h12v-2zM4 16h2v2H4v-2zm16 0H8v2h12v-2z\" fill=\"currentColor\"><\/path><\/svg><svg style=\"fill: #999;color:#999\" class=\"arrow-unsorted-368013\" xmlns=\"http:\/\/www.w3.org\/2000\/svg\" width=\"10px\" height=\"10px\" viewBox=\"0 0 24 24\" version=\"1.2\" baseProfile=\"tiny\"><path d=\"M18.2 9.3l-6.2-6.3-6.2 6.3c-.2.2-.3.4-.3.7s.1.5.3.7c.2.2.4.3.7.3h11c.3 0 .5-.1.7-.3.2-.2.3-.5.3-.7s-.1-.5-.3-.7zM5.8 14.7l6.2 6.3 6.2-6.3c.2-.2.3-.5.3-.7s-.1-.5-.3-.7c-.2-.2-.4-.3-.7-.3h-11c-.3 0-.5.1-.7.3-.2.2-.3.5-.3.7s.1.5.3.7z\"\/><\/svg><\/span><\/span><\/span><\/a><\/span><\/div>\n<nav><ul class='ez-toc-list ez-toc-list-level-1 ' ><li class='ez-toc-page-1 ez-toc-heading-level-2'><a class=\"ez-toc-link ez-toc-heading-1\" href=\"https:\/\/www.artemadeiras.com.br\/blog\/viga-de-madeira\/viga-de-madeira-para-telhado-como-escolher-o-modelo-ideal\/#O_que_e_a_viga_de_madeira_para_telhado\" title=\"O que \u00e9 a viga de madeira para telhado?\">O que \u00e9 a viga de madeira para telhado?<\/a><\/li><li class='ez-toc-page-1 ez-toc-heading-level-2'><a class=\"ez-toc-link ez-toc-heading-2\" href=\"https:\/\/www.artemadeiras.com.br\/blog\/viga-de-madeira\/viga-de-madeira-para-telhado-como-escolher-o-modelo-ideal\/#Beneficios_da_viga_de_madeira_para_telhado\" title=\"Benef\u00edcios da viga de madeira para telhado\">Benef\u00edcios da viga de madeira para telhado<\/a><\/li><li class='ez-toc-page-1 ez-toc-heading-level-2'><a class=\"ez-toc-link ez-toc-heading-3\" href=\"https:\/\/www.artemadeiras.com.br\/blog\/viga-de-madeira\/viga-de-madeira-para-telhado-como-escolher-o-modelo-ideal\/#Aplicacoes_da_viga_de_madeira_para_telhado\" title=\"Aplica\u00e7\u00f5es da viga de madeira para telhado\">Aplica\u00e7\u00f5es da viga de madeira para telhado<\/a><\/li><li class='ez-toc-page-1 ez-toc-heading-level-2'><a class=\"ez-toc-link ez-toc-heading-4\" href=\"https:\/\/www.artemadeiras.com.br\/blog\/viga-de-madeira\/viga-de-madeira-para-telhado-como-escolher-o-modelo-ideal\/#Como_escolher_o_modelo_ideal_de_viga_de_madeira_para_telhado\" title=\"Como escolher o modelo ideal de viga de madeira para telhado?\">Como escolher o modelo ideal de viga de madeira para telhado?<\/a><\/li><li class='ez-toc-page-1 ez-toc-heading-level-2'><a class=\"ez-toc-link ez-toc-heading-5\" href=\"https:\/\/www.artemadeiras.com.br\/blog\/viga-de-madeira\/viga-de-madeira-para-telhado-como-escolher-o-modelo-ideal\/#Aposte_na_viga_de_madeira_para_telhado_da_Arte_Madeiras\" title=\"Aposte na viga de madeira para telhado da Arte Madeiras\">Aposte na viga de madeira para telhado da Arte Madeiras<\/a><\/li><\/ul><\/nav><\/div>\n<h2 class=\"wp-block-heading\"><span class=\"ez-toc-section\" id=\"O_que_e_a_viga_de_madeira_para_telhado\"><\/span><strong>O que \u00e9 a viga de madeira para telhado?<\/strong><span class=\"ez-toc-section-end\"><\/span><\/h2>\n\n\n\n<p>A viga de madeira para telhado \u00e9 um elemento estrutural fundamental em qualquer constru\u00e7\u00e3o que utilize esse tipo de cobertura.&nbsp;<\/p>\n\n\n\n<p>Trata-se de uma pe\u00e7a alongada de madeira, geralmente com se\u00e7\u00e3o retangular, que possui a fun\u00e7\u00e3o primordial de <strong>sustentar o peso do telhado<\/strong>, incluindo as telhas, ripas, caibros e outros componentes, <strong>e distribuir essa carga para as paredes ou outros pontos de apoio da constru\u00e7\u00e3o<\/strong>.<\/p>\n\n\n\n<p>A viga de madeira \u00e9 um dos principais componentes da estrutura do telhado, juntamente com as ripas, caibros e ter\u00e7as. Ela \u00e9 respons\u00e1vel por receber o peso do telhado e transmiti-lo para as paredes, garantindo a estabilidade e seguran\u00e7a da constru\u00e7\u00e3o.<\/p>\n\n\n\n<ul class=\"wp-block-list\">\n<li><a href=\"https:\/\/www.artemadeiras.com.br\/blog\/forros\/forro-de-madeira-para-teto-tendencia-estilo-e-funcionalidade-para-o-seu-projeto\/\">Forro de madeira para teto: tend\u00eancia, estilo e funcionalidade para o seu projeto<\/a><\/li>\n<\/ul>\n\n\n\n<h2 class=\"wp-block-heading\"><span class=\"ez-toc-section\" id=\"Beneficios_da_viga_de_madeira_para_telhado\"><\/span><strong>Benef\u00edcios da viga de madeira para telhado<\/strong><span class=\"ez-toc-section-end\"><\/span><\/h2>\n\n\n\n<p>A utiliza\u00e7\u00e3o de vigas de madeira em telhados oferece diversos benef\u00edcios, tanto t\u00e9cnicos quanto est\u00e9ticos:<\/p>\n\n\n\n<ul class=\"wp-block-list\">\n<li><strong>Resist\u00eancia e durabilidade:<\/strong> A madeira, quando tratada adequadamente, \u00e9 um material resistente e dur\u00e1vel, capaz de suportar grandes cargas e resistir a intemp\u00e9ries como chuva, sol e vento;<br><br><\/li>\n\n\n\n<li><strong>Versatilidade:<\/strong> As vigas de madeira podem ser utilizadas em telhados de diferentes formatos e tamanhos, adaptando-se a diversos estilos arquitet\u00f4nicos;<br><br><\/li>\n\n\n\n<li><strong>Isolamento t\u00e9rmico e ac\u00fastico:<\/strong> A madeira possui propriedades isolantes que ajudam a manter a temperatura interna da casa mais agrad\u00e1vel, al\u00e9m de reduzir a propaga\u00e7\u00e3o de ru\u00eddos;<br><br><\/li>\n\n\n\n<li><strong>Est\u00e9tica:<\/strong> A madeira proporciona um visual acolhedor e natural, valorizando a est\u00e9tica da constru\u00e7\u00e3o.<\/li>\n<\/ul>\n\n\n\n<h2 class=\"wp-block-heading\"><span class=\"ez-toc-section\" id=\"Aplicacoes_da_viga_de_madeira_para_telhado\"><\/span><strong>Aplica\u00e7\u00f5es da viga de madeira para telhado<\/strong><span class=\"ez-toc-section-end\"><\/span><\/h2>\n\n\n\n<p>As vigas de madeira podem ser utilizadas em diversos tipos de telhados, como:<\/p>\n\n\n\n<ul class=\"wp-block-list\">\n<li><strong>Telhados residenciais:<\/strong> Em casas de todos os estilos, desde as mais tradicionais at\u00e9 as mais modernas;<br><br><\/li>\n\n\n\n<li><strong>Telhados comerciais:<\/strong> Em lojas, escrit\u00f3rios e outros estabelecimentos comerciais;<br><br><\/li>\n\n\n\n<li><strong>Telhados industriais:<\/strong> Em galp\u00f5es, f\u00e1bricas e outros edif\u00edcios industriais;<br><br><\/li>\n\n\n\n<li><strong>Pergolados e varandas:<\/strong> Em \u00e1reas externas, proporcionando sombra e conforto.<\/li>\n<\/ul>\n\n\n\n<h2 class=\"wp-block-heading\"><span class=\"ez-toc-section\" id=\"Como_escolher_o_modelo_ideal_de_viga_de_madeira_para_telhado\"><\/span><strong>Como escolher o modelo ideal de viga de madeira para telhado?<\/strong><span class=\"ez-toc-section-end\"><\/span><\/h2>\n\n\n\n<p>\u00c9 importante escolher uma madeira de boa qualidade, resistente e dur\u00e1vel, como o eucalipto tratado, a peroba rosa ou o jatob\u00e1.<\/p>\n\n\n<div class=\"wp-block-image\">\n<figure class=\"alignright size-full is-resized\"><img loading=\"lazy\" decoding=\"async\" width=\"826\" height=\"513\" src=\"https:\/\/www.artemadeiras.com.br\/blog\/wp-content\/uploads\/2025\/02\/edificio-de-construcao-do-telhado-da-casa-com-estrutura-de-madeira-e-tem-teto_43520-182.jpeg\" alt=\"\" class=\"wp-image-171\" style=\"width:316px;height:auto\" srcset=\"https:\/\/www.artemadeiras.com.br\/blog\/wp-content\/uploads\/2025\/02\/edificio-de-construcao-do-telhado-da-casa-com-estrutura-de-madeira-e-tem-teto_43520-182.jpeg 826w, https:\/\/www.artemadeiras.com.br\/blog\/wp-content\/uploads\/2025\/02\/edificio-de-construcao-do-telhado-da-casa-com-estrutura-de-madeira-e-tem-teto_43520-182-300x186.jpeg 300w, https:\/\/www.artemadeiras.com.br\/blog\/wp-content\/uploads\/2025\/02\/edificio-de-construcao-do-telhado-da-casa-com-estrutura-de-madeira-e-tem-teto_43520-182-768x477.jpeg 768w\" sizes=\"auto, (max-width: 826px) 100vw, 826px\" \/><\/figure>\n<\/div>\n\n\n<p>Al\u00e9m disso, as dimens\u00f5es da viga devem ser calculadas de acordo com o peso do telhado, o v\u00e3o a ser vencido e o tipo de telha utilizada.<\/p>\n\n\n\n<p>Outro fator importante \u00e9 o tipo de telha, que influencia no peso do telhado e, consequentemente, nas dimens\u00f5es da viga.<\/p>\n\n\n\n<p>Em regi\u00f5es com ventos fortes ou muita chuva, tamb\u00e9m \u00e9 importante escolher uma madeira mais resistente e dur\u00e1vel.<\/p>\n\n\n\n<p><strong>Dicas importantes:<\/strong><\/p>\n\n\n\n<ul class=\"wp-block-list\">\n<li><strong>Consulte um profissional:<\/strong> \u00c9 fundamental contar com a ajuda de um engenheiro ou arquiteto para calcular as dimens\u00f5es da viga e escolher o tipo de madeira mais adequado para o seu projeto;<br><br><\/li>\n\n\n\n<li><strong>Verifique a proced\u00eancia da madeira:<\/strong> Certifique-se de que a madeira utilizada \u00e9 proveniente de fontes sustent\u00e1veis e possui o selo de certifica\u00e7\u00e3o;<br><br><\/li>\n\n\n\n<li><strong>Fa\u00e7a a manuten\u00e7\u00e3o:<\/strong> Para garantir a durabilidade da viga de madeira, \u00e9 importante realizar manuten\u00e7\u00f5es peri\u00f3dicas, como a aplica\u00e7\u00e3o de verniz ou stain.<\/li>\n<\/ul>\n\n\n\n<h2 class=\"wp-block-heading\"><span class=\"ez-toc-section\" id=\"Aposte_na_viga_de_madeira_para_telhado_da_Arte_Madeiras\"><\/span><strong>Aposte na viga de madeira para telhado da Arte Madeiras<\/strong><span class=\"ez-toc-section-end\"><\/span><\/h2>\n\n\n\n<p>A Arte Madeiras \u00e9 uma empresa especializada em madeiras para constru\u00e7\u00e3o, que oferece vigas de madeira para telhado de alta qualidade, provenientes de fontes sustent\u00e1veis e com garantia de durabilidade.<\/p>\n\n\n\n<p>Nossas vigas de madeira s\u00e3o fabricadas com madeiras selecionadas, como o eucalipto tratado e a peroba rosa, e passam por rigorosos processos de controle de qualidade, garantindo a resist\u00eancia e seguran\u00e7a da sua constru\u00e7\u00e3o.<\/p>\n\n\n\n<p>Contamos com uma equipe de profissionais qualificados, que podem te ajudar a escolher o modelo ideal de viga de madeira para o seu projeto, al\u00e9m de oferecer suporte t\u00e9cnico e orienta\u00e7\u00f5es sobre a instala\u00e7\u00e3o e manuten\u00e7\u00e3o do seu telhado.<\/p>\n\n\n\n<p><strong><a href=\"https:\/\/www.artemadeiras.com.br\/contato\" class=\"rank-math-link\">Entre em contato<\/a> conosco e solicite um or\u00e7amento sem compromisso!<\/strong><\/p>\n","protected":false},"excerpt":{"rendered":"<p><span class=\"rt-reading-time\" style=\"display: block;\"><span class=\"rt-label rt-prefix\">Tempo de leitura<\/span> <span class=\"rt-time\">3<\/span> <span class=\"rt-label rt-postfix\">minutos<\/span><\/span> Descubra tudo sobre vigas de madeira para telhado: o que s\u00e3o, seus benef\u00edcios, aplica\u00e7\u00f5es e como escolher o modelo ideal para o seu projeto. As vigas de madeira s\u00e3o elementos estruturais essenciais em telhados de todos os tipos, desde os&#8230;<\/p>\n","protected":false},"author":1,"featured_media":172,"comment_status":"open","ping_status":"open","sticky":false,"template":"","format":"standard","meta":{"footnotes":""},"categories":[956],"tags":[981,980,979,978,961,959,975,986,957,958,960,990,962,33,987,989,984,988,974,983,985,982,977,973,968,965,964,970,967,972,966,969,963,971,976],"class_list":["post-170","post","type-post","status-publish","format-standard","has-post-thumbnail","hentry","category-viga-de-madeira","tag-aplicacoes-de-vigas-de-madeira","tag-beneficios-da-viga-de-madeira","tag-como-escolher-viga-de-madeira-para-telhado","tag-dimensionamento-de-vigas-de-madeira","tag-distribuidor-de-viga-de-madeira-para-telhado","tag-empresa-de-viga-de-madeira-para-telhado","tag-estrutura-de-telhado","tag-eucalipto-tratado-para-telhado","tag-fabrica-de-viga-de-madeira-para-telhado","tag-fabricante-de-viga-de-madeira-para-telhado","tag-fornecedor-de-viga-de-madeira-para-telhado","tag-jatoba-para-telhado","tag-loja-de-viga-de-madeira-para-telhado","tag-madeira-para-telhado","tag-madeira-tratada-para-telhado","tag-manutencao-de-telhado-de-madeira","tag-pergolados-de-madeira","tag-peroba-rosa-para-telhado","tag-telhado-de-madeira","tag-telhados-comerciais","tag-telhados-industriais","tag-telhados-residenciais","tag-tipos-de-madeira-para-telhado","tag-viga-de-madeira-para-telhado","tag-viga-de-madeira-para-telhado-em-promocao","tag-viga-de-madeira-para-telhado-em-sao-paulo","tag-viga-de-madeira-para-telhado-em-sp","tag-viga-de-madeira-para-telhado-na-agua-branca","tag-viga-de-madeira-para-telhado-na-vila-guilherme","tag-viga-de-madeira-para-telhado-na-zona-norte","tag-viga-de-madeira-para-telhado-no-bom-retiro","tag-viga-de-madeira-para-telhado-perto-de-mim","tag-viga-de-madeira-para-telhado-preco","tag-viga-de-madeira-para-telhado-proximo-a-mim","tag-vigas-de-madeira"],"yoast_head":"<!-- This site is optimized with the Yoast SEO plugin v23.6 - https:\/\/yoast.com\/wordpress\/plugins\/seo\/ -->\n<title>Viga de madeira para telhado: como escolher o modelo ideal? - Blog | Arte madeiras<\/title>\n<meta name=\"description\" content=\"Descubra tudo sobre vigas de madeira para telhado: o que s\u00e3o, seus benef\u00edcios, aplica\u00e7\u00f5es e como escolher o modelo ideal para o seu projeto.\" \/>\n<meta name=\"robots\" content=\"index, follow, max-snippet:-1, max-image-preview:large, max-video-preview:-1\" \/>\n<link rel=\"canonical\" href=\"https:\/\/www.artemadeiras.com.br\/blog\/viga-de-madeira\/viga-de-madeira-para-telhado-como-escolher-o-modelo-ideal\/\" \/>\n<meta property=\"og:locale\" content=\"pt_BR\" \/>\n<meta property=\"og:type\" content=\"article\" \/>\n<meta property=\"og:title\" content=\"Viga de madeira para telhado: como escolher o modelo ideal? - Blog | Arte madeiras\" \/>\n<meta property=\"og:description\" content=\"Descubra tudo sobre vigas de madeira para telhado: o que s\u00e3o, seus benef\u00edcios, aplica\u00e7\u00f5es e como escolher o modelo ideal para o seu projeto.\" \/>\n<meta property=\"og:url\" content=\"https:\/\/www.artemadeiras.com.br\/blog\/viga-de-madeira\/viga-de-madeira-para-telhado-como-escolher-o-modelo-ideal\/\" \/>\n<meta property=\"og:site_name\" content=\"Blog | Arte madeiras\" \/>\n<meta property=\"article:published_time\" content=\"2026-01-14T10:54:14+00:00\" \/>\n<meta property=\"article:modified_time\" content=\"2026-01-14T10:54:16+00:00\" \/>\n<meta property=\"og:image\" content=\"https:\/\/www.artemadeiras.com.br\/blog\/wp-content\/uploads\/2025\/02\/viga-de-madeira.jpeg\" \/>\n\t<meta property=\"og:image:width\" content=\"1300\" \/>\n\t<meta property=\"og:image:height\" content=\"800\" \/>\n\t<meta property=\"og:image:type\" content=\"image\/jpeg\" \/>\n<meta name=\"author\" content=\"bloomin\" \/>\n<meta name=\"twitter:card\" content=\"summary_large_image\" \/>\n<meta name=\"twitter:label1\" content=\"Escrito por\" \/>\n\t<meta name=\"twitter:data1\" content=\"bloomin\" \/>\n\t<meta name=\"twitter:label2\" content=\"Est. tempo de leitura\" \/>\n\t<meta name=\"twitter:data2\" content=\"1 minuto\" \/>\n<script type=\"application\/ld+json\" class=\"yoast-schema-graph\">{\"@context\":\"https:\/\/schema.org\",\"@graph\":[{\"@type\":\"Article\",\"@id\":\"https:\/\/www.artemadeiras.com.br\/blog\/viga-de-madeira\/viga-de-madeira-para-telhado-como-escolher-o-modelo-ideal\/#article\",\"isPartOf\":{\"@id\":\"https:\/\/www.artemadeiras.com.br\/blog\/viga-de-madeira\/viga-de-madeira-para-telhado-como-escolher-o-modelo-ideal\/\"},\"author\":{\"name\":\"bloomin\",\"@id\":\"https:\/\/www.artemadeiras.com.br\/blog\/#\/schema\/person\/03c7826df62479a35ffcf10a5a652727\"},\"headline\":\"Viga de madeira para telhado: como escolher o modelo ideal?\",\"datePublished\":\"2026-01-14T10:54:14+00:00\",\"dateModified\":\"2026-01-14T10:54:16+00:00\",\"mainEntityOfPage\":{\"@id\":\"https:\/\/www.artemadeiras.com.br\/blog\/viga-de-madeira\/viga-de-madeira-para-telhado-como-escolher-o-modelo-ideal\/\"},\"wordCount\":807,\"commentCount\":0,\"publisher\":{\"@id\":\"https:\/\/www.artemadeiras.com.br\/blog\/#organization\"},\"image\":{\"@id\":\"https:\/\/www.artemadeiras.com.br\/blog\/viga-de-madeira\/viga-de-madeira-para-telhado-como-escolher-o-modelo-ideal\/#primaryimage\"},\"thumbnailUrl\":\"https:\/\/www.artemadeiras.com.br\/blog\/wp-content\/uploads\/2025\/02\/viga-de-madeira.jpeg\",\"keywords\":[\"aplica\u00e7\u00f5es de vigas de madeira\",\"benef\u00edcios da viga de madeira\",\"como escolher viga de madeira para telhado\",\"dimensionamento de vigas de madeira\",\"distribuidor de viga de madeira para telhado\",\"empresa de viga de madeira para telhado\",\"estrutura de telhado\",\"eucalipto tratado para telhado\",\"f\u00e1brica de viga de madeira para telhado\",\"fabricante de viga de madeira para telhado\",\"fornecedor de viga de madeira para telhado\",\"jatob\u00e1 para telhado\",\"loja de viga de madeira para telhado\",\"madeira para telhado\",\"madeira tratada para telhado\",\"manuten\u00e7\u00e3o de telhado de madeira\",\"pergolados de madeira\",\"peroba rosa para telhado\",\"telhado de madeira\",\"telhados comerciais\",\"telhados industriais\",\"telhados residenciais\",\"tipos de madeira para telhado\",\"viga de madeira para telhado\",\"viga de madeira para telhado em promo\u00e7\u00e3o\",\"viga de madeira para telhado em s\u00e3o paulo\",\"viga de madeira para telhado em sp\",\"viga de madeira para telhado na \u00c1gua Branca\",\"viga de madeira para telhado na Vila Guilherme\",\"viga de madeira para telhado na zona norte\",\"viga de madeira para telhado no Bom Retiro\",\"viga de madeira para telhado perto de mim\",\"viga de madeira para telhado pre\u00e7o\",\"viga de madeira para telhado pr\u00f3ximo a mim\",\"vigas de madeira\"],\"articleSection\":[\"Viga de madeira\"],\"inLanguage\":\"pt-BR\",\"potentialAction\":[{\"@type\":\"CommentAction\",\"name\":\"Comment\",\"target\":[\"https:\/\/www.artemadeiras.com.br\/blog\/viga-de-madeira\/viga-de-madeira-para-telhado-como-escolher-o-modelo-ideal\/#respond\"]}]},{\"@type\":\"WebPage\",\"@id\":\"https:\/\/www.artemadeiras.com.br\/blog\/viga-de-madeira\/viga-de-madeira-para-telhado-como-escolher-o-modelo-ideal\/\",\"url\":\"https:\/\/www.artemadeiras.com.br\/blog\/viga-de-madeira\/viga-de-madeira-para-telhado-como-escolher-o-modelo-ideal\/\",\"name\":\"Viga de madeira para telhado: como escolher o modelo ideal? - Blog | Arte madeiras\",\"isPartOf\":{\"@id\":\"https:\/\/www.artemadeiras.com.br\/blog\/#website\"},\"primaryImageOfPage\":{\"@id\":\"https:\/\/www.artemadeiras.com.br\/blog\/viga-de-madeira\/viga-de-madeira-para-telhado-como-escolher-o-modelo-ideal\/#primaryimage\"},\"image\":{\"@id\":\"https:\/\/www.artemadeiras.com.br\/blog\/viga-de-madeira\/viga-de-madeira-para-telhado-como-escolher-o-modelo-ideal\/#primaryimage\"},\"thumbnailUrl\":\"https:\/\/www.artemadeiras.com.br\/blog\/wp-content\/uploads\/2025\/02\/viga-de-madeira.jpeg\",\"datePublished\":\"2026-01-14T10:54:14+00:00\",\"dateModified\":\"2026-01-14T10:54:16+00:00\",\"description\":\"Descubra tudo sobre vigas de madeira para telhado: o que s\u00e3o, seus benef\u00edcios, aplica\u00e7\u00f5es e como escolher o modelo ideal para o seu projeto.\",\"breadcrumb\":{\"@id\":\"https:\/\/www.artemadeiras.com.br\/blog\/viga-de-madeira\/viga-de-madeira-para-telhado-como-escolher-o-modelo-ideal\/#breadcrumb\"},\"inLanguage\":\"pt-BR\",\"potentialAction\":[{\"@type\":\"ReadAction\",\"target\":[\"https:\/\/www.artemadeiras.com.br\/blog\/viga-de-madeira\/viga-de-madeira-para-telhado-como-escolher-o-modelo-ideal\/\"]}]},{\"@type\":\"ImageObject\",\"inLanguage\":\"pt-BR\",\"@id\":\"https:\/\/www.artemadeiras.com.br\/blog\/viga-de-madeira\/viga-de-madeira-para-telhado-como-escolher-o-modelo-ideal\/#primaryimage\",\"url\":\"https:\/\/www.artemadeiras.com.br\/blog\/wp-content\/uploads\/2025\/02\/viga-de-madeira.jpeg\",\"contentUrl\":\"https:\/\/www.artemadeiras.com.br\/blog\/wp-content\/uploads\/2025\/02\/viga-de-madeira.jpeg\",\"width\":1300,\"height\":800,\"caption\":\"Viga de madeira para telhado: como escolher o modelo ideal?\"},{\"@type\":\"BreadcrumbList\",\"@id\":\"https:\/\/www.artemadeiras.com.br\/blog\/viga-de-madeira\/viga-de-madeira-para-telhado-como-escolher-o-modelo-ideal\/#breadcrumb\",\"itemListElement\":[{\"@type\":\"ListItem\",\"position\":1,\"name\":\"In\u00edcio\",\"item\":\"https:\/\/www.artemadeiras.com.br\/blog\/\"},{\"@type\":\"ListItem\",\"position\":2,\"name\":\"Viga de madeira para telhado: como escolher o modelo ideal?\"}]},{\"@type\":\"WebSite\",\"@id\":\"https:\/\/www.artemadeiras.com.br\/blog\/#website\",\"url\":\"https:\/\/www.artemadeiras.com.br\/blog\/\",\"name\":\"Blog | Arte madeiras\",\"description\":\"Dicas e Novidades sobre Madeiras\",\"publisher\":{\"@id\":\"https:\/\/www.artemadeiras.com.br\/blog\/#organization\"},\"potentialAction\":[{\"@type\":\"SearchAction\",\"target\":{\"@type\":\"EntryPoint\",\"urlTemplate\":\"https:\/\/www.artemadeiras.com.br\/blog\/?s={search_term_string}\"},\"query-input\":{\"@type\":\"PropertyValueSpecification\",\"valueRequired\":true,\"valueName\":\"search_term_string\"}}],\"inLanguage\":\"pt-BR\"},{\"@type\":\"Organization\",\"@id\":\"https:\/\/www.artemadeiras.com.br\/blog\/#organization\",\"name\":\"Blog | Arte madeiras\",\"url\":\"https:\/\/www.artemadeiras.com.br\/blog\/\",\"logo\":{\"@type\":\"ImageObject\",\"inLanguage\":\"pt-BR\",\"@id\":\"https:\/\/www.artemadeiras.com.br\/blog\/#\/schema\/logo\/image\/\",\"url\":\"https:\/\/www.artemadeiras.com.br\/blog\/wp-content\/uploads\/2021\/01\/logo-arte-madeiras.png\",\"contentUrl\":\"https:\/\/www.artemadeiras.com.br\/blog\/wp-content\/uploads\/2021\/01\/logo-arte-madeiras.png\",\"width\":255,\"height\":110,\"caption\":\"Blog | Arte madeiras\"},\"image\":{\"@id\":\"https:\/\/www.artemadeiras.com.br\/blog\/#\/schema\/logo\/image\/\"}},{\"@type\":\"Person\",\"@id\":\"https:\/\/www.artemadeiras.com.br\/blog\/#\/schema\/person\/03c7826df62479a35ffcf10a5a652727\",\"name\":\"bloomin\",\"image\":{\"@type\":\"ImageObject\",\"inLanguage\":\"pt-BR\",\"@id\":\"https:\/\/www.artemadeiras.com.br\/blog\/#\/schema\/person\/image\/\",\"url\":\"https:\/\/secure.gravatar.com\/avatar\/161a7ea08f1b8bd365e1697a2453e6c719201075da8bdf298a1c2fc5455ba35d?s=96&d=mm&r=g\",\"contentUrl\":\"https:\/\/secure.gravatar.com\/avatar\/161a7ea08f1b8bd365e1697a2453e6c719201075da8bdf298a1c2fc5455ba35d?s=96&d=mm&r=g\",\"caption\":\"bloomin\"},\"sameAs\":[\"https:\/\/www.artemadeiras.com.br\/blog\"],\"url\":\"https:\/\/www.artemadeiras.com.br\/blog\/author\/bloomin\/\"}]}<\/script>\n<!-- \/ Yoast SEO plugin. -->","yoast_head_json":{"title":"Viga de madeira para telhado: como escolher o modelo ideal? - Blog | Arte madeiras","description":"Descubra tudo sobre vigas de madeira para telhado: o que s\u00e3o, seus benef\u00edcios, aplica\u00e7\u00f5es e como escolher o modelo ideal para o seu projeto.","robots":{"index":"index","follow":"follow","max-snippet":"max-snippet:-1","max-image-preview":"max-image-preview:large","max-video-preview":"max-video-preview:-1"},"canonical":"https:\/\/www.artemadeiras.com.br\/blog\/viga-de-madeira\/viga-de-madeira-para-telhado-como-escolher-o-modelo-ideal\/","og_locale":"pt_BR","og_type":"article","og_title":"Viga de madeira para telhado: como escolher o modelo ideal? - Blog | Arte madeiras","og_description":"Descubra tudo sobre vigas de madeira para telhado: o que s\u00e3o, seus benef\u00edcios, aplica\u00e7\u00f5es e como escolher o modelo ideal para o seu projeto.","og_url":"https:\/\/www.artemadeiras.com.br\/blog\/viga-de-madeira\/viga-de-madeira-para-telhado-como-escolher-o-modelo-ideal\/","og_site_name":"Blog | Arte madeiras","article_published_time":"2026-01-14T10:54:14+00:00","article_modified_time":"2026-01-14T10:54:16+00:00","og_image":[{"width":1300,"height":800,"url":"https:\/\/www.artemadeiras.com.br\/blog\/wp-content\/uploads\/2025\/02\/viga-de-madeira.jpeg","type":"image\/jpeg"}],"author":"bloomin","twitter_card":"summary_large_image","twitter_misc":{"Escrito por":"bloomin","Est. tempo de leitura":"1 minuto"},"schema":{"@context":"https:\/\/schema.org","@graph":[{"@type":"Article","@id":"https:\/\/www.artemadeiras.com.br\/blog\/viga-de-madeira\/viga-de-madeira-para-telhado-como-escolher-o-modelo-ideal\/#article","isPartOf":{"@id":"https:\/\/www.artemadeiras.com.br\/blog\/viga-de-madeira\/viga-de-madeira-para-telhado-como-escolher-o-modelo-ideal\/"},"author":{"name":"bloomin","@id":"https:\/\/www.artemadeiras.com.br\/blog\/#\/schema\/person\/03c7826df62479a35ffcf10a5a652727"},"headline":"Viga de madeira para telhado: como escolher o modelo ideal?","datePublished":"2026-01-14T10:54:14+00:00","dateModified":"2026-01-14T10:54:16+00:00","mainEntityOfPage":{"@id":"https:\/\/www.artemadeiras.com.br\/blog\/viga-de-madeira\/viga-de-madeira-para-telhado-como-escolher-o-modelo-ideal\/"},"wordCount":807,"commentCount":0,"publisher":{"@id":"https:\/\/www.artemadeiras.com.br\/blog\/#organization"},"image":{"@id":"https:\/\/www.artemadeiras.com.br\/blog\/viga-de-madeira\/viga-de-madeira-para-telhado-como-escolher-o-modelo-ideal\/#primaryimage"},"thumbnailUrl":"https:\/\/www.artemadeiras.com.br\/blog\/wp-content\/uploads\/2025\/02\/viga-de-madeira.jpeg","keywords":["aplica\u00e7\u00f5es de vigas de madeira","benef\u00edcios da viga de madeira","como escolher viga de madeira para telhado","dimensionamento de vigas de madeira","distribuidor de viga de madeira para telhado","empresa de viga de madeira para telhado","estrutura de telhado","eucalipto tratado para telhado","f\u00e1brica de viga de madeira para telhado","fabricante de viga de madeira para telhado","fornecedor de viga de madeira para telhado","jatob\u00e1 para telhado","loja de viga de madeira para telhado","madeira para telhado","madeira tratada para telhado","manuten\u00e7\u00e3o de telhado de madeira","pergolados de madeira","peroba rosa para telhado","telhado de madeira","telhados comerciais","telhados industriais","telhados residenciais","tipos de madeira para telhado","viga de madeira para telhado","viga de madeira para telhado em promo\u00e7\u00e3o","viga de madeira para telhado em s\u00e3o paulo","viga de madeira para telhado em sp","viga de madeira para telhado na \u00c1gua Branca","viga de madeira para telhado na Vila Guilherme","viga de madeira para telhado na zona norte","viga de madeira para telhado no Bom Retiro","viga de madeira para telhado perto de mim","viga de madeira para telhado pre\u00e7o","viga de madeira para telhado pr\u00f3ximo a mim","vigas de madeira"],"articleSection":["Viga de madeira"],"inLanguage":"pt-BR","potentialAction":[{"@type":"CommentAction","name":"Comment","target":["https:\/\/www.artemadeiras.com.br\/blog\/viga-de-madeira\/viga-de-madeira-para-telhado-como-escolher-o-modelo-ideal\/#respond"]}]},{"@type":"WebPage","@id":"https:\/\/www.artemadeiras.com.br\/blog\/viga-de-madeira\/viga-de-madeira-para-telhado-como-escolher-o-modelo-ideal\/","url":"https:\/\/www.artemadeiras.com.br\/blog\/viga-de-madeira\/viga-de-madeira-para-telhado-como-escolher-o-modelo-ideal\/","name":"Viga de madeira para telhado: como escolher o modelo ideal? - Blog | Arte madeiras","isPartOf":{"@id":"https:\/\/www.artemadeiras.com.br\/blog\/#website"},"primaryImageOfPage":{"@id":"https:\/\/www.artemadeiras.com.br\/blog\/viga-de-madeira\/viga-de-madeira-para-telhado-como-escolher-o-modelo-ideal\/#primaryimage"},"image":{"@id":"https:\/\/www.artemadeiras.com.br\/blog\/viga-de-madeira\/viga-de-madeira-para-telhado-como-escolher-o-modelo-ideal\/#primaryimage"},"thumbnailUrl":"https:\/\/www.artemadeiras.com.br\/blog\/wp-content\/uploads\/2025\/02\/viga-de-madeira.jpeg","datePublished":"2026-01-14T10:54:14+00:00","dateModified":"2026-01-14T10:54:16+00:00","description":"Descubra tudo sobre vigas de madeira para telhado: o que s\u00e3o, seus benef\u00edcios, aplica\u00e7\u00f5es e como escolher o modelo ideal para o seu projeto.","breadcrumb":{"@id":"https:\/\/www.artemadeiras.com.br\/blog\/viga-de-madeira\/viga-de-madeira-para-telhado-como-escolher-o-modelo-ideal\/#breadcrumb"},"inLanguage":"pt-BR","potentialAction":[{"@type":"ReadAction","target":["https:\/\/www.artemadeiras.com.br\/blog\/viga-de-madeira\/viga-de-madeira-para-telhado-como-escolher-o-modelo-ideal\/"]}]},{"@type":"ImageObject","inLanguage":"pt-BR","@id":"https:\/\/www.artemadeiras.com.br\/blog\/viga-de-madeira\/viga-de-madeira-para-telhado-como-escolher-o-modelo-ideal\/#primaryimage","url":"https:\/\/www.artemadeiras.com.br\/blog\/wp-content\/uploads\/2025\/02\/viga-de-madeira.jpeg","contentUrl":"https:\/\/www.artemadeiras.com.br\/blog\/wp-content\/uploads\/2025\/02\/viga-de-madeira.jpeg","width":1300,"height":800,"caption":"Viga de madeira para telhado: como escolher o modelo ideal?"},{"@type":"BreadcrumbList","@id":"https:\/\/www.artemadeiras.com.br\/blog\/viga-de-madeira\/viga-de-madeira-para-telhado-como-escolher-o-modelo-ideal\/#breadcrumb","itemListElement":[{"@type":"ListItem","position":1,"name":"In\u00edcio","item":"https:\/\/www.artemadeiras.com.br\/blog\/"},{"@type":"ListItem","position":2,"name":"Viga de madeira para telhado: como escolher o modelo ideal?"}]},{"@type":"WebSite","@id":"https:\/\/www.artemadeiras.com.br\/blog\/#website","url":"https:\/\/www.artemadeiras.com.br\/blog\/","name":"Blog | Arte madeiras","description":"Dicas e Novidades sobre Madeiras","publisher":{"@id":"https:\/\/www.artemadeiras.com.br\/blog\/#organization"},"potentialAction":[{"@type":"SearchAction","target":{"@type":"EntryPoint","urlTemplate":"https:\/\/www.artemadeiras.com.br\/blog\/?s={search_term_string}"},"query-input":{"@type":"PropertyValueSpecification","valueRequired":true,"valueName":"search_term_string"}}],"inLanguage":"pt-BR"},{"@type":"Organization","@id":"https:\/\/www.artemadeiras.com.br\/blog\/#organization","name":"Blog | Arte madeiras","url":"https:\/\/www.artemadeiras.com.br\/blog\/","logo":{"@type":"ImageObject","inLanguage":"pt-BR","@id":"https:\/\/www.artemadeiras.com.br\/blog\/#\/schema\/logo\/image\/","url":"https:\/\/www.artemadeiras.com.br\/blog\/wp-content\/uploads\/2021\/01\/logo-arte-madeiras.png","contentUrl":"https:\/\/www.artemadeiras.com.br\/blog\/wp-content\/uploads\/2021\/01\/logo-arte-madeiras.png","width":255,"height":110,"caption":"Blog | Arte madeiras"},"image":{"@id":"https:\/\/www.artemadeiras.com.br\/blog\/#\/schema\/logo\/image\/"}},{"@type":"Person","@id":"https:\/\/www.artemadeiras.com.br\/blog\/#\/schema\/person\/03c7826df62479a35ffcf10a5a652727","name":"bloomin","image":{"@type":"ImageObject","inLanguage":"pt-BR","@id":"https:\/\/www.artemadeiras.com.br\/blog\/#\/schema\/person\/image\/","url":"https:\/\/secure.gravatar.com\/avatar\/161a7ea08f1b8bd365e1697a2453e6c719201075da8bdf298a1c2fc5455ba35d?s=96&d=mm&r=g","contentUrl":"https:\/\/secure.gravatar.com\/avatar\/161a7ea08f1b8bd365e1697a2453e6c719201075da8bdf298a1c2fc5455ba35d?s=96&d=mm&r=g","caption":"bloomin"},"sameAs":["https:\/\/www.artemadeiras.com.br\/blog"],"url":"https:\/\/www.artemadeiras.com.br\/blog\/author\/bloomin\/"}]}},"_links":{"self":[{"href":"https:\/\/www.artemadeiras.com.br\/blog\/wp-json\/wp\/v2\/posts\/170","targetHints":{"allow":["GET"]}}],"collection":[{"href":"https:\/\/www.artemadeiras.com.br\/blog\/wp-json\/wp\/v2\/posts"}],"about":[{"href":"https:\/\/www.artemadeiras.com.br\/blog\/wp-json\/wp\/v2\/types\/post"}],"author":[{"embeddable":true,"href":"https:\/\/www.artemadeiras.com.br\/blog\/wp-json\/wp\/v2\/users\/1"}],"replies":[{"embeddable":true,"href":"https:\/\/www.artemadeiras.com.br\/blog\/wp-json\/wp\/v2\/comments?post=170"}],"version-history":[{"count":1,"href":"https:\/\/www.artemadeiras.com.br\/blog\/wp-json\/wp\/v2\/posts\/170\/revisions"}],"predecessor-version":[{"id":173,"href":"https:\/\/www.artemadeiras.com.br\/blog\/wp-json\/wp\/v2\/posts\/170\/revisions\/173"}],"wp:featuredmedia":[{"embeddable":true,"href":"https:\/\/www.artemadeiras.com.br\/blog\/wp-json\/wp\/v2\/media\/172"}],"wp:attachment":[{"href":"https:\/\/www.artemadeiras.com.br\/blog\/wp-json\/wp\/v2\/media?parent=170"}],"wp:term":[{"taxonomy":"category","embeddable":true,"href":"https:\/\/www.artemadeiras.com.br\/blog\/wp-json\/wp\/v2\/categories?post=170"},{"taxonomy":"post_tag","embeddable":true,"href":"https:\/\/www.artemadeiras.com.br\/blog\/wp-json\/wp\/v2\/tags?post=170"}],"curies":[{"name":"wp","href":"https:\/\/api.w.org\/{rel}","templated":true}]}}