{"id":165,"date":"2025-12-23T10:21:56","date_gmt":"2025-12-23T13:21:56","guid":{"rendered":"https:\/\/www.artemadeiras.com.br\/blog\/?p=165"},"modified":"2026-01-05T10:20:53","modified_gmt":"2026-01-05T13:20:53","slug":"forro-de-madeira-para-teto-tendencia-estilo-e-funcionalidade-para-o-seu-projeto","status":"publish","type":"post","link":"https:\/\/www.artemadeiras.com.br\/blog\/forros\/forro-de-madeira-para-teto-tendencia-estilo-e-funcionalidade-para-o-seu-projeto\/","title":{"rendered":"Forro de madeira para teto: tend\u00eancia, estilo e funcionalidade para o seu projeto"},"content":{"rendered":"<span class=\"rt-reading-time\" style=\"display: block;\"><span class=\"rt-label rt-prefix\">Tempo de leitura<\/span> <span class=\"rt-time\">3<\/span> <span class=\"rt-label rt-postfix\">minutos<\/span><\/span>\n<p class=\"has-medium-font-size\"><strong><em>Descubra como o forro de madeira para teto combina eleg\u00e2ncia e funcionalidade, trazendo conforto t\u00e9rmico e ac\u00fastico ao seu ambiente.&nbsp;<\/em><\/strong><\/p>\n\n\n\n<p>O forro de madeira para teto \u00e9 mais do que um simples revestimento. Ele \u00e9 um elemento que transforma ambientes, adicionando aconchego, estilo e sofistica\u00e7\u00e3o ao espa\u00e7o. Al\u00e9m disso, proporciona isolamento t\u00e9rmico e ac\u00fastico, sendo uma escolha inteligente para projetos residenciais e comerciais.<\/p>\n\n\n\n<p>Com op\u00e7\u00f5es que variam em texturas, cores e acabamentos, o forro de madeira se adapta a diferentes estilos de decora\u00e7\u00e3o. Seja em ambientes r\u00fasticos ou contempor\u00e2neos, ele confere uma est\u00e9tica \u00fanica e marcante.<\/p>\n\n\n\n<p>Se voc\u00ea est\u00e1 planejando renovar ou construir um espa\u00e7o, conhecer as vantagens e as tend\u00eancias do forro de madeira \u00e9 essencial para criar um projeto que une beleza e funcionalidade.<\/p>\n\n\n\n<div id=\"ez-toc-container\" class=\"ez-toc-v2_0_66_1 counter-hierarchy ez-toc-counter ez-toc-grey ez-toc-container-direction\">\n<div class=\"ez-toc-title-container\">\n<p class=\"ez-toc-title \" >T&oacute;picos do artigo<\/p>\n<span class=\"ez-toc-title-toggle\"><a href=\"#\" class=\"ez-toc-pull-right ez-toc-btn ez-toc-btn-xs ez-toc-btn-default ez-toc-toggle\" aria-label=\"Toggle Table of Content\"><span class=\"ez-toc-js-icon-con\"><span class=\"\"><span class=\"eztoc-hide\" style=\"display:none;\">Toggle<\/span><span class=\"ez-toc-icon-toggle-span\"><svg style=\"fill: #999;color:#999\" xmlns=\"http:\/\/www.w3.org\/2000\/svg\" class=\"list-377408\" width=\"20px\" height=\"20px\" viewBox=\"0 0 24 24\" fill=\"none\"><path d=\"M6 6H4v2h2V6zm14 0H8v2h12V6zM4 11h2v2H4v-2zm16 0H8v2h12v-2zM4 16h2v2H4v-2zm16 0H8v2h12v-2z\" fill=\"currentColor\"><\/path><\/svg><svg style=\"fill: #999;color:#999\" class=\"arrow-unsorted-368013\" xmlns=\"http:\/\/www.w3.org\/2000\/svg\" width=\"10px\" height=\"10px\" viewBox=\"0 0 24 24\" version=\"1.2\" baseProfile=\"tiny\"><path d=\"M18.2 9.3l-6.2-6.3-6.2 6.3c-.2.2-.3.4-.3.7s.1.5.3.7c.2.2.4.3.7.3h11c.3 0 .5-.1.7-.3.2-.2.3-.5.3-.7s-.1-.5-.3-.7zM5.8 14.7l6.2 6.3 6.2-6.3c.2-.2.3-.5.3-.7s-.1-.5-.3-.7c-.2-.2-.4-.3-.7-.3h-11c-.3 0-.5.1-.7.3-.2.2-.3.5-.3.7s.1.5.3.7z\"\/><\/svg><\/span><\/span><\/span><\/a><\/span><\/div>\n<nav><ul class='ez-toc-list ez-toc-list-level-1 ' ><li class='ez-toc-page-1 ez-toc-heading-level-2'><a class=\"ez-toc-link ez-toc-heading-1\" href=\"https:\/\/www.artemadeiras.com.br\/blog\/forros\/forro-de-madeira-para-teto-tendencia-estilo-e-funcionalidade-para-o-seu-projeto\/#A_versatilidade_do_forro_de_madeira_para_teto\" title=\"A versatilidade do forro de madeira para teto\">A versatilidade do forro de madeira para teto<\/a><\/li><li class='ez-toc-page-1 ez-toc-heading-level-2'><a class=\"ez-toc-link ez-toc-heading-2\" href=\"https:\/\/www.artemadeiras.com.br\/blog\/forros\/forro-de-madeira-para-teto-tendencia-estilo-e-funcionalidade-para-o-seu-projeto\/#Tendencias_atuais_no_uso_do_forro_de_madeira_para_teto\" title=\"Tend\u00eancias atuais no uso do forro de madeira para teto\">Tend\u00eancias atuais no uso do forro de madeira para teto<\/a><\/li><li class='ez-toc-page-1 ez-toc-heading-level-2'><a class=\"ez-toc-link ez-toc-heading-3\" href=\"https:\/\/www.artemadeiras.com.br\/blog\/forros\/forro-de-madeira-para-teto-tendencia-estilo-e-funcionalidade-para-o-seu-projeto\/#Opcoes_de_madeira_para_forro\" title=\"Op\u00e7\u00f5es de madeira para forro\">Op\u00e7\u00f5es de madeira para forro<\/a><\/li><li class='ez-toc-page-1 ez-toc-heading-level-2'><a class=\"ez-toc-link ez-toc-heading-4\" href=\"https:\/\/www.artemadeiras.com.br\/blog\/forros\/forro-de-madeira-para-teto-tendencia-estilo-e-funcionalidade-para-o-seu-projeto\/#Funcionalidade_que_transforma_espacos\" title=\"Funcionalidade que transforma espa\u00e7os\">Funcionalidade que transforma espa\u00e7os<\/a><\/li><li class='ez-toc-page-1 ez-toc-heading-level-2'><a class=\"ez-toc-link ez-toc-heading-5\" href=\"https:\/\/www.artemadeiras.com.br\/blog\/forros\/forro-de-madeira-para-teto-tendencia-estilo-e-funcionalidade-para-o-seu-projeto\/#Cuidados_com_o_forro_de_madeira_para_teto\" title=\"Cuidados com o forro de madeira para teto\">Cuidados com o forro de madeira para teto<\/a><\/li><li class='ez-toc-page-1 ez-toc-heading-level-2'><a class=\"ez-toc-link ez-toc-heading-6\" href=\"https:\/\/www.artemadeiras.com.br\/blog\/forros\/forro-de-madeira-para-teto-tendencia-estilo-e-funcionalidade-para-o-seu-projeto\/#Invista_no_forro_de_madeira_para_teto_da_Arte_Madeiras\" title=\"Invista no forro de madeira para teto da Arte Madeiras\">Invista no forro de madeira para teto da Arte Madeiras<\/a><\/li><\/ul><\/nav><\/div>\n<h2 class=\"wp-block-heading\"><span class=\"ez-toc-section\" id=\"A_versatilidade_do_forro_de_madeira_para_teto\"><\/span><strong>A versatilidade do forro de madeira para teto<\/strong><span class=\"ez-toc-section-end\"><\/span><\/h2>\n\n\n\n<p>O forro de madeira \u00e9 um material que dialoga bem com diferentes propostas arquitet\u00f4nicas. Sua versatilidade permite a aplica\u00e7\u00e3o em ambientes internos e externos, ampliando as possibilidades de design.<\/p>\n\n\n\n<p>Al\u00e9m disso, ele \u00e9 um \u00f3timo aliado no controle t\u00e9rmico e ac\u00fastico do ambiente. Isso \u00e9 especialmente importante em regi\u00f5es de clima extremo, onde a madeira ajuda a regular a temperatura, tornando os espa\u00e7os mais agrad\u00e1veis.<\/p>\n\n\n\n<p><strong>Principais benef\u00edcios do forro de madeira:<\/strong><\/p>\n\n\n\n<ul class=\"wp-block-list\">\n<li><strong>Isolamento t\u00e9rmico:<\/strong> mant\u00e9m o ambiente fresco no ver\u00e3o e confort\u00e1vel no inverno;<\/li>\n\n\n\n<li><strong>Isolamento ac\u00fastico:<\/strong> reduz ru\u00eddos, criando um ambiente mais tranquilo;<\/li>\n\n\n\n<li><strong>Durabilidade:<\/strong> com manuten\u00e7\u00e3o adequada, \u00e9 uma solu\u00e7\u00e3o que dura d\u00e9cadas;<\/li>\n\n\n\n<li><strong>Sustentabilidade:<\/strong> madeiras certificadas s\u00e3o op\u00e7\u00f5es ecol\u00f3gicas e renov\u00e1veis.<\/li>\n<\/ul>\n\n\n\n<h2 class=\"wp-block-heading\"><span class=\"ez-toc-section\" id=\"Tendencias_atuais_no_uso_do_forro_de_madeira_para_teto\"><\/span><strong>Tend\u00eancias atuais no uso do forro de madeira para teto<\/strong><span class=\"ez-toc-section-end\"><\/span><\/h2>\n\n\n\n<p>Arquitetos e designers t\u00eam explorado o forro de madeira em projetos que valorizam a integra\u00e7\u00e3o entre o natural e o moderno. Entre as principais tend\u00eancias, destacam-se:<\/p>\n\n\n\n<ul class=\"wp-block-list\">\n<li><strong>Estilo r\u00fastico moderno:<\/strong> combina a apar\u00eancia natural da madeira com elementos de design minimalistas;<br><\/li>\n\n\n\n<li><strong>Madeira em contraste:<\/strong> utiliza o tom quente do material em harmonia com cores frias, como o cinza ou o preto;<br><\/li>\n\n\n\n<li><strong>Formas geom\u00e9tricas:<\/strong> padr\u00f5es de instala\u00e7\u00e3o que criam movimento e texturas no teto;<br><\/li>\n\n\n\n<li><strong>Ilumina\u00e7\u00e3o embutida:<\/strong> integra\u00e7\u00e3o com luzes LED para destacar os veios e tonalidades da madeira.<\/li>\n<\/ul>\n\n\n\n<p>Essas aplica\u00e7\u00f5es real\u00e7am a beleza do material, tornando-o um destaque no ambiente.<\/p>\n\n\n\n<h2 class=\"wp-block-heading\"><span class=\"ez-toc-section\" id=\"Opcoes_de_madeira_para_forro\"><\/span><strong>Op\u00e7\u00f5es de madeira para forro<\/strong><span class=\"ez-toc-section-end\"><\/span><\/h2>\n\n\n<div class=\"wp-block-image\">\n<figure class=\"alignright size-full is-resized\"><img loading=\"lazy\" decoding=\"async\" width=\"300\" height=\"150\" src=\"https:\/\/www.artemadeiras.com.br\/blog\/wp-content\/uploads\/2025\/01\/forro7-mini.jpg\" alt=\"Forro de madeira para teto: tend\u00eancia, estilo e funcionalidade para o seu projeto\n\" class=\"wp-image-166\" style=\"width:243px;height:auto\"\/><\/figure>\n<\/div>\n\n\n<p>As op\u00e7\u00f5es de madeira para forro s\u00e3o variadas, permitindo personalizar seu projeto. Na Arte Madeiras, voc\u00ea encontra materiais como <strong>cedrinho mesclado<\/strong>, que garante um visual sofisticado, e <strong>cedrinho cerne<\/strong>, com tons quentes e naturais.<\/p>\n\n\n\n<p>Para quem busca economia, o <strong>pinus<\/strong> e o <strong>pinus autoclavado<\/strong> s\u00e3o excelentes escolhas, tratados contra cupins e fungos. J\u00e1 a <strong>garapeira<\/strong> ilumina com sua tonalidade clara, enquanto o <strong>cumaru<\/strong> oferece alta resist\u00eancia e durabilidade.<\/p>\n\n\n\n<p>Todos os forros s\u00e3o secos e lixados, garantindo f\u00e1cil instala\u00e7\u00e3o e um acabamento impec\u00e1vel.<\/p>\n\n\n\n<ul class=\"wp-block-list\">\n<li><a href=\"https:\/\/www.artemadeiras.com.br\/blog\/chapas\/chapa-de-compensado-tudo-o-que-voce-precisa-saber-sobre-esse-material-versatil\/\">Chapa de compensado: tudo o que voc\u00ea precisa saber sobre esse material vers\u00e1til<\/a><\/li>\n<\/ul>\n\n\n\n<h2 class=\"wp-block-heading\"><span class=\"ez-toc-section\" id=\"Funcionalidade_que_transforma_espacos\"><\/span><strong>Funcionalidade que transforma espa\u00e7os<\/strong><span class=\"ez-toc-section-end\"><\/span><\/h2>\n\n\n\n<p>Al\u00e9m de valorizar a est\u00e9tica, o forro de madeira tem um papel funcional nos projetos. Ele ajuda a criar ambientes mais confort\u00e1veis e personalizados. Seja em uma sala de estar ou em um espa\u00e7o corporativo, a madeira no teto promove um visual aconchegante e \u00fanico.<\/p>\n\n\n\n<p><strong>Dicas para escolher o forro ideal:<\/strong><\/p>\n\n\n\n<ol class=\"wp-block-list\">\n<li>Considere o estilo do ambiente e os outros elementos de decora\u00e7\u00e3o;<\/li>\n\n\n\n<li>Avalie a ilumina\u00e7\u00e3o dispon\u00edvel e como a madeira ir\u00e1 interagir com a luz;<\/li>\n\n\n\n<li>Pense na durabilidade e manuten\u00e7\u00e3o, escolhendo esp\u00e9cies adequadas ao uso pretendido;<\/li>\n\n\n\n<li>Consulte especialistas para garantir uma instala\u00e7\u00e3o impec\u00e1vel.<\/li>\n<\/ol>\n\n\n\n<h2 class=\"wp-block-heading\"><span class=\"ez-toc-section\" id=\"Cuidados_com_o_forro_de_madeira_para_teto\"><\/span><strong>Cuidados com o forro de madeira para teto<\/strong><span class=\"ez-toc-section-end\"><\/span><\/h2>\n\n\n\n<p>Para manter o forro de madeira sempre bonito e funcional, alguns cuidados s\u00e3o indispens\u00e1veis:<\/p>\n\n\n\n<ul class=\"wp-block-list\">\n<li><strong>Limpeza regular:<\/strong> use um pano seco ou levemente umedecido para remover poeira.<\/li>\n\n\n\n<li><strong>Prote\u00e7\u00e3o contra umidade:<\/strong> em \u00e1reas sujeitas a infiltra\u00e7\u00f5es, trate a madeira com vernizes espec\u00edficos.<\/li>\n\n\n\n<li><strong>Reparos pontuais:<\/strong> substitua t\u00e1buas danificadas para evitar problemas maiores.<\/li>\n<\/ul>\n\n\n\n<p>Com esses cuidados, voc\u00ea preserva a beleza do material e prolonga sua vida \u00fatil.<\/p>\n\n\n\n<ul class=\"wp-block-list\">\n<li><a href=\"https:\/\/www.artemadeiras.com.br\/blog\/pinus\/pinus-autoclavados-conheca-suas-principais-vantagens-e-aplicacoes\/\">Pinus autoclavados: conhe\u00e7a suas principais vantagens e aplica\u00e7\u00f5es<\/a><\/li>\n<\/ul>\n\n\n\n<h2 class=\"wp-block-heading\"><span class=\"ez-toc-section\" id=\"Invista_no_forro_de_madeira_para_teto_da_Arte_Madeiras\"><\/span><strong>Invista no forro de madeira para teto da Arte Madeiras<\/strong><span class=\"ez-toc-section-end\"><\/span><\/h2>\n\n\n\n<p>Na Arte Madeiras, oferecemos solu\u00e7\u00f5es de alta qualidade para seu projeto. Nossa linha completa de forros, lambris e meio-canas atende aos mais variados estilos e exig\u00eancias.&nbsp;<\/p>\n\n\n\n<p>Trabalhamos com madeiras como cedrinho, pinus, garapeira e cumaru, todas tratadas para m\u00e1xima durabilidade e beleza.<\/p>\n\n\n\n<p>Transforme seu ambiente com eleg\u00e2ncia e funcionalidade. <a href=\"https:\/\/www.artemadeiras.com.br\/contato\" class=\"rank-math-link\">Fale conosco<\/a> e descubra como nossos produtos podem elevar o padr\u00e3o do seu projeto!<\/p>\n","protected":false},"excerpt":{"rendered":"<p><span class=\"rt-reading-time\" style=\"display: block;\"><span class=\"rt-label rt-prefix\">Tempo de leitura<\/span> <span class=\"rt-time\">3<\/span> <span class=\"rt-label rt-postfix\">minutos<\/span><\/span> Descubra como o forro de madeira para teto combina eleg\u00e2ncia e funcionalidade, trazendo conforto t\u00e9rmico e ac\u00fastico ao seu ambiente.&nbsp; O forro de madeira para teto \u00e9 mais do que um simples revestimento. Ele \u00e9 um elemento que transforma ambientes,&#8230;<\/p>\n","protected":false},"author":1,"featured_media":167,"comment_status":"open","ping_status":"open","sticky":false,"template":"","format":"standard","meta":{"footnotes":""},"categories":[15],"tags":[933,932,943,939,935,940,942,941,934,925,924,928,923,929,922,950,947,946,952,948,953,949,955,951,944,954,931,937,927,945,938,926,936,921,930],"class_list":["post-165","post","type-post","status-publish","format-standard","has-post-thumbnail","hentry","category-forros","tag-beneficios-forro-de-madeira","tag-decoracao-com-madeira","tag-distribuidor-de-forro-de-madeira-para-teto","tag-empresa-de-forro-de-madeira-para-teto","tag-estilos-de-forro","tag-fabrica-de-forro-de-madeira-para-teto","tag-fabricante-de-forro-de-madeira-para-teto","tag-fornecedor-de-forro-de-madeira-para-teto","tag-forro-com-iluminacao-embutida","tag-forro-de-madeira-arquitetura","tag-forro-de-madeira-cedrinho","tag-forro-de-madeira-design","tag-forro-de-madeira-funcionalidade","tag-forro-de-madeira-garapeira","tag-forro-de-madeira-para-teto","tag-forro-de-madeira-para-teto-em-promocao","tag-forro-de-madeira-para-teto-em-sao-paulo","tag-forro-de-madeira-para-teto-em-sp","tag-forro-de-madeira-para-teto-na-agua-branca","tag-forro-de-madeira-para-teto-na-barra-funda","tag-forro-de-madeira-para-teto-na-vila-guilherme","tag-forro-de-madeira-para-teto-na-zona-norte","tag-forro-de-madeira-para-teto-no-bom-retiro","tag-forro-de-madeira-para-teto-perto-de-mim","tag-forro-de-madeira-para-teto-preco","tag-forro-de-madeira-para-teto-proximo-a-mim","tag-forro-rustico-moderno","tag-forro-sustentavel","tag-isolamento-termico-forro","tag-loja-de-forro-de-madeira-para-teto","tag-madeira-no-teto","tag-madeiras-para-teto","tag-manutencao-forro-de-madeira","tag-tendencias-forro-de-madeira","tag-teto-de-madeira-cumaru"],"yoast_head":"<!-- This site is optimized with the Yoast SEO plugin v23.6 - https:\/\/yoast.com\/wordpress\/plugins\/seo\/ -->\n<title>Forro de madeira para teto: tend\u00eancia, estilo e funcionalidade para o seu projeto - Blog | Arte madeiras<\/title>\n<meta name=\"description\" content=\"Descubra como o forro de madeira para teto combina eleg\u00e2ncia e funcionalidade, trazendo conforto t\u00e9rmico e ac\u00fastico ao seu ambiente.\" \/>\n<meta name=\"robots\" content=\"index, follow, max-snippet:-1, max-image-preview:large, max-video-preview:-1\" \/>\n<link rel=\"canonical\" href=\"https:\/\/www.artemadeiras.com.br\/blog\/forros\/forro-de-madeira-para-teto-tendencia-estilo-e-funcionalidade-para-o-seu-projeto\/\" \/>\n<meta property=\"og:locale\" content=\"pt_BR\" \/>\n<meta property=\"og:type\" content=\"article\" \/>\n<meta property=\"og:title\" content=\"Forro de madeira para teto: tend\u00eancia, estilo e funcionalidade para o seu projeto - Blog | Arte madeiras\" \/>\n<meta property=\"og:description\" content=\"Descubra como o forro de madeira para teto combina eleg\u00e2ncia e funcionalidade, trazendo conforto t\u00e9rmico e ac\u00fastico ao seu ambiente.\" \/>\n<meta property=\"og:url\" content=\"https:\/\/www.artemadeiras.com.br\/blog\/forros\/forro-de-madeira-para-teto-tendencia-estilo-e-funcionalidade-para-o-seu-projeto\/\" \/>\n<meta property=\"og:site_name\" content=\"Blog | Arte madeiras\" \/>\n<meta property=\"article:published_time\" content=\"2025-12-23T13:21:56+00:00\" \/>\n<meta property=\"article:modified_time\" content=\"2026-01-05T13:20:53+00:00\" \/>\n<meta property=\"og:image\" content=\"https:\/\/www.artemadeiras.com.br\/blog\/wp-content\/uploads\/2025\/01\/forro6-mini.jpg\" \/>\n\t<meta property=\"og:image:width\" content=\"300\" \/>\n\t<meta property=\"og:image:height\" content=\"150\" \/>\n\t<meta property=\"og:image:type\" content=\"image\/jpeg\" \/>\n<meta name=\"author\" content=\"bloomin\" \/>\n<meta name=\"twitter:card\" content=\"summary_large_image\" \/>\n<meta name=\"twitter:label1\" content=\"Escrito por\" \/>\n\t<meta name=\"twitter:data1\" content=\"bloomin\" \/>\n\t<meta name=\"twitter:label2\" content=\"Est. tempo de leitura\" \/>\n\t<meta name=\"twitter:data2\" content=\"5 minutos\" \/>\n<script type=\"application\/ld+json\" class=\"yoast-schema-graph\">{\"@context\":\"https:\/\/schema.org\",\"@graph\":[{\"@type\":\"Article\",\"@id\":\"https:\/\/www.artemadeiras.com.br\/blog\/forros\/forro-de-madeira-para-teto-tendencia-estilo-e-funcionalidade-para-o-seu-projeto\/#article\",\"isPartOf\":{\"@id\":\"https:\/\/www.artemadeiras.com.br\/blog\/forros\/forro-de-madeira-para-teto-tendencia-estilo-e-funcionalidade-para-o-seu-projeto\/\"},\"author\":{\"name\":\"bloomin\",\"@id\":\"https:\/\/www.artemadeiras.com.br\/blog\/#\/schema\/person\/03c7826df62479a35ffcf10a5a652727\"},\"headline\":\"Forro de madeira para teto: tend\u00eancia, estilo e funcionalidade para o seu projeto\",\"datePublished\":\"2025-12-23T13:21:56+00:00\",\"dateModified\":\"2026-01-05T13:20:53+00:00\",\"mainEntityOfPage\":{\"@id\":\"https:\/\/www.artemadeiras.com.br\/blog\/forros\/forro-de-madeira-para-teto-tendencia-estilo-e-funcionalidade-para-o-seu-projeto\/\"},\"wordCount\":795,\"commentCount\":0,\"publisher\":{\"@id\":\"https:\/\/www.artemadeiras.com.br\/blog\/#organization\"},\"image\":{\"@id\":\"https:\/\/www.artemadeiras.com.br\/blog\/forros\/forro-de-madeira-para-teto-tendencia-estilo-e-funcionalidade-para-o-seu-projeto\/#primaryimage\"},\"thumbnailUrl\":\"https:\/\/www.artemadeiras.com.br\/blog\/wp-content\/uploads\/2025\/01\/forro6-mini.jpg\",\"keywords\":[\"benef\u00edcios forro de madeira\",\"decora\u00e7\u00e3o com madeira\",\"distribuidor de forro de madeira para teto\",\"empresa de forro de madeira para teto\",\"estilos de forro\",\"f\u00e1brica de forro de madeira para teto\",\"fabricante de forro de madeira para teto\",\"fornecedor de forro de madeira para teto\",\"forro com ilumina\u00e7\u00e3o embutida\",\"forro de madeira arquitetura\",\"forro de madeira cedrinho\",\"forro de madeira design\",\"forro de madeira funcionalidade\",\"forro de madeira garapeira\",\"forro de madeira para teto\",\"forro de madeira para teto em promo\u00e7\u00e3o\",\"forro de madeira para teto em s\u00e3o paulo\",\"forro de madeira para teto em sp\",\"forro de madeira para teto na \u00c1gua Branca\",\"forro de madeira para teto na Barra Funda\",\"forro de madeira para teto na Vila Guilherme\",\"forro de madeira para teto na zona norte\",\"forro de madeira para teto no Bom Retiro\",\"forro de madeira para teto perto de mim\",\"forro de madeira para teto pre\u00e7o\",\"forro de madeira para teto pr\u00f3ximo a mim\",\"forro r\u00fastico moderno\",\"forro sustent\u00e1vel\",\"isolamento t\u00e9rmico forro\",\"loja de forro de madeira para teto\",\"madeira no teto\",\"madeiras para teto\",\"manuten\u00e7\u00e3o forro de madeira\",\"tend\u00eancias forro de madeira\",\"teto de madeira cumaru\"],\"articleSection\":[\"Forros\"],\"inLanguage\":\"pt-BR\",\"potentialAction\":[{\"@type\":\"CommentAction\",\"name\":\"Comment\",\"target\":[\"https:\/\/www.artemadeiras.com.br\/blog\/forros\/forro-de-madeira-para-teto-tendencia-estilo-e-funcionalidade-para-o-seu-projeto\/#respond\"]}]},{\"@type\":\"WebPage\",\"@id\":\"https:\/\/www.artemadeiras.com.br\/blog\/forros\/forro-de-madeira-para-teto-tendencia-estilo-e-funcionalidade-para-o-seu-projeto\/\",\"url\":\"https:\/\/www.artemadeiras.com.br\/blog\/forros\/forro-de-madeira-para-teto-tendencia-estilo-e-funcionalidade-para-o-seu-projeto\/\",\"name\":\"Forro de madeira para teto: tend\u00eancia, estilo e funcionalidade para o seu projeto - Blog | Arte madeiras\",\"isPartOf\":{\"@id\":\"https:\/\/www.artemadeiras.com.br\/blog\/#website\"},\"primaryImageOfPage\":{\"@id\":\"https:\/\/www.artemadeiras.com.br\/blog\/forros\/forro-de-madeira-para-teto-tendencia-estilo-e-funcionalidade-para-o-seu-projeto\/#primaryimage\"},\"image\":{\"@id\":\"https:\/\/www.artemadeiras.com.br\/blog\/forros\/forro-de-madeira-para-teto-tendencia-estilo-e-funcionalidade-para-o-seu-projeto\/#primaryimage\"},\"thumbnailUrl\":\"https:\/\/www.artemadeiras.com.br\/blog\/wp-content\/uploads\/2025\/01\/forro6-mini.jpg\",\"datePublished\":\"2025-12-23T13:21:56+00:00\",\"dateModified\":\"2026-01-05T13:20:53+00:00\",\"description\":\"Descubra como o forro de madeira para teto combina eleg\u00e2ncia e funcionalidade, trazendo conforto t\u00e9rmico e ac\u00fastico ao seu ambiente.\",\"breadcrumb\":{\"@id\":\"https:\/\/www.artemadeiras.com.br\/blog\/forros\/forro-de-madeira-para-teto-tendencia-estilo-e-funcionalidade-para-o-seu-projeto\/#breadcrumb\"},\"inLanguage\":\"pt-BR\",\"potentialAction\":[{\"@type\":\"ReadAction\",\"target\":[\"https:\/\/www.artemadeiras.com.br\/blog\/forros\/forro-de-madeira-para-teto-tendencia-estilo-e-funcionalidade-para-o-seu-projeto\/\"]}]},{\"@type\":\"ImageObject\",\"inLanguage\":\"pt-BR\",\"@id\":\"https:\/\/www.artemadeiras.com.br\/blog\/forros\/forro-de-madeira-para-teto-tendencia-estilo-e-funcionalidade-para-o-seu-projeto\/#primaryimage\",\"url\":\"https:\/\/www.artemadeiras.com.br\/blog\/wp-content\/uploads\/2025\/01\/forro6-mini.jpg\",\"contentUrl\":\"https:\/\/www.artemadeiras.com.br\/blog\/wp-content\/uploads\/2025\/01\/forro6-mini.jpg\",\"width\":300,\"height\":150,\"caption\":\"Forro de madeira para teto: tend\u00eancia, estilo e funcionalidade para o seu projeto\"},{\"@type\":\"BreadcrumbList\",\"@id\":\"https:\/\/www.artemadeiras.com.br\/blog\/forros\/forro-de-madeira-para-teto-tendencia-estilo-e-funcionalidade-para-o-seu-projeto\/#breadcrumb\",\"itemListElement\":[{\"@type\":\"ListItem\",\"position\":1,\"name\":\"In\u00edcio\",\"item\":\"https:\/\/www.artemadeiras.com.br\/blog\/\"},{\"@type\":\"ListItem\",\"position\":2,\"name\":\"Forro de madeira para teto: tend\u00eancia, estilo e funcionalidade para o seu projeto\"}]},{\"@type\":\"WebSite\",\"@id\":\"https:\/\/www.artemadeiras.com.br\/blog\/#website\",\"url\":\"https:\/\/www.artemadeiras.com.br\/blog\/\",\"name\":\"Blog | Arte madeiras\",\"description\":\"Dicas e Novidades sobre Madeiras\",\"publisher\":{\"@id\":\"https:\/\/www.artemadeiras.com.br\/blog\/#organization\"},\"potentialAction\":[{\"@type\":\"SearchAction\",\"target\":{\"@type\":\"EntryPoint\",\"urlTemplate\":\"https:\/\/www.artemadeiras.com.br\/blog\/?s={search_term_string}\"},\"query-input\":{\"@type\":\"PropertyValueSpecification\",\"valueRequired\":true,\"valueName\":\"search_term_string\"}}],\"inLanguage\":\"pt-BR\"},{\"@type\":\"Organization\",\"@id\":\"https:\/\/www.artemadeiras.com.br\/blog\/#organization\",\"name\":\"Blog | Arte madeiras\",\"url\":\"https:\/\/www.artemadeiras.com.br\/blog\/\",\"logo\":{\"@type\":\"ImageObject\",\"inLanguage\":\"pt-BR\",\"@id\":\"https:\/\/www.artemadeiras.com.br\/blog\/#\/schema\/logo\/image\/\",\"url\":\"https:\/\/www.artemadeiras.com.br\/blog\/wp-content\/uploads\/2021\/01\/logo-arte-madeiras.png\",\"contentUrl\":\"https:\/\/www.artemadeiras.com.br\/blog\/wp-content\/uploads\/2021\/01\/logo-arte-madeiras.png\",\"width\":255,\"height\":110,\"caption\":\"Blog | Arte madeiras\"},\"image\":{\"@id\":\"https:\/\/www.artemadeiras.com.br\/blog\/#\/schema\/logo\/image\/\"}},{\"@type\":\"Person\",\"@id\":\"https:\/\/www.artemadeiras.com.br\/blog\/#\/schema\/person\/03c7826df62479a35ffcf10a5a652727\",\"name\":\"bloomin\",\"image\":{\"@type\":\"ImageObject\",\"inLanguage\":\"pt-BR\",\"@id\":\"https:\/\/www.artemadeiras.com.br\/blog\/#\/schema\/person\/image\/\",\"url\":\"https:\/\/secure.gravatar.com\/avatar\/161a7ea08f1b8bd365e1697a2453e6c719201075da8bdf298a1c2fc5455ba35d?s=96&d=mm&r=g\",\"contentUrl\":\"https:\/\/secure.gravatar.com\/avatar\/161a7ea08f1b8bd365e1697a2453e6c719201075da8bdf298a1c2fc5455ba35d?s=96&d=mm&r=g\",\"caption\":\"bloomin\"},\"sameAs\":[\"https:\/\/www.artemadeiras.com.br\/blog\"],\"url\":\"https:\/\/www.artemadeiras.com.br\/blog\/author\/bloomin\/\"}]}<\/script>\n<!-- \/ Yoast SEO plugin. -->","yoast_head_json":{"title":"Forro de madeira para teto: tend\u00eancia, estilo e funcionalidade para o seu projeto - Blog | Arte madeiras","description":"Descubra como o forro de madeira para teto combina eleg\u00e2ncia e funcionalidade, trazendo conforto t\u00e9rmico e ac\u00fastico ao seu ambiente.","robots":{"index":"index","follow":"follow","max-snippet":"max-snippet:-1","max-image-preview":"max-image-preview:large","max-video-preview":"max-video-preview:-1"},"canonical":"https:\/\/www.artemadeiras.com.br\/blog\/forros\/forro-de-madeira-para-teto-tendencia-estilo-e-funcionalidade-para-o-seu-projeto\/","og_locale":"pt_BR","og_type":"article","og_title":"Forro de madeira para teto: tend\u00eancia, estilo e funcionalidade para o seu projeto - Blog | Arte madeiras","og_description":"Descubra como o forro de madeira para teto combina eleg\u00e2ncia e funcionalidade, trazendo conforto t\u00e9rmico e ac\u00fastico ao seu ambiente.","og_url":"https:\/\/www.artemadeiras.com.br\/blog\/forros\/forro-de-madeira-para-teto-tendencia-estilo-e-funcionalidade-para-o-seu-projeto\/","og_site_name":"Blog | Arte madeiras","article_published_time":"2025-12-23T13:21:56+00:00","article_modified_time":"2026-01-05T13:20:53+00:00","og_image":[{"width":300,"height":150,"url":"https:\/\/www.artemadeiras.com.br\/blog\/wp-content\/uploads\/2025\/01\/forro6-mini.jpg","type":"image\/jpeg"}],"author":"bloomin","twitter_card":"summary_large_image","twitter_misc":{"Escrito por":"bloomin","Est. tempo de leitura":"5 minutos"},"schema":{"@context":"https:\/\/schema.org","@graph":[{"@type":"Article","@id":"https:\/\/www.artemadeiras.com.br\/blog\/forros\/forro-de-madeira-para-teto-tendencia-estilo-e-funcionalidade-para-o-seu-projeto\/#article","isPartOf":{"@id":"https:\/\/www.artemadeiras.com.br\/blog\/forros\/forro-de-madeira-para-teto-tendencia-estilo-e-funcionalidade-para-o-seu-projeto\/"},"author":{"name":"bloomin","@id":"https:\/\/www.artemadeiras.com.br\/blog\/#\/schema\/person\/03c7826df62479a35ffcf10a5a652727"},"headline":"Forro de madeira para teto: tend\u00eancia, estilo e funcionalidade para o seu projeto","datePublished":"2025-12-23T13:21:56+00:00","dateModified":"2026-01-05T13:20:53+00:00","mainEntityOfPage":{"@id":"https:\/\/www.artemadeiras.com.br\/blog\/forros\/forro-de-madeira-para-teto-tendencia-estilo-e-funcionalidade-para-o-seu-projeto\/"},"wordCount":795,"commentCount":0,"publisher":{"@id":"https:\/\/www.artemadeiras.com.br\/blog\/#organization"},"image":{"@id":"https:\/\/www.artemadeiras.com.br\/blog\/forros\/forro-de-madeira-para-teto-tendencia-estilo-e-funcionalidade-para-o-seu-projeto\/#primaryimage"},"thumbnailUrl":"https:\/\/www.artemadeiras.com.br\/blog\/wp-content\/uploads\/2025\/01\/forro6-mini.jpg","keywords":["benef\u00edcios forro de madeira","decora\u00e7\u00e3o com madeira","distribuidor de forro de madeira para teto","empresa de forro de madeira para teto","estilos de forro","f\u00e1brica de forro de madeira para teto","fabricante de forro de madeira para teto","fornecedor de forro de madeira para teto","forro com ilumina\u00e7\u00e3o embutida","forro de madeira arquitetura","forro de madeira cedrinho","forro de madeira design","forro de madeira funcionalidade","forro de madeira garapeira","forro de madeira para teto","forro de madeira para teto em promo\u00e7\u00e3o","forro de madeira para teto em s\u00e3o paulo","forro de madeira para teto em sp","forro de madeira para teto na \u00c1gua Branca","forro de madeira para teto na Barra Funda","forro de madeira para teto na Vila Guilherme","forro de madeira para teto na zona norte","forro de madeira para teto no Bom Retiro","forro de madeira para teto perto de mim","forro de madeira para teto pre\u00e7o","forro de madeira para teto pr\u00f3ximo a mim","forro r\u00fastico moderno","forro sustent\u00e1vel","isolamento t\u00e9rmico forro","loja de forro de madeira para teto","madeira no teto","madeiras para teto","manuten\u00e7\u00e3o forro de madeira","tend\u00eancias forro de madeira","teto de madeira cumaru"],"articleSection":["Forros"],"inLanguage":"pt-BR","potentialAction":[{"@type":"CommentAction","name":"Comment","target":["https:\/\/www.artemadeiras.com.br\/blog\/forros\/forro-de-madeira-para-teto-tendencia-estilo-e-funcionalidade-para-o-seu-projeto\/#respond"]}]},{"@type":"WebPage","@id":"https:\/\/www.artemadeiras.com.br\/blog\/forros\/forro-de-madeira-para-teto-tendencia-estilo-e-funcionalidade-para-o-seu-projeto\/","url":"https:\/\/www.artemadeiras.com.br\/blog\/forros\/forro-de-madeira-para-teto-tendencia-estilo-e-funcionalidade-para-o-seu-projeto\/","name":"Forro de madeira para teto: tend\u00eancia, estilo e funcionalidade para o seu projeto - Blog | Arte madeiras","isPartOf":{"@id":"https:\/\/www.artemadeiras.com.br\/blog\/#website"},"primaryImageOfPage":{"@id":"https:\/\/www.artemadeiras.com.br\/blog\/forros\/forro-de-madeira-para-teto-tendencia-estilo-e-funcionalidade-para-o-seu-projeto\/#primaryimage"},"image":{"@id":"https:\/\/www.artemadeiras.com.br\/blog\/forros\/forro-de-madeira-para-teto-tendencia-estilo-e-funcionalidade-para-o-seu-projeto\/#primaryimage"},"thumbnailUrl":"https:\/\/www.artemadeiras.com.br\/blog\/wp-content\/uploads\/2025\/01\/forro6-mini.jpg","datePublished":"2025-12-23T13:21:56+00:00","dateModified":"2026-01-05T13:20:53+00:00","description":"Descubra como o forro de madeira para teto combina eleg\u00e2ncia e funcionalidade, trazendo conforto t\u00e9rmico e ac\u00fastico ao seu ambiente.","breadcrumb":{"@id":"https:\/\/www.artemadeiras.com.br\/blog\/forros\/forro-de-madeira-para-teto-tendencia-estilo-e-funcionalidade-para-o-seu-projeto\/#breadcrumb"},"inLanguage":"pt-BR","potentialAction":[{"@type":"ReadAction","target":["https:\/\/www.artemadeiras.com.br\/blog\/forros\/forro-de-madeira-para-teto-tendencia-estilo-e-funcionalidade-para-o-seu-projeto\/"]}]},{"@type":"ImageObject","inLanguage":"pt-BR","@id":"https:\/\/www.artemadeiras.com.br\/blog\/forros\/forro-de-madeira-para-teto-tendencia-estilo-e-funcionalidade-para-o-seu-projeto\/#primaryimage","url":"https:\/\/www.artemadeiras.com.br\/blog\/wp-content\/uploads\/2025\/01\/forro6-mini.jpg","contentUrl":"https:\/\/www.artemadeiras.com.br\/blog\/wp-content\/uploads\/2025\/01\/forro6-mini.jpg","width":300,"height":150,"caption":"Forro de madeira para teto: tend\u00eancia, estilo e funcionalidade para o seu projeto"},{"@type":"BreadcrumbList","@id":"https:\/\/www.artemadeiras.com.br\/blog\/forros\/forro-de-madeira-para-teto-tendencia-estilo-e-funcionalidade-para-o-seu-projeto\/#breadcrumb","itemListElement":[{"@type":"ListItem","position":1,"name":"In\u00edcio","item":"https:\/\/www.artemadeiras.com.br\/blog\/"},{"@type":"ListItem","position":2,"name":"Forro de madeira para teto: tend\u00eancia, estilo e funcionalidade para o seu projeto"}]},{"@type":"WebSite","@id":"https:\/\/www.artemadeiras.com.br\/blog\/#website","url":"https:\/\/www.artemadeiras.com.br\/blog\/","name":"Blog | Arte madeiras","description":"Dicas e Novidades sobre Madeiras","publisher":{"@id":"https:\/\/www.artemadeiras.com.br\/blog\/#organization"},"potentialAction":[{"@type":"SearchAction","target":{"@type":"EntryPoint","urlTemplate":"https:\/\/www.artemadeiras.com.br\/blog\/?s={search_term_string}"},"query-input":{"@type":"PropertyValueSpecification","valueRequired":true,"valueName":"search_term_string"}}],"inLanguage":"pt-BR"},{"@type":"Organization","@id":"https:\/\/www.artemadeiras.com.br\/blog\/#organization","name":"Blog | Arte madeiras","url":"https:\/\/www.artemadeiras.com.br\/blog\/","logo":{"@type":"ImageObject","inLanguage":"pt-BR","@id":"https:\/\/www.artemadeiras.com.br\/blog\/#\/schema\/logo\/image\/","url":"https:\/\/www.artemadeiras.com.br\/blog\/wp-content\/uploads\/2021\/01\/logo-arte-madeiras.png","contentUrl":"https:\/\/www.artemadeiras.com.br\/blog\/wp-content\/uploads\/2021\/01\/logo-arte-madeiras.png","width":255,"height":110,"caption":"Blog | Arte madeiras"},"image":{"@id":"https:\/\/www.artemadeiras.com.br\/blog\/#\/schema\/logo\/image\/"}},{"@type":"Person","@id":"https:\/\/www.artemadeiras.com.br\/blog\/#\/schema\/person\/03c7826df62479a35ffcf10a5a652727","name":"bloomin","image":{"@type":"ImageObject","inLanguage":"pt-BR","@id":"https:\/\/www.artemadeiras.com.br\/blog\/#\/schema\/person\/image\/","url":"https:\/\/secure.gravatar.com\/avatar\/161a7ea08f1b8bd365e1697a2453e6c719201075da8bdf298a1c2fc5455ba35d?s=96&d=mm&r=g","contentUrl":"https:\/\/secure.gravatar.com\/avatar\/161a7ea08f1b8bd365e1697a2453e6c719201075da8bdf298a1c2fc5455ba35d?s=96&d=mm&r=g","caption":"bloomin"},"sameAs":["https:\/\/www.artemadeiras.com.br\/blog"],"url":"https:\/\/www.artemadeiras.com.br\/blog\/author\/bloomin\/"}]}},"_links":{"self":[{"href":"https:\/\/www.artemadeiras.com.br\/blog\/wp-json\/wp\/v2\/posts\/165","targetHints":{"allow":["GET"]}}],"collection":[{"href":"https:\/\/www.artemadeiras.com.br\/blog\/wp-json\/wp\/v2\/posts"}],"about":[{"href":"https:\/\/www.artemadeiras.com.br\/blog\/wp-json\/wp\/v2\/types\/post"}],"author":[{"embeddable":true,"href":"https:\/\/www.artemadeiras.com.br\/blog\/wp-json\/wp\/v2\/users\/1"}],"replies":[{"embeddable":true,"href":"https:\/\/www.artemadeiras.com.br\/blog\/wp-json\/wp\/v2\/comments?post=165"}],"version-history":[{"count":1,"href":"https:\/\/www.artemadeiras.com.br\/blog\/wp-json\/wp\/v2\/posts\/165\/revisions"}],"predecessor-version":[{"id":168,"href":"https:\/\/www.artemadeiras.com.br\/blog\/wp-json\/wp\/v2\/posts\/165\/revisions\/168"}],"wp:featuredmedia":[{"embeddable":true,"href":"https:\/\/www.artemadeiras.com.br\/blog\/wp-json\/wp\/v2\/media\/167"}],"wp:attachment":[{"href":"https:\/\/www.artemadeiras.com.br\/blog\/wp-json\/wp\/v2\/media?parent=165"}],"wp:term":[{"taxonomy":"category","embeddable":true,"href":"https:\/\/www.artemadeiras.com.br\/blog\/wp-json\/wp\/v2\/categories?post=165"},{"taxonomy":"post_tag","embeddable":true,"href":"https:\/\/www.artemadeiras.com.br\/blog\/wp-json\/wp\/v2\/tags?post=165"}],"curies":[{"name":"wp","href":"https:\/\/api.w.org\/{rel}","templated":true}]}}