{"id":159,"date":"2026-01-15T17:35:18","date_gmt":"2026-01-15T20:35:18","guid":{"rendered":"https:\/\/www.artemadeiras.com.br\/blog\/?p=159"},"modified":"2026-01-15T17:35:19","modified_gmt":"2026-01-15T20:35:19","slug":"chapa-de-compensado-tudo-o-que-voce-precisa-saber-sobre-esse-material-versatil","status":"publish","type":"post","link":"https:\/\/www.artemadeiras.com.br\/blog\/chapas\/chapa-de-compensado-tudo-o-que-voce-precisa-saber-sobre-esse-material-versatil\/","title":{"rendered":"Chapa de compensado: tudo o que voc\u00ea precisa saber sobre esse material vers\u00e1til"},"content":{"rendered":"<span class=\"rt-reading-time\" style=\"display: block;\"><span class=\"rt-label rt-prefix\">Tempo de leitura<\/span> <span class=\"rt-time\">3<\/span> <span class=\"rt-label rt-postfix\">minutos<\/span><\/span>\n<p class=\"has-medium-font-size\"><strong><em>Descubra tudo sobre a chapa de compensado, suas caracter\u00edsticas, usos, vantagens e como ela pode ser aplicada nos mais diversos projetos.&nbsp;<\/em><\/strong><\/p>\n\n\n\n<p>A chapa de compensado \u00e9 um dos materiais mais populares e amplamente utilizados na constru\u00e7\u00e3o civil, marcenaria e fabrica\u00e7\u00e3o de m\u00f3veis. Sua versatilidade, resist\u00eancia e custo-benef\u00edcio tornam este produto indispens\u00e1vel em diversos setores.<\/p>\n\n\n\n<p>Neste artigo, vamos explorar as caracter\u00edsticas, tipos, usos e vantagens das chapas de compensado, al\u00e9m de explicar por que elas s\u00e3o uma excelente escolha para seus projetos. Acompanhe e veja como aproveitar ao m\u00e1ximo este material.<\/p>\n\n\n\n<div id=\"ez-toc-container\" class=\"ez-toc-v2_0_66_1 counter-hierarchy ez-toc-counter ez-toc-grey ez-toc-container-direction\">\n<div class=\"ez-toc-title-container\">\n<p class=\"ez-toc-title \" >T&oacute;picos do artigo<\/p>\n<span class=\"ez-toc-title-toggle\"><a href=\"#\" class=\"ez-toc-pull-right ez-toc-btn ez-toc-btn-xs ez-toc-btn-default ez-toc-toggle\" aria-label=\"Toggle Table of Content\"><span class=\"ez-toc-js-icon-con\"><span class=\"\"><span class=\"eztoc-hide\" style=\"display:none;\">Toggle<\/span><span class=\"ez-toc-icon-toggle-span\"><svg style=\"fill: #999;color:#999\" xmlns=\"http:\/\/www.w3.org\/2000\/svg\" class=\"list-377408\" width=\"20px\" height=\"20px\" viewBox=\"0 0 24 24\" fill=\"none\"><path d=\"M6 6H4v2h2V6zm14 0H8v2h12V6zM4 11h2v2H4v-2zm16 0H8v2h12v-2zM4 16h2v2H4v-2zm16 0H8v2h12v-2z\" fill=\"currentColor\"><\/path><\/svg><svg style=\"fill: #999;color:#999\" class=\"arrow-unsorted-368013\" xmlns=\"http:\/\/www.w3.org\/2000\/svg\" width=\"10px\" height=\"10px\" viewBox=\"0 0 24 24\" version=\"1.2\" baseProfile=\"tiny\"><path d=\"M18.2 9.3l-6.2-6.3-6.2 6.3c-.2.2-.3.4-.3.7s.1.5.3.7c.2.2.4.3.7.3h11c.3 0 .5-.1.7-.3.2-.2.3-.5.3-.7s-.1-.5-.3-.7zM5.8 14.7l6.2 6.3 6.2-6.3c.2-.2.3-.5.3-.7s-.1-.5-.3-.7c-.2-.2-.4-.3-.7-.3h-11c-.3 0-.5.1-.7.3-.2.2-.3.5-.3.7s.1.5.3.7z\"\/><\/svg><\/span><\/span><\/span><\/a><\/span><\/div>\n<nav><ul class='ez-toc-list ez-toc-list-level-1 ' ><li class='ez-toc-page-1 ez-toc-heading-level-2'><a class=\"ez-toc-link ez-toc-heading-1\" href=\"https:\/\/www.artemadeiras.com.br\/blog\/chapas\/chapa-de-compensado-tudo-o-que-voce-precisa-saber-sobre-esse-material-versatil\/#O_que_e_uma_chapa_de_compensado\" title=\"O que \u00e9 uma chapa de compensado?\">O que \u00e9 uma chapa de compensado?<\/a><\/li><li class='ez-toc-page-1 ez-toc-heading-level-2'><a class=\"ez-toc-link ez-toc-heading-2\" href=\"https:\/\/www.artemadeiras.com.br\/blog\/chapas\/chapa-de-compensado-tudo-o-que-voce-precisa-saber-sobre-esse-material-versatil\/#Tipos_de_chapas_de_compensado\" title=\"Tipos de chapas de compensado\">Tipos de chapas de compensado<\/a><ul class='ez-toc-list-level-4' ><li class='ez-toc-heading-level-4'><ul class='ez-toc-list-level-4' ><li class='ez-toc-heading-level-4'><a class=\"ez-toc-link ez-toc-heading-3\" href=\"https:\/\/www.artemadeiras.com.br\/blog\/chapas\/chapa-de-compensado-tudo-o-que-voce-precisa-saber-sobre-esse-material-versatil\/#1_Compensado_comum\" title=\"1. Compensado comum\">1. Compensado comum<\/a><\/li><li class='ez-toc-page-1 ez-toc-heading-level-4'><a class=\"ez-toc-link ez-toc-heading-4\" href=\"https:\/\/www.artemadeiras.com.br\/blog\/chapas\/chapa-de-compensado-tudo-o-que-voce-precisa-saber-sobre-esse-material-versatil\/#2_Compensado_naval\" title=\"2. Compensado naval\">2. Compensado naval<\/a><\/li><li class='ez-toc-page-1 ez-toc-heading-level-4'><a class=\"ez-toc-link ez-toc-heading-5\" href=\"https:\/\/www.artemadeiras.com.br\/blog\/chapas\/chapa-de-compensado-tudo-o-que-voce-precisa-saber-sobre-esse-material-versatil\/#3_Compensado_laminado\" title=\"3. Compensado laminado\">3. Compensado laminado<\/a><\/li><li class='ez-toc-page-1 ez-toc-heading-level-4'><a class=\"ez-toc-link ez-toc-heading-6\" href=\"https:\/\/www.artemadeiras.com.br\/blog\/chapas\/chapa-de-compensado-tudo-o-que-voce-precisa-saber-sobre-esse-material-versatil\/#4_Compensado_plastificado\" title=\"4. Compensado plastificado\">4. Compensado plastificado<\/a><\/li><\/ul><\/li><\/ul><\/li><li class='ez-toc-page-1 ez-toc-heading-level-2'><a class=\"ez-toc-link ez-toc-heading-7\" href=\"https:\/\/www.artemadeiras.com.br\/blog\/chapas\/chapa-de-compensado-tudo-o-que-voce-precisa-saber-sobre-esse-material-versatil\/#Vantagens_da_chapa_de_compensado\" title=\"Vantagens da chapa de compensado\">Vantagens da chapa de compensado<\/a><\/li><li class='ez-toc-page-1 ez-toc-heading-level-2'><a class=\"ez-toc-link ez-toc-heading-8\" href=\"https:\/\/www.artemadeiras.com.br\/blog\/chapas\/chapa-de-compensado-tudo-o-que-voce-precisa-saber-sobre-esse-material-versatil\/#Como_usar_a_chapa_de_compensado_nos_seus_projetos\" title=\"Como usar a chapa de compensado nos seus projetos\">Como usar a chapa de compensado nos seus projetos<\/a><\/li><li class='ez-toc-page-1 ez-toc-heading-level-2'><a class=\"ez-toc-link ez-toc-heading-9\" href=\"https:\/\/www.artemadeiras.com.br\/blog\/chapas\/chapa-de-compensado-tudo-o-que-voce-precisa-saber-sobre-esse-material-versatil\/#Como_escolher_um_fornecedor_de_qualidade\" title=\"Como escolher um fornecedor de qualidade\">Como escolher um fornecedor de qualidade<\/a><\/li><li class='ez-toc-page-1 ez-toc-heading-level-2'><a class=\"ez-toc-link ez-toc-heading-10\" href=\"https:\/\/www.artemadeiras.com.br\/blog\/chapas\/chapa-de-compensado-tudo-o-que-voce-precisa-saber-sobre-esse-material-versatil\/#Aposte_na_chapa_de_compensado_da_Arte_Madeiras\" title=\"Aposte na chapa de compensado da Arte Madeiras\">Aposte na chapa de compensado da Arte Madeiras<\/a><\/li><\/ul><\/nav><\/div>\n<h2 class=\"wp-block-heading\"><span class=\"ez-toc-section\" id=\"O_que_e_uma_chapa_de_compensado\"><\/span><strong>O que \u00e9 uma chapa de compensado?<\/strong><span class=\"ez-toc-section-end\"><\/span><\/h2>\n\n\n\n<p>As chapas de compensado s\u00e3o pain\u00e9is formados por camadas finas de madeira, chamadas l\u00e2minas, coladas umas \u00e0s outras de maneira perpendicular.&nbsp;<\/p>\n\n\n\n<p>Essa disposi\u00e7\u00e3o alternada das fibras confere maior resist\u00eancia e durabilidade ao material, al\u00e9m de reduzir deforma\u00e7\u00f5es.<\/p>\n\n\n\n<p>Por ser produzido com madeira natural, o compensado mant\u00e9m uma apar\u00eancia agrad\u00e1vel e pode ser finalizado com acabamentos variados, como verniz, pintura ou revestimentos espec\u00edficos.<\/p>\n\n\n\n<ul class=\"wp-block-list\">\n<li><a href=\"https:\/\/www.artemadeiras.com.br\/blog\/pinus\/pinus-autoclavados-conheca-suas-principais-vantagens-e-aplicacoes\/\">Pinus autoclavados: conhe\u00e7a suas principais vantagens e aplica\u00e7\u00f5es<\/a><\/li>\n<\/ul>\n\n\n\n<h2 class=\"wp-block-heading\"><span class=\"ez-toc-section\" id=\"Tipos_de_chapas_de_compensado\"><\/span><strong>Tipos de chapas de compensado<\/strong><span class=\"ez-toc-section-end\"><\/span><\/h2>\n\n\n\n<p>Existem diversos tipos de compensado, cada um adequado para finalidades espec\u00edficas. Os mais comuns incluem:<\/p>\n\n\n\n<h4 class=\"wp-block-heading\"><span class=\"ez-toc-section\" id=\"1_Compensado_comum\"><\/span><strong>1. Compensado comum<\/strong><span class=\"ez-toc-section-end\"><\/span><\/h4>\n\n\n\n<p>\u00c9 o mais usado em projetos gerais de marcenaria e constru\u00e7\u00e3o. Ideal para m\u00f3veis e pe\u00e7as internas.<\/p>\n\n\n\n<h4 class=\"wp-block-heading\"><span class=\"ez-toc-section\" id=\"2_Compensado_naval\"><\/span><strong>2. Compensado naval<\/strong><span class=\"ez-toc-section-end\"><\/span><\/h4>\n\n\n\n<p>Resistente \u00e0 umidade e indicado para ambientes externos ou sujeitos a contato com \u00e1gua, como barcos e banheiros.<\/p>\n\n\n\n<h4 class=\"wp-block-heading\"><span class=\"ez-toc-section\" id=\"3_Compensado_laminado\"><\/span><strong>3. Compensado laminado<\/strong><span class=\"ez-toc-section-end\"><\/span><\/h4>\n\n\n\n<p>Revestido com l\u00e2minas de alta qualidade, ideal para acabamentos decorativos.<\/p>\n\n\n\n<h4 class=\"wp-block-heading\"><span class=\"ez-toc-section\" id=\"4_Compensado_plastificado\"><\/span><strong>4. Compensado plastificado<\/strong><span class=\"ez-toc-section-end\"><\/span><\/h4>\n\n\n\n<p>Possui revestimento em pl\u00e1stico ou resina, indicado para formas de concreto em obras.<\/p>\n\n\n\n<h2 class=\"wp-block-heading\"><span class=\"ez-toc-section\" id=\"Vantagens_da_chapa_de_compensado\"><\/span><strong>Vantagens da chapa de compensado<\/strong><span class=\"ez-toc-section-end\"><\/span><\/h2>\n\n\n\n<p>A chapa de compensado se destaca pela <strong>alta resist\u00eancia estrutural<\/strong>, proporcionada por sua composi\u00e7\u00e3o em l\u00e2minas cruzadas, que oferecem robustez e suporte a cargas pesadas. Essa caracter\u00edstica a torna perfeita para m\u00f3veis, pisos e estruturas tempor\u00e1rias.<\/p>\n\n\n<div class=\"wp-block-image\">\n<figure class=\"alignright size-large is-resized\"><img loading=\"lazy\" decoding=\"async\" width=\"1024\" height=\"768\" src=\"https:\/\/www.artemadeiras.com.br\/blog\/wp-content\/uploads\/2024\/12\/compensada1-1024x768.jpeg\" alt=\"\" class=\"wp-image-160\" style=\"width:269px;height:auto\" srcset=\"https:\/\/www.artemadeiras.com.br\/blog\/wp-content\/uploads\/2024\/12\/compensada1-1024x768.jpeg 1024w, https:\/\/www.artemadeiras.com.br\/blog\/wp-content\/uploads\/2024\/12\/compensada1-300x225.jpeg 300w, https:\/\/www.artemadeiras.com.br\/blog\/wp-content\/uploads\/2024\/12\/compensada1-768x576.jpeg 768w, https:\/\/www.artemadeiras.com.br\/blog\/wp-content\/uploads\/2024\/12\/compensada1.jpeg 1280w\" sizes=\"auto, (max-width: 1024px) 100vw, 1024px\" \/><\/figure>\n<\/div>\n\n\n<p>Sua <strong>versatilidade<\/strong> \u00e9 outro diferencial, sendo usada em diversos projetos, como m\u00f3veis planejados, revestimentos e formas de concreto. Al\u00e9m disso, sua leveza e facilidade de corte garantem praticidade e economia de tempo durante o trabalho.<\/p>\n\n\n\n<p>Do ponto de vista ambiental, quando fabricado com madeira de reflorestamento, o compensado \u00e9 uma op\u00e7\u00e3o sustent\u00e1vel. Ele tamb\u00e9m oferece um excelente <strong>custo-benef\u00edcio<\/strong>, combinando qualidade e pre\u00e7o acess\u00edvel.<\/p>\n\n\n\n<p>Por fim, o material permite personaliza\u00e7\u00e3o com acabamentos variados, como pintura, verniz ou revestimentos, agregando funcionalidade e apelo est\u00e9tico em qualquer aplica\u00e7\u00e3o.<\/p>\n\n\n\n<ul class=\"wp-block-list\">\n<li><a href=\"https:\/\/www.artemadeiras.com.br\/blog\/rodape\/rodape-em-madeira-por-que-investir\/\">Rodap\u00e9 em madeira: por que investir?<\/a><\/li>\n<\/ul>\n\n\n\n<h2 class=\"wp-block-heading\"><span class=\"ez-toc-section\" id=\"Como_usar_a_chapa_de_compensado_nos_seus_projetos\"><\/span><strong>Como usar a chapa de compensado nos seus projetos<\/strong><span class=\"ez-toc-section-end\"><\/span><\/h2>\n\n\n\n<p>A chapa de compensado \u00e9 extremamente adapt\u00e1vel. Aqui est\u00e3o algumas ideias de uso:<\/p>\n\n\n\n<ul class=\"wp-block-list\">\n<li><strong>M\u00f3veis planejados:<\/strong> arm\u00e1rios, mesas e camas podem ser fabricados com compensado devido \u00e0 sua leveza e resist\u00eancia;<br><br><\/li>\n\n\n\n<li><strong>Revestimentos de parede:<\/strong> crie pain\u00e9is decorativos ou solu\u00e7\u00f5es ac\u00fasticas;<br><br><\/li>\n\n\n\n<li><strong>Constru\u00e7\u00e3o civil:<\/strong> utilize em tapumes, formas de concreto e divis\u00f3rias;<br><br><\/li>\n\n\n\n<li><strong>Decora\u00e7\u00e3o criativa:<\/strong> ideal para artesanato e projetos DIY (fa\u00e7a voc\u00ea mesmo).<\/li>\n<\/ul>\n\n\n\n<p>Certifique-se de escolher o tipo certo de compensado para cada projeto, garantindo sua durabilidade e est\u00e9tica.<\/p>\n\n\n\n<h2 class=\"wp-block-heading\"><span class=\"ez-toc-section\" id=\"Como_escolher_um_fornecedor_de_qualidade\"><\/span><strong>Como escolher um fornecedor de qualidade<\/strong><span class=\"ez-toc-section-end\"><\/span><\/h2>\n\n\n\n<p>Escolher um fornecedor de qualidade \u00e9 essencial para garantir o sucesso de projetos com chapas de compensado. Verificar a <strong>reputa\u00e7\u00e3o no mercado e as avalia\u00e7\u00f5es de clientes<\/strong> anteriores ajuda a identificar empresas confi\u00e1veis, com hist\u00f3rico de entregas consistentes e materiais de qualidade.<\/p>\n\n\n\n<p>Al\u00e9m disso, a <strong>variedade de produtos oferecidos<\/strong> \u00e9 um diferencial importante. Fornecedores que disponibilizam diferentes tipos de chapas, como compensados comuns, laminados e MDF, demonstram capacidade de atender a diversas necessidades, oferecendo solu\u00e7\u00f5es completas.<\/p>\n\n\n\n<p>Outro ponto crucial \u00e9 a <strong>transpar\u00eancia<\/strong>. Informa\u00e7\u00f5es claras sobre especifica\u00e7\u00f5es t\u00e9cnicas, origem da madeira e certifica\u00e7\u00f5es ambientais, al\u00e9m de prazos de entrega definidos, s\u00e3o indicadores de um fornecedor comprometido.<\/p>\n\n\n\n<p>Por fim, o <strong>atendimento ao cliente<\/strong> deve ser \u00e1gil e eficiente, proporcionando suporte t\u00e9cnico e ajuda na escolha do material ideal. Priorizar fornecedores que combinem qualidade, diversidade e bom atendimento \u00e9 o caminho para projetos bem-sucedidos.<\/p>\n\n\n\n<ul class=\"wp-block-list\">\n<li><a href=\"https:\/\/www.artemadeiras.com.br\/blog\/decks-de-madeiras\/decks-de-madeiras-a-escolha-perfeita-para-valorizar-sua-area-externa\/\">Decks de madeiras: a escolha perfeita para valorizar sua \u00e1rea externa<\/a><\/li>\n<\/ul>\n\n\n\n<h2 class=\"wp-block-heading\"><span class=\"ez-toc-section\" id=\"Aposte_na_chapa_de_compensado_da_Arte_Madeiras\"><\/span><strong>Aposte na chapa de compensado da Arte Madeiras<\/strong><span class=\"ez-toc-section-end\"><\/span><\/h2>\n\n\n\n<p>A chapa de compensado \u00e9, sem d\u00favida, uma escolha vers\u00e1til, acess\u00edvel e funcional para os mais diversos projetos. Desde m\u00f3veis at\u00e9 solu\u00e7\u00f5es tempor\u00e1rias na constru\u00e7\u00e3o civil, esse material se destaca por sua efici\u00eancia e durabilidade.<\/p>\n\n\n\n<p>Seja qual for o seu projeto, a Arte Madeiras \u00e9 sua parceira ideal para fornecimento de chapas de compensado de qualidade.&nbsp;<\/p>\n\n\n\n<p><a href=\"https:\/\/www.artemadeiras.com.br\/contato\" class=\"rank-math-link\">Entre em contato<\/a> com a Arte Madeiras e transforme suas ideias em realidade com materiais de excel\u00eancia e atendimento especializado.<\/p>\n","protected":false},"excerpt":{"rendered":"<p><span class=\"rt-reading-time\" style=\"display: block;\"><span class=\"rt-label rt-prefix\">Tempo de leitura<\/span> <span class=\"rt-time\">3<\/span> <span class=\"rt-label rt-postfix\">minutos<\/span><\/span> Descubra tudo sobre a chapa de compensado, suas caracter\u00edsticas, usos, vantagens e como ela pode ser aplicada nos mais diversos projetos.&nbsp; A chapa de compensado \u00e9 um dos materiais mais populares e amplamente utilizados na constru\u00e7\u00e3o civil, marcenaria e fabrica\u00e7\u00e3o&#8230;<\/p>\n","protected":false},"author":1,"featured_media":161,"comment_status":"open","ping_status":"open","sticky":false,"template":"","format":"standard","meta":{"footnotes":""},"categories":[894],"tags":[899,579,573,901,902,896,903,897,898,895,900,558,536,543,549,554,569],"class_list":["post-159","post","type-post","status-publish","format-standard","has-post-thumbnail","hentry","category-chapas","tag-chapa-de-compensado-em-promocao","tag-chapa-de-compensado-em-sao-paulo","tag-chapa-de-compensado-em-sp","tag-chapa-de-compensado-na-agua-branca","tag-chapa-de-compensado-na-barra-funda","tag-chapa-de-compensado-na-vila-guilherme","tag-chapa-de-compensado-na-zona-norte","tag-chapa-de-compensado-no-bom-retiro","tag-chapa-de-compensado-perto-de-mim","tag-chapa-de-compensado-preco","tag-chapa-de-compensado-proximo-a-mim","tag-distribuidor-de-chapa-de-compensado","tag-empresa-de-chapa-de-compensado","tag-fabrica-de-chapa-de-compensado","tag-fabricante-de-chapa-de-compensado","tag-fornecedor-de-chapa-de-compensado","tag-loja-de-chapa-de-compensado"],"yoast_head":"<!-- This site is optimized with the Yoast SEO plugin v23.6 - https:\/\/yoast.com\/wordpress\/plugins\/seo\/ -->\n<title>Chapa de compensado: tudo o que voc\u00ea precisa saber sobre esse material vers\u00e1til - Blog | Arte madeiras<\/title>\n<meta name=\"description\" content=\"Descubra tudo sobre a chapa de compensado, suas caracter\u00edsticas, usos, vantagens e como ela pode ser aplicada nos mais diversos projetos.\" \/>\n<meta name=\"robots\" content=\"index, follow, max-snippet:-1, max-image-preview:large, max-video-preview:-1\" \/>\n<link rel=\"canonical\" href=\"https:\/\/www.artemadeiras.com.br\/blog\/chapas\/chapa-de-compensado-tudo-o-que-voce-precisa-saber-sobre-esse-material-versatil\/\" \/>\n<meta property=\"og:locale\" content=\"pt_BR\" \/>\n<meta property=\"og:type\" content=\"article\" \/>\n<meta property=\"og:title\" content=\"Chapa de compensado: tudo o que voc\u00ea precisa saber sobre esse material vers\u00e1til - Blog | Arte madeiras\" \/>\n<meta property=\"og:description\" content=\"Descubra tudo sobre a chapa de compensado, suas caracter\u00edsticas, usos, vantagens e como ela pode ser aplicada nos mais diversos projetos.\" \/>\n<meta property=\"og:url\" content=\"https:\/\/www.artemadeiras.com.br\/blog\/chapas\/chapa-de-compensado-tudo-o-que-voce-precisa-saber-sobre-esse-material-versatil\/\" \/>\n<meta property=\"og:site_name\" content=\"Blog | Arte madeiras\" \/>\n<meta property=\"article:published_time\" content=\"2026-01-15T20:35:18+00:00\" \/>\n<meta property=\"article:modified_time\" content=\"2026-01-15T20:35:19+00:00\" \/>\n<meta name=\"author\" content=\"bloomin\" \/>\n<meta name=\"twitter:card\" content=\"summary_large_image\" \/>\n<meta name=\"twitter:label1\" content=\"Escrito por\" \/>\n\t<meta name=\"twitter:data1\" content=\"bloomin\" \/>\n\t<meta name=\"twitter:label2\" content=\"Est. tempo de leitura\" \/>\n\t<meta name=\"twitter:data2\" content=\"5 minutos\" \/>\n<script type=\"application\/ld+json\" class=\"yoast-schema-graph\">{\"@context\":\"https:\/\/schema.org\",\"@graph\":[{\"@type\":\"Article\",\"@id\":\"https:\/\/www.artemadeiras.com.br\/blog\/chapas\/chapa-de-compensado-tudo-o-que-voce-precisa-saber-sobre-esse-material-versatil\/#article\",\"isPartOf\":{\"@id\":\"https:\/\/www.artemadeiras.com.br\/blog\/chapas\/chapa-de-compensado-tudo-o-que-voce-precisa-saber-sobre-esse-material-versatil\/\"},\"author\":{\"name\":\"bloomin\",\"@id\":\"https:\/\/www.artemadeiras.com.br\/blog\/#\/schema\/person\/03c7826df62479a35ffcf10a5a652727\"},\"headline\":\"Chapa de compensado: tudo o que voc\u00ea precisa saber sobre esse material vers\u00e1til\",\"datePublished\":\"2026-01-15T20:35:18+00:00\",\"dateModified\":\"2026-01-15T20:35:19+00:00\",\"mainEntityOfPage\":{\"@id\":\"https:\/\/www.artemadeiras.com.br\/blog\/chapas\/chapa-de-compensado-tudo-o-que-voce-precisa-saber-sobre-esse-material-versatil\/\"},\"wordCount\":798,\"commentCount\":0,\"publisher\":{\"@id\":\"https:\/\/www.artemadeiras.com.br\/blog\/#organization\"},\"image\":{\"@id\":\"https:\/\/www.artemadeiras.com.br\/blog\/chapas\/chapa-de-compensado-tudo-o-que-voce-precisa-saber-sobre-esse-material-versatil\/#primaryimage\"},\"thumbnailUrl\":\"https:\/\/www.artemadeiras.com.br\/blog\/wp-content\/uploads\/2024\/12\/contraplacado-para-trabalho-de-decoracao-estoque-em-armazem_38161-469.avif\",\"keywords\":[\"chapa de compensado em promo\u00e7\u00e3o\",\"Chapa de compensado em s\u00e3o paulo\",\"Chapa de compensado em sp\",\"chapa de compensado na \u00c1gua Branca\",\"chapa de compensado na Barra Funda\",\"chapa de compensado na Vila Guilherme\",\"chapa de compensado na zona norte\",\"chapa de compensado no Bom Retiro\",\"chapa de compensado perto de mim\",\"chapa de compensado pre\u00e7o\",\"chapa de compensado pr\u00f3ximo a mim\",\"distribuidor de Chapa de compensado\",\"empresa de Chapa de compensado\",\"f\u00e1brica de Chapa de compensado\",\"fabricante de Chapa de compensado\",\"fornecedor de Chapa de compensado\",\"loja de Chapa de compensado\"],\"articleSection\":[\"Chapas\"],\"inLanguage\":\"pt-BR\",\"potentialAction\":[{\"@type\":\"CommentAction\",\"name\":\"Comment\",\"target\":[\"https:\/\/www.artemadeiras.com.br\/blog\/chapas\/chapa-de-compensado-tudo-o-que-voce-precisa-saber-sobre-esse-material-versatil\/#respond\"]}]},{\"@type\":\"WebPage\",\"@id\":\"https:\/\/www.artemadeiras.com.br\/blog\/chapas\/chapa-de-compensado-tudo-o-que-voce-precisa-saber-sobre-esse-material-versatil\/\",\"url\":\"https:\/\/www.artemadeiras.com.br\/blog\/chapas\/chapa-de-compensado-tudo-o-que-voce-precisa-saber-sobre-esse-material-versatil\/\",\"name\":\"Chapa de compensado: tudo o que voc\u00ea precisa saber sobre esse material vers\u00e1til - Blog | Arte madeiras\",\"isPartOf\":{\"@id\":\"https:\/\/www.artemadeiras.com.br\/blog\/#website\"},\"primaryImageOfPage\":{\"@id\":\"https:\/\/www.artemadeiras.com.br\/blog\/chapas\/chapa-de-compensado-tudo-o-que-voce-precisa-saber-sobre-esse-material-versatil\/#primaryimage\"},\"image\":{\"@id\":\"https:\/\/www.artemadeiras.com.br\/blog\/chapas\/chapa-de-compensado-tudo-o-que-voce-precisa-saber-sobre-esse-material-versatil\/#primaryimage\"},\"thumbnailUrl\":\"https:\/\/www.artemadeiras.com.br\/blog\/wp-content\/uploads\/2024\/12\/contraplacado-para-trabalho-de-decoracao-estoque-em-armazem_38161-469.avif\",\"datePublished\":\"2026-01-15T20:35:18+00:00\",\"dateModified\":\"2026-01-15T20:35:19+00:00\",\"description\":\"Descubra tudo sobre a chapa de compensado, suas caracter\u00edsticas, usos, vantagens e como ela pode ser aplicada nos mais diversos projetos.\",\"breadcrumb\":{\"@id\":\"https:\/\/www.artemadeiras.com.br\/blog\/chapas\/chapa-de-compensado-tudo-o-que-voce-precisa-saber-sobre-esse-material-versatil\/#breadcrumb\"},\"inLanguage\":\"pt-BR\",\"potentialAction\":[{\"@type\":\"ReadAction\",\"target\":[\"https:\/\/www.artemadeiras.com.br\/blog\/chapas\/chapa-de-compensado-tudo-o-que-voce-precisa-saber-sobre-esse-material-versatil\/\"]}]},{\"@type\":\"ImageObject\",\"inLanguage\":\"pt-BR\",\"@id\":\"https:\/\/www.artemadeiras.com.br\/blog\/chapas\/chapa-de-compensado-tudo-o-que-voce-precisa-saber-sobre-esse-material-versatil\/#primaryimage\",\"url\":\"https:\/\/www.artemadeiras.com.br\/blog\/wp-content\/uploads\/2024\/12\/contraplacado-para-trabalho-de-decoracao-estoque-em-armazem_38161-469.avif\",\"contentUrl\":\"https:\/\/www.artemadeiras.com.br\/blog\/wp-content\/uploads\/2024\/12\/contraplacado-para-trabalho-de-decoracao-estoque-em-armazem_38161-469.avif\",\"width\":826,\"height\":548,\"caption\":\"Chapa de compensado: tudo o que voc\u00ea precisa saber sobre esse material vers\u00e1til\"},{\"@type\":\"BreadcrumbList\",\"@id\":\"https:\/\/www.artemadeiras.com.br\/blog\/chapas\/chapa-de-compensado-tudo-o-que-voce-precisa-saber-sobre-esse-material-versatil\/#breadcrumb\",\"itemListElement\":[{\"@type\":\"ListItem\",\"position\":1,\"name\":\"In\u00edcio\",\"item\":\"https:\/\/www.artemadeiras.com.br\/blog\/\"},{\"@type\":\"ListItem\",\"position\":2,\"name\":\"Chapa de compensado: tudo o que voc\u00ea precisa saber sobre esse material vers\u00e1til\"}]},{\"@type\":\"WebSite\",\"@id\":\"https:\/\/www.artemadeiras.com.br\/blog\/#website\",\"url\":\"https:\/\/www.artemadeiras.com.br\/blog\/\",\"name\":\"Blog | Arte madeiras\",\"description\":\"Dicas e Novidades sobre Madeiras\",\"publisher\":{\"@id\":\"https:\/\/www.artemadeiras.com.br\/blog\/#organization\"},\"potentialAction\":[{\"@type\":\"SearchAction\",\"target\":{\"@type\":\"EntryPoint\",\"urlTemplate\":\"https:\/\/www.artemadeiras.com.br\/blog\/?s={search_term_string}\"},\"query-input\":{\"@type\":\"PropertyValueSpecification\",\"valueRequired\":true,\"valueName\":\"search_term_string\"}}],\"inLanguage\":\"pt-BR\"},{\"@type\":\"Organization\",\"@id\":\"https:\/\/www.artemadeiras.com.br\/blog\/#organization\",\"name\":\"Blog | Arte madeiras\",\"url\":\"https:\/\/www.artemadeiras.com.br\/blog\/\",\"logo\":{\"@type\":\"ImageObject\",\"inLanguage\":\"pt-BR\",\"@id\":\"https:\/\/www.artemadeiras.com.br\/blog\/#\/schema\/logo\/image\/\",\"url\":\"https:\/\/www.artemadeiras.com.br\/blog\/wp-content\/uploads\/2021\/01\/logo-arte-madeiras.png\",\"contentUrl\":\"https:\/\/www.artemadeiras.com.br\/blog\/wp-content\/uploads\/2021\/01\/logo-arte-madeiras.png\",\"width\":255,\"height\":110,\"caption\":\"Blog | Arte madeiras\"},\"image\":{\"@id\":\"https:\/\/www.artemadeiras.com.br\/blog\/#\/schema\/logo\/image\/\"}},{\"@type\":\"Person\",\"@id\":\"https:\/\/www.artemadeiras.com.br\/blog\/#\/schema\/person\/03c7826df62479a35ffcf10a5a652727\",\"name\":\"bloomin\",\"image\":{\"@type\":\"ImageObject\",\"inLanguage\":\"pt-BR\",\"@id\":\"https:\/\/www.artemadeiras.com.br\/blog\/#\/schema\/person\/image\/\",\"url\":\"https:\/\/secure.gravatar.com\/avatar\/161a7ea08f1b8bd365e1697a2453e6c719201075da8bdf298a1c2fc5455ba35d?s=96&d=mm&r=g\",\"contentUrl\":\"https:\/\/secure.gravatar.com\/avatar\/161a7ea08f1b8bd365e1697a2453e6c719201075da8bdf298a1c2fc5455ba35d?s=96&d=mm&r=g\",\"caption\":\"bloomin\"},\"sameAs\":[\"https:\/\/www.artemadeiras.com.br\/blog\"],\"url\":\"https:\/\/www.artemadeiras.com.br\/blog\/author\/bloomin\/\"}]}<\/script>\n<!-- \/ Yoast SEO plugin. -->","yoast_head_json":{"title":"Chapa de compensado: tudo o que voc\u00ea precisa saber sobre esse material vers\u00e1til - Blog | Arte madeiras","description":"Descubra tudo sobre a chapa de compensado, suas caracter\u00edsticas, usos, vantagens e como ela pode ser aplicada nos mais diversos projetos.","robots":{"index":"index","follow":"follow","max-snippet":"max-snippet:-1","max-image-preview":"max-image-preview:large","max-video-preview":"max-video-preview:-1"},"canonical":"https:\/\/www.artemadeiras.com.br\/blog\/chapas\/chapa-de-compensado-tudo-o-que-voce-precisa-saber-sobre-esse-material-versatil\/","og_locale":"pt_BR","og_type":"article","og_title":"Chapa de compensado: tudo o que voc\u00ea precisa saber sobre esse material vers\u00e1til - Blog | Arte madeiras","og_description":"Descubra tudo sobre a chapa de compensado, suas caracter\u00edsticas, usos, vantagens e como ela pode ser aplicada nos mais diversos projetos.","og_url":"https:\/\/www.artemadeiras.com.br\/blog\/chapas\/chapa-de-compensado-tudo-o-que-voce-precisa-saber-sobre-esse-material-versatil\/","og_site_name":"Blog | Arte madeiras","article_published_time":"2026-01-15T20:35:18+00:00","article_modified_time":"2026-01-15T20:35:19+00:00","author":"bloomin","twitter_card":"summary_large_image","twitter_misc":{"Escrito por":"bloomin","Est. tempo de leitura":"5 minutos"},"schema":{"@context":"https:\/\/schema.org","@graph":[{"@type":"Article","@id":"https:\/\/www.artemadeiras.com.br\/blog\/chapas\/chapa-de-compensado-tudo-o-que-voce-precisa-saber-sobre-esse-material-versatil\/#article","isPartOf":{"@id":"https:\/\/www.artemadeiras.com.br\/blog\/chapas\/chapa-de-compensado-tudo-o-que-voce-precisa-saber-sobre-esse-material-versatil\/"},"author":{"name":"bloomin","@id":"https:\/\/www.artemadeiras.com.br\/blog\/#\/schema\/person\/03c7826df62479a35ffcf10a5a652727"},"headline":"Chapa de compensado: tudo o que voc\u00ea precisa saber sobre esse material vers\u00e1til","datePublished":"2026-01-15T20:35:18+00:00","dateModified":"2026-01-15T20:35:19+00:00","mainEntityOfPage":{"@id":"https:\/\/www.artemadeiras.com.br\/blog\/chapas\/chapa-de-compensado-tudo-o-que-voce-precisa-saber-sobre-esse-material-versatil\/"},"wordCount":798,"commentCount":0,"publisher":{"@id":"https:\/\/www.artemadeiras.com.br\/blog\/#organization"},"image":{"@id":"https:\/\/www.artemadeiras.com.br\/blog\/chapas\/chapa-de-compensado-tudo-o-que-voce-precisa-saber-sobre-esse-material-versatil\/#primaryimage"},"thumbnailUrl":"https:\/\/www.artemadeiras.com.br\/blog\/wp-content\/uploads\/2024\/12\/contraplacado-para-trabalho-de-decoracao-estoque-em-armazem_38161-469.avif","keywords":["chapa de compensado em promo\u00e7\u00e3o","Chapa de compensado em s\u00e3o paulo","Chapa de compensado em sp","chapa de compensado na \u00c1gua Branca","chapa de compensado na Barra Funda","chapa de compensado na Vila Guilherme","chapa de compensado na zona norte","chapa de compensado no Bom Retiro","chapa de compensado perto de mim","chapa de compensado pre\u00e7o","chapa de compensado pr\u00f3ximo a mim","distribuidor de Chapa de compensado","empresa de Chapa de compensado","f\u00e1brica de Chapa de compensado","fabricante de Chapa de compensado","fornecedor de Chapa de compensado","loja de Chapa de compensado"],"articleSection":["Chapas"],"inLanguage":"pt-BR","potentialAction":[{"@type":"CommentAction","name":"Comment","target":["https:\/\/www.artemadeiras.com.br\/blog\/chapas\/chapa-de-compensado-tudo-o-que-voce-precisa-saber-sobre-esse-material-versatil\/#respond"]}]},{"@type":"WebPage","@id":"https:\/\/www.artemadeiras.com.br\/blog\/chapas\/chapa-de-compensado-tudo-o-que-voce-precisa-saber-sobre-esse-material-versatil\/","url":"https:\/\/www.artemadeiras.com.br\/blog\/chapas\/chapa-de-compensado-tudo-o-que-voce-precisa-saber-sobre-esse-material-versatil\/","name":"Chapa de compensado: tudo o que voc\u00ea precisa saber sobre esse material vers\u00e1til - Blog | Arte madeiras","isPartOf":{"@id":"https:\/\/www.artemadeiras.com.br\/blog\/#website"},"primaryImageOfPage":{"@id":"https:\/\/www.artemadeiras.com.br\/blog\/chapas\/chapa-de-compensado-tudo-o-que-voce-precisa-saber-sobre-esse-material-versatil\/#primaryimage"},"image":{"@id":"https:\/\/www.artemadeiras.com.br\/blog\/chapas\/chapa-de-compensado-tudo-o-que-voce-precisa-saber-sobre-esse-material-versatil\/#primaryimage"},"thumbnailUrl":"https:\/\/www.artemadeiras.com.br\/blog\/wp-content\/uploads\/2024\/12\/contraplacado-para-trabalho-de-decoracao-estoque-em-armazem_38161-469.avif","datePublished":"2026-01-15T20:35:18+00:00","dateModified":"2026-01-15T20:35:19+00:00","description":"Descubra tudo sobre a chapa de compensado, suas caracter\u00edsticas, usos, vantagens e como ela pode ser aplicada nos mais diversos projetos.","breadcrumb":{"@id":"https:\/\/www.artemadeiras.com.br\/blog\/chapas\/chapa-de-compensado-tudo-o-que-voce-precisa-saber-sobre-esse-material-versatil\/#breadcrumb"},"inLanguage":"pt-BR","potentialAction":[{"@type":"ReadAction","target":["https:\/\/www.artemadeiras.com.br\/blog\/chapas\/chapa-de-compensado-tudo-o-que-voce-precisa-saber-sobre-esse-material-versatil\/"]}]},{"@type":"ImageObject","inLanguage":"pt-BR","@id":"https:\/\/www.artemadeiras.com.br\/blog\/chapas\/chapa-de-compensado-tudo-o-que-voce-precisa-saber-sobre-esse-material-versatil\/#primaryimage","url":"https:\/\/www.artemadeiras.com.br\/blog\/wp-content\/uploads\/2024\/12\/contraplacado-para-trabalho-de-decoracao-estoque-em-armazem_38161-469.avif","contentUrl":"https:\/\/www.artemadeiras.com.br\/blog\/wp-content\/uploads\/2024\/12\/contraplacado-para-trabalho-de-decoracao-estoque-em-armazem_38161-469.avif","width":826,"height":548,"caption":"Chapa de compensado: tudo o que voc\u00ea precisa saber sobre esse material vers\u00e1til"},{"@type":"BreadcrumbList","@id":"https:\/\/www.artemadeiras.com.br\/blog\/chapas\/chapa-de-compensado-tudo-o-que-voce-precisa-saber-sobre-esse-material-versatil\/#breadcrumb","itemListElement":[{"@type":"ListItem","position":1,"name":"In\u00edcio","item":"https:\/\/www.artemadeiras.com.br\/blog\/"},{"@type":"ListItem","position":2,"name":"Chapa de compensado: tudo o que voc\u00ea precisa saber sobre esse material vers\u00e1til"}]},{"@type":"WebSite","@id":"https:\/\/www.artemadeiras.com.br\/blog\/#website","url":"https:\/\/www.artemadeiras.com.br\/blog\/","name":"Blog | Arte madeiras","description":"Dicas e Novidades sobre Madeiras","publisher":{"@id":"https:\/\/www.artemadeiras.com.br\/blog\/#organization"},"potentialAction":[{"@type":"SearchAction","target":{"@type":"EntryPoint","urlTemplate":"https:\/\/www.artemadeiras.com.br\/blog\/?s={search_term_string}"},"query-input":{"@type":"PropertyValueSpecification","valueRequired":true,"valueName":"search_term_string"}}],"inLanguage":"pt-BR"},{"@type":"Organization","@id":"https:\/\/www.artemadeiras.com.br\/blog\/#organization","name":"Blog | Arte madeiras","url":"https:\/\/www.artemadeiras.com.br\/blog\/","logo":{"@type":"ImageObject","inLanguage":"pt-BR","@id":"https:\/\/www.artemadeiras.com.br\/blog\/#\/schema\/logo\/image\/","url":"https:\/\/www.artemadeiras.com.br\/blog\/wp-content\/uploads\/2021\/01\/logo-arte-madeiras.png","contentUrl":"https:\/\/www.artemadeiras.com.br\/blog\/wp-content\/uploads\/2021\/01\/logo-arte-madeiras.png","width":255,"height":110,"caption":"Blog | Arte madeiras"},"image":{"@id":"https:\/\/www.artemadeiras.com.br\/blog\/#\/schema\/logo\/image\/"}},{"@type":"Person","@id":"https:\/\/www.artemadeiras.com.br\/blog\/#\/schema\/person\/03c7826df62479a35ffcf10a5a652727","name":"bloomin","image":{"@type":"ImageObject","inLanguage":"pt-BR","@id":"https:\/\/www.artemadeiras.com.br\/blog\/#\/schema\/person\/image\/","url":"https:\/\/secure.gravatar.com\/avatar\/161a7ea08f1b8bd365e1697a2453e6c719201075da8bdf298a1c2fc5455ba35d?s=96&d=mm&r=g","contentUrl":"https:\/\/secure.gravatar.com\/avatar\/161a7ea08f1b8bd365e1697a2453e6c719201075da8bdf298a1c2fc5455ba35d?s=96&d=mm&r=g","caption":"bloomin"},"sameAs":["https:\/\/www.artemadeiras.com.br\/blog"],"url":"https:\/\/www.artemadeiras.com.br\/blog\/author\/bloomin\/"}]}},"_links":{"self":[{"href":"https:\/\/www.artemadeiras.com.br\/blog\/wp-json\/wp\/v2\/posts\/159","targetHints":{"allow":["GET"]}}],"collection":[{"href":"https:\/\/www.artemadeiras.com.br\/blog\/wp-json\/wp\/v2\/posts"}],"about":[{"href":"https:\/\/www.artemadeiras.com.br\/blog\/wp-json\/wp\/v2\/types\/post"}],"author":[{"embeddable":true,"href":"https:\/\/www.artemadeiras.com.br\/blog\/wp-json\/wp\/v2\/users\/1"}],"replies":[{"embeddable":true,"href":"https:\/\/www.artemadeiras.com.br\/blog\/wp-json\/wp\/v2\/comments?post=159"}],"version-history":[{"count":2,"href":"https:\/\/www.artemadeiras.com.br\/blog\/wp-json\/wp\/v2\/posts\/159\/revisions"}],"predecessor-version":[{"id":355,"href":"https:\/\/www.artemadeiras.com.br\/blog\/wp-json\/wp\/v2\/posts\/159\/revisions\/355"}],"wp:featuredmedia":[{"embeddable":true,"href":"https:\/\/www.artemadeiras.com.br\/blog\/wp-json\/wp\/v2\/media\/161"}],"wp:attachment":[{"href":"https:\/\/www.artemadeiras.com.br\/blog\/wp-json\/wp\/v2\/media?parent=159"}],"wp:term":[{"taxonomy":"category","embeddable":true,"href":"https:\/\/www.artemadeiras.com.br\/blog\/wp-json\/wp\/v2\/categories?post=159"},{"taxonomy":"post_tag","embeddable":true,"href":"https:\/\/www.artemadeiras.com.br\/blog\/wp-json\/wp\/v2\/tags?post=159"}],"curies":[{"name":"wp","href":"https:\/\/api.w.org\/{rel}","templated":true}]}}