{"id":112,"date":"2024-01-08T11:27:23","date_gmt":"2024-01-08T14:27:23","guid":{"rendered":"https:\/\/www.artemadeiras.com.br\/blog\/?p=112"},"modified":"2024-09-24T12:14:25","modified_gmt":"2024-09-24T15:14:25","slug":"compensado-de-madeira-conheca","status":"publish","type":"post","link":"https:\/\/www.artemadeiras.com.br\/blog\/compensados\/compensado-de-madeira-conheca\/","title":{"rendered":"Compensado de Madeira: Durabilidade e Versatilidade para Diversos Projetos"},"content":{"rendered":"<span class=\"rt-reading-time\" style=\"display: block;\"><span class=\"rt-label rt-prefix\">Tempo de leitura<\/span> <span class=\"rt-time\">3<\/span> <span class=\"rt-label rt-postfix\">minutos<\/span><\/span>\n<p>O compensado de madeira \u00e9 um material amplamente utilizado em diversos setores, desde a constru\u00e7\u00e3o civil at\u00e9 a fabrica\u00e7\u00e3o de m\u00f3veis e decora\u00e7\u00e3o de interiores. <\/p>\n\n\n\n<p>Este artigo explora as caracter\u00edsticas, vantagens, tipos e aplica\u00e7\u00f5es do compensado de madeira, oferecendo uma vis\u00e3o abrangente sobre este material vers\u00e1til e sustent\u00e1vel.<\/p>\n\n\n\n<div id=\"ez-toc-container\" class=\"ez-toc-v2_0_66_1 counter-hierarchy ez-toc-counter ez-toc-grey ez-toc-container-direction\">\n<div class=\"ez-toc-title-container\">\n<p class=\"ez-toc-title \" >T&oacute;picos do artigo<\/p>\n<span class=\"ez-toc-title-toggle\"><a href=\"#\" class=\"ez-toc-pull-right ez-toc-btn ez-toc-btn-xs ez-toc-btn-default ez-toc-toggle\" aria-label=\"Toggle Table of Content\"><span class=\"ez-toc-js-icon-con\"><span class=\"\"><span class=\"eztoc-hide\" style=\"display:none;\">Toggle<\/span><span class=\"ez-toc-icon-toggle-span\"><svg style=\"fill: #999;color:#999\" xmlns=\"http:\/\/www.w3.org\/2000\/svg\" class=\"list-377408\" width=\"20px\" height=\"20px\" viewBox=\"0 0 24 24\" fill=\"none\"><path d=\"M6 6H4v2h2V6zm14 0H8v2h12V6zM4 11h2v2H4v-2zm16 0H8v2h12v-2zM4 16h2v2H4v-2zm16 0H8v2h12v-2z\" fill=\"currentColor\"><\/path><\/svg><svg style=\"fill: #999;color:#999\" class=\"arrow-unsorted-368013\" xmlns=\"http:\/\/www.w3.org\/2000\/svg\" width=\"10px\" height=\"10px\" viewBox=\"0 0 24 24\" version=\"1.2\" baseProfile=\"tiny\"><path d=\"M18.2 9.3l-6.2-6.3-6.2 6.3c-.2.2-.3.4-.3.7s.1.5.3.7c.2.2.4.3.7.3h11c.3 0 .5-.1.7-.3.2-.2.3-.5.3-.7s-.1-.5-.3-.7zM5.8 14.7l6.2 6.3 6.2-6.3c.2-.2.3-.5.3-.7s-.1-.5-.3-.7c-.2-.2-.4-.3-.7-.3h-11c-.3 0-.5.1-.7.3-.2.2-.3.5-.3.7s.1.5.3.7z\"\/><\/svg><\/span><\/span><\/span><\/a><\/span><\/div>\n<nav><ul class='ez-toc-list ez-toc-list-level-1 ' ><li class='ez-toc-page-1 ez-toc-heading-level-2'><a class=\"ez-toc-link ez-toc-heading-1\" href=\"https:\/\/www.artemadeiras.com.br\/blog\/compensados\/compensado-de-madeira-conheca\/#Caracteristicas_do_Compensado_de_Madeira\" title=\"Caracter\u00edsticas do Compensado de Madeira\">Caracter\u00edsticas do Compensado de Madeira<\/a><ul class='ez-toc-list-level-4' ><li class='ez-toc-heading-level-4'><ul class='ez-toc-list-level-4' ><li class='ez-toc-heading-level-4'><a class=\"ez-toc-link ez-toc-heading-2\" href=\"https:\/\/www.artemadeiras.com.br\/blog\/compensados\/compensado-de-madeira-conheca\/#Vantagens_do_Compensado_de_Madeira\" title=\"Vantagens do Compensado de Madeira\">Vantagens do Compensado de Madeira<\/a><\/li><li class='ez-toc-page-1 ez-toc-heading-level-4'><a class=\"ez-toc-link ez-toc-heading-3\" href=\"https:\/\/www.artemadeiras.com.br\/blog\/compensados\/compensado-de-madeira-conheca\/#Tipos_de_Compensado_de_Madeira\" title=\"Tipos de Compensado de Madeira\">Tipos de Compensado de Madeira<\/a><\/li><\/ul><\/li><li class='ez-toc-page-1 ez-toc-heading-level-3'><a class=\"ez-toc-link ez-toc-heading-4\" href=\"https:\/\/www.artemadeiras.com.br\/blog\/compensados\/compensado-de-madeira-conheca\/#Aplicacoes_do_Compensado_de_Madeira\" title=\"Aplica\u00e7\u00f5es do Compensado de Madeira\">Aplica\u00e7\u00f5es do Compensado de Madeira<\/a><ul class='ez-toc-list-level-4' ><li class='ez-toc-heading-level-4'><a class=\"ez-toc-link ez-toc-heading-5\" href=\"https:\/\/www.artemadeiras.com.br\/blog\/compensados\/compensado-de-madeira-conheca\/#Manutencao_e_Cuidados_com_o_Compensado\" title=\"Manuten\u00e7\u00e3o e Cuidados com o Compensado\">Manuten\u00e7\u00e3o e Cuidados com o Compensado<\/a><\/li><li class='ez-toc-page-1 ez-toc-heading-level-4'><a class=\"ez-toc-link ez-toc-heading-6\" href=\"https:\/\/www.artemadeiras.com.br\/blog\/compensados\/compensado-de-madeira-conheca\/#A_Importancia_da_Escolha_do_Fornecedor\" title=\"A Import\u00e2ncia da Escolha do Fornecedor\">A Import\u00e2ncia da Escolha do Fornecedor<\/a><\/li><\/ul><\/li><\/ul><\/li><li class='ez-toc-page-1 ez-toc-heading-level-2'><a class=\"ez-toc-link ez-toc-heading-7\" href=\"https:\/\/www.artemadeiras.com.br\/blog\/compensados\/compensado-de-madeira-conheca\/#Arte_Madeiras_Excelencia_em_Compensado_de_Madeira\" title=\"Arte Madeiras: Excel\u00eancia em Compensado de Madeira\">Arte Madeiras: Excel\u00eancia em Compensado de Madeira<\/a><\/li><\/ul><\/nav><\/div>\n<h2 class=\"wp-block-heading\"><span class=\"ez-toc-section\" id=\"Caracteristicas_do_Compensado_de_Madeira\"><\/span><strong>Caracter\u00edsticas do Compensado de Madeira<\/strong><span class=\"ez-toc-section-end\"><\/span><\/h2>\n\n\n<div class=\"wp-block-image\">\n<figure class=\"aligncenter size-full\"><img loading=\"lazy\" decoding=\"async\" width=\"643\" height=\"321\" src=\"https:\/\/www.artemadeiras.com.br\/blog\/wp-content\/uploads\/2024\/01\/arte-madeira2.png\" alt=\"Compensados de madeira\" class=\"wp-image-117\" srcset=\"https:\/\/www.artemadeiras.com.br\/blog\/wp-content\/uploads\/2024\/01\/arte-madeira2.png 643w, https:\/\/www.artemadeiras.com.br\/blog\/wp-content\/uploads\/2024\/01\/arte-madeira2-300x150.png 300w\" sizes=\"auto, (max-width: 643px) 100vw, 643px\" \/><\/figure>\n<\/div>\n\n\n<p>O compensado \u00e9 um material de engenharia formado pela colagem de camadas de madeira, usualmente em n\u00famero \u00edmpar, com as fibras de cada camada dispostas perpendicularmente entre si. Esta estrutura confere ao compensado uma resist\u00eancia not\u00e1vel contra empenamento e rachaduras, tornando-o uma escolha robusta para uma variedade de aplica\u00e7\u00f5es.<\/p>\n\n\n\n<h4 class=\"wp-block-heading\"><span class=\"ez-toc-section\" id=\"Vantagens_do_Compensado_de_Madeira\"><\/span><strong>Vantagens do Compensado de Madeira<\/strong><span class=\"ez-toc-section-end\"><\/span><\/h4>\n\n\n\n<ul class=\"wp-block-list\">\n<li>Durabilidade: Gra\u00e7as \u00e0 sua constru\u00e7\u00e3o em camadas, o compensado \u00e9 extremamente dur\u00e1vel e resistente a impactos, o que o torna ideal para uso em ambientes que exigem materiais robustos.<\/li>\n\n\n\n<li>Flexibilidade: A capacidade de ser cortado em diversas formas sem perder a integridade faz do compensado um material altamente vers\u00e1til para projetos de design e arquitetura.<\/li>\n\n\n\n<li>Sustentabilidade: A produ\u00e7\u00e3o de compensado geralmente utiliza madeiras de fontes sustent\u00e1veis, contribuindo para a conserva\u00e7\u00e3o ambiental.<\/li>\n<\/ul>\n\n\n\n<h4 class=\"wp-block-heading\"><span class=\"ez-toc-section\" id=\"Tipos_de_Compensado_de_Madeira\"><\/span><strong>Tipos de Compensado de Madeira<\/strong><span class=\"ez-toc-section-end\"><\/span><\/h4>\n\n\n\n<ul class=\"wp-block-list\">\n<li><strong>Compensado Naval<\/strong>: Este tipo de compensado \u00e9 especialmente tratado para resistir \u00e0 \u00e1gua, tornando-o uma escolha ideal para ambientes \u00famidos ou para constru\u00e7\u00f5es pr\u00f3ximas a corpos d&#8217;\u00e1gua.<\/li>\n\n\n\n<li><strong>Madeirite Plastificado<\/strong>: Com uma camada de prote\u00e7\u00e3o pl\u00e1stica, este tipo \u00e9 mais resistente \u00e0 umidade e ao desgaste, sendo frequentemente utilizado em formas para concreto.<\/li>\n\n\n\n<li><strong>Madeirite Naval<\/strong>: Similar ao compensado naval, mas com especifica\u00e7\u00f5es adicionais para suportar condi\u00e7\u00f5es mar\u00edtimas extremas.<\/li>\n\n\n\n<li><strong>Chapa de Compensado<\/strong>: Dispon\u00edvel em v\u00e1rias espessuras, as chapas de compensado s\u00e3o utilizadas em uma vasta gama de aplica\u00e7\u00f5es, de m\u00f3veis a estruturas arquitet\u00f4nicas.<\/li>\n<\/ul>\n\n\n\n<h3 class=\"wp-block-heading\"><span class=\"ez-toc-section\" id=\"Aplicacoes_do_Compensado_de_Madeira\"><\/span><strong>Aplica\u00e7\u00f5es do Compensado de Madeira<\/strong><span class=\"ez-toc-section-end\"><\/span><\/h3>\n\n\n<div class=\"wp-block-image\">\n<figure class=\"alignright size-full\"><img loading=\"lazy\" decoding=\"async\" width=\"319\" height=\"316\" src=\"https:\/\/www.artemadeiras.com.br\/blog\/wp-content\/uploads\/2024\/01\/arte-madeira1.png\" alt=\"\" class=\"wp-image-116\" srcset=\"https:\/\/www.artemadeiras.com.br\/blog\/wp-content\/uploads\/2024\/01\/arte-madeira1.png 319w, https:\/\/www.artemadeiras.com.br\/blog\/wp-content\/uploads\/2024\/01\/arte-madeira1-300x297.png 300w, https:\/\/www.artemadeiras.com.br\/blog\/wp-content\/uploads\/2024\/01\/arte-madeira1-150x150.png 150w\" sizes=\"auto, (max-width: 319px) 100vw, 319px\" \/><\/figure>\n<\/div>\n\n\n<ul class=\"wp-block-list\">\n<li>Constru\u00e7\u00e3o Civil: Utilizado como material de apoio em f\u00f4rmas de concreto, paredes, telhados e pisos, o compensado \u00e9 uma escolha popular na constru\u00e7\u00e3o civil.<\/li>\n\n\n\n<li>Fabrica\u00e7\u00e3o de M\u00f3veis: Devido \u00e0 sua estabilidade e facilidade de manuseio, \u00e9 amplamente utilizado na fabrica\u00e7\u00e3o de m\u00f3veis de alta qualidade.<\/li>\n\n\n\n<li>Decora\u00e7\u00e3o de Interiores: O compensado \u00e9 tamb\u00e9m uma escolha frequente para pain\u00e9is decorativos, divis\u00f3rias e outros elementos de design interior.<\/li>\n<\/ul>\n\n\n\n<h4 class=\"wp-block-heading\"><span class=\"ez-toc-section\" id=\"Manutencao_e_Cuidados_com_o_Compensado\"><\/span><strong>Manuten\u00e7\u00e3o e Cuidados com o Compensado<\/strong><span class=\"ez-toc-section-end\"><\/span><\/h4>\n\n\n\n<p>Para garantir a longevidade do compensado, \u00e9 importante manter o material protegido da exposi\u00e7\u00e3o direta \u00e0 \u00e1gua e umidade excessiva. Apesar de algumas variantes como o compensado naval serem tratadas para resistir \u00e0 \u00e1gua, cuidados adicionais podem prolongar a vida \u00fatil do material.<\/p>\n\n\n\n<h4 class=\"wp-block-heading\"><span class=\"ez-toc-section\" id=\"A_Importancia_da_Escolha_do_Fornecedor\"><\/span><strong>A Import\u00e2ncia da Escolha do Fornecedor<\/strong><span class=\"ez-toc-section-end\"><\/span><\/h4>\n\n\n\n<p>A qualidade do compensado depende significativamente da fonte e do processo de fabrica\u00e7\u00e3o. \u00c9 crucial escolher um fornecedor confi\u00e1vel que ofere\u00e7a produtos de alta qualidade e que siga pr\u00e1ticas sustent\u00e1veis.<\/p>\n\n\n\n<h2 class=\"wp-block-heading\"><span class=\"ez-toc-section\" id=\"Arte_Madeiras_Excelencia_em_Compensado_de_Madeira\"><\/span><strong>Arte Madeiras: Excel\u00eancia em Compensado de Madeira<\/strong><span class=\"ez-toc-section-end\"><\/span><\/h2>\n\n\n\n<p>Ao finalizar sua busca pelo compensado ideal, considere a Arte Madeiras, uma empresa com anos de experi\u00eancia no mercado, dedicada a fornecer solu\u00e7\u00f5es de qualidade em madeira. <\/p>\n\n\n\n<p>Com um compromisso com a sustentabilidade e a inova\u00e7\u00e3o, a Arte Madeiras se destaca como um fornecedor de confian\u00e7a, oferecendo uma variedade de produtos em compensado para atender \u00e0s necessidades de seus clientes. <\/p>\n\n\n\n<p>Descubra mais sobre nossos produtos e como podemos ajudar a realizar seus projetos com excel\u00eancia e responsabilidade ambiental.<\/p>\n\n\n<div class=\"wp-block-image\">\n<figure class=\"aligncenter size-full\"><img loading=\"lazy\" decoding=\"async\" width=\"750\" height=\"200\" src=\"https:\/\/www.artemadeiras.com.br\/blog\/wp-content\/uploads\/2022\/07\/2v_Orcamento.png\" alt=\"Compensado de Madeira\" class=\"wp-image-93\" srcset=\"https:\/\/www.artemadeiras.com.br\/blog\/wp-content\/uploads\/2022\/07\/2v_Orcamento.png 750w, https:\/\/www.artemadeiras.com.br\/blog\/wp-content\/uploads\/2022\/07\/2v_Orcamento-300x80.png 300w\" sizes=\"auto, (max-width: 750px) 100vw, 750px\" \/><\/figure>\n<\/div>\n\n\n<p>Para ficar por dentro de mais dicas e novidades, confira nosso <a href=\"https:\/\/www.artemadeiras.com.br\/blog\/\" data-type=\"link\" data-id=\"https:\/\/www.artemadeiras.com.br\/blog\/\">blog<\/a>!<\/p>\n","protected":false},"excerpt":{"rendered":"<p><span class=\"rt-reading-time\" style=\"display: block;\"><span class=\"rt-label rt-prefix\">Tempo de leitura<\/span> <span class=\"rt-time\">3<\/span> <span class=\"rt-label rt-postfix\">minutos<\/span><\/span> O compensado de madeira \u00e9 um material amplamente utilizado em diversos setores, desde a constru\u00e7\u00e3o civil at\u00e9 a fabrica\u00e7\u00e3o de m\u00f3veis e decora\u00e7\u00e3o de interiores. Este artigo explora as caracter\u00edsticas, vantagens, tipos e aplica\u00e7\u00f5es do compensado de madeira, oferecendo uma&#8230;<\/p>\n","protected":false},"author":1,"featured_media":114,"comment_status":"open","ping_status":"open","sticky":false,"template":"","format":"standard","meta":{"footnotes":""},"categories":[524],"tags":[835,816,833,818,829,824,823,821,834,830,828,819,827,822,831,832,817,825,826,820],"class_list":["post-112","post","type-post","status-publish","format-standard","has-post-thumbnail","hentry","category-compensados","tag-como-escolher-compensado-de-madeira","tag-compensado-de-madeira","tag-compensado-de-madeira-de-alta-qualidade","tag-compensado-de-madeira-duravel","tag-compensado-de-madeira-ecologico","tag-compensado-multilaminado","tag-compensado-naval","tag-compensado-para-construcao","tag-compensado-para-design-de-interiores","tag-compensado-para-interiores","tag-compensado-para-moveis","tag-compensado-para-projetos","tag-compensado-resistente-a-umidade","tag-melhor-compensado-de-madeira","tag-preco-do-compensado-de-madeira","tag-tipos-de-acabamentos-para-compensado","tag-tipos-de-compensado-de-madeira","tag-usos-do-compensado-de-madeira","tag-vantagens-do-compensado-de-madeira","tag-versatilidade-do-compensado-de-madeira"],"yoast_head":"<!-- This site is optimized with the Yoast SEO plugin v23.6 - https:\/\/yoast.com\/wordpress\/plugins\/seo\/ -->\n<title>Compensado de Madeira: Durabilidade e Versatilidade para Diversos Projetos - Blog | Arte madeiras<\/title>\n<meta name=\"robots\" content=\"index, follow, max-snippet:-1, max-image-preview:large, max-video-preview:-1\" \/>\n<link rel=\"canonical\" href=\"https:\/\/www.artemadeiras.com.br\/blog\/compensados\/compensado-de-madeira-conheca\/\" \/>\n<meta property=\"og:locale\" content=\"pt_BR\" \/>\n<meta property=\"og:type\" content=\"article\" \/>\n<meta property=\"og:title\" content=\"Compensado de Madeira: Durabilidade e Versatilidade para Diversos Projetos - Blog | Arte madeiras\" \/>\n<meta property=\"og:description\" content=\"Tempo de leitura 3 minutos O compensado de madeira \u00e9 um material amplamente utilizado em diversos setores, desde a constru\u00e7\u00e3o civil at\u00e9 a fabrica\u00e7\u00e3o de m\u00f3veis e decora\u00e7\u00e3o de interiores. Este artigo explora as caracter\u00edsticas, vantagens, tipos e aplica\u00e7\u00f5es do compensado de madeira, oferecendo uma...\" \/>\n<meta property=\"og:url\" content=\"https:\/\/www.artemadeiras.com.br\/blog\/compensados\/compensado-de-madeira-conheca\/\" \/>\n<meta property=\"og:site_name\" content=\"Blog | Arte madeiras\" \/>\n<meta property=\"article:published_time\" content=\"2024-01-08T14:27:23+00:00\" \/>\n<meta property=\"article:modified_time\" content=\"2024-09-24T15:14:25+00:00\" \/>\n<meta property=\"og:image\" content=\"https:\/\/www.artemadeiras.com.br\/blog\/wp-content\/uploads\/2024\/01\/Compensado-de-madeira.jpg\" \/>\n\t<meta property=\"og:image:width\" content=\"512\" \/>\n\t<meta property=\"og:image:height\" content=\"512\" \/>\n\t<meta property=\"og:image:type\" content=\"image\/jpeg\" \/>\n<meta name=\"author\" content=\"bloomin\" \/>\n<meta name=\"twitter:card\" content=\"summary_large_image\" \/>\n<meta name=\"twitter:label1\" content=\"Escrito por\" \/>\n\t<meta name=\"twitter:data1\" content=\"bloomin\" \/>\n\t<meta name=\"twitter:label2\" content=\"Est. tempo de leitura\" \/>\n\t<meta name=\"twitter:data2\" content=\"3 minutos\" \/>\n<script type=\"application\/ld+json\" class=\"yoast-schema-graph\">{\"@context\":\"https:\/\/schema.org\",\"@graph\":[{\"@type\":\"Article\",\"@id\":\"https:\/\/www.artemadeiras.com.br\/blog\/compensados\/compensado-de-madeira-conheca\/#article\",\"isPartOf\":{\"@id\":\"https:\/\/www.artemadeiras.com.br\/blog\/compensados\/compensado-de-madeira-conheca\/\"},\"author\":{\"name\":\"bloomin\",\"@id\":\"https:\/\/www.artemadeiras.com.br\/blog\/#\/schema\/person\/03c7826df62479a35ffcf10a5a652727\"},\"headline\":\"Compensado de Madeira: Durabilidade e Versatilidade para Diversos Projetos\",\"datePublished\":\"2024-01-08T14:27:23+00:00\",\"dateModified\":\"2024-09-24T15:14:25+00:00\",\"mainEntityOfPage\":{\"@id\":\"https:\/\/www.artemadeiras.com.br\/blog\/compensados\/compensado-de-madeira-conheca\/\"},\"wordCount\":580,\"commentCount\":0,\"publisher\":{\"@id\":\"https:\/\/www.artemadeiras.com.br\/blog\/#organization\"},\"image\":{\"@id\":\"https:\/\/www.artemadeiras.com.br\/blog\/compensados\/compensado-de-madeira-conheca\/#primaryimage\"},\"thumbnailUrl\":\"https:\/\/www.artemadeiras.com.br\/blog\/wp-content\/uploads\/2024\/01\/Compensado-de-madeira.jpg\",\"keywords\":[\"Como escolher compensado de madeira\",\"Compensado de madeira\",\"Compensado de madeira de alta qualidade\",\"Compensado de madeira dur\u00e1vel\",\"Compensado de madeira ecol\u00f3gico\",\"Compensado multilaminado\",\"Compensado naval\",\"Compensado para constru\u00e7\u00e3o\",\"Compensado para design de interiores\",\"Compensado para interiores\",\"Compensado para m\u00f3veis\",\"Compensado para projetos\",\"Compensado resistente \u00e0 umidade\",\"Melhor compensado de madeira\",\"Pre\u00e7o do compensado de madeira\",\"Tipos de acabamentos para compensado\",\"Tipos de compensado de madeira\",\"Usos do compensado de madeira\",\"Vantagens do compensado de madeira\",\"Versatilidade do compensado de madeira\"],\"articleSection\":[\"Compensados\"],\"inLanguage\":\"pt-BR\",\"potentialAction\":[{\"@type\":\"CommentAction\",\"name\":\"Comment\",\"target\":[\"https:\/\/www.artemadeiras.com.br\/blog\/compensados\/compensado-de-madeira-conheca\/#respond\"]}]},{\"@type\":\"WebPage\",\"@id\":\"https:\/\/www.artemadeiras.com.br\/blog\/compensados\/compensado-de-madeira-conheca\/\",\"url\":\"https:\/\/www.artemadeiras.com.br\/blog\/compensados\/compensado-de-madeira-conheca\/\",\"name\":\"Compensado de Madeira: Durabilidade e Versatilidade para Diversos Projetos - Blog | Arte madeiras\",\"isPartOf\":{\"@id\":\"https:\/\/www.artemadeiras.com.br\/blog\/#website\"},\"primaryImageOfPage\":{\"@id\":\"https:\/\/www.artemadeiras.com.br\/blog\/compensados\/compensado-de-madeira-conheca\/#primaryimage\"},\"image\":{\"@id\":\"https:\/\/www.artemadeiras.com.br\/blog\/compensados\/compensado-de-madeira-conheca\/#primaryimage\"},\"thumbnailUrl\":\"https:\/\/www.artemadeiras.com.br\/blog\/wp-content\/uploads\/2024\/01\/Compensado-de-madeira.jpg\",\"datePublished\":\"2024-01-08T14:27:23+00:00\",\"dateModified\":\"2024-09-24T15:14:25+00:00\",\"breadcrumb\":{\"@id\":\"https:\/\/www.artemadeiras.com.br\/blog\/compensados\/compensado-de-madeira-conheca\/#breadcrumb\"},\"inLanguage\":\"pt-BR\",\"potentialAction\":[{\"@type\":\"ReadAction\",\"target\":[\"https:\/\/www.artemadeiras.com.br\/blog\/compensados\/compensado-de-madeira-conheca\/\"]}]},{\"@type\":\"ImageObject\",\"inLanguage\":\"pt-BR\",\"@id\":\"https:\/\/www.artemadeiras.com.br\/blog\/compensados\/compensado-de-madeira-conheca\/#primaryimage\",\"url\":\"https:\/\/www.artemadeiras.com.br\/blog\/wp-content\/uploads\/2024\/01\/Compensado-de-madeira.jpg\",\"contentUrl\":\"https:\/\/www.artemadeiras.com.br\/blog\/wp-content\/uploads\/2024\/01\/Compensado-de-madeira.jpg\",\"width\":512,\"height\":512},{\"@type\":\"BreadcrumbList\",\"@id\":\"https:\/\/www.artemadeiras.com.br\/blog\/compensados\/compensado-de-madeira-conheca\/#breadcrumb\",\"itemListElement\":[{\"@type\":\"ListItem\",\"position\":1,\"name\":\"In\u00edcio\",\"item\":\"https:\/\/www.artemadeiras.com.br\/blog\/\"},{\"@type\":\"ListItem\",\"position\":2,\"name\":\"Compensado de Madeira: Durabilidade e Versatilidade para Diversos Projetos\"}]},{\"@type\":\"WebSite\",\"@id\":\"https:\/\/www.artemadeiras.com.br\/blog\/#website\",\"url\":\"https:\/\/www.artemadeiras.com.br\/blog\/\",\"name\":\"Blog | Arte madeiras\",\"description\":\"Dicas e Novidades sobre Madeiras\",\"publisher\":{\"@id\":\"https:\/\/www.artemadeiras.com.br\/blog\/#organization\"},\"potentialAction\":[{\"@type\":\"SearchAction\",\"target\":{\"@type\":\"EntryPoint\",\"urlTemplate\":\"https:\/\/www.artemadeiras.com.br\/blog\/?s={search_term_string}\"},\"query-input\":{\"@type\":\"PropertyValueSpecification\",\"valueRequired\":true,\"valueName\":\"search_term_string\"}}],\"inLanguage\":\"pt-BR\"},{\"@type\":\"Organization\",\"@id\":\"https:\/\/www.artemadeiras.com.br\/blog\/#organization\",\"name\":\"Blog | Arte madeiras\",\"url\":\"https:\/\/www.artemadeiras.com.br\/blog\/\",\"logo\":{\"@type\":\"ImageObject\",\"inLanguage\":\"pt-BR\",\"@id\":\"https:\/\/www.artemadeiras.com.br\/blog\/#\/schema\/logo\/image\/\",\"url\":\"https:\/\/www.artemadeiras.com.br\/blog\/wp-content\/uploads\/2021\/01\/logo-arte-madeiras.png\",\"contentUrl\":\"https:\/\/www.artemadeiras.com.br\/blog\/wp-content\/uploads\/2021\/01\/logo-arte-madeiras.png\",\"width\":255,\"height\":110,\"caption\":\"Blog | Arte madeiras\"},\"image\":{\"@id\":\"https:\/\/www.artemadeiras.com.br\/blog\/#\/schema\/logo\/image\/\"}},{\"@type\":\"Person\",\"@id\":\"https:\/\/www.artemadeiras.com.br\/blog\/#\/schema\/person\/03c7826df62479a35ffcf10a5a652727\",\"name\":\"bloomin\",\"image\":{\"@type\":\"ImageObject\",\"inLanguage\":\"pt-BR\",\"@id\":\"https:\/\/www.artemadeiras.com.br\/blog\/#\/schema\/person\/image\/\",\"url\":\"https:\/\/secure.gravatar.com\/avatar\/161a7ea08f1b8bd365e1697a2453e6c719201075da8bdf298a1c2fc5455ba35d?s=96&d=mm&r=g\",\"contentUrl\":\"https:\/\/secure.gravatar.com\/avatar\/161a7ea08f1b8bd365e1697a2453e6c719201075da8bdf298a1c2fc5455ba35d?s=96&d=mm&r=g\",\"caption\":\"bloomin\"},\"sameAs\":[\"https:\/\/www.artemadeiras.com.br\/blog\"],\"url\":\"https:\/\/www.artemadeiras.com.br\/blog\/author\/bloomin\/\"}]}<\/script>\n<!-- \/ Yoast SEO plugin. -->","yoast_head_json":{"title":"Compensado de Madeira: Durabilidade e Versatilidade para Diversos Projetos - Blog | Arte madeiras","robots":{"index":"index","follow":"follow","max-snippet":"max-snippet:-1","max-image-preview":"max-image-preview:large","max-video-preview":"max-video-preview:-1"},"canonical":"https:\/\/www.artemadeiras.com.br\/blog\/compensados\/compensado-de-madeira-conheca\/","og_locale":"pt_BR","og_type":"article","og_title":"Compensado de Madeira: Durabilidade e Versatilidade para Diversos Projetos - Blog | Arte madeiras","og_description":"Tempo de leitura 3 minutos O compensado de madeira \u00e9 um material amplamente utilizado em diversos setores, desde a constru\u00e7\u00e3o civil at\u00e9 a fabrica\u00e7\u00e3o de m\u00f3veis e decora\u00e7\u00e3o de interiores. Este artigo explora as caracter\u00edsticas, vantagens, tipos e aplica\u00e7\u00f5es do compensado de madeira, oferecendo uma...","og_url":"https:\/\/www.artemadeiras.com.br\/blog\/compensados\/compensado-de-madeira-conheca\/","og_site_name":"Blog | Arte madeiras","article_published_time":"2024-01-08T14:27:23+00:00","article_modified_time":"2024-09-24T15:14:25+00:00","og_image":[{"width":512,"height":512,"url":"https:\/\/www.artemadeiras.com.br\/blog\/wp-content\/uploads\/2024\/01\/Compensado-de-madeira.jpg","type":"image\/jpeg"}],"author":"bloomin","twitter_card":"summary_large_image","twitter_misc":{"Escrito por":"bloomin","Est. tempo de leitura":"3 minutos"},"schema":{"@context":"https:\/\/schema.org","@graph":[{"@type":"Article","@id":"https:\/\/www.artemadeiras.com.br\/blog\/compensados\/compensado-de-madeira-conheca\/#article","isPartOf":{"@id":"https:\/\/www.artemadeiras.com.br\/blog\/compensados\/compensado-de-madeira-conheca\/"},"author":{"name":"bloomin","@id":"https:\/\/www.artemadeiras.com.br\/blog\/#\/schema\/person\/03c7826df62479a35ffcf10a5a652727"},"headline":"Compensado de Madeira: Durabilidade e Versatilidade para Diversos Projetos","datePublished":"2024-01-08T14:27:23+00:00","dateModified":"2024-09-24T15:14:25+00:00","mainEntityOfPage":{"@id":"https:\/\/www.artemadeiras.com.br\/blog\/compensados\/compensado-de-madeira-conheca\/"},"wordCount":580,"commentCount":0,"publisher":{"@id":"https:\/\/www.artemadeiras.com.br\/blog\/#organization"},"image":{"@id":"https:\/\/www.artemadeiras.com.br\/blog\/compensados\/compensado-de-madeira-conheca\/#primaryimage"},"thumbnailUrl":"https:\/\/www.artemadeiras.com.br\/blog\/wp-content\/uploads\/2024\/01\/Compensado-de-madeira.jpg","keywords":["Como escolher compensado de madeira","Compensado de madeira","Compensado de madeira de alta qualidade","Compensado de madeira dur\u00e1vel","Compensado de madeira ecol\u00f3gico","Compensado multilaminado","Compensado naval","Compensado para constru\u00e7\u00e3o","Compensado para design de interiores","Compensado para interiores","Compensado para m\u00f3veis","Compensado para projetos","Compensado resistente \u00e0 umidade","Melhor compensado de madeira","Pre\u00e7o do compensado de madeira","Tipos de acabamentos para compensado","Tipos de compensado de madeira","Usos do compensado de madeira","Vantagens do compensado de madeira","Versatilidade do compensado de madeira"],"articleSection":["Compensados"],"inLanguage":"pt-BR","potentialAction":[{"@type":"CommentAction","name":"Comment","target":["https:\/\/www.artemadeiras.com.br\/blog\/compensados\/compensado-de-madeira-conheca\/#respond"]}]},{"@type":"WebPage","@id":"https:\/\/www.artemadeiras.com.br\/blog\/compensados\/compensado-de-madeira-conheca\/","url":"https:\/\/www.artemadeiras.com.br\/blog\/compensados\/compensado-de-madeira-conheca\/","name":"Compensado de Madeira: Durabilidade e Versatilidade para Diversos Projetos - Blog | Arte madeiras","isPartOf":{"@id":"https:\/\/www.artemadeiras.com.br\/blog\/#website"},"primaryImageOfPage":{"@id":"https:\/\/www.artemadeiras.com.br\/blog\/compensados\/compensado-de-madeira-conheca\/#primaryimage"},"image":{"@id":"https:\/\/www.artemadeiras.com.br\/blog\/compensados\/compensado-de-madeira-conheca\/#primaryimage"},"thumbnailUrl":"https:\/\/www.artemadeiras.com.br\/blog\/wp-content\/uploads\/2024\/01\/Compensado-de-madeira.jpg","datePublished":"2024-01-08T14:27:23+00:00","dateModified":"2024-09-24T15:14:25+00:00","breadcrumb":{"@id":"https:\/\/www.artemadeiras.com.br\/blog\/compensados\/compensado-de-madeira-conheca\/#breadcrumb"},"inLanguage":"pt-BR","potentialAction":[{"@type":"ReadAction","target":["https:\/\/www.artemadeiras.com.br\/blog\/compensados\/compensado-de-madeira-conheca\/"]}]},{"@type":"ImageObject","inLanguage":"pt-BR","@id":"https:\/\/www.artemadeiras.com.br\/blog\/compensados\/compensado-de-madeira-conheca\/#primaryimage","url":"https:\/\/www.artemadeiras.com.br\/blog\/wp-content\/uploads\/2024\/01\/Compensado-de-madeira.jpg","contentUrl":"https:\/\/www.artemadeiras.com.br\/blog\/wp-content\/uploads\/2024\/01\/Compensado-de-madeira.jpg","width":512,"height":512},{"@type":"BreadcrumbList","@id":"https:\/\/www.artemadeiras.com.br\/blog\/compensados\/compensado-de-madeira-conheca\/#breadcrumb","itemListElement":[{"@type":"ListItem","position":1,"name":"In\u00edcio","item":"https:\/\/www.artemadeiras.com.br\/blog\/"},{"@type":"ListItem","position":2,"name":"Compensado de Madeira: Durabilidade e Versatilidade para Diversos Projetos"}]},{"@type":"WebSite","@id":"https:\/\/www.artemadeiras.com.br\/blog\/#website","url":"https:\/\/www.artemadeiras.com.br\/blog\/","name":"Blog | Arte madeiras","description":"Dicas e Novidades sobre Madeiras","publisher":{"@id":"https:\/\/www.artemadeiras.com.br\/blog\/#organization"},"potentialAction":[{"@type":"SearchAction","target":{"@type":"EntryPoint","urlTemplate":"https:\/\/www.artemadeiras.com.br\/blog\/?s={search_term_string}"},"query-input":{"@type":"PropertyValueSpecification","valueRequired":true,"valueName":"search_term_string"}}],"inLanguage":"pt-BR"},{"@type":"Organization","@id":"https:\/\/www.artemadeiras.com.br\/blog\/#organization","name":"Blog | Arte madeiras","url":"https:\/\/www.artemadeiras.com.br\/blog\/","logo":{"@type":"ImageObject","inLanguage":"pt-BR","@id":"https:\/\/www.artemadeiras.com.br\/blog\/#\/schema\/logo\/image\/","url":"https:\/\/www.artemadeiras.com.br\/blog\/wp-content\/uploads\/2021\/01\/logo-arte-madeiras.png","contentUrl":"https:\/\/www.artemadeiras.com.br\/blog\/wp-content\/uploads\/2021\/01\/logo-arte-madeiras.png","width":255,"height":110,"caption":"Blog | Arte madeiras"},"image":{"@id":"https:\/\/www.artemadeiras.com.br\/blog\/#\/schema\/logo\/image\/"}},{"@type":"Person","@id":"https:\/\/www.artemadeiras.com.br\/blog\/#\/schema\/person\/03c7826df62479a35ffcf10a5a652727","name":"bloomin","image":{"@type":"ImageObject","inLanguage":"pt-BR","@id":"https:\/\/www.artemadeiras.com.br\/blog\/#\/schema\/person\/image\/","url":"https:\/\/secure.gravatar.com\/avatar\/161a7ea08f1b8bd365e1697a2453e6c719201075da8bdf298a1c2fc5455ba35d?s=96&d=mm&r=g","contentUrl":"https:\/\/secure.gravatar.com\/avatar\/161a7ea08f1b8bd365e1697a2453e6c719201075da8bdf298a1c2fc5455ba35d?s=96&d=mm&r=g","caption":"bloomin"},"sameAs":["https:\/\/www.artemadeiras.com.br\/blog"],"url":"https:\/\/www.artemadeiras.com.br\/blog\/author\/bloomin\/"}]}},"_links":{"self":[{"href":"https:\/\/www.artemadeiras.com.br\/blog\/wp-json\/wp\/v2\/posts\/112","targetHints":{"allow":["GET"]}}],"collection":[{"href":"https:\/\/www.artemadeiras.com.br\/blog\/wp-json\/wp\/v2\/posts"}],"about":[{"href":"https:\/\/www.artemadeiras.com.br\/blog\/wp-json\/wp\/v2\/types\/post"}],"author":[{"embeddable":true,"href":"https:\/\/www.artemadeiras.com.br\/blog\/wp-json\/wp\/v2\/users\/1"}],"replies":[{"embeddable":true,"href":"https:\/\/www.artemadeiras.com.br\/blog\/wp-json\/wp\/v2\/comments?post=112"}],"version-history":[{"count":1,"href":"https:\/\/www.artemadeiras.com.br\/blog\/wp-json\/wp\/v2\/posts\/112\/revisions"}],"predecessor-version":[{"id":118,"href":"https:\/\/www.artemadeiras.com.br\/blog\/wp-json\/wp\/v2\/posts\/112\/revisions\/118"}],"wp:featuredmedia":[{"embeddable":true,"href":"https:\/\/www.artemadeiras.com.br\/blog\/wp-json\/wp\/v2\/media\/114"}],"wp:attachment":[{"href":"https:\/\/www.artemadeiras.com.br\/blog\/wp-json\/wp\/v2\/media?parent=112"}],"wp:term":[{"taxonomy":"category","embeddable":true,"href":"https:\/\/www.artemadeiras.com.br\/blog\/wp-json\/wp\/v2\/categories?post=112"},{"taxonomy":"post_tag","embeddable":true,"href":"https:\/\/www.artemadeiras.com.br\/blog\/wp-json\/wp\/v2\/tags?post=112"}],"curies":[{"name":"wp","href":"https:\/\/api.w.org\/{rel}","templated":true}]}}